{"id":146758,"date":"2024-12-27T12:10:31","date_gmt":"2024-12-27T15:10:31","guid":{"rendered":"https:\/\/lavras.tv\/site\/?p=146758"},"modified":"2024-12-27T12:10:32","modified_gmt":"2024-12-27T15:10:32","slug":"prazo-para-sacar-abono-salarial-termina-hoje","status":"publish","type":"post","link":"https:\/\/lavras.tv\/site\/2024\/12\/27\/prazo-para-sacar-abono-salarial-termina-hoje\/","title":{"rendered":"Prazo para sacar abono salarial termina hoje"},"content":{"rendered":"<div class=\"lavra-antes-do-conteudo_2\" id=\"lavra-546500924\"><div id=\"lavra-slider-27\" class=\"custom-slider lavra-slider-3216342348 lavra-slider\"><ul><li><div style=\"margin-left: auto;margin-right: auto;text-align: center;\" id=\"lavra-3134726578\"><a href=\"https:\/\/sistemas.lavras.mg.gov.br\/portalcidadao\/#df1b1a7c7b2a290bcb31e32771e610784662739a88807c0dacac58ede5f391a7530e299dc302d611ee73cb143fc22eaf93592e53e7b5bdb01b00a0b8d28dae460c141dd2ff83412e4dc1c31b16b25f33144a9e5620ea73b13f5bc1c59411d98439ad226e8af03840603796067d87afe130812cf3de24982d0e306f9e61e764e5\" aria-label=\"Lavras-TV&#8211;720x104px (1) (1)\"><img src=\"https:\/\/lavras.tv\/site\/wp-content\/uploads\/2025\/01\/Lavras-TV-720x104px-1-1.png\" alt=\"\"  srcset=\"https:\/\/lavras.tv\/site\/wp-content\/uploads\/2025\/01\/Lavras-TV-720x104px-1-1.png 720w, https:\/\/lavras.tv\/site\/wp-content\/uploads\/2025\/01\/Lavras-TV-720x104px-1-1-470x68.png 470w, https:\/\/lavras.tv\/site\/wp-content\/uploads\/2025\/01\/Lavras-TV-720x104px-1-1-170x25.png 170w, https:\/\/lavras.tv\/site\/wp-content\/uploads\/2025\/01\/Lavras-TV-720x104px-1-1-200x29.png 200w\" sizes=\"(max-width: 720px) 100vw, 720px\" width=\"720\" height=\"104\"  style=\"display: inline-block;\" \/><\/a><\/div><\/li><li><a href=\"https:\/\/sistemas.lavras.mg.gov.br\/portalcidadao\/#df1b1a7c7b2a290bcb31e32771e610784662739a88807c0dacac58ede5f391a7530e299dc302d611ee73cb143fc22eaf93592e53e7b5bdb01b00a0b8d28dae460c141dd2ff83412e4dc1c31b16b25f33144a9e5620ea73b13f5bc1c59411d98439ad226e8af03840603796067d87afe130812cf3de24982d0e306f9e61e764e5\" aria-label=\"Banner_Emprego_PortallavrasTV\"><img src=\"https:\/\/lavras.tv\/site\/wp-content\/uploads\/2025\/03\/Banner_Emprego_PortallavrasTV.png\" alt=\"\"  srcset=\"https:\/\/lavras.tv\/site\/wp-content\/uploads\/2025\/03\/Banner_Emprego_PortallavrasTV.png 720w, https:\/\/lavras.tv\/site\/wp-content\/uploads\/2025\/03\/Banner_Emprego_PortallavrasTV-470x68.png 470w, https:\/\/lavras.tv\/site\/wp-content\/uploads\/2025\/03\/Banner_Emprego_PortallavrasTV-170x25.png 170w, https:\/\/lavras.tv\/site\/wp-content\/uploads\/2025\/03\/Banner_Emprego_PortallavrasTV-200x29.png 200w\" sizes=\"(max-width: 720px) 100vw, 720px\" width=\"720\" height=\"104\"   \/><\/a><\/li><li><a href=\"https:\/\/sistemas.lavras.mg.gov.br\/portalcidadao\/#df1b1a7c7b2a290bcb31e32771e610784662739a88807c0dacac58ede5f391a7530e299dc302d611ee73cb143fc22eaf93592e53e7b5bdb01b00a0b8d28dae460c141dd2ff83412e4dc1c31b16b25f33144a9e5620ea73b13f5bc1c59411d98439ad226e8af03840603796067d87afe130812cf3de24982d0e306f9e61e764e5\" aria-label=\"Banner_Obras_PortallavrasTV\"><img src=\"https:\/\/lavras.tv\/site\/wp-content\/uploads\/2025\/03\/Banner_Obras_PortallavrasTV.png\" alt=\"\"  srcset=\"https:\/\/lavras.tv\/site\/wp-content\/uploads\/2025\/03\/Banner_Obras_PortallavrasTV.png 720w, https:\/\/lavras.tv\/site\/wp-content\/uploads\/2025\/03\/Banner_Obras_PortallavrasTV-470x68.png 470w, https:\/\/lavras.tv\/site\/wp-content\/uploads\/2025\/03\/Banner_Obras_PortallavrasTV-170x25.png 170w, https:\/\/lavras.tv\/site\/wp-content\/uploads\/2025\/03\/Banner_Obras_PortallavrasTV-200x29.png 200w\" sizes=\"(max-width: 720px) 100vw, 720px\" width=\"720\" height=\"104\"   \/><\/a><\/li><li><div style=\"margin-left: auto;margin-right: auto;text-align: center;\" id=\"lavra-3624590950\"><a href=\"https:\/\/sistemas.lavras.mg.gov.br\/portalcidadao\/#df1b1a7c7b2a290bcb31e32771e610784662739a88807c0dacac58ede5f391a7530e299dc302d611ee73cb143fc22eaf93592e53e7b5bdb01b00a0b8d28dae460c141dd2ff83412e4dc1c31b16b25f33144a9e5620ea73b13f5bc1c59411d98439ad226e8af03840603796067d87afe130812cf3de24982d0e306f9e61e764e5\" aria-label=\"Banner_Educa\u00e7\u00e3o_PortallavrasTV\"><img src=\"https:\/\/lavras.tv\/site\/wp-content\/uploads\/2025\/01\/Banner_Educacao_PortallavrasTV.png\" alt=\"\"  srcset=\"https:\/\/lavras.tv\/site\/wp-content\/uploads\/2025\/01\/Banner_Educacao_PortallavrasTV.png 720w, https:\/\/lavras.tv\/site\/wp-content\/uploads\/2025\/01\/Banner_Educacao_PortallavrasTV-470x68.png 470w, https:\/\/lavras.tv\/site\/wp-content\/uploads\/2025\/01\/Banner_Educacao_PortallavrasTV-170x25.png 170w, https:\/\/lavras.tv\/site\/wp-content\/uploads\/2025\/01\/Banner_Educacao_PortallavrasTV-200x29.png 200w\" sizes=\"(max-width: 720px) 100vw, 720px\" width=\"720\" height=\"104\"  style=\"display: inline-block;\" \/><\/a><\/div><\/li><li><a href=\"https:\/\/sistemas.lavras.mg.gov.br\/portalcidadao\/#df1b1a7c7b2a290bcb31e32771e610784662739a88807c0dacac58ede5f391a7530e299dc302d611ee73cb143fc22eaf93592e53e7b5bdb01b00a0b8d28dae460c141dd2ff83412e4dc1c31b16b25f33144a9e5620ea73b13f5bc1c59411d98439ad226e8af03840603796067d87afe130812cf3de24982d0e306f9e61e764e5\" aria-label=\"Banner_Sa\u00fade_PortallavrasTV\"><img src=\"https:\/\/lavras.tv\/site\/wp-content\/uploads\/2025\/03\/Banner_Saude_PortallavrasTV.png\" alt=\"\"  srcset=\"https:\/\/lavras.tv\/site\/wp-content\/uploads\/2025\/03\/Banner_Saude_PortallavrasTV.png 720w, https:\/\/lavras.tv\/site\/wp-content\/uploads\/2025\/03\/Banner_Saude_PortallavrasTV-470x68.png 470w, https:\/\/lavras.tv\/site\/wp-content\/uploads\/2025\/03\/Banner_Saude_PortallavrasTV-170x25.png 170w, https:\/\/lavras.tv\/site\/wp-content\/uploads\/2025\/03\/Banner_Saude_PortallavrasTV-200x29.png 200w\" sizes=\"(max-width: 720px) 100vw, 720px\" width=\"720\" height=\"104\"   \/><\/a><\/li><li><div id=\"lavra-3458183969\" style=\"width:720px;height:104px;background-color:#ddd;overflow:scroll;\">\n\t<strong>Sa\u00edda da depura\u00e7\u00e3o de an\u00fancios<\/strong>\n\t<br><br>\n\tO an\u00fancio n\u00e3o \u00e9 exibido na p\u00e1gina<br><br>post atual: Prazo para sacar abono salarial termina hoje, ID: 146758<br><br><span style=\"color: red;\">O post atual n\u00e3o \u00e9 id\u00eantico ao post principal.<\/span><br><br>An\u00fancios: ROXO - TOPO INTERNA - ROTATIVO 2 (197)<br \/>Grupo de an\u00fancios: Princ_Meio01_720x104 (27)<br><br>Condi\u00e7\u00f5es de exibi\u00e7\u00e3o<div style=\"margin-bottom: 20px; white-space: pre-wrap; font-family: monospace; width: 100%; background: #ffe9e9;\"><strong>condi\u00e7\u00f5es gerais<\/strong><table border=\"1\"><thead><tr><th><\/th><th>An\u00fancios<\/th><th>wp_the_query<\/th><\/tr><\/thead><tr><td>is_main_query<\/td><td>1<\/td><td>1<\/td><\/tr><tr><td>is_rest_api<\/td><td>0<\/td><td>1<\/td><\/tr><tr><td>page<\/td><td>0<\/td><td>1<\/td><\/tr><tr><td>numpages<\/td><td>0<\/td><td>1<\/td><\/tr><tr><td>is_archive<\/td><td>1<\/td><td><\/td><\/tr><tr><td>is_search<\/td><td>1<\/td><td><\/td><\/tr><tr><td>is_home<\/td><td>1<\/td><td><\/td><\/tr><tr><td>is_404<\/td><td>1<\/td><td><\/td><\/tr><tr><td>is_attachment<\/td><td>1<\/td><td><\/td><\/tr><tr><td>is_singular<\/td><td>1<\/td><td><\/td><\/tr><tr><td>is_front_page<\/td><td>1<\/td><td><\/td><\/tr><tr><td>is_feed<\/td><td>1<\/td><td><\/td><\/tr><\/table><\/div><br><br><span style=\"color: red;\">Seu site usa HTTPS, mas o c\u00f3digo do an\u00fancio cont\u00e9m HTTP e pode n\u00e3o funcionar.<\/span>\t<br><br>\n\t<a style=\"color: green;\" href=\"https:\/\/wpadvancedads.com\/manual\/ad-debug-mode\/?utm_source=advanced-ads&utm_medium=link&utm_campaign=ad-debug-mode\" target=\"_blank\" rel=\"nofollow\">Encontre solu\u00e7\u00f5es no manual<\/a>\n<\/div>\n<\/li><\/ul><\/div><script>( window.advanced_ads_ready || jQuery( document ).ready ).call( null, function() {var $lavraslider3216342348 = jQuery( \".lavra-slider-3216342348\" );$lavraslider3216342348.on( \"unslider.ready\", function() { jQuery( \"div.custom-slider ul li\" ).css( \"display\", \"block\" ); });$lavraslider3216342348.unslider({ delay:4000, autoplay:true, nav:false, arrows:false, infinite:true });$lavraslider3216342348.on(\"mouseover\", function() {$lavraslider3216342348.unslider(\"stop\");}).on(\"mouseout\", function() {$lavraslider3216342348.unslider(\"start\");});});<\/script><\/div>\n<p>Benef\u00edcio no valor de at\u00e9 um sal\u00e1rio-m\u00ednimo \u00e9 concedido anualmente a trabalhadores e servidores<\/p>\n\n\n\n<figure class=\"wp-block-image size-large\"><img fetchpriority=\"high\" decoding=\"async\" width=\"970\" height=\"545\" src=\"https:\/\/lavras.tv\/site\/wp-content\/uploads\/2024\/12\/Pis-Pasep-Caixa-970x545.jpg\" alt=\"\" class=\"wp-image-146759\" srcset=\"https:\/\/lavras.tv\/site\/wp-content\/uploads\/2024\/12\/Pis-Pasep-Caixa-970x545.jpg 970w, https:\/\/lavras.tv\/site\/wp-content\/uploads\/2024\/12\/Pis-Pasep-Caixa-470x264.jpg 470w, https:\/\/lavras.tv\/site\/wp-content\/uploads\/2024\/12\/Pis-Pasep-Caixa-170x96.jpg 170w, https:\/\/lavras.tv\/site\/wp-content\/uploads\/2024\/12\/Pis-Pasep-Caixa-200x112.jpg 200w, https:\/\/lavras.tv\/site\/wp-content\/uploads\/2024\/12\/Pis-Pasep-Caixa.jpg 1020w\" sizes=\"(max-width: 970px) 100vw, 970px\" \/><\/figure>\n\n\n\n<p>O prazo final para sacar o abono salarial PIS-Pasep 2024, referente ao ano-base de 2022, termina nesta sexta-feira (27). Ap\u00f3s essa data, as parcelas ser\u00e3o devolvidas para o Fundo de Amparo ao Trabalhador (FAT).<\/p>\n\n\n\n<p>O dinheiro ainda pode ser recuperado, mas o processo passa a ser feito pelos canais de Minist\u00e9rio P\u00fablico do Trabalho. De acordo com a pasta, pelo menos 239 mil trabalhadores ainda n\u00e3o tinham realizado o resgate do benef\u00edcio.<\/p>\n\n\n\n<p>O benef\u00edcio est\u00e1 dispon\u00edvel para saque na Caixa e no Banco do Brasil. A \u00faltima leva de pagamentos deste ano foi liberada pelo governo federal em agosto para os nascidos em novembro e dezembro.<\/p>\n\n\n\n<p>O abono \u00e9 concedido anualmente a trabalhadores e servidores que atendem os seguintes requisitos:<\/p>\n\n\n\n<ul class=\"wp-block-list\">\n<li>Estar cadastrados no programa de PIS\/Pasep ou no CNIS;<\/li>\n\n\n\n<li>Ter trabalhado para empregadores que contribuem para o Programa de Integra\u00e7\u00e3o social (PIS) ou para o Programa de Forma\u00e7\u00e3o do Patrim\u00f4nio do Servidor P\u00fablico (Pasep);<\/li>\n\n\n\n<li>Ter recebido at\u00e9 dois sal\u00e1rios-m\u00ednimos m\u00e9dios;<\/li>\n\n\n\n<li>Ter exercido atividade remunerada durante pelo menos 30 dias;<\/li>\n\n\n\n<li>\u00a0Ter dados informados pelo empregador corretamente na Rela\u00e7\u00e3o Anual de Informa\u00e7\u00f5es Sociais (Rais).<\/li>\n<\/ul>\n","protected":false},"excerpt":{"rendered":"<p>Benef\u00edcio no valor de at\u00e9 um sal\u00e1rio-m\u00ednimo \u00e9 concedido anualmente a trabalhadores e servidores O prazo final para sacar o abono salarial PIS-Pasep 2024, referente ao ano-base de 2022, termina nesta sexta-feira (27). Ap\u00f3s essa data, as parcelas ser\u00e3o devolvidas para o Fundo de Amparo ao Trabalhador (FAT). O dinheiro ainda pode ser recuperado, mas [&hellip;]<\/p>\n","protected":false},"author":5,"featured_media":146759,"comment_status":"closed","ping_status":"open","sticky":false,"template":"","format":"standard","meta":{"advgb_blocks_editor_width":"","advgb_blocks_columns_visual_guide":"","_exactmetrics_skip_tracking":false,"_exactmetrics_sitenote_active":false,"_exactmetrics_sitenote_note":"","_exactmetrics_sitenote_category":0,"footnotes":""},"categories":[7,2],"tags":[],"class_list":["post-146758","post","type-post","status-publish","format-standard","has-post-thumbnail","hentry","category-destaques","category-noticias"],"better_featured_image":{"id":146759,"alt_text":"","caption":"","description":"","media_type":"image","media_details":{"width":1020,"height":573,"file":"2024\/12\/Pis-Pasep-Caixa.jpg","filesize":44201,"sizes":{"medium":{"file":"Pis-Pasep-Caixa-470x264.jpg","width":470,"height":264,"mime-type":"image\/jpeg","filesize":16385,"source_url":"https:\/\/lavras.tv\/site\/wp-content\/uploads\/2024\/12\/Pis-Pasep-Caixa-470x264.jpg"},"large":{"file":"Pis-Pasep-Caixa-970x545.jpg","width":970,"height":545,"mime-type":"image\/jpeg","filesize":45851,"source_url":"https:\/\/lavras.tv\/site\/wp-content\/uploads\/2024\/12\/Pis-Pasep-Caixa-970x545.jpg"},"thumbnail":{"file":"Pis-Pasep-Caixa-170x96.jpg","width":170,"height":96,"mime-type":"image\/jpeg","filesize":4180,"source_url":"https:\/\/lavras.tv\/site\/wp-content\/uploads\/2024\/12\/Pis-Pasep-Caixa-170x96.jpg"},"lshowcase-thumb":{"file":"Pis-Pasep-Caixa-200x112.jpg","width":200,"height":112,"mime-type":"image\/jpeg","filesize":5081,"source_url":"https:\/\/lavras.tv\/site\/wp-content\/uploads\/2024\/12\/Pis-Pasep-Caixa-200x112.jpg"},"alm-thumbnail":{"file":"Pis-Pasep-Caixa-150x150.jpg","width":150,"height":150,"mime-type":"image\/jpeg","filesize":4812,"source_url":"https:\/\/lavras.tv\/site\/wp-content\/uploads\/2024\/12\/Pis-Pasep-Caixa-150x150.jpg"}},"image_meta":{"aperture":"0","credit":"","camera":"","caption":"","created_timestamp":"0","copyright":"","focal_length":"0","iso":"0","shutter_speed":"0","title":"","orientation":"0","keywords":[]}},"post":146758,"source_url":"https:\/\/lavras.tv\/site\/wp-content\/uploads\/2024\/12\/Pis-Pasep-Caixa.jpg"},"author_meta":{"display_name":"Vinicius Bustamante","author_link":"https:\/\/lavras.tv\/site\/author\/vinicius-bustamante\/"},"featured_img":"https:\/\/lavras.tv\/site\/wp-content\/uploads\/2024\/12\/Pis-Pasep-Caixa-470x264.jpg","coauthors":[],"tax_additional":{"categories":{"linked":["<a href=\"https:\/\/lavras.tv\/site\/category\/destaques\/\" class=\"advgb-post-tax-term\">Destaques<\/a>","<a href=\"https:\/\/lavras.tv\/site\/category\/noticias\/\" class=\"advgb-post-tax-term\">Not\u00edcias<\/a>"],"unlinked":["<span class=\"advgb-post-tax-term\">Destaques<\/span>","<span class=\"advgb-post-tax-term\">Not\u00edcias<\/span>"]}},"comment_count":"0","relative_dates":{"created":"Publicado 1 ano atr\u00e1s","modified":"Atualizado 1 ano atr\u00e1s"},"absolute_dates":{"created":"Publicado em 27 de dezembro de 2024","modified":"Atualizado em 27 de dezembro de 2024"},"absolute_dates_time":{"created":"Publicado em 27 de dezembro de 2024 12:10","modified":"Atualizado em 27 de dezembro de 2024 12:10"},"featured_img_caption":"","series_order":"","_links":{"self":[{"href":"https:\/\/lavras.tv\/site\/wp-json\/wp\/v2\/posts\/146758","targetHints":{"allow":["GET"]}}],"collection":[{"href":"https:\/\/lavras.tv\/site\/wp-json\/wp\/v2\/posts"}],"about":[{"href":"https:\/\/lavras.tv\/site\/wp-json\/wp\/v2\/types\/post"}],"author":[{"embeddable":true,"href":"https:\/\/lavras.tv\/site\/wp-json\/wp\/v2\/users\/5"}],"replies":[{"embeddable":true,"href":"https:\/\/lavras.tv\/site\/wp-json\/wp\/v2\/comments?post=146758"}],"version-history":[{"count":1,"href":"https:\/\/lavras.tv\/site\/wp-json\/wp\/v2\/posts\/146758\/revisions"}],"predecessor-version":[{"id":146760,"href":"https:\/\/lavras.tv\/site\/wp-json\/wp\/v2\/posts\/146758\/revisions\/146760"}],"wp:featuredmedia":[{"embeddable":true,"href":"https:\/\/lavras.tv\/site\/wp-json\/wp\/v2\/media\/146759"}],"wp:attachment":[{"href":"https:\/\/lavras.tv\/site\/wp-json\/wp\/v2\/media?parent=146758"}],"wp:term":[{"taxonomy":"category","embeddable":true,"href":"https:\/\/lavras.tv\/site\/wp-json\/wp\/v2\/categories?post=146758"},{"taxonomy":"post_tag","embeddable":true,"href":"https:\/\/lavras.tv\/site\/wp-json\/wp\/v2\/tags?post=146758"}],"curies":[{"name":"wp","href":"https:\/\/api.w.org\/{rel}","templated":true}]}}