{"id":146761,"date":"2024-12-27T12:35:06","date_gmt":"2024-12-27T15:35:06","guid":{"rendered":"https:\/\/lavras.tv\/site\/?p=146761"},"modified":"2024-12-27T12:35:07","modified_gmt":"2024-12-27T15:35:07","slug":"vli-apresenta-proposta-para-manter-trecho-da-ferrovia-centro-atlantica-em-novo-formato","status":"publish","type":"post","link":"https:\/\/lavras.tv\/site\/2024\/12\/27\/vli-apresenta-proposta-para-manter-trecho-da-ferrovia-centro-atlantica-em-novo-formato\/","title":{"rendered":"VLI apresenta proposta para manter trecho da Ferrovia Centro-Atl\u00e2ntica em novo formato"},"content":{"rendered":"<div class=\"lavra-antes-do-conteudo_2\" id=\"lavra-2414747136\"><div id=\"lavra-slider-27\" class=\"custom-slider lavra-slider-2557161023 lavra-slider\"><ul><li><div style=\"margin-left: auto;margin-right: auto;text-align: center;\" id=\"lavra-726913422\"><a href=\"https:\/\/sistemas.lavras.mg.gov.br\/portalcidadao\/#df1b1a7c7b2a290bcb31e32771e610784662739a88807c0dacac58ede5f391a7530e299dc302d611ee73cb143fc22eaf93592e53e7b5bdb01b00a0b8d28dae460c141dd2ff83412e4dc1c31b16b25f33144a9e5620ea73b13f5bc1c59411d98439ad226e8af03840603796067d87afe130812cf3de24982d0e306f9e61e764e5\" aria-label=\"Lavras-TV&#8211;720x104px (1) (1)\"><img src=\"https:\/\/lavras.tv\/site\/wp-content\/uploads\/2025\/01\/Lavras-TV-720x104px-1-1.png\" alt=\"\"  srcset=\"https:\/\/lavras.tv\/site\/wp-content\/uploads\/2025\/01\/Lavras-TV-720x104px-1-1.png 720w, https:\/\/lavras.tv\/site\/wp-content\/uploads\/2025\/01\/Lavras-TV-720x104px-1-1-470x68.png 470w, https:\/\/lavras.tv\/site\/wp-content\/uploads\/2025\/01\/Lavras-TV-720x104px-1-1-170x25.png 170w, https:\/\/lavras.tv\/site\/wp-content\/uploads\/2025\/01\/Lavras-TV-720x104px-1-1-200x29.png 200w\" sizes=\"(max-width: 720px) 100vw, 720px\" width=\"720\" height=\"104\"  style=\"display: inline-block;\" \/><\/a><\/div><\/li><li><a href=\"https:\/\/sistemas.lavras.mg.gov.br\/portalcidadao\/#df1b1a7c7b2a290bcb31e32771e610784662739a88807c0dacac58ede5f391a7530e299dc302d611ee73cb143fc22eaf93592e53e7b5bdb01b00a0b8d28dae460c141dd2ff83412e4dc1c31b16b25f33144a9e5620ea73b13f5bc1c59411d98439ad226e8af03840603796067d87afe130812cf3de24982d0e306f9e61e764e5\" aria-label=\"Banner_Emprego_PortallavrasTV\"><img src=\"https:\/\/lavras.tv\/site\/wp-content\/uploads\/2025\/03\/Banner_Emprego_PortallavrasTV.png\" alt=\"\"  srcset=\"https:\/\/lavras.tv\/site\/wp-content\/uploads\/2025\/03\/Banner_Emprego_PortallavrasTV.png 720w, https:\/\/lavras.tv\/site\/wp-content\/uploads\/2025\/03\/Banner_Emprego_PortallavrasTV-470x68.png 470w, https:\/\/lavras.tv\/site\/wp-content\/uploads\/2025\/03\/Banner_Emprego_PortallavrasTV-170x25.png 170w, https:\/\/lavras.tv\/site\/wp-content\/uploads\/2025\/03\/Banner_Emprego_PortallavrasTV-200x29.png 200w\" sizes=\"(max-width: 720px) 100vw, 720px\" width=\"720\" height=\"104\"   \/><\/a><\/li><li><a href=\"https:\/\/sistemas.lavras.mg.gov.br\/portalcidadao\/#df1b1a7c7b2a290bcb31e32771e610784662739a88807c0dacac58ede5f391a7530e299dc302d611ee73cb143fc22eaf93592e53e7b5bdb01b00a0b8d28dae460c141dd2ff83412e4dc1c31b16b25f33144a9e5620ea73b13f5bc1c59411d98439ad226e8af03840603796067d87afe130812cf3de24982d0e306f9e61e764e5\" aria-label=\"Banner_Obras_PortallavrasTV\"><img src=\"https:\/\/lavras.tv\/site\/wp-content\/uploads\/2025\/03\/Banner_Obras_PortallavrasTV.png\" alt=\"\"  srcset=\"https:\/\/lavras.tv\/site\/wp-content\/uploads\/2025\/03\/Banner_Obras_PortallavrasTV.png 720w, https:\/\/lavras.tv\/site\/wp-content\/uploads\/2025\/03\/Banner_Obras_PortallavrasTV-470x68.png 470w, https:\/\/lavras.tv\/site\/wp-content\/uploads\/2025\/03\/Banner_Obras_PortallavrasTV-170x25.png 170w, https:\/\/lavras.tv\/site\/wp-content\/uploads\/2025\/03\/Banner_Obras_PortallavrasTV-200x29.png 200w\" sizes=\"(max-width: 720px) 100vw, 720px\" width=\"720\" height=\"104\"   \/><\/a><\/li><li><div style=\"margin-left: auto;margin-right: auto;text-align: center;\" id=\"lavra-3383156859\"><a href=\"https:\/\/sistemas.lavras.mg.gov.br\/portalcidadao\/#df1b1a7c7b2a290bcb31e32771e610784662739a88807c0dacac58ede5f391a7530e299dc302d611ee73cb143fc22eaf93592e53e7b5bdb01b00a0b8d28dae460c141dd2ff83412e4dc1c31b16b25f33144a9e5620ea73b13f5bc1c59411d98439ad226e8af03840603796067d87afe130812cf3de24982d0e306f9e61e764e5\" aria-label=\"Banner_Educa\u00e7\u00e3o_PortallavrasTV\"><img src=\"https:\/\/lavras.tv\/site\/wp-content\/uploads\/2025\/01\/Banner_Educacao_PortallavrasTV.png\" alt=\"\"  srcset=\"https:\/\/lavras.tv\/site\/wp-content\/uploads\/2025\/01\/Banner_Educacao_PortallavrasTV.png 720w, https:\/\/lavras.tv\/site\/wp-content\/uploads\/2025\/01\/Banner_Educacao_PortallavrasTV-470x68.png 470w, https:\/\/lavras.tv\/site\/wp-content\/uploads\/2025\/01\/Banner_Educacao_PortallavrasTV-170x25.png 170w, https:\/\/lavras.tv\/site\/wp-content\/uploads\/2025\/01\/Banner_Educacao_PortallavrasTV-200x29.png 200w\" sizes=\"(max-width: 720px) 100vw, 720px\" width=\"720\" height=\"104\"  style=\"display: inline-block;\" \/><\/a><\/div><\/li><li><a href=\"https:\/\/sistemas.lavras.mg.gov.br\/portalcidadao\/#df1b1a7c7b2a290bcb31e32771e610784662739a88807c0dacac58ede5f391a7530e299dc302d611ee73cb143fc22eaf93592e53e7b5bdb01b00a0b8d28dae460c141dd2ff83412e4dc1c31b16b25f33144a9e5620ea73b13f5bc1c59411d98439ad226e8af03840603796067d87afe130812cf3de24982d0e306f9e61e764e5\" aria-label=\"Banner_Sa\u00fade_PortallavrasTV\"><img src=\"https:\/\/lavras.tv\/site\/wp-content\/uploads\/2025\/03\/Banner_Saude_PortallavrasTV.png\" alt=\"\"  srcset=\"https:\/\/lavras.tv\/site\/wp-content\/uploads\/2025\/03\/Banner_Saude_PortallavrasTV.png 720w, https:\/\/lavras.tv\/site\/wp-content\/uploads\/2025\/03\/Banner_Saude_PortallavrasTV-470x68.png 470w, https:\/\/lavras.tv\/site\/wp-content\/uploads\/2025\/03\/Banner_Saude_PortallavrasTV-170x25.png 170w, https:\/\/lavras.tv\/site\/wp-content\/uploads\/2025\/03\/Banner_Saude_PortallavrasTV-200x29.png 200w\" sizes=\"(max-width: 720px) 100vw, 720px\" width=\"720\" height=\"104\"   \/><\/a><\/li><li><div id=\"lavra-2733096694\" style=\"width:720px;height:104px;background-color:#ddd;overflow:scroll;\">\n\t<strong>Sa\u00edda da depura\u00e7\u00e3o de an\u00fancios<\/strong>\n\t<br><br>\n\tO an\u00fancio n\u00e3o \u00e9 exibido na p\u00e1gina<br><br>post atual: VLI apresenta proposta para manter trecho da Ferrovia Centro-Atl\u00e2ntica em novo formato, ID: 146761<br><br><span style=\"color: red;\">O post atual n\u00e3o \u00e9 id\u00eantico ao post principal.<\/span><br><br>An\u00fancios: ROXO - TOPO INTERNA - ROTATIVO 2 (197)<br \/>Grupo de an\u00fancios: Princ_Meio01_720x104 (27)<br><br>Condi\u00e7\u00f5es de exibi\u00e7\u00e3o<div style=\"margin-bottom: 20px; white-space: pre-wrap; font-family: monospace; width: 100%; background: #ffe9e9;\"><strong>condi\u00e7\u00f5es gerais<\/strong><table border=\"1\"><thead><tr><th><\/th><th>An\u00fancios<\/th><th>wp_the_query<\/th><\/tr><\/thead><tr><td>is_main_query<\/td><td>1<\/td><td>1<\/td><\/tr><tr><td>is_rest_api<\/td><td>0<\/td><td>1<\/td><\/tr><tr><td>page<\/td><td>0<\/td><td>1<\/td><\/tr><tr><td>numpages<\/td><td>0<\/td><td>1<\/td><\/tr><tr><td>is_archive<\/td><td>1<\/td><td><\/td><\/tr><tr><td>is_search<\/td><td>1<\/td><td><\/td><\/tr><tr><td>is_home<\/td><td>1<\/td><td><\/td><\/tr><tr><td>is_404<\/td><td>1<\/td><td><\/td><\/tr><tr><td>is_attachment<\/td><td>1<\/td><td><\/td><\/tr><tr><td>is_singular<\/td><td>1<\/td><td><\/td><\/tr><tr><td>is_front_page<\/td><td>1<\/td><td><\/td><\/tr><tr><td>is_feed<\/td><td>1<\/td><td><\/td><\/tr><\/table><\/div><br><br><span style=\"color: red;\">Seu site usa HTTPS, mas o c\u00f3digo do an\u00fancio cont\u00e9m HTTP e pode n\u00e3o funcionar.<\/span>\t<br><br>\n\t<a style=\"color: green;\" href=\"https:\/\/wpadvancedads.com\/manual\/ad-debug-mode\/?utm_source=advanced-ads&utm_medium=link&utm_campaign=ad-debug-mode\" target=\"_blank\" rel=\"nofollow\">Encontre solu\u00e7\u00f5es no manual<\/a>\n<\/div>\n<\/li><\/ul><\/div><script>( window.advanced_ads_ready || jQuery( document ).ready ).call( null, function() {var $lavraslider2557161023 = jQuery( \".lavra-slider-2557161023\" );$lavraslider2557161023.on( \"unslider.ready\", function() { jQuery( \"div.custom-slider ul li\" ).css( \"display\", \"block\" ); });$lavraslider2557161023.unslider({ delay:4000, autoplay:true, nav:false, arrows:false, infinite:true });$lavraslider2557161023.on(\"mouseover\", function() {$lavraslider2557161023.unslider(\"stop\");}).on(\"mouseout\", function() {$lavraslider2557161023.unslider(\"start\");});});<\/script><\/div>\n<p>Concession\u00e1ria avaliava devolver corredor ferrovi\u00e1rio entre Minas Gerais e Bahia durante processo de renova\u00e7\u00e3o antecipada da concess\u00e3o<\/p>\n\n\n\n<figure class=\"wp-block-image size-full\"><img fetchpriority=\"high\" decoding=\"async\" width=\"768\" height=\"459\" src=\"https:\/\/lavras.tv\/site\/wp-content\/uploads\/2024\/12\/VLI-ferrovia.webp\" alt=\"\" class=\"wp-image-146762\" srcset=\"https:\/\/lavras.tv\/site\/wp-content\/uploads\/2024\/12\/VLI-ferrovia.webp 768w, https:\/\/lavras.tv\/site\/wp-content\/uploads\/2024\/12\/VLI-ferrovia-470x281.webp 470w, https:\/\/lavras.tv\/site\/wp-content\/uploads\/2024\/12\/VLI-ferrovia-170x102.webp 170w, https:\/\/lavras.tv\/site\/wp-content\/uploads\/2024\/12\/VLI-ferrovia-200x120.webp 200w\" sizes=\"(max-width: 768px) 100vw, 768px\" \/><\/figure>\n\n\n\n<p>A VLI apresentou uma proposta para permanecer operando no trecho\u00a0<strong>Corinto-Aratu<\/strong>\u00a0da\u00a0<strong>Ferrovia Centro-Atl\u00e2ntica (FCA)<\/strong>\u00a0em um novo formato, caso seja aprovada a renova\u00e7\u00e3o antecipada da ferrovia.<\/p>\n\n\n\n<p>A concession\u00e1ria avaliava devolver o corredor ferrovi\u00e1rio situado em<strong>\u00a0Minas Gerais<\/strong>\u00a0e\u00a0<strong>Bahia<\/strong>\u00a0ao poder p\u00fablico por considerar que o volume de cargas transportadas s\u00e3o deficit\u00e1rias, tornando a opera\u00e7\u00e3o invi\u00e1vel.<\/p>\n\n\n\n<p>A informa\u00e7\u00e3o foi confirmada \u00e0&nbsp;<strong>CNN<\/strong>&nbsp;pela VLI. Em nota, a empresa informou que avalia com o governo detalhes t\u00e9cnicos para o trecho poder integrar a malha renovada de forma sustent\u00e1vel.<\/p>\n\n\n\n<p>\u201cA aplica\u00e7\u00e3o dos valores que comp\u00f5em essa proposta para moderniza\u00e7\u00e3o dos trechos ainda ser\u00e1 validada pelo poder p\u00fablico\u201d, diz a VLI em nota.<\/p>\n\n\n\n<p>O secret\u00e1rio de Transporte Ferrovi\u00e1rio, Leonardo Ribeiro, disse que a proposta da VLI inclui investimentos no trecho Corinto-Aratu, citando a troca de trilhos e de dormentes.<\/p>\n\n\n\n<p>Na avalia\u00e7\u00e3o do secret\u00e1rio, j\u00e1 ser\u00e1 poss\u00edvel concluir a renova\u00e7\u00e3o da&nbsp;<strong>FCA<\/strong>&nbsp;no in\u00edcio de 2025.<\/p>\n\n\n\n<p>\u201cA opera\u00e7\u00e3o atual [no trecho] \u00e9 muito ineficiente. A gente vai transformar a ferrovia em uma outra solu\u00e7\u00e3o log\u00edstica mais potente. Estamos discutindo em como vamos operacionalizar isso, mas j\u00e1 temos uma proposta da empresa de continuar Minas-Bahia, investindo pesado no trecho\u201d, afirmou Leonardo Ribeiro \u00e0&nbsp;<strong>CNN<\/strong>.<\/p>\n\n\n\n<p>A concess\u00e3o da FCA foi efetivada em 1996 e terminaria em 2026, cumprindo o prazo contratual de 30 anos. Em 2015, a VLI protocolou manifesta\u00e7\u00e3o de interesse na prorroga\u00e7\u00e3o antecipada do contrato junto \u00e0&nbsp;<strong>Ag\u00eancia Nacional de Transportes Terrestres (ANTT)<\/strong>.<\/p>\n\n\n\n<p>Em outubro deste ano, a ANTT iniciou as audi\u00eancias p\u00fablicas sobre a renova\u00e7\u00e3o antecipada da FCA.<\/p>\n\n\n\n<p>Durante o processo, empresas e pol\u00edticos da Bahia e de Minas Gerais alegaram que o volume de cargas transportadas no corredor ferrovi\u00e1rio Corinto-Aratu era subestimado e que a sa\u00edda da VLI da opera\u00e7\u00e3o traria impactos econ\u00f4micos negativos para a regi\u00e3o.<\/p>\n\n\n\n<p>\u201cJ\u00e1 finalizamos a audi\u00eancia p\u00fablica. Estamos discutindo as alternativas e n\u00f3s teremos no primeiro bimestre do ano que vem o envio da renova\u00e7\u00e3o para o\u00a0<strong>Tribunal de Contas da Uni\u00e3o<\/strong>. J\u00e1 acredito que assinaremos o contrato no que vem da renova\u00e7\u00e3o por mais 30 anos da ferrovia FCA\u201d, disse o secret\u00e1rio.<\/p>\n\n\n\n<p>A malha ferrovi\u00e1ria da FCA tem 7,2 mil quil\u00f4metros de extens\u00e3o e cruza os estados da Bahia, Esp\u00edrito Santo, Goi\u00e1s, Minas Gerais, Rio de Janeiro, S\u00e3o Paulo e Sergipe, al\u00e9m do Distrito Federal.<\/p>\n\n\n\n<p>A ferrovia est\u00e1 distribu\u00edda pelos corredores Centro-Leste, Centro-Sudeste, Minas-Bahia e Minas-Rio.<\/p>\n\n\n\n<p>Setores como minera\u00e7\u00e3o, agroneg\u00f3cio e ind\u00fastria utilizam a FCA para escoar suas produ\u00e7\u00f5es. Os principais produtos transportados na ferrovia s\u00e3o soja, milho, farelo de soja, a\u00e7\u00facar, derivados de petr\u00f3leo, fertilizantes, produtos sider\u00fargicos, entre outros.<\/p>\n\n\n\n<p>Caso haja devolu\u00e7\u00e3o de trechos considerados invi\u00e1veis economicamente, a FCA ter\u00e1 cerca de 5,5 mil quil\u00f4metros de extens\u00e3o.<\/p>\n","protected":false},"excerpt":{"rendered":"<p>Concession\u00e1ria avaliava devolver corredor ferrovi\u00e1rio entre Minas Gerais e Bahia durante processo de renova\u00e7\u00e3o antecipada da concess\u00e3o A VLI apresentou uma proposta para permanecer operando no trecho\u00a0Corinto-Aratu\u00a0da\u00a0Ferrovia Centro-Atl\u00e2ntica (FCA)\u00a0em um novo formato, caso seja aprovada a renova\u00e7\u00e3o antecipada da ferrovia. A concession\u00e1ria avaliava devolver o corredor ferrovi\u00e1rio situado em\u00a0Minas Gerais\u00a0e\u00a0Bahia\u00a0ao poder p\u00fablico por considerar que [&hellip;]<\/p>\n","protected":false},"author":5,"featured_media":146762,"comment_status":"closed","ping_status":"open","sticky":false,"template":"","format":"standard","meta":{"advgb_blocks_editor_width":"","advgb_blocks_columns_visual_guide":"","_exactmetrics_skip_tracking":false,"_exactmetrics_sitenote_active":false,"_exactmetrics_sitenote_note":"","_exactmetrics_sitenote_category":0,"footnotes":""},"categories":[7,2],"tags":[],"class_list":["post-146761","post","type-post","status-publish","format-standard","has-post-thumbnail","hentry","category-destaques","category-noticias"],"better_featured_image":{"id":146762,"alt_text":"","caption":"","description":"","media_type":"image","media_details":{"width":768,"height":459,"file":"2024\/12\/VLI-ferrovia.webp","filesize":77240,"sizes":{"medium":{"file":"VLI-ferrovia-470x281.webp","width":470,"height":281,"mime-type":"image\/webp","filesize":29068,"source_url":"https:\/\/lavras.tv\/site\/wp-content\/uploads\/2024\/12\/VLI-ferrovia-470x281.webp"},"thumbnail":{"file":"VLI-ferrovia-170x102.webp","width":170,"height":102,"mime-type":"image\/webp","filesize":4658,"source_url":"https:\/\/lavras.tv\/site\/wp-content\/uploads\/2024\/12\/VLI-ferrovia-170x102.webp"},"lshowcase-thumb":{"file":"VLI-ferrovia-200x120.webp","width":200,"height":120,"mime-type":"image\/webp","filesize":6058,"source_url":"https:\/\/lavras.tv\/site\/wp-content\/uploads\/2024\/12\/VLI-ferrovia-200x120.webp"},"alm-thumbnail":{"file":"VLI-ferrovia-150x150.webp","width":150,"height":150,"mime-type":"image\/webp","filesize":5728,"source_url":"https:\/\/lavras.tv\/site\/wp-content\/uploads\/2024\/12\/VLI-ferrovia-150x150.webp"}},"image_meta":{"aperture":"0","credit":"","camera":"","caption":"","created_timestamp":"0","copyright":"","focal_length":"0","iso":"0","shutter_speed":"0","title":"","orientation":"0","keywords":[]}},"post":146761,"source_url":"https:\/\/lavras.tv\/site\/wp-content\/uploads\/2024\/12\/VLI-ferrovia.webp"},"author_meta":{"display_name":"Vinicius Bustamante","author_link":"https:\/\/lavras.tv\/site\/author\/vinicius-bustamante\/"},"featured_img":"https:\/\/lavras.tv\/site\/wp-content\/uploads\/2024\/12\/VLI-ferrovia-470x281.webp","coauthors":[],"tax_additional":{"categories":{"linked":["<a href=\"https:\/\/lavras.tv\/site\/category\/destaques\/\" class=\"advgb-post-tax-term\">Destaques<\/a>","<a href=\"https:\/\/lavras.tv\/site\/category\/noticias\/\" class=\"advgb-post-tax-term\">Not\u00edcias<\/a>"],"unlinked":["<span class=\"advgb-post-tax-term\">Destaques<\/span>","<span class=\"advgb-post-tax-term\">Not\u00edcias<\/span>"]}},"comment_count":"0","relative_dates":{"created":"Publicado 1 ano atr\u00e1s","modified":"Atualizado 1 ano atr\u00e1s"},"absolute_dates":{"created":"Publicado em 27 de dezembro de 2024","modified":"Atualizado em 27 de dezembro de 2024"},"absolute_dates_time":{"created":"Publicado em 27 de dezembro de 2024 12:35","modified":"Atualizado em 27 de dezembro de 2024 12:35"},"featured_img_caption":"","series_order":"","_links":{"self":[{"href":"https:\/\/lavras.tv\/site\/wp-json\/wp\/v2\/posts\/146761","targetHints":{"allow":["GET"]}}],"collection":[{"href":"https:\/\/lavras.tv\/site\/wp-json\/wp\/v2\/posts"}],"about":[{"href":"https:\/\/lavras.tv\/site\/wp-json\/wp\/v2\/types\/post"}],"author":[{"embeddable":true,"href":"https:\/\/lavras.tv\/site\/wp-json\/wp\/v2\/users\/5"}],"replies":[{"embeddable":true,"href":"https:\/\/lavras.tv\/site\/wp-json\/wp\/v2\/comments?post=146761"}],"version-history":[{"count":1,"href":"https:\/\/lavras.tv\/site\/wp-json\/wp\/v2\/posts\/146761\/revisions"}],"predecessor-version":[{"id":146763,"href":"https:\/\/lavras.tv\/site\/wp-json\/wp\/v2\/posts\/146761\/revisions\/146763"}],"wp:featuredmedia":[{"embeddable":true,"href":"https:\/\/lavras.tv\/site\/wp-json\/wp\/v2\/media\/146762"}],"wp:attachment":[{"href":"https:\/\/lavras.tv\/site\/wp-json\/wp\/v2\/media?parent=146761"}],"wp:term":[{"taxonomy":"category","embeddable":true,"href":"https:\/\/lavras.tv\/site\/wp-json\/wp\/v2\/categories?post=146761"},{"taxonomy":"post_tag","embeddable":true,"href":"https:\/\/lavras.tv\/site\/wp-json\/wp\/v2\/tags?post=146761"}],"curies":[{"name":"wp","href":"https:\/\/api.w.org\/{rel}","templated":true}]}}