{"id":146764,"date":"2024-12-27T12:42:40","date_gmt":"2024-12-27T15:42:40","guid":{"rendered":"https:\/\/lavras.tv\/site\/?p=146764"},"modified":"2024-12-27T12:42:41","modified_gmt":"2024-12-27T15:42:41","slug":"policia-civil-de-minas-gerais-apresenta-balanco-das-apuracoes-sobre-acidente-na-br-116-em-teofilo-otoni","status":"publish","type":"post","link":"https:\/\/lavras.tv\/site\/2024\/12\/27\/policia-civil-de-minas-gerais-apresenta-balanco-das-apuracoes-sobre-acidente-na-br-116-em-teofilo-otoni\/","title":{"rendered":"Pol\u00edcia Civil de Minas Gerais apresenta balan\u00e7o das apura\u00e7\u00f5es sobre acidente na BR-116, em Te\u00f3filo Otoni"},"content":{"rendered":"<div class=\"lavra-antes-do-conteudo_2\" id=\"lavra-1797427236\"><div id=\"lavra-slider-27\" class=\"custom-slider lavra-slider-2951270864 lavra-slider\"><ul><li><div style=\"margin-left: auto;margin-right: auto;text-align: center;\" id=\"lavra-632453744\"><a href=\"https:\/\/sistemas.lavras.mg.gov.br\/portalcidadao\/#df1b1a7c7b2a290bcb31e32771e610784662739a88807c0dacac58ede5f391a7530e299dc302d611ee73cb143fc22eaf93592e53e7b5bdb01b00a0b8d28dae460c141dd2ff83412e4dc1c31b16b25f33144a9e5620ea73b13f5bc1c59411d98439ad226e8af03840603796067d87afe130812cf3de24982d0e306f9e61e764e5\" aria-label=\"Lavras-TV&#8211;720x104px (1) (1)\"><img src=\"https:\/\/lavras.tv\/site\/wp-content\/uploads\/2025\/01\/Lavras-TV-720x104px-1-1.png\" alt=\"\"  srcset=\"https:\/\/lavras.tv\/site\/wp-content\/uploads\/2025\/01\/Lavras-TV-720x104px-1-1.png 720w, https:\/\/lavras.tv\/site\/wp-content\/uploads\/2025\/01\/Lavras-TV-720x104px-1-1-470x68.png 470w, https:\/\/lavras.tv\/site\/wp-content\/uploads\/2025\/01\/Lavras-TV-720x104px-1-1-170x25.png 170w, https:\/\/lavras.tv\/site\/wp-content\/uploads\/2025\/01\/Lavras-TV-720x104px-1-1-200x29.png 200w\" sizes=\"(max-width: 720px) 100vw, 720px\" width=\"720\" height=\"104\"  style=\"display: inline-block;\" \/><\/a><\/div><\/li><li><a href=\"https:\/\/sistemas.lavras.mg.gov.br\/portalcidadao\/#df1b1a7c7b2a290bcb31e32771e610784662739a88807c0dacac58ede5f391a7530e299dc302d611ee73cb143fc22eaf93592e53e7b5bdb01b00a0b8d28dae460c141dd2ff83412e4dc1c31b16b25f33144a9e5620ea73b13f5bc1c59411d98439ad226e8af03840603796067d87afe130812cf3de24982d0e306f9e61e764e5\" aria-label=\"Banner_Emprego_PortallavrasTV\"><img src=\"https:\/\/lavras.tv\/site\/wp-content\/uploads\/2025\/03\/Banner_Emprego_PortallavrasTV.png\" alt=\"\"  srcset=\"https:\/\/lavras.tv\/site\/wp-content\/uploads\/2025\/03\/Banner_Emprego_PortallavrasTV.png 720w, https:\/\/lavras.tv\/site\/wp-content\/uploads\/2025\/03\/Banner_Emprego_PortallavrasTV-470x68.png 470w, https:\/\/lavras.tv\/site\/wp-content\/uploads\/2025\/03\/Banner_Emprego_PortallavrasTV-170x25.png 170w, https:\/\/lavras.tv\/site\/wp-content\/uploads\/2025\/03\/Banner_Emprego_PortallavrasTV-200x29.png 200w\" sizes=\"(max-width: 720px) 100vw, 720px\" width=\"720\" height=\"104\"   \/><\/a><\/li><li><a href=\"https:\/\/sistemas.lavras.mg.gov.br\/portalcidadao\/#df1b1a7c7b2a290bcb31e32771e610784662739a88807c0dacac58ede5f391a7530e299dc302d611ee73cb143fc22eaf93592e53e7b5bdb01b00a0b8d28dae460c141dd2ff83412e4dc1c31b16b25f33144a9e5620ea73b13f5bc1c59411d98439ad226e8af03840603796067d87afe130812cf3de24982d0e306f9e61e764e5\" aria-label=\"Banner_Obras_PortallavrasTV\"><img src=\"https:\/\/lavras.tv\/site\/wp-content\/uploads\/2025\/03\/Banner_Obras_PortallavrasTV.png\" alt=\"\"  srcset=\"https:\/\/lavras.tv\/site\/wp-content\/uploads\/2025\/03\/Banner_Obras_PortallavrasTV.png 720w, https:\/\/lavras.tv\/site\/wp-content\/uploads\/2025\/03\/Banner_Obras_PortallavrasTV-470x68.png 470w, https:\/\/lavras.tv\/site\/wp-content\/uploads\/2025\/03\/Banner_Obras_PortallavrasTV-170x25.png 170w, https:\/\/lavras.tv\/site\/wp-content\/uploads\/2025\/03\/Banner_Obras_PortallavrasTV-200x29.png 200w\" sizes=\"(max-width: 720px) 100vw, 720px\" width=\"720\" height=\"104\"   \/><\/a><\/li><li><div style=\"margin-left: auto;margin-right: auto;text-align: center;\" id=\"lavra-2091226690\"><a href=\"https:\/\/sistemas.lavras.mg.gov.br\/portalcidadao\/#df1b1a7c7b2a290bcb31e32771e610784662739a88807c0dacac58ede5f391a7530e299dc302d611ee73cb143fc22eaf93592e53e7b5bdb01b00a0b8d28dae460c141dd2ff83412e4dc1c31b16b25f33144a9e5620ea73b13f5bc1c59411d98439ad226e8af03840603796067d87afe130812cf3de24982d0e306f9e61e764e5\" aria-label=\"Banner_Educa\u00e7\u00e3o_PortallavrasTV\"><img src=\"https:\/\/lavras.tv\/site\/wp-content\/uploads\/2025\/01\/Banner_Educacao_PortallavrasTV.png\" alt=\"\"  srcset=\"https:\/\/lavras.tv\/site\/wp-content\/uploads\/2025\/01\/Banner_Educacao_PortallavrasTV.png 720w, https:\/\/lavras.tv\/site\/wp-content\/uploads\/2025\/01\/Banner_Educacao_PortallavrasTV-470x68.png 470w, https:\/\/lavras.tv\/site\/wp-content\/uploads\/2025\/01\/Banner_Educacao_PortallavrasTV-170x25.png 170w, https:\/\/lavras.tv\/site\/wp-content\/uploads\/2025\/01\/Banner_Educacao_PortallavrasTV-200x29.png 200w\" sizes=\"(max-width: 720px) 100vw, 720px\" width=\"720\" height=\"104\"  style=\"display: inline-block;\" \/><\/a><\/div><\/li><li><a href=\"https:\/\/sistemas.lavras.mg.gov.br\/portalcidadao\/#df1b1a7c7b2a290bcb31e32771e610784662739a88807c0dacac58ede5f391a7530e299dc302d611ee73cb143fc22eaf93592e53e7b5bdb01b00a0b8d28dae460c141dd2ff83412e4dc1c31b16b25f33144a9e5620ea73b13f5bc1c59411d98439ad226e8af03840603796067d87afe130812cf3de24982d0e306f9e61e764e5\" aria-label=\"Banner_Sa\u00fade_PortallavrasTV\"><img src=\"https:\/\/lavras.tv\/site\/wp-content\/uploads\/2025\/03\/Banner_Saude_PortallavrasTV.png\" alt=\"\"  srcset=\"https:\/\/lavras.tv\/site\/wp-content\/uploads\/2025\/03\/Banner_Saude_PortallavrasTV.png 720w, https:\/\/lavras.tv\/site\/wp-content\/uploads\/2025\/03\/Banner_Saude_PortallavrasTV-470x68.png 470w, https:\/\/lavras.tv\/site\/wp-content\/uploads\/2025\/03\/Banner_Saude_PortallavrasTV-170x25.png 170w, https:\/\/lavras.tv\/site\/wp-content\/uploads\/2025\/03\/Banner_Saude_PortallavrasTV-200x29.png 200w\" sizes=\"(max-width: 720px) 100vw, 720px\" width=\"720\" height=\"104\"   \/><\/a><\/li><li><div id=\"lavra-3511041973\" style=\"width:720px;height:104px;background-color:#ddd;overflow:scroll;\">\n\t<strong>Sa\u00edda da depura\u00e7\u00e3o de an\u00fancios<\/strong>\n\t<br><br>\n\tO an\u00fancio n\u00e3o \u00e9 exibido na p\u00e1gina<br><br>post atual: Pol\u00edcia Civil de Minas Gerais apresenta balan\u00e7o das apura\u00e7\u00f5es sobre acidente na BR-116, em Te\u00f3filo Otoni, ID: 146764<br><br><span style=\"color: red;\">O post atual n\u00e3o \u00e9 id\u00eantico ao post principal.<\/span><br><br>An\u00fancios: ROXO - TOPO INTERNA - ROTATIVO 2 (197)<br \/>Grupo de an\u00fancios: Princ_Meio01_720x104 (27)<br><br>Condi\u00e7\u00f5es de exibi\u00e7\u00e3o<div style=\"margin-bottom: 20px; white-space: pre-wrap; font-family: monospace; width: 100%; background: #ffe9e9;\"><strong>condi\u00e7\u00f5es gerais<\/strong><table border=\"1\"><thead><tr><th><\/th><th>An\u00fancios<\/th><th>wp_the_query<\/th><\/tr><\/thead><tr><td>is_main_query<\/td><td>1<\/td><td>1<\/td><\/tr><tr><td>is_rest_api<\/td><td>0<\/td><td>1<\/td><\/tr><tr><td>page<\/td><td>0<\/td><td>1<\/td><\/tr><tr><td>numpages<\/td><td>0<\/td><td>1<\/td><\/tr><tr><td>is_archive<\/td><td>1<\/td><td><\/td><\/tr><tr><td>is_search<\/td><td>1<\/td><td><\/td><\/tr><tr><td>is_home<\/td><td>1<\/td><td><\/td><\/tr><tr><td>is_404<\/td><td>1<\/td><td><\/td><\/tr><tr><td>is_attachment<\/td><td>1<\/td><td><\/td><\/tr><tr><td>is_singular<\/td><td>1<\/td><td><\/td><\/tr><tr><td>is_front_page<\/td><td>1<\/td><td><\/td><\/tr><tr><td>is_feed<\/td><td>1<\/td><td><\/td><\/tr><\/table><\/div><br><br><span style=\"color: red;\">Seu site usa HTTPS, mas o c\u00f3digo do an\u00fancio cont\u00e9m HTTP e pode n\u00e3o funcionar.<\/span>\t<br><br>\n\t<a style=\"color: green;\" href=\"https:\/\/wpadvancedads.com\/manual\/ad-debug-mode\/?utm_source=advanced-ads&utm_medium=link&utm_campaign=ad-debug-mode\" target=\"_blank\" rel=\"nofollow\">Encontre solu\u00e7\u00f5es no manual<\/a>\n<\/div>\n<\/li><\/ul><\/div><script>( window.advanced_ads_ready || jQuery( document ).ready ).call( null, function() {var $lavraslider2951270864 = jQuery( \".lavra-slider-2951270864\" );$lavraslider2951270864.on( \"unslider.ready\", function() { jQuery( \"div.custom-slider ul li\" ).css( \"display\", \"block\" ); });$lavraslider2951270864.unslider({ delay:4000, autoplay:true, nav:false, arrows:false, infinite:true });$lavraslider2951270864.on(\"mouseover\", function() {$lavraslider2951270864.unslider(\"stop\");}).on(\"mouseout\", function() {$lavraslider2951270864.unslider(\"start\");});});<\/script><\/div>\n<h4 class=\"wp-block-heading\"><em><strong>Equipe de peritos realizou novo levantamento no local com o uso do scanner 3D nesta quinta-feira (26\/12)<\/strong><\/em><\/h4>\n\n\n\n<figure class=\"wp-block-image\"><img decoding=\"async\" src=\"https:\/\/www.agenciaminas.mg.gov.br\/system\/news\/images\/000\/124\/694\/large\/IMG_4266.jpg?1735241660\" alt=\"imagem de destaque\"\/><\/figure>\n\n\n\n<p>A&nbsp;<a href=\"https:\/\/www.policiacivil.mg.gov.br\/\" target=\"_blank\" rel=\"noreferrer noopener\">Pol\u00edcia Civil de Minas Gerais (PCMG)<\/a>&nbsp;apresentou nesta quinta-feira (26\/12), em Te\u00f3filo Otoni, no Vale do Mucuri, o balan\u00e7o das investiga\u00e7\u00f5es sobre o acidente na BR-116 na madrugada do \u00faltimo s\u00e1bado (21\/12).<\/p>\n\n\n\n<p>Nesta manh\u00e3, uma equipe de peritos criminais, especializada na apura\u00e7\u00e3o de acidentes de tr\u00e2nsito, compareceu \u00e0 regi\u00e3o para a realiza\u00e7\u00e3o de levantamentos com o scanner 3D, equipamento que permite coletar imagens e posteriormente criar modelos de simula\u00e7\u00e3o.<\/p>\n\n\n\n<p>Conforme adiantou o chefe do 15\u00ba Departamento de Pol\u00edcia Civil em Te\u00f3filo Otoni, delegado Amaury Tomaz Ten\u00f3rio de Albuquerque, as provid\u00eancias tomadas pela PCMG, no mesmo dia do acidente, inclu\u00edram a per\u00edcia do local, al\u00e9m da realiza\u00e7\u00e3o de exames periciais e coleta de vest\u00edgios importantes para a condu\u00e7\u00e3o dos trabalhos policiais.<\/p>\n\n\n\n<p>Al\u00e9m disso, foi realizada, na ocasi\u00e3o, a remo\u00e7\u00e3o de todos os corpos das v\u00edtimas, que passaram por necropsia em Te\u00f3filo Otoni, e outros, que apresentavam mais carboniza\u00e7\u00e3o, para o Instituto M\u00e9dico Legal (IML) em Belo Horizonte. Quarenta e um corpos deram entrada na unidade na capital.<\/p>\n\n\n\n<p>\u201cEstamos concentrados agora em determinar qual foi exatamente a din\u00e2mica e as circunst\u00e2ncias desse grave e tr\u00e1gico acidente para que, assim, possamos apresentar ao Minist\u00e9rio P\u00fablico meios de apontar com a responsabiliza\u00e7\u00e3o sobre o que ocorreu\u201d, ressaltou.<\/p>\n\n\n\n<p><strong>Identifica\u00e7\u00e3o<\/strong><br><br>O perito criminal Felipe Dapieve, da Superintend\u00eancia de Pol\u00edcia T\u00e9cnico-Cient\u00edfica da PCMG, esclareceu que dos 16 corpos identificados at\u00e9 o momento, 14 j\u00e1 foram retirados pelos familiares no IML, sendo 13 por papiloscopia (exame das digitais) e tr\u00eas por odontologia legal (compara\u00e7\u00e3o de exames da arcada dent\u00e1ria).<br><br>Dapieve salienta que as v\u00edtimas foram removidas, em sua maioria, carbonizadas, o que impediu o reconhecimento do restante dos corpos pelos mesmos meios.<br><br>\u201cJ\u00e1 coletamos o material gen\u00e9tico dos familiares dessas v\u00edtimas remanescentes, que passaram por confronto de DNA pela equipe especializada do Instituto de Criminal\u00edstica em Belo Horizonte\u201d, adiantou.<\/p>\n\n\n\n<p>O perito ressaltou ainda: \u201cn\u00e3o \u00e9 necess\u00e1rio que os parentes dessas v\u00edtimas compare\u00e7am a Minas Gerais para ceder o material biol\u00f3gico, a coleta pode ser feita na Pol\u00edcia Civil dos estados de origem e por meio do Banco Nacional de Perfis Gen\u00e9ticos, procederemos ao confronto\u201d.<\/p>\n\n\n\n<p>De acordo com Dapieve, a libera\u00e7\u00e3o dos corpos no IML de Belo Horizonte n\u00e3o depende do comparecimento presencial do parente, bastando uma procura\u00e7\u00e3o para que sejam removidos.<\/p>\n\n\n\n<p><strong>Investiga\u00e7\u00e3o<\/strong><\/p>\n\n\n\n<p>Durante coletiva de imprensa, o delegado Amaury Tomaz reafirmou o compromisso da Pol\u00edcia Civil com o esclarecimento de todos os fatos que envolvem o acidente e que, at\u00e9 o momento, nenhuma linha investigativa foi descartada.<br><br>\u201cOuvimos os motoristas envolvidos nos fatos, aguardamos a an\u00e1lise pericial dos vest\u00edgios encontrados, incluindo imagens recolhidas de c\u00e2meras de grava\u00e7\u00e3o da rodovia \u2013 que ser\u00e3o melhoradas no Instituto de Criminal\u00edstica \u2013, exames toxicol\u00f3gicos e recolhimento de tac\u00f3grafo. Al\u00e9m disso, estamos refazendo todo o trajeto dos ve\u00edculos envolvidos\u201d, revelou.<br><br>\u201cQueremos saber exatamente quando cada um dos motoristas parou, por quanto tempo, as condi\u00e7\u00f5es de manuten\u00e7\u00e3o dos ve\u00edculos, dos pneus, da carga transportada pelo caminh\u00e3o, enfim, tudo o que pudermos combinar entre provas testemunhais e t\u00e9cnicas em um trabalho minucioso\u201d, detalhou.<br><br><strong>Acolhimento<\/strong><br><br>A Pol\u00edcia Civil disponibilizou um telefone para oferecer acolhimento e instru\u00e7\u00f5es aos familiares sobre o processo de identifica\u00e7\u00e3o: (31) 3379-5059.<\/p>\n","protected":false},"excerpt":{"rendered":"<p>Equipe de peritos realizou novo levantamento no local com o uso do scanner 3D nesta quinta-feira (26\/12) A&nbsp;Pol\u00edcia Civil de Minas Gerais (PCMG)&nbsp;apresentou nesta quinta-feira (26\/12), em Te\u00f3filo Otoni, no Vale do Mucuri, o balan\u00e7o das investiga\u00e7\u00f5es sobre o acidente na BR-116 na madrugada do \u00faltimo s\u00e1bado (21\/12). Nesta manh\u00e3, uma equipe de peritos criminais, [&hellip;]<\/p>\n","protected":false},"author":5,"featured_media":146765,"comment_status":"closed","ping_status":"open","sticky":false,"template":"","format":"standard","meta":{"advgb_blocks_editor_width":"","advgb_blocks_columns_visual_guide":"","_exactmetrics_skip_tracking":false,"_exactmetrics_sitenote_active":false,"_exactmetrics_sitenote_note":"","_exactmetrics_sitenote_category":0,"footnotes":""},"categories":[7,2],"tags":[],"class_list":["post-146764","post","type-post","status-publish","format-standard","has-post-thumbnail","hentry","category-destaques","category-noticias"],"better_featured_image":{"id":146765,"alt_text":"","caption":"","description":"","media_type":"image","media_details":{"width":2560,"height":1440,"file":"2024\/12\/IMG_4266-scaled.jpg","filesize":647780,"sizes":{"medium":{"file":"IMG_4266-470x264.jpg","width":470,"height":264,"mime-type":"image\/jpeg","filesize":35182,"source_url":"https:\/\/lavras.tv\/site\/wp-content\/uploads\/2024\/12\/IMG_4266-470x264.jpg"},"large":{"file":"IMG_4266-970x546.jpg","width":970,"height":546,"mime-type":"image\/jpeg","filesize":125711,"source_url":"https:\/\/lavras.tv\/site\/wp-content\/uploads\/2024\/12\/IMG_4266-970x546.jpg"},"thumbnail":{"file":"IMG_4266-170x96.jpg","width":170,"height":96,"mime-type":"image\/jpeg","filesize":8718,"source_url":"https:\/\/lavras.tv\/site\/wp-content\/uploads\/2024\/12\/IMG_4266-170x96.jpg"},"lshowcase-thumb":{"file":"IMG_4266-200x113.jpg","width":200,"height":113,"mime-type":"image\/jpeg","filesize":10424,"source_url":"https:\/\/lavras.tv\/site\/wp-content\/uploads\/2024\/12\/IMG_4266-200x113.jpg"},"1536x1536":{"file":"IMG_4266-1536x864.jpg","width":1536,"height":864,"mime-type":"image\/jpeg","filesize":270089,"source_url":"https:\/\/lavras.tv\/site\/wp-content\/uploads\/2024\/12\/IMG_4266-1536x864.jpg"},"2048x2048":{"file":"IMG_4266-2048x1152.jpg","width":2048,"height":1152,"mime-type":"image\/jpeg","filesize":439824,"source_url":"https:\/\/lavras.tv\/site\/wp-content\/uploads\/2024\/12\/IMG_4266-2048x1152.jpg"},"alm-thumbnail":{"file":"IMG_4266-150x150.jpg","width":150,"height":150,"mime-type":"image\/jpeg","filesize":10507,"source_url":"https:\/\/lavras.tv\/site\/wp-content\/uploads\/2024\/12\/IMG_4266-150x150.jpg"}},"image_meta":{"aperture":"1,78","credit":"","camera":"iPhone 14 Pro Max","caption":"","created_timestamp":"1735222298","copyright":"","focal_length":"6,86","iso":"80","shutter_speed":"0,00028801843317972","title":"","orientation":"1","keywords":[]},"original_image":"IMG_4266.jpg"},"post":146764,"source_url":"https:\/\/lavras.tv\/site\/wp-content\/uploads\/2024\/12\/IMG_4266-scaled.jpg"},"author_meta":{"display_name":"Vinicius Bustamante","author_link":"https:\/\/lavras.tv\/site\/author\/vinicius-bustamante\/"},"featured_img":"https:\/\/lavras.tv\/site\/wp-content\/uploads\/2024\/12\/IMG_4266-470x264.jpg","coauthors":[],"tax_additional":{"categories":{"linked":["<a href=\"https:\/\/lavras.tv\/site\/category\/destaques\/\" class=\"advgb-post-tax-term\">Destaques<\/a>","<a href=\"https:\/\/lavras.tv\/site\/category\/noticias\/\" class=\"advgb-post-tax-term\">Not\u00edcias<\/a>"],"unlinked":["<span class=\"advgb-post-tax-term\">Destaques<\/span>","<span class=\"advgb-post-tax-term\">Not\u00edcias<\/span>"]}},"comment_count":"0","relative_dates":{"created":"Publicado 1 ano atr\u00e1s","modified":"Atualizado 1 ano atr\u00e1s"},"absolute_dates":{"created":"Publicado em 27 de dezembro de 2024","modified":"Atualizado em 27 de dezembro de 2024"},"absolute_dates_time":{"created":"Publicado em 27 de dezembro de 2024 12:42","modified":"Atualizado em 27 de dezembro de 2024 12:42"},"featured_img_caption":"","series_order":"","_links":{"self":[{"href":"https:\/\/lavras.tv\/site\/wp-json\/wp\/v2\/posts\/146764","targetHints":{"allow":["GET"]}}],"collection":[{"href":"https:\/\/lavras.tv\/site\/wp-json\/wp\/v2\/posts"}],"about":[{"href":"https:\/\/lavras.tv\/site\/wp-json\/wp\/v2\/types\/post"}],"author":[{"embeddable":true,"href":"https:\/\/lavras.tv\/site\/wp-json\/wp\/v2\/users\/5"}],"replies":[{"embeddable":true,"href":"https:\/\/lavras.tv\/site\/wp-json\/wp\/v2\/comments?post=146764"}],"version-history":[{"count":1,"href":"https:\/\/lavras.tv\/site\/wp-json\/wp\/v2\/posts\/146764\/revisions"}],"predecessor-version":[{"id":146766,"href":"https:\/\/lavras.tv\/site\/wp-json\/wp\/v2\/posts\/146764\/revisions\/146766"}],"wp:featuredmedia":[{"embeddable":true,"href":"https:\/\/lavras.tv\/site\/wp-json\/wp\/v2\/media\/146765"}],"wp:attachment":[{"href":"https:\/\/lavras.tv\/site\/wp-json\/wp\/v2\/media?parent=146764"}],"wp:term":[{"taxonomy":"category","embeddable":true,"href":"https:\/\/lavras.tv\/site\/wp-json\/wp\/v2\/categories?post=146764"},{"taxonomy":"post_tag","embeddable":true,"href":"https:\/\/lavras.tv\/site\/wp-json\/wp\/v2\/tags?post=146764"}],"curies":[{"name":"wp","href":"https:\/\/api.w.org\/{rel}","templated":true}]}}