{"id":1469,"date":"2016-08-10T10:55:27","date_gmt":"2016-08-10T10:55:27","guid":{"rendered":"http:\/\/lavras.tv\/site\/?p=1469"},"modified":"2016-08-10T10:55:27","modified_gmt":"2016-08-10T10:55:27","slug":"selecao-brasileira-empata-com-a-africa-do-sul-e-encara-australia-no-mineirao","status":"publish","type":"post","link":"https:\/\/lavras.tv\/site\/2016\/08\/10\/selecao-brasileira-empata-com-a-africa-do-sul-e-encara-australia-no-mineirao\/","title":{"rendered":"Sele\u00e7\u00e3o Brasileira empata com a \u00c1frica do Sul e encara Austr\u00e1lia no Mineir\u00e3o"},"content":{"rendered":"<div class=\"lavra-antes-do-conteudo_2\" id=\"lavra-559956686\"><div id=\"lavra-slider-27\" class=\"custom-slider lavra-slider-406185044 lavra-slider\"><ul><li><div style=\"margin-left: auto;margin-right: auto;text-align: center;\" id=\"lavra-1999370296\"><a href=\"https:\/\/sistemas.lavras.mg.gov.br\/portalcidadao\/#df1b1a7c7b2a290bcb31e32771e610784662739a88807c0dacac58ede5f391a7530e299dc302d611ee73cb143fc22eaf93592e53e7b5bdb01b00a0b8d28dae460c141dd2ff83412e4dc1c31b16b25f33144a9e5620ea73b13f5bc1c59411d98439ad226e8af03840603796067d87afe130812cf3de24982d0e306f9e61e764e5\" aria-label=\"Lavras-TV&#8211;720x104px (1) (1)\"><img src=\"https:\/\/lavras.tv\/site\/wp-content\/uploads\/2025\/01\/Lavras-TV-720x104px-1-1.png\" alt=\"\"  srcset=\"https:\/\/lavras.tv\/site\/wp-content\/uploads\/2025\/01\/Lavras-TV-720x104px-1-1.png 720w, https:\/\/lavras.tv\/site\/wp-content\/uploads\/2025\/01\/Lavras-TV-720x104px-1-1-470x68.png 470w, https:\/\/lavras.tv\/site\/wp-content\/uploads\/2025\/01\/Lavras-TV-720x104px-1-1-170x25.png 170w, https:\/\/lavras.tv\/site\/wp-content\/uploads\/2025\/01\/Lavras-TV-720x104px-1-1-200x29.png 200w\" sizes=\"(max-width: 720px) 100vw, 720px\" width=\"720\" height=\"104\"  style=\"display: inline-block;\" \/><\/a><\/div><\/li><li><a href=\"https:\/\/sistemas.lavras.mg.gov.br\/portalcidadao\/#df1b1a7c7b2a290bcb31e32771e610784662739a88807c0dacac58ede5f391a7530e299dc302d611ee73cb143fc22eaf93592e53e7b5bdb01b00a0b8d28dae460c141dd2ff83412e4dc1c31b16b25f33144a9e5620ea73b13f5bc1c59411d98439ad226e8af03840603796067d87afe130812cf3de24982d0e306f9e61e764e5\" aria-label=\"Banner_Emprego_PortallavrasTV\"><img src=\"https:\/\/lavras.tv\/site\/wp-content\/uploads\/2025\/03\/Banner_Emprego_PortallavrasTV.png\" alt=\"\"  srcset=\"https:\/\/lavras.tv\/site\/wp-content\/uploads\/2025\/03\/Banner_Emprego_PortallavrasTV.png 720w, https:\/\/lavras.tv\/site\/wp-content\/uploads\/2025\/03\/Banner_Emprego_PortallavrasTV-470x68.png 470w, https:\/\/lavras.tv\/site\/wp-content\/uploads\/2025\/03\/Banner_Emprego_PortallavrasTV-170x25.png 170w, https:\/\/lavras.tv\/site\/wp-content\/uploads\/2025\/03\/Banner_Emprego_PortallavrasTV-200x29.png 200w\" sizes=\"(max-width: 720px) 100vw, 720px\" width=\"720\" height=\"104\"   \/><\/a><\/li><li><a href=\"https:\/\/sistemas.lavras.mg.gov.br\/portalcidadao\/#df1b1a7c7b2a290bcb31e32771e610784662739a88807c0dacac58ede5f391a7530e299dc302d611ee73cb143fc22eaf93592e53e7b5bdb01b00a0b8d28dae460c141dd2ff83412e4dc1c31b16b25f33144a9e5620ea73b13f5bc1c59411d98439ad226e8af03840603796067d87afe130812cf3de24982d0e306f9e61e764e5\" aria-label=\"Banner_Obras_PortallavrasTV\"><img src=\"https:\/\/lavras.tv\/site\/wp-content\/uploads\/2025\/03\/Banner_Obras_PortallavrasTV.png\" alt=\"\"  srcset=\"https:\/\/lavras.tv\/site\/wp-content\/uploads\/2025\/03\/Banner_Obras_PortallavrasTV.png 720w, https:\/\/lavras.tv\/site\/wp-content\/uploads\/2025\/03\/Banner_Obras_PortallavrasTV-470x68.png 470w, https:\/\/lavras.tv\/site\/wp-content\/uploads\/2025\/03\/Banner_Obras_PortallavrasTV-170x25.png 170w, https:\/\/lavras.tv\/site\/wp-content\/uploads\/2025\/03\/Banner_Obras_PortallavrasTV-200x29.png 200w\" sizes=\"(max-width: 720px) 100vw, 720px\" width=\"720\" height=\"104\"   \/><\/a><\/li><li><div style=\"margin-left: auto;margin-right: auto;text-align: center;\" id=\"lavra-2943628438\"><a href=\"https:\/\/sistemas.lavras.mg.gov.br\/portalcidadao\/#df1b1a7c7b2a290bcb31e32771e610784662739a88807c0dacac58ede5f391a7530e299dc302d611ee73cb143fc22eaf93592e53e7b5bdb01b00a0b8d28dae460c141dd2ff83412e4dc1c31b16b25f33144a9e5620ea73b13f5bc1c59411d98439ad226e8af03840603796067d87afe130812cf3de24982d0e306f9e61e764e5\" aria-label=\"Banner_Educa\u00e7\u00e3o_PortallavrasTV\"><img src=\"https:\/\/lavras.tv\/site\/wp-content\/uploads\/2025\/01\/Banner_Educacao_PortallavrasTV.png\" alt=\"\"  srcset=\"https:\/\/lavras.tv\/site\/wp-content\/uploads\/2025\/01\/Banner_Educacao_PortallavrasTV.png 720w, https:\/\/lavras.tv\/site\/wp-content\/uploads\/2025\/01\/Banner_Educacao_PortallavrasTV-470x68.png 470w, https:\/\/lavras.tv\/site\/wp-content\/uploads\/2025\/01\/Banner_Educacao_PortallavrasTV-170x25.png 170w, https:\/\/lavras.tv\/site\/wp-content\/uploads\/2025\/01\/Banner_Educacao_PortallavrasTV-200x29.png 200w\" sizes=\"(max-width: 720px) 100vw, 720px\" width=\"720\" height=\"104\"  style=\"display: inline-block;\" \/><\/a><\/div><\/li><li><a href=\"https:\/\/sistemas.lavras.mg.gov.br\/portalcidadao\/#df1b1a7c7b2a290bcb31e32771e610784662739a88807c0dacac58ede5f391a7530e299dc302d611ee73cb143fc22eaf93592e53e7b5bdb01b00a0b8d28dae460c141dd2ff83412e4dc1c31b16b25f33144a9e5620ea73b13f5bc1c59411d98439ad226e8af03840603796067d87afe130812cf3de24982d0e306f9e61e764e5\" aria-label=\"Banner_Sa\u00fade_PortallavrasTV\"><img src=\"https:\/\/lavras.tv\/site\/wp-content\/uploads\/2025\/03\/Banner_Saude_PortallavrasTV.png\" alt=\"\"  srcset=\"https:\/\/lavras.tv\/site\/wp-content\/uploads\/2025\/03\/Banner_Saude_PortallavrasTV.png 720w, https:\/\/lavras.tv\/site\/wp-content\/uploads\/2025\/03\/Banner_Saude_PortallavrasTV-470x68.png 470w, https:\/\/lavras.tv\/site\/wp-content\/uploads\/2025\/03\/Banner_Saude_PortallavrasTV-170x25.png 170w, https:\/\/lavras.tv\/site\/wp-content\/uploads\/2025\/03\/Banner_Saude_PortallavrasTV-200x29.png 200w\" sizes=\"(max-width: 720px) 100vw, 720px\" width=\"720\" height=\"104\"   \/><\/a><\/li><li><div id=\"lavra-70271404\" style=\"width:720px;height:104px;background-color:#ddd;overflow:scroll;\">\n\t<strong>Sa\u00edda da depura\u00e7\u00e3o de an\u00fancios<\/strong>\n\t<br><br>\n\tO an\u00fancio n\u00e3o \u00e9 exibido na p\u00e1gina<br><br>post atual: Sele\u00e7\u00e3o Brasileira empata com a \u00c1frica do Sul e encara Austr\u00e1lia no Mineir\u00e3o, ID: 1469<br><br><span style=\"color: red;\">O post atual n\u00e3o \u00e9 id\u00eantico ao post principal.<\/span><br><br>An\u00fancios: ROXO - TOPO INTERNA - ROTATIVO 2 (197)<br \/>Grupo de an\u00fancios: Princ_Meio01_720x104 (27)<br><br>Condi\u00e7\u00f5es de exibi\u00e7\u00e3o<div style=\"margin-bottom: 20px; white-space: pre-wrap; font-family: monospace; width: 100%; background: #ffe9e9;\"><strong>condi\u00e7\u00f5es gerais<\/strong><table border=\"1\"><thead><tr><th><\/th><th>An\u00fancios<\/th><th>wp_the_query<\/th><\/tr><\/thead><tr><td>is_main_query<\/td><td>1<\/td><td>1<\/td><\/tr><tr><td>is_rest_api<\/td><td>0<\/td><td>1<\/td><\/tr><tr><td>page<\/td><td>0<\/td><td>1<\/td><\/tr><tr><td>numpages<\/td><td>0<\/td><td>1<\/td><\/tr><tr><td>is_archive<\/td><td>1<\/td><td><\/td><\/tr><tr><td>is_search<\/td><td>1<\/td><td><\/td><\/tr><tr><td>is_home<\/td><td>1<\/td><td><\/td><\/tr><tr><td>is_404<\/td><td>1<\/td><td><\/td><\/tr><tr><td>is_attachment<\/td><td>1<\/td><td><\/td><\/tr><tr><td>is_singular<\/td><td>1<\/td><td><\/td><\/tr><tr><td>is_front_page<\/td><td>1<\/td><td><\/td><\/tr><tr><td>is_feed<\/td><td>1<\/td><td><\/td><\/tr><\/table><\/div><br><br><span style=\"color: red;\">Seu site usa HTTPS, mas o c\u00f3digo do an\u00fancio cont\u00e9m HTTP e pode n\u00e3o funcionar.<\/span>\t<br><br>\n\t<a style=\"color: green;\" href=\"https:\/\/wpadvancedads.com\/manual\/ad-debug-mode\/?utm_source=advanced-ads&utm_medium=link&utm_campaign=ad-debug-mode\" target=\"_blank\" rel=\"nofollow\">Encontre solu\u00e7\u00f5es no manual<\/a>\n<\/div>\n<\/li><\/ul><\/div><script>( window.advanced_ads_ready || jQuery( document ).ready ).call( null, function() {var $lavraslider406185044 = jQuery( \".lavra-slider-406185044\" );$lavraslider406185044.on( \"unslider.ready\", function() { jQuery( \"div.custom-slider ul li\" ).css( \"display\", \"block\" ); });$lavraslider406185044.unslider({ delay:4000, autoplay:true, nav:false, arrows:false, infinite:true });$lavraslider406185044.on(\"mouseover\", function() {$lavraslider406185044.unslider(\"stop\");}).on(\"mouseout\", function() {$lavraslider406185044.unslider(\"start\");});});<\/script><\/div><p>Com metade do time poupado e sem efici\u00eancia nas conclus\u00f5es, a Sele\u00e7\u00e3o Feminina de Futebol frustrou 38.415 expectadores na Arena Amaz\u00f4nia, em Manaus, ao ficar no 0 a 0 com a \u00c1frica do Sul, pelo Grupo E dos Jogos Ol\u00edmpicos.<!--more--> Na noite desta ter\u00e7a-feira, Marta entrou somente no segundo tempo, mas n\u00e3o brilhou. Cristiane, ainda se recuperando de les\u00e3o, nem entrou em campo. Nas quartas de final, o Brasil vai enfrentar a Austr\u00e1lia, \u00e0s 22h desta sexta-feira, no Mineir\u00e3o.<img fetchpriority=\"high\" decoding=\"async\" class=\"alignnone size-full wp-image-1470\" src=\"http:\/\/lavras.tv\/site\/wp-content\/uploads\/2016\/08\/futebol.jpg\" alt=\"\" width=\"750\" height=\"500\" srcset=\"https:\/\/lavras.tv\/site\/wp-content\/uploads\/2016\/08\/futebol.jpg 750w, https:\/\/lavras.tv\/site\/wp-content\/uploads\/2016\/08\/futebol-150x100.jpg 150w, https:\/\/lavras.tv\/site\/wp-content\/uploads\/2016\/08\/futebol-300x200.jpg 300w, https:\/\/lavras.tv\/site\/wp-content\/uploads\/2016\/08\/futebol-480x320.jpg 480w, https:\/\/lavras.tv\/site\/wp-content\/uploads\/2016\/08\/futebol-272x182.jpg 272w\" sizes=\"(max-width: 750px) 100vw, 750px\" \/><\/p>\n<p>Com 7 pontos, o Brasil garantiu a primeira coloca\u00e7\u00e3o da chave &#8211; j\u00e1 estava classificado desde a rodada passada. A China ficou em segundo lugar, com quatro pontos. Com a mesma pontua\u00e7\u00e3o, a sele\u00e7\u00e3o da Su\u00e9cia terminou em terceiro lugar. As duas sele\u00e7\u00f5es tamb\u00e9m avan\u00e7aram na competi\u00e7\u00e3o ao empatarem sem gols, tamb\u00e9m nesta noite, no Est\u00e1dio Man\u00e9 Garrincha, em Bras\u00edlia.<\/p>\n<p>O Brasil entrou em campo nesta ter\u00e7a-feira com seis reservas, da goleira Aline at\u00e9 a atacante Raquel Fernandes. Formiga tamb\u00e9m foi poupada e come\u00e7ou no banco de reservas, assim como Marta. A aus\u00eancia da camisa 10 logo incomodou a torcida, que aos 2 minutos de jogo j\u00e1 gritava: &#8220;Marta, cad\u00ea voc\u00ea, eu vim aqui s\u00f3 pra te ver&#8221;, o que se repetiu por mais duas vezes. Toda vez que a meia aparecia no tel\u00e3o, no banco, a torcida vibrava.<\/p>\n<p>Em campo, a Sele\u00e7\u00e3o oferecia perigo \u00e0 \u00c1frica do Sul e at\u00e9 chegou a acertar a trave em chute de longa dist\u00e2ncia de Debinha, mas o preciosismo e a falta de pontaria nas finaliza\u00e7\u00f5es mantiveram o placar inalterado. No intervalo, o t\u00e9cnico Vad\u00e3o resolveu atender aos pedidos da torcida e Marta foi a campo com o time no lugar da lateral-esquerda Tamires.<\/p>\n<p>No in\u00edcio, a cada toque na bola da camisa 10 a torcida manauara delirava. Mas o tempo foi passando, as oportunidades iam sendo desperdi\u00e7adas e at\u00e9 Marta abusava dos erros. Talvez por cautela para evitar les\u00f5es, a Sele\u00e7\u00e3o parecia ap\u00e1tica e at\u00e9 parecia sem determina\u00e7\u00e3o em alguns lances. A lateral direita Fabiana entrou aos 37 do segundo tempo e at\u00e9 animou a partida, chegando desperdi\u00e7ar uma chance frente a frente com a goleira Barker.<\/p>\n<p>Sem gols, a partida chegou ao fim e, depois de tanta festa na Arena Amaz\u00f4nia, algumas vaias se ouviram em meio aos aplausos maci\u00e7os. Jogadoras como Beatriz e Andressa Alves ainda distribu\u00edram aut\u00f3grafos para a torcida ap\u00f3s a partida.<\/p>\n<p><strong>Quartas de final<\/strong><\/p>\n<p>Com os empates na rodada final do Grupo E, as quartas de final do futebol feminino foram definidas. Ser\u00e3o quatro jogos nesta sexta-feira e o primeiro ser\u00e1 entre Estados Unidos e Su\u00e9cia, \u00e0s 13h, no Est\u00e1dio Man\u00e9 Garrincha, em Bras\u00edlia. Quem vencer pegar\u00e1 nas semifinais o ganhador do duelo entre brasileiras e australianas, que se enfrentar\u00e3o \u00e0s 22h, no Mineir\u00e3o, em Belo Horizonte.<br \/>\nNo outro lado da chave, o confronto entre China e Alemanha ser\u00e1 \u00e0s 16h, na Arena Fonte Nova, em Salvador. Mais tarde, \u00e0s 19h, Canad\u00e1 e Fran\u00e7a duelam no Itaquer\u00e3o, em S\u00e3o Paulo.<\/p>\n<p><strong>\u00c1FRICA DO SUL 0 x 0 BRASIL<\/strong><\/p>\n<p><strong>\u00c1FRICA DO SUL <\/strong><br \/>\nBarker; Smeda, Matlou, Van Wyk e Vilakazi; Makhabane, Malherbe e Jane; Motlhalo (Mollo), Kgtlana (Dlamini) e Seoposenwe<br \/>\n<strong>T\u00e9cnica:<\/strong> Vera Pauw<\/p>\n<p><strong>BRASIL <\/strong><br \/>\nAline; Poliana, Bruna Benites, M\u00f4nica e Tamires (Marta); \u00c9rika e Tha\u00edsa (Fabiana); Andressa Alves, Andressinha e Debinha; Raquel<br \/>\n<strong>T\u00e9cnico:<\/strong> Vad\u00e3o<\/p>\n<p>&nbsp;<\/p>\n<p>Fonte: Superesportes<\/p>\n","protected":false},"excerpt":{"rendered":"<p>Com metade do time poupado e sem efici\u00eancia nas conclus\u00f5es, a Sele\u00e7\u00e3o Feminina de Futebol frustrou 38.415 expectadores na Arena Amaz\u00f4nia, em Manaus, ao ficar no 0 a 0 com a \u00c1frica do Sul, pelo Grupo E dos Jogos Ol\u00edmpicos.<\/p>\n","protected":false},"author":2,"featured_media":1470,"comment_status":"closed","ping_status":"open","sticky":false,"template":"","format":"standard","meta":{"advgb_blocks_editor_width":"","advgb_blocks_columns_visual_guide":"","_exactmetrics_skip_tracking":false,"_exactmetrics_sitenote_active":false,"_exactmetrics_sitenote_note":"","_exactmetrics_sitenote_category":0,"footnotes":""},"categories":[3],"tags":[468,50,469,117],"class_list":["post-1469","post","type-post","status-publish","format-standard","has-post-thumbnail","hentry","category-esportes","tag-futebol-feminino","tag-lavras-tv","tag-mineirao","tag-rio-2016"],"better_featured_image":{"id":1470,"alt_text":"","caption":"","description":"","media_type":"image","media_details":{"width":750,"height":500,"file":"2016\/08\/futebol.jpg","sizes":{"thumbnail":{"file":"futebol-150x100.jpg","width":150,"height":100,"mime-type":"image\/jpeg","source_url":"https:\/\/lavras.tv\/site\/wp-content\/uploads\/2016\/08\/futebol-150x100.jpg"},"medium":{"file":"futebol-300x200.jpg","width":300,"height":200,"mime-type":"image\/jpeg","source_url":"https:\/\/lavras.tv\/site\/wp-content\/uploads\/2016\/08\/futebol-300x200.jpg"},"featured-slider-img":{"file":"futebol-640x480.jpg","width":640,"height":480,"mime-type":"image\/jpeg","source_url":"https:\/\/lavras.tv\/site\/wp-content\/uploads\/2016\/08\/futebol-640x480.jpg"},"featured-post-img":{"file":"futebol-480x320.jpg","width":480,"height":320,"mime-type":"image\/jpeg","source_url":"https:\/\/lavras.tv\/site\/wp-content\/uploads\/2016\/08\/futebol-480x320.jpg"},"sow-carousel-default":{"file":"futebol-272x182.jpg","width":272,"height":182,"mime-type":"image\/jpeg","source_url":"https:\/\/lavras.tv\/site\/wp-content\/uploads\/2016\/08\/futebol-272x182.jpg"}},"image_meta":{"aperture":"0","credit":"","camera":"","caption":"","created_timestamp":"0","copyright":"","focal_length":"0","iso":"0","shutter_speed":"0","title":"","orientation":"0","keywords":[]}},"post":1469,"source_url":"https:\/\/lavras.tv\/site\/wp-content\/uploads\/2016\/08\/futebol.jpg"},"author_meta":{"display_name":"Lavras TV","author_link":"https:\/\/lavras.tv\/site\/author\/lavrastv\/"},"featured_img":"https:\/\/lavras.tv\/site\/wp-content\/uploads\/2016\/08\/futebol-300x200.jpg","coauthors":[],"tax_additional":{"categories":{"linked":["<a href=\"https:\/\/lavras.tv\/site\/category\/esportes\/\" class=\"advgb-post-tax-term\">Esportes<\/a>"],"unlinked":["<span class=\"advgb-post-tax-term\">Esportes<\/span>"]},"tags":{"linked":["<a href=\"https:\/\/lavras.tv\/site\/category\/esportes\/\" class=\"advgb-post-tax-term\">futebol feminino<\/a>","<a href=\"https:\/\/lavras.tv\/site\/category\/esportes\/\" class=\"advgb-post-tax-term\">lavras.tv<\/a>","<a href=\"https:\/\/lavras.tv\/site\/category\/esportes\/\" class=\"advgb-post-tax-term\">mineir\u00e3o<\/a>","<a href=\"https:\/\/lavras.tv\/site\/category\/esportes\/\" class=\"advgb-post-tax-term\">rio 2016<\/a>"],"unlinked":["<span class=\"advgb-post-tax-term\">futebol feminino<\/span>","<span class=\"advgb-post-tax-term\">lavras.tv<\/span>","<span class=\"advgb-post-tax-term\">mineir\u00e3o<\/span>","<span class=\"advgb-post-tax-term\">rio 2016<\/span>"]}},"comment_count":"0","relative_dates":{"created":"Publicado 10 anos atr\u00e1s","modified":"Atualizado 10 anos atr\u00e1s"},"absolute_dates":{"created":"Publicado em 10 de agosto de 2016","modified":"Atualizado em 10 de agosto de 2016"},"absolute_dates_time":{"created":"Publicado em 10 de agosto de 2016 10:55","modified":"Atualizado em 10 de agosto de 2016 10:55"},"featured_img_caption":"","series_order":"","_links":{"self":[{"href":"https:\/\/lavras.tv\/site\/wp-json\/wp\/v2\/posts\/1469","targetHints":{"allow":["GET"]}}],"collection":[{"href":"https:\/\/lavras.tv\/site\/wp-json\/wp\/v2\/posts"}],"about":[{"href":"https:\/\/lavras.tv\/site\/wp-json\/wp\/v2\/types\/post"}],"author":[{"embeddable":true,"href":"https:\/\/lavras.tv\/site\/wp-json\/wp\/v2\/users\/2"}],"replies":[{"embeddable":true,"href":"https:\/\/lavras.tv\/site\/wp-json\/wp\/v2\/comments?post=1469"}],"version-history":[{"count":1,"href":"https:\/\/lavras.tv\/site\/wp-json\/wp\/v2\/posts\/1469\/revisions"}],"predecessor-version":[{"id":1471,"href":"https:\/\/lavras.tv\/site\/wp-json\/wp\/v2\/posts\/1469\/revisions\/1471"}],"wp:featuredmedia":[{"embeddable":true,"href":"https:\/\/lavras.tv\/site\/wp-json\/wp\/v2\/media\/1470"}],"wp:attachment":[{"href":"https:\/\/lavras.tv\/site\/wp-json\/wp\/v2\/media?parent=1469"}],"wp:term":[{"taxonomy":"category","embeddable":true,"href":"https:\/\/lavras.tv\/site\/wp-json\/wp\/v2\/categories?post=1469"},{"taxonomy":"post_tag","embeddable":true,"href":"https:\/\/lavras.tv\/site\/wp-json\/wp\/v2\/tags?post=1469"}],"curies":[{"name":"wp","href":"https:\/\/api.w.org\/{rel}","templated":true}]}}