{"id":147006,"date":"2024-12-28T14:04:29","date_gmt":"2024-12-28T17:04:29","guid":{"rendered":"https:\/\/lavras.tv\/site\/?p=147006"},"modified":"2024-12-28T14:36:34","modified_gmt":"2024-12-28T17:36:34","slug":"jovem-lavrense-e-morto-a-tiros-emmacaia-pm-investiga-homicidio","status":"publish","type":"post","link":"https:\/\/lavras.tv\/site\/2024\/12\/28\/jovem-lavrense-e-morto-a-tiros-emmacaia-pm-investiga-homicidio\/","title":{"rendered":"Jovem lavrense \u00e9 morto a tiros em Macaia: PM investiga homic\u00eddio"},"content":{"rendered":"<div class=\"lavra-antes-do-conteudo_2\" id=\"lavra-1014273500\"><div id=\"lavra-slider-27\" class=\"custom-slider lavra-slider-2380916617 lavra-slider\"><ul><li><div style=\"margin-left: auto;margin-right: auto;text-align: center;\" id=\"lavra-2152155412\"><a href=\"https:\/\/sistemas.lavras.mg.gov.br\/portalcidadao\/#df1b1a7c7b2a290bcb31e32771e610784662739a88807c0dacac58ede5f391a7530e299dc302d611ee73cb143fc22eaf93592e53e7b5bdb01b00a0b8d28dae460c141dd2ff83412e4dc1c31b16b25f33144a9e5620ea73b13f5bc1c59411d98439ad226e8af03840603796067d87afe130812cf3de24982d0e306f9e61e764e5\" aria-label=\"Lavras-TV&#8211;720x104px (1) (1)\"><img src=\"https:\/\/lavras.tv\/site\/wp-content\/uploads\/2025\/01\/Lavras-TV-720x104px-1-1.png\" alt=\"\"  srcset=\"https:\/\/lavras.tv\/site\/wp-content\/uploads\/2025\/01\/Lavras-TV-720x104px-1-1.png 720w, https:\/\/lavras.tv\/site\/wp-content\/uploads\/2025\/01\/Lavras-TV-720x104px-1-1-470x68.png 470w, https:\/\/lavras.tv\/site\/wp-content\/uploads\/2025\/01\/Lavras-TV-720x104px-1-1-170x25.png 170w, https:\/\/lavras.tv\/site\/wp-content\/uploads\/2025\/01\/Lavras-TV-720x104px-1-1-200x29.png 200w\" sizes=\"(max-width: 720px) 100vw, 720px\" width=\"720\" height=\"104\"  style=\"display: inline-block;\" \/><\/a><\/div><\/li><li><a href=\"https:\/\/sistemas.lavras.mg.gov.br\/portalcidadao\/#df1b1a7c7b2a290bcb31e32771e610784662739a88807c0dacac58ede5f391a7530e299dc302d611ee73cb143fc22eaf93592e53e7b5bdb01b00a0b8d28dae460c141dd2ff83412e4dc1c31b16b25f33144a9e5620ea73b13f5bc1c59411d98439ad226e8af03840603796067d87afe130812cf3de24982d0e306f9e61e764e5\" aria-label=\"Banner_Emprego_PortallavrasTV\"><img src=\"https:\/\/lavras.tv\/site\/wp-content\/uploads\/2025\/03\/Banner_Emprego_PortallavrasTV.png\" alt=\"\"  srcset=\"https:\/\/lavras.tv\/site\/wp-content\/uploads\/2025\/03\/Banner_Emprego_PortallavrasTV.png 720w, https:\/\/lavras.tv\/site\/wp-content\/uploads\/2025\/03\/Banner_Emprego_PortallavrasTV-470x68.png 470w, https:\/\/lavras.tv\/site\/wp-content\/uploads\/2025\/03\/Banner_Emprego_PortallavrasTV-170x25.png 170w, https:\/\/lavras.tv\/site\/wp-content\/uploads\/2025\/03\/Banner_Emprego_PortallavrasTV-200x29.png 200w\" sizes=\"(max-width: 720px) 100vw, 720px\" width=\"720\" height=\"104\"   \/><\/a><\/li><li><a href=\"https:\/\/sistemas.lavras.mg.gov.br\/portalcidadao\/#df1b1a7c7b2a290bcb31e32771e610784662739a88807c0dacac58ede5f391a7530e299dc302d611ee73cb143fc22eaf93592e53e7b5bdb01b00a0b8d28dae460c141dd2ff83412e4dc1c31b16b25f33144a9e5620ea73b13f5bc1c59411d98439ad226e8af03840603796067d87afe130812cf3de24982d0e306f9e61e764e5\" aria-label=\"Banner_Obras_PortallavrasTV\"><img src=\"https:\/\/lavras.tv\/site\/wp-content\/uploads\/2025\/03\/Banner_Obras_PortallavrasTV.png\" alt=\"\"  srcset=\"https:\/\/lavras.tv\/site\/wp-content\/uploads\/2025\/03\/Banner_Obras_PortallavrasTV.png 720w, https:\/\/lavras.tv\/site\/wp-content\/uploads\/2025\/03\/Banner_Obras_PortallavrasTV-470x68.png 470w, https:\/\/lavras.tv\/site\/wp-content\/uploads\/2025\/03\/Banner_Obras_PortallavrasTV-170x25.png 170w, https:\/\/lavras.tv\/site\/wp-content\/uploads\/2025\/03\/Banner_Obras_PortallavrasTV-200x29.png 200w\" sizes=\"(max-width: 720px) 100vw, 720px\" width=\"720\" height=\"104\"   \/><\/a><\/li><li><div style=\"margin-left: auto;margin-right: auto;text-align: center;\" id=\"lavra-3821960412\"><a href=\"https:\/\/sistemas.lavras.mg.gov.br\/portalcidadao\/#df1b1a7c7b2a290bcb31e32771e610784662739a88807c0dacac58ede5f391a7530e299dc302d611ee73cb143fc22eaf93592e53e7b5bdb01b00a0b8d28dae460c141dd2ff83412e4dc1c31b16b25f33144a9e5620ea73b13f5bc1c59411d98439ad226e8af03840603796067d87afe130812cf3de24982d0e306f9e61e764e5\" aria-label=\"Banner_Educa\u00e7\u00e3o_PortallavrasTV\"><img src=\"https:\/\/lavras.tv\/site\/wp-content\/uploads\/2025\/01\/Banner_Educacao_PortallavrasTV.png\" alt=\"\"  srcset=\"https:\/\/lavras.tv\/site\/wp-content\/uploads\/2025\/01\/Banner_Educacao_PortallavrasTV.png 720w, https:\/\/lavras.tv\/site\/wp-content\/uploads\/2025\/01\/Banner_Educacao_PortallavrasTV-470x68.png 470w, https:\/\/lavras.tv\/site\/wp-content\/uploads\/2025\/01\/Banner_Educacao_PortallavrasTV-170x25.png 170w, https:\/\/lavras.tv\/site\/wp-content\/uploads\/2025\/01\/Banner_Educacao_PortallavrasTV-200x29.png 200w\" sizes=\"(max-width: 720px) 100vw, 720px\" width=\"720\" height=\"104\"  style=\"display: inline-block;\" \/><\/a><\/div><\/li><li><a href=\"https:\/\/sistemas.lavras.mg.gov.br\/portalcidadao\/#df1b1a7c7b2a290bcb31e32771e610784662739a88807c0dacac58ede5f391a7530e299dc302d611ee73cb143fc22eaf93592e53e7b5bdb01b00a0b8d28dae460c141dd2ff83412e4dc1c31b16b25f33144a9e5620ea73b13f5bc1c59411d98439ad226e8af03840603796067d87afe130812cf3de24982d0e306f9e61e764e5\" aria-label=\"Banner_Sa\u00fade_PortallavrasTV\"><img src=\"https:\/\/lavras.tv\/site\/wp-content\/uploads\/2025\/03\/Banner_Saude_PortallavrasTV.png\" alt=\"\"  srcset=\"https:\/\/lavras.tv\/site\/wp-content\/uploads\/2025\/03\/Banner_Saude_PortallavrasTV.png 720w, https:\/\/lavras.tv\/site\/wp-content\/uploads\/2025\/03\/Banner_Saude_PortallavrasTV-470x68.png 470w, https:\/\/lavras.tv\/site\/wp-content\/uploads\/2025\/03\/Banner_Saude_PortallavrasTV-170x25.png 170w, https:\/\/lavras.tv\/site\/wp-content\/uploads\/2025\/03\/Banner_Saude_PortallavrasTV-200x29.png 200w\" sizes=\"(max-width: 720px) 100vw, 720px\" width=\"720\" height=\"104\"   \/><\/a><\/li><li><div id=\"lavra-2122425005\" style=\"width:720px;height:104px;background-color:#ddd;overflow:scroll;\">\n\t<strong>Sa\u00edda da depura\u00e7\u00e3o de an\u00fancios<\/strong>\n\t<br><br>\n\tO an\u00fancio n\u00e3o \u00e9 exibido na p\u00e1gina<br><br>post atual: Jovem lavrense \u00e9 morto a tiros em Macaia: PM investiga homic\u00eddio, ID: 147006<br><br><span style=\"color: red;\">O post atual n\u00e3o \u00e9 id\u00eantico ao post principal.<\/span><br><br>An\u00fancios: ROXO - TOPO INTERNA - ROTATIVO 2 (197)<br \/>Grupo de an\u00fancios: Princ_Meio01_720x104 (27)<br><br>Condi\u00e7\u00f5es de exibi\u00e7\u00e3o<div style=\"margin-bottom: 20px; white-space: pre-wrap; font-family: monospace; width: 100%; background: #ffe9e9;\"><strong>condi\u00e7\u00f5es gerais<\/strong><table border=\"1\"><thead><tr><th><\/th><th>An\u00fancios<\/th><th>wp_the_query<\/th><\/tr><\/thead><tr><td>is_main_query<\/td><td>1<\/td><td>1<\/td><\/tr><tr><td>is_rest_api<\/td><td>0<\/td><td>1<\/td><\/tr><tr><td>page<\/td><td>0<\/td><td>1<\/td><\/tr><tr><td>numpages<\/td><td>0<\/td><td>1<\/td><\/tr><tr><td>is_archive<\/td><td>1<\/td><td><\/td><\/tr><tr><td>is_search<\/td><td>1<\/td><td><\/td><\/tr><tr><td>is_home<\/td><td>1<\/td><td><\/td><\/tr><tr><td>is_404<\/td><td>1<\/td><td><\/td><\/tr><tr><td>is_attachment<\/td><td>1<\/td><td><\/td><\/tr><tr><td>is_singular<\/td><td>1<\/td><td><\/td><\/tr><tr><td>is_front_page<\/td><td>1<\/td><td><\/td><\/tr><tr><td>is_feed<\/td><td>1<\/td><td><\/td><\/tr><\/table><\/div><br><br><span style=\"color: red;\">Seu site usa HTTPS, mas o c\u00f3digo do an\u00fancio cont\u00e9m HTTP e pode n\u00e3o funcionar.<\/span>\t<br><br>\n\t<a style=\"color: green;\" href=\"https:\/\/wpadvancedads.com\/manual\/ad-debug-mode\/?utm_source=advanced-ads&utm_medium=link&utm_campaign=ad-debug-mode\" target=\"_blank\" rel=\"nofollow\">Encontre solu\u00e7\u00f5es no manual<\/a>\n<\/div>\n<\/li><\/ul><\/div><script>( window.advanced_ads_ready || jQuery( document ).ready ).call( null, function() {var $lavraslider2380916617 = jQuery( \".lavra-slider-2380916617\" );$lavraslider2380916617.on( \"unslider.ready\", function() { jQuery( \"div.custom-slider ul li\" ).css( \"display\", \"block\" ); });$lavraslider2380916617.unslider({ delay:4000, autoplay:true, nav:false, arrows:false, infinite:true });$lavraslider2380916617.on(\"mouseover\", function() {$lavraslider2380916617.unslider(\"stop\");}).on(\"mouseout\", function() {$lavraslider2380916617.unslider(\"start\");});});<\/script><\/div>\n<figure class=\"wp-block-image size-full\"><img fetchpriority=\"high\" decoding=\"async\" width=\"688\" height=\"384\" src=\"https:\/\/lavras.tv\/site\/wp-content\/uploads\/2024\/12\/viaturas-PM.webp\" alt=\"\" class=\"wp-image-147007\" srcset=\"https:\/\/lavras.tv\/site\/wp-content\/uploads\/2024\/12\/viaturas-PM.webp 688w, https:\/\/lavras.tv\/site\/wp-content\/uploads\/2024\/12\/viaturas-PM-470x262.webp 470w, https:\/\/lavras.tv\/site\/wp-content\/uploads\/2024\/12\/viaturas-PM-170x95.webp 170w, https:\/\/lavras.tv\/site\/wp-content\/uploads\/2024\/12\/viaturas-PM-200x112.webp 200w\" sizes=\"(max-width: 688px) 100vw, 688px\" \/><\/figure>\n\n\n\n<p>Na noite deste s\u00e1bado (27), um homic\u00eddio chocou o distrito de Macaia, em Bom Sucesso\/MG. Bruno Henrique Pereira, de 19 anos, residente em Lavras, foi alvo de disparos de arma de fogo enquanto conduzia uma motocicleta. A Pol\u00edcia Militar investiga o caso e busca identificar e capturar os dois suspeitos envolvidos.<\/p>\n\n\n\n<p>Testemunhas relataram que dois homens armados atacaram Bruno enquanto ele trafegava pr\u00f3ximo \u00e0 pra\u00e7a central de Macaia. Ap\u00f3s ser baleado na regi\u00e3o tor\u00e1cica, a v\u00edtima foi socorrida e levada ao Hospital Municipal de Ijaci. Devido \u00e0 gravidade dos ferimentos, ele foi transferido para a Santa Casa de Lavras, mas n\u00e3o resistiu e faleceu.<\/p>\n\n\n\n<p>INVESTIGA\u00c7\u00c3O<br>No local do crime, os policiais n\u00e3o encontraram c\u00e1psulas de muni\u00e7\u00e3o ou marcas de sangue. No entanto, imagens captadas por c\u00e2meras de seguran\u00e7a registraram o momento em que os suspeitos abordaram e dispararam contra a v\u00edtima.<\/p>\n\n\n\n<p>Durante a investiga\u00e7\u00e3o, a PM identificou um poss\u00edvel autor dos disparos, um homem de 26 anos. Segundo informa\u00e7\u00f5es policiais, tanto Bruno quanto o suspeito possuem hist\u00f3rico de envolvimento em atividades il\u00edcitas.<\/p>\n\n\n\n<p>Equipes policiais realizam dilig\u00eancias em Ijaci e munic\u00edpios vizinhos para localizar e prender os respons\u00e1veis pelo homic\u00eddio. O caso segue sob investiga\u00e7\u00e3o.<\/p>\n","protected":false},"excerpt":{"rendered":"<p>Na noite deste s\u00e1bado (27), um homic\u00eddio chocou o distrito de Macaia, em Bom Sucesso\/MG. Bruno Henrique Pereira, de 19 anos, residente em Lavras, foi alvo de disparos de arma de fogo enquanto conduzia uma motocicleta. A Pol\u00edcia Militar investiga o caso e busca identificar e capturar os dois suspeitos envolvidos. Testemunhas relataram que dois [&hellip;]<\/p>\n","protected":false},"author":5,"featured_media":147007,"comment_status":"closed","ping_status":"open","sticky":false,"template":"","format":"standard","meta":{"advgb_blocks_editor_width":"","advgb_blocks_columns_visual_guide":"","_exactmetrics_skip_tracking":false,"_exactmetrics_sitenote_active":false,"_exactmetrics_sitenote_note":"","_exactmetrics_sitenote_category":0,"footnotes":""},"categories":[7,2],"tags":[],"class_list":["post-147006","post","type-post","status-publish","format-standard","has-post-thumbnail","hentry","category-destaques","category-noticias"],"better_featured_image":{"id":147007,"alt_text":"","caption":"","description":"","media_type":"image","media_details":{"width":688,"height":384,"file":"2024\/12\/viaturas-PM.webp","filesize":32568,"sizes":{"medium":{"file":"viaturas-PM-470x262.webp","width":470,"height":262,"mime-type":"image\/webp","filesize":20342,"source_url":"https:\/\/lavras.tv\/site\/wp-content\/uploads\/2024\/12\/viaturas-PM-470x262.webp"},"thumbnail":{"file":"viaturas-PM-170x95.webp","width":170,"height":95,"mime-type":"image\/webp","filesize":5838,"source_url":"https:\/\/lavras.tv\/site\/wp-content\/uploads\/2024\/12\/viaturas-PM-170x95.webp"},"lshowcase-thumb":{"file":"viaturas-PM-200x112.webp","width":200,"height":112,"mime-type":"image\/webp","filesize":7180,"source_url":"https:\/\/lavras.tv\/site\/wp-content\/uploads\/2024\/12\/viaturas-PM-200x112.webp"},"alm-thumbnail":{"file":"viaturas-PM-150x150.webp","width":150,"height":150,"mime-type":"image\/webp","filesize":6132,"source_url":"https:\/\/lavras.tv\/site\/wp-content\/uploads\/2024\/12\/viaturas-PM-150x150.webp"}},"image_meta":{"aperture":"0","credit":"","camera":"","caption":"","created_timestamp":"0","copyright":"","focal_length":"0","iso":"0","shutter_speed":"0","title":"","orientation":"0","keywords":[]}},"post":147006,"source_url":"https:\/\/lavras.tv\/site\/wp-content\/uploads\/2024\/12\/viaturas-PM.webp"},"author_meta":{"display_name":"Vinicius Bustamante","author_link":"https:\/\/lavras.tv\/site\/author\/vinicius-bustamante\/"},"featured_img":"https:\/\/lavras.tv\/site\/wp-content\/uploads\/2024\/12\/viaturas-PM-470x262.webp","coauthors":[],"tax_additional":{"categories":{"linked":["<a href=\"https:\/\/lavras.tv\/site\/category\/destaques\/\" class=\"advgb-post-tax-term\">Destaques<\/a>","<a href=\"https:\/\/lavras.tv\/site\/category\/noticias\/\" class=\"advgb-post-tax-term\">Not\u00edcias<\/a>"],"unlinked":["<span class=\"advgb-post-tax-term\">Destaques<\/span>","<span class=\"advgb-post-tax-term\">Not\u00edcias<\/span>"]}},"comment_count":"0","relative_dates":{"created":"Publicado 1 ano atr\u00e1s","modified":"Atualizado 1 ano atr\u00e1s"},"absolute_dates":{"created":"Publicado em 28 de dezembro de 2024","modified":"Atualizado em 28 de dezembro de 2024"},"absolute_dates_time":{"created":"Publicado em 28 de dezembro de 2024 14:04","modified":"Atualizado em 28 de dezembro de 2024 14:36"},"featured_img_caption":"","series_order":"","_links":{"self":[{"href":"https:\/\/lavras.tv\/site\/wp-json\/wp\/v2\/posts\/147006","targetHints":{"allow":["GET"]}}],"collection":[{"href":"https:\/\/lavras.tv\/site\/wp-json\/wp\/v2\/posts"}],"about":[{"href":"https:\/\/lavras.tv\/site\/wp-json\/wp\/v2\/types\/post"}],"author":[{"embeddable":true,"href":"https:\/\/lavras.tv\/site\/wp-json\/wp\/v2\/users\/5"}],"replies":[{"embeddable":true,"href":"https:\/\/lavras.tv\/site\/wp-json\/wp\/v2\/comments?post=147006"}],"version-history":[{"count":2,"href":"https:\/\/lavras.tv\/site\/wp-json\/wp\/v2\/posts\/147006\/revisions"}],"predecessor-version":[{"id":147012,"href":"https:\/\/lavras.tv\/site\/wp-json\/wp\/v2\/posts\/147006\/revisions\/147012"}],"wp:featuredmedia":[{"embeddable":true,"href":"https:\/\/lavras.tv\/site\/wp-json\/wp\/v2\/media\/147007"}],"wp:attachment":[{"href":"https:\/\/lavras.tv\/site\/wp-json\/wp\/v2\/media?parent=147006"}],"wp:term":[{"taxonomy":"category","embeddable":true,"href":"https:\/\/lavras.tv\/site\/wp-json\/wp\/v2\/categories?post=147006"},{"taxonomy":"post_tag","embeddable":true,"href":"https:\/\/lavras.tv\/site\/wp-json\/wp\/v2\/tags?post=147006"}],"curies":[{"name":"wp","href":"https:\/\/api.w.org\/{rel}","templated":true}]}}