{"id":147009,"date":"2024-12-28T14:35:49","date_gmt":"2024-12-28T17:35:49","guid":{"rendered":"https:\/\/lavras.tv\/site\/?p=147009"},"modified":"2024-12-28T14:35:54","modified_gmt":"2024-12-28T17:35:54","slug":"calendario-completo-do-ipva-2025-em-minas-gerais-veja-as-datas-de-pagamento","status":"publish","type":"post","link":"https:\/\/lavras.tv\/site\/2024\/12\/28\/calendario-completo-do-ipva-2025-em-minas-gerais-veja-as-datas-de-pagamento\/","title":{"rendered":"Calend\u00e1rio completo do IPVA 2025 em Minas Gerais: veja as datas de pagamento"},"content":{"rendered":"<div class=\"lavra-antes-do-conteudo_2\" id=\"lavra-4181955904\"><div id=\"lavra-slider-27\" class=\"custom-slider lavra-slider-2079209636 lavra-slider\"><ul><li><div style=\"margin-left: auto;margin-right: auto;text-align: center;\" id=\"lavra-3704468843\"><a href=\"https:\/\/sistemas.lavras.mg.gov.br\/portalcidadao\/#df1b1a7c7b2a290bcb31e32771e610784662739a88807c0dacac58ede5f391a7530e299dc302d611ee73cb143fc22eaf93592e53e7b5bdb01b00a0b8d28dae460c141dd2ff83412e4dc1c31b16b25f33144a9e5620ea73b13f5bc1c59411d98439ad226e8af03840603796067d87afe130812cf3de24982d0e306f9e61e764e5\" aria-label=\"Lavras-TV&#8211;720x104px (1) (1)\"><img src=\"https:\/\/lavras.tv\/site\/wp-content\/uploads\/2025\/01\/Lavras-TV-720x104px-1-1.png\" alt=\"\"  srcset=\"https:\/\/lavras.tv\/site\/wp-content\/uploads\/2025\/01\/Lavras-TV-720x104px-1-1.png 720w, https:\/\/lavras.tv\/site\/wp-content\/uploads\/2025\/01\/Lavras-TV-720x104px-1-1-470x68.png 470w, https:\/\/lavras.tv\/site\/wp-content\/uploads\/2025\/01\/Lavras-TV-720x104px-1-1-170x25.png 170w, https:\/\/lavras.tv\/site\/wp-content\/uploads\/2025\/01\/Lavras-TV-720x104px-1-1-200x29.png 200w\" sizes=\"(max-width: 720px) 100vw, 720px\" width=\"720\" height=\"104\"  style=\"display: inline-block;\" \/><\/a><\/div><\/li><li><a href=\"https:\/\/sistemas.lavras.mg.gov.br\/portalcidadao\/#df1b1a7c7b2a290bcb31e32771e610784662739a88807c0dacac58ede5f391a7530e299dc302d611ee73cb143fc22eaf93592e53e7b5bdb01b00a0b8d28dae460c141dd2ff83412e4dc1c31b16b25f33144a9e5620ea73b13f5bc1c59411d98439ad226e8af03840603796067d87afe130812cf3de24982d0e306f9e61e764e5\" aria-label=\"Banner_Emprego_PortallavrasTV\"><img src=\"https:\/\/lavras.tv\/site\/wp-content\/uploads\/2025\/03\/Banner_Emprego_PortallavrasTV.png\" alt=\"\"  srcset=\"https:\/\/lavras.tv\/site\/wp-content\/uploads\/2025\/03\/Banner_Emprego_PortallavrasTV.png 720w, https:\/\/lavras.tv\/site\/wp-content\/uploads\/2025\/03\/Banner_Emprego_PortallavrasTV-470x68.png 470w, https:\/\/lavras.tv\/site\/wp-content\/uploads\/2025\/03\/Banner_Emprego_PortallavrasTV-170x25.png 170w, https:\/\/lavras.tv\/site\/wp-content\/uploads\/2025\/03\/Banner_Emprego_PortallavrasTV-200x29.png 200w\" sizes=\"(max-width: 720px) 100vw, 720px\" width=\"720\" height=\"104\"   \/><\/a><\/li><li><a href=\"https:\/\/sistemas.lavras.mg.gov.br\/portalcidadao\/#df1b1a7c7b2a290bcb31e32771e610784662739a88807c0dacac58ede5f391a7530e299dc302d611ee73cb143fc22eaf93592e53e7b5bdb01b00a0b8d28dae460c141dd2ff83412e4dc1c31b16b25f33144a9e5620ea73b13f5bc1c59411d98439ad226e8af03840603796067d87afe130812cf3de24982d0e306f9e61e764e5\" aria-label=\"Banner_Obras_PortallavrasTV\"><img src=\"https:\/\/lavras.tv\/site\/wp-content\/uploads\/2025\/03\/Banner_Obras_PortallavrasTV.png\" alt=\"\"  srcset=\"https:\/\/lavras.tv\/site\/wp-content\/uploads\/2025\/03\/Banner_Obras_PortallavrasTV.png 720w, https:\/\/lavras.tv\/site\/wp-content\/uploads\/2025\/03\/Banner_Obras_PortallavrasTV-470x68.png 470w, https:\/\/lavras.tv\/site\/wp-content\/uploads\/2025\/03\/Banner_Obras_PortallavrasTV-170x25.png 170w, https:\/\/lavras.tv\/site\/wp-content\/uploads\/2025\/03\/Banner_Obras_PortallavrasTV-200x29.png 200w\" sizes=\"(max-width: 720px) 100vw, 720px\" width=\"720\" height=\"104\"   \/><\/a><\/li><li><div style=\"margin-left: auto;margin-right: auto;text-align: center;\" id=\"lavra-2301445719\"><a href=\"https:\/\/sistemas.lavras.mg.gov.br\/portalcidadao\/#df1b1a7c7b2a290bcb31e32771e610784662739a88807c0dacac58ede5f391a7530e299dc302d611ee73cb143fc22eaf93592e53e7b5bdb01b00a0b8d28dae460c141dd2ff83412e4dc1c31b16b25f33144a9e5620ea73b13f5bc1c59411d98439ad226e8af03840603796067d87afe130812cf3de24982d0e306f9e61e764e5\" aria-label=\"Banner_Educa\u00e7\u00e3o_PortallavrasTV\"><img src=\"https:\/\/lavras.tv\/site\/wp-content\/uploads\/2025\/01\/Banner_Educacao_PortallavrasTV.png\" alt=\"\"  srcset=\"https:\/\/lavras.tv\/site\/wp-content\/uploads\/2025\/01\/Banner_Educacao_PortallavrasTV.png 720w, https:\/\/lavras.tv\/site\/wp-content\/uploads\/2025\/01\/Banner_Educacao_PortallavrasTV-470x68.png 470w, https:\/\/lavras.tv\/site\/wp-content\/uploads\/2025\/01\/Banner_Educacao_PortallavrasTV-170x25.png 170w, https:\/\/lavras.tv\/site\/wp-content\/uploads\/2025\/01\/Banner_Educacao_PortallavrasTV-200x29.png 200w\" sizes=\"(max-width: 720px) 100vw, 720px\" width=\"720\" height=\"104\"  style=\"display: inline-block;\" \/><\/a><\/div><\/li><li><a href=\"https:\/\/sistemas.lavras.mg.gov.br\/portalcidadao\/#df1b1a7c7b2a290bcb31e32771e610784662739a88807c0dacac58ede5f391a7530e299dc302d611ee73cb143fc22eaf93592e53e7b5bdb01b00a0b8d28dae460c141dd2ff83412e4dc1c31b16b25f33144a9e5620ea73b13f5bc1c59411d98439ad226e8af03840603796067d87afe130812cf3de24982d0e306f9e61e764e5\" aria-label=\"Banner_Sa\u00fade_PortallavrasTV\"><img src=\"https:\/\/lavras.tv\/site\/wp-content\/uploads\/2025\/03\/Banner_Saude_PortallavrasTV.png\" alt=\"\"  srcset=\"https:\/\/lavras.tv\/site\/wp-content\/uploads\/2025\/03\/Banner_Saude_PortallavrasTV.png 720w, https:\/\/lavras.tv\/site\/wp-content\/uploads\/2025\/03\/Banner_Saude_PortallavrasTV-470x68.png 470w, https:\/\/lavras.tv\/site\/wp-content\/uploads\/2025\/03\/Banner_Saude_PortallavrasTV-170x25.png 170w, https:\/\/lavras.tv\/site\/wp-content\/uploads\/2025\/03\/Banner_Saude_PortallavrasTV-200x29.png 200w\" sizes=\"(max-width: 720px) 100vw, 720px\" width=\"720\" height=\"104\"   \/><\/a><\/li><li><div id=\"lavra-457842684\" style=\"width:720px;height:104px;background-color:#ddd;overflow:scroll;\">\n\t<strong>Sa\u00edda da depura\u00e7\u00e3o de an\u00fancios<\/strong>\n\t<br><br>\n\tO an\u00fancio n\u00e3o \u00e9 exibido na p\u00e1gina<br><br>post atual: Calend\u00e1rio completo do IPVA 2025 em Minas Gerais: veja as datas de pagamento, ID: 147009<br><br><span style=\"color: red;\">O post atual n\u00e3o \u00e9 id\u00eantico ao post principal.<\/span><br><br>An\u00fancios: ROXO - TOPO INTERNA - ROTATIVO 2 (197)<br \/>Grupo de an\u00fancios: Princ_Meio01_720x104 (27)<br><br>Condi\u00e7\u00f5es de exibi\u00e7\u00e3o<div style=\"margin-bottom: 20px; white-space: pre-wrap; font-family: monospace; width: 100%; background: #ffe9e9;\"><strong>condi\u00e7\u00f5es gerais<\/strong><table border=\"1\"><thead><tr><th><\/th><th>An\u00fancios<\/th><th>wp_the_query<\/th><\/tr><\/thead><tr><td>is_main_query<\/td><td>1<\/td><td>1<\/td><\/tr><tr><td>is_rest_api<\/td><td>0<\/td><td>1<\/td><\/tr><tr><td>page<\/td><td>0<\/td><td>1<\/td><\/tr><tr><td>numpages<\/td><td>0<\/td><td>1<\/td><\/tr><tr><td>is_archive<\/td><td>1<\/td><td><\/td><\/tr><tr><td>is_search<\/td><td>1<\/td><td><\/td><\/tr><tr><td>is_home<\/td><td>1<\/td><td><\/td><\/tr><tr><td>is_404<\/td><td>1<\/td><td><\/td><\/tr><tr><td>is_attachment<\/td><td>1<\/td><td><\/td><\/tr><tr><td>is_singular<\/td><td>1<\/td><td><\/td><\/tr><tr><td>is_front_page<\/td><td>1<\/td><td><\/td><\/tr><tr><td>is_feed<\/td><td>1<\/td><td><\/td><\/tr><\/table><\/div><br><br><span style=\"color: red;\">Seu site usa HTTPS, mas o c\u00f3digo do an\u00fancio cont\u00e9m HTTP e pode n\u00e3o funcionar.<\/span>\t<br><br>\n\t<a style=\"color: green;\" href=\"https:\/\/wpadvancedads.com\/manual\/ad-debug-mode\/?utm_source=advanced-ads&utm_medium=link&utm_campaign=ad-debug-mode\" target=\"_blank\" rel=\"nofollow\">Encontre solu\u00e7\u00f5es no manual<\/a>\n<\/div>\n<\/li><\/ul><\/div><script>( window.advanced_ads_ready || jQuery( document ).ready ).call( null, function() {var $lavraslider2079209636 = jQuery( \".lavra-slider-2079209636\" );$lavraslider2079209636.on( \"unslider.ready\", function() { jQuery( \"div.custom-slider ul li\" ).css( \"display\", \"block\" ); });$lavraslider2079209636.unslider({ delay:4000, autoplay:true, nav:false, arrows:false, infinite:true });$lavraslider2079209636.on(\"mouseover\", function() {$lavraslider2079209636.unslider(\"stop\");}).on(\"mouseout\", function() {$lavraslider2079209636.unslider(\"start\");});});<\/script><\/div>\n<p>Com a san\u00e7\u00e3o do governador Romeu Zema, o imposto ser\u00e1 cobrado a partir de fevereiro do ano que vem<\/p>\n\n\n\n<figure class=\"wp-block-image size-large\"><img fetchpriority=\"high\" decoding=\"async\" width=\"970\" height=\"546\" src=\"https:\/\/lavras.tv\/site\/wp-content\/uploads\/2024\/12\/download-970x546.webp\" alt=\"\" class=\"wp-image-147010\" srcset=\"https:\/\/lavras.tv\/site\/wp-content\/uploads\/2024\/12\/download-970x546.webp 970w, https:\/\/lavras.tv\/site\/wp-content\/uploads\/2024\/12\/download-470x265.webp 470w, https:\/\/lavras.tv\/site\/wp-content\/uploads\/2024\/12\/download-170x96.webp 170w, https:\/\/lavras.tv\/site\/wp-content\/uploads\/2024\/12\/download-200x113.webp 200w, https:\/\/lavras.tv\/site\/wp-content\/uploads\/2024\/12\/download.webp 1000w\" sizes=\"(max-width: 970px) 100vw, 970px\" \/><\/figure>\n\n\n\n<p>O calend\u00e1rio do Imposto sobre a Propriedade de Ve\u00edculos Automotores, o IPVA, de 2025 para propriet\u00e1rios de ve\u00edculos em Minas Gerais foi divulgado nesta sexta-feira (27) pela Secret\u00e1ria do Estado de Fazenda.<\/p>\n\n\n\n<p><a href=\"https:\/\/www.itatiaia.com.br\/politica\/2024\/12\/26\/ipva-sera-cobrado-a-partir-de-fevereiro-em-minas-gerais\">A partir do pr\u00f3ximo ano, a taxa passar\u00e1 a ser cobrada em fevereiro<\/a>&nbsp;e n\u00e3o mais em janeiro, como era feito anteriormente.&nbsp;<a href=\"https:\/\/www.itatiaia.com.br\/politica\/2024\/12\/12\/ipva-so-em-fevereiro-assembleia-de-mg-aprova-em-definitivo-projeto-que-adia-o-inicio-da-cobranca-do-imposto\">A ideia veio de um projeto, aprovado neste m\u00eas na Assembleia Legislativa de Minas Gerais<\/a>&nbsp;(ALMG) e sancionado pelo governador Romeu Zema (Novo) no \u00faltimo s\u00e1bado (21).<\/p>\n\n\n\n<p>A escala de vencimentos da primeira parcela ou pagamento em cota \u00fanica vai de&nbsp;<strong>3 a 7 de fevereiro<\/strong>, segundo o final da placa do ve\u00edculo. O pagamento a vista d\u00e1 um desconto de 3% sobre o valor do imposto.<\/p>\n\n\n\n<p>Confira:<\/p>\n\n\n\n<ul class=\"wp-block-list\">\n<li>Para ve\u00edculos com\u00a0<strong>final de placa 1 e 2<\/strong>, o pagamento da cota \u00fanica ou da primeira parcela ser\u00e1 no dia\u00a0<strong>3 de fevereiro<\/strong>. Quem optar por parcelar, ter\u00e1 a segunda parcela no dia\u00a0<strong>6 de mar\u00e7o<\/strong>\u00a0e a terceira no dia\u00a0<strong>7 de abril<\/strong>.<\/li>\n\n\n\n<li>Para ve\u00edculos com\u00a0<strong>final de placa 3 e 4<\/strong>, o pagamento da cota \u00fanica ou da primeira parcela ser\u00e1 no dia\u00a0<strong>4 de fevereiro<\/strong>. Quem optar por parcelar, ter\u00e1 a segunda parcela no dia\u00a0<strong>7 de mar\u00e7o<\/strong>\u00a0e a terceira no dia\u00a0<strong>8 de abril<\/strong>.<\/li>\n\n\n\n<li>Para ve\u00edculos com\u00a0<strong>final de placa 5 e 6<\/strong>, o pagamento da cota \u00fanica ou da primeira parcela ser\u00e1 no dia\u00a0<strong>5 de fevereiro<\/strong>. Quem optar por parcelar, ter\u00e1 a segunda parcela no dia\u00a0<strong>10 de mar\u00e7o<\/strong>\u00a0e a terceira no dia\u00a0<strong>9 de abril<\/strong>.<\/li>\n\n\n\n<li>Para ve\u00edculos com\u00a0<strong>final de placa 7 e 8<\/strong>, o pagamento da cota \u00fanica ou da primeira parcela ser\u00e1 no dia\u00a0<strong>6 de fevereir<\/strong>o. Quem optar por parcelar, ter\u00e1 a segunda parcela no dia\u00a0<strong>11 de mar\u00e7o<\/strong>\u00a0e a terceira no dia\u00a0<strong>10 de abril<\/strong>.<\/li>\n\n\n\n<li>Para ve\u00edculos com\u00a0<strong>final de placa 9 e 0<\/strong>, o pagamento da cota \u00fanica ou da primeira parcela ser\u00e1 no dia\u00a0<strong>7 de fevereiro<\/strong>. Quem optar por parcelar, ter\u00e1 a segunda parcela no dia\u00a0<strong>12 de mar\u00e7o<\/strong>\u00a0e a terceira no dia\u00a0<strong>11 de abril<\/strong>.<\/li>\n<\/ul>\n\n\n\n<p>A partir de 1\u00ba de janeiro, os propriet\u00e1rios interessados j\u00e1 poder\u00e3o fazer a quita\u00e7\u00e3o do IPVA 2025.<\/p>\n\n\n\n<p>Segundo a Secretaria da Fazenda, a expectativa \u00e9 que a arrecada\u00e7\u00e3o no pr\u00f3ximo ano seja de&nbsp;<strong>R$ 11,9 bilh\u00f5es<\/strong>, um aumento de 12% em rela\u00e7\u00e3o ao valor arrecadado neste ano.<\/p>\n","protected":false},"excerpt":{"rendered":"<p>Com a san\u00e7\u00e3o do governador Romeu Zema, o imposto ser\u00e1 cobrado a partir de fevereiro do ano que vem O calend\u00e1rio do Imposto sobre a Propriedade de Ve\u00edculos Automotores, o IPVA, de 2025 para propriet\u00e1rios de ve\u00edculos em Minas Gerais foi divulgado nesta sexta-feira (27) pela Secret\u00e1ria do Estado de Fazenda. A partir do pr\u00f3ximo [&hellip;]<\/p>\n","protected":false},"author":5,"featured_media":147010,"comment_status":"closed","ping_status":"open","sticky":false,"template":"","format":"standard","meta":{"advgb_blocks_editor_width":"","advgb_blocks_columns_visual_guide":"","_exactmetrics_skip_tracking":false,"_exactmetrics_sitenote_active":false,"_exactmetrics_sitenote_note":"","_exactmetrics_sitenote_category":0,"footnotes":""},"categories":[7,2],"tags":[],"class_list":["post-147009","post","type-post","status-publish","format-standard","has-post-thumbnail","hentry","category-destaques","category-noticias"],"better_featured_image":{"id":147010,"alt_text":"","caption":"","description":"","media_type":"image","media_details":{"width":1000,"height":563,"file":"2024\/12\/download.webp","filesize":102856,"sizes":{"medium":{"file":"download-470x265.webp","width":470,"height":265,"mime-type":"image\/webp","filesize":39800,"source_url":"https:\/\/lavras.tv\/site\/wp-content\/uploads\/2024\/12\/download-470x265.webp"},"large":{"file":"download-970x546.webp","width":970,"height":546,"mime-type":"image\/webp","filesize":95978,"source_url":"https:\/\/lavras.tv\/site\/wp-content\/uploads\/2024\/12\/download-970x546.webp"},"thumbnail":{"file":"download-170x96.webp","width":170,"height":96,"mime-type":"image\/webp","filesize":8010,"source_url":"https:\/\/lavras.tv\/site\/wp-content\/uploads\/2024\/12\/download-170x96.webp"},"lshowcase-thumb":{"file":"download-200x113.webp","width":200,"height":113,"mime-type":"image\/webp","filesize":10710,"source_url":"https:\/\/lavras.tv\/site\/wp-content\/uploads\/2024\/12\/download-200x113.webp"},"alm-thumbnail":{"file":"download-150x150.webp","width":150,"height":150,"mime-type":"image\/webp","filesize":10322,"source_url":"https:\/\/lavras.tv\/site\/wp-content\/uploads\/2024\/12\/download-150x150.webp"}},"image_meta":{"aperture":"0","credit":"","camera":"","caption":"","created_timestamp":"0","copyright":"","focal_length":"0","iso":"0","shutter_speed":"0","title":"","orientation":"0","keywords":[]}},"post":147009,"source_url":"https:\/\/lavras.tv\/site\/wp-content\/uploads\/2024\/12\/download.webp"},"author_meta":{"display_name":"Vinicius Bustamante","author_link":"https:\/\/lavras.tv\/site\/author\/vinicius-bustamante\/"},"featured_img":"https:\/\/lavras.tv\/site\/wp-content\/uploads\/2024\/12\/download-470x265.webp","coauthors":[],"tax_additional":{"categories":{"linked":["<a href=\"https:\/\/lavras.tv\/site\/category\/destaques\/\" class=\"advgb-post-tax-term\">Destaques<\/a>","<a href=\"https:\/\/lavras.tv\/site\/category\/noticias\/\" class=\"advgb-post-tax-term\">Not\u00edcias<\/a>"],"unlinked":["<span class=\"advgb-post-tax-term\">Destaques<\/span>","<span class=\"advgb-post-tax-term\">Not\u00edcias<\/span>"]}},"comment_count":"0","relative_dates":{"created":"Publicado 1 ano atr\u00e1s","modified":"Atualizado 1 ano atr\u00e1s"},"absolute_dates":{"created":"Publicado em 28 de dezembro de 2024","modified":"Atualizado em 28 de dezembro de 2024"},"absolute_dates_time":{"created":"Publicado em 28 de dezembro de 2024 14:35","modified":"Atualizado em 28 de dezembro de 2024 14:35"},"featured_img_caption":"","series_order":"","_links":{"self":[{"href":"https:\/\/lavras.tv\/site\/wp-json\/wp\/v2\/posts\/147009","targetHints":{"allow":["GET"]}}],"collection":[{"href":"https:\/\/lavras.tv\/site\/wp-json\/wp\/v2\/posts"}],"about":[{"href":"https:\/\/lavras.tv\/site\/wp-json\/wp\/v2\/types\/post"}],"author":[{"embeddable":true,"href":"https:\/\/lavras.tv\/site\/wp-json\/wp\/v2\/users\/5"}],"replies":[{"embeddable":true,"href":"https:\/\/lavras.tv\/site\/wp-json\/wp\/v2\/comments?post=147009"}],"version-history":[{"count":1,"href":"https:\/\/lavras.tv\/site\/wp-json\/wp\/v2\/posts\/147009\/revisions"}],"predecessor-version":[{"id":147011,"href":"https:\/\/lavras.tv\/site\/wp-json\/wp\/v2\/posts\/147009\/revisions\/147011"}],"wp:featuredmedia":[{"embeddable":true,"href":"https:\/\/lavras.tv\/site\/wp-json\/wp\/v2\/media\/147010"}],"wp:attachment":[{"href":"https:\/\/lavras.tv\/site\/wp-json\/wp\/v2\/media?parent=147009"}],"wp:term":[{"taxonomy":"category","embeddable":true,"href":"https:\/\/lavras.tv\/site\/wp-json\/wp\/v2\/categories?post=147009"},{"taxonomy":"post_tag","embeddable":true,"href":"https:\/\/lavras.tv\/site\/wp-json\/wp\/v2\/tags?post=147009"}],"curies":[{"name":"wp","href":"https:\/\/api.w.org\/{rel}","templated":true}]}}