{"id":147440,"date":"2024-12-30T15:04:43","date_gmt":"2024-12-30T18:04:43","guid":{"rendered":"https:\/\/lavras.tv\/site\/?p=147440"},"modified":"2024-12-30T15:04:44","modified_gmt":"2024-12-30T18:04:44","slug":"tjmg-abre-concurso-com-327-vagas-para-cartorios-inscricoes-comecam-em-fevereiro","status":"publish","type":"post","link":"https:\/\/lavras.tv\/site\/2024\/12\/30\/tjmg-abre-concurso-com-327-vagas-para-cartorios-inscricoes-comecam-em-fevereiro\/","title":{"rendered":"TJMG abre concurso com 327 vagas para cart\u00f3rios; inscri\u00e7\u00f5es come\u00e7am em fevereiro"},"content":{"rendered":"<div class=\"lavra-antes-do-conteudo_2\" id=\"lavra-1487132988\"><div id=\"lavra-slider-27\" class=\"custom-slider lavra-slider-3192145753 lavra-slider\"><ul><li><div style=\"margin-left: auto;margin-right: auto;text-align: center;\" id=\"lavra-3129321495\"><a href=\"https:\/\/sistemas.lavras.mg.gov.br\/portalcidadao\/#df1b1a7c7b2a290bcb31e32771e610784662739a88807c0dacac58ede5f391a7530e299dc302d611ee73cb143fc22eaf93592e53e7b5bdb01b00a0b8d28dae460c141dd2ff83412e4dc1c31b16b25f33144a9e5620ea73b13f5bc1c59411d98439ad226e8af03840603796067d87afe130812cf3de24982d0e306f9e61e764e5\" aria-label=\"Lavras-TV&#8211;720x104px (1) (1)\"><img src=\"https:\/\/lavras.tv\/site\/wp-content\/uploads\/2025\/01\/Lavras-TV-720x104px-1-1.png\" alt=\"\"  srcset=\"https:\/\/lavras.tv\/site\/wp-content\/uploads\/2025\/01\/Lavras-TV-720x104px-1-1.png 720w, https:\/\/lavras.tv\/site\/wp-content\/uploads\/2025\/01\/Lavras-TV-720x104px-1-1-470x68.png 470w, https:\/\/lavras.tv\/site\/wp-content\/uploads\/2025\/01\/Lavras-TV-720x104px-1-1-170x25.png 170w, https:\/\/lavras.tv\/site\/wp-content\/uploads\/2025\/01\/Lavras-TV-720x104px-1-1-200x29.png 200w\" sizes=\"(max-width: 720px) 100vw, 720px\" width=\"720\" height=\"104\"  style=\"display: inline-block;\" \/><\/a><\/div><\/li><li><a href=\"https:\/\/sistemas.lavras.mg.gov.br\/portalcidadao\/#df1b1a7c7b2a290bcb31e32771e610784662739a88807c0dacac58ede5f391a7530e299dc302d611ee73cb143fc22eaf93592e53e7b5bdb01b00a0b8d28dae460c141dd2ff83412e4dc1c31b16b25f33144a9e5620ea73b13f5bc1c59411d98439ad226e8af03840603796067d87afe130812cf3de24982d0e306f9e61e764e5\" aria-label=\"Banner_Emprego_PortallavrasTV\"><img src=\"https:\/\/lavras.tv\/site\/wp-content\/uploads\/2025\/03\/Banner_Emprego_PortallavrasTV.png\" alt=\"\"  srcset=\"https:\/\/lavras.tv\/site\/wp-content\/uploads\/2025\/03\/Banner_Emprego_PortallavrasTV.png 720w, https:\/\/lavras.tv\/site\/wp-content\/uploads\/2025\/03\/Banner_Emprego_PortallavrasTV-470x68.png 470w, https:\/\/lavras.tv\/site\/wp-content\/uploads\/2025\/03\/Banner_Emprego_PortallavrasTV-170x25.png 170w, https:\/\/lavras.tv\/site\/wp-content\/uploads\/2025\/03\/Banner_Emprego_PortallavrasTV-200x29.png 200w\" sizes=\"(max-width: 720px) 100vw, 720px\" width=\"720\" height=\"104\"   \/><\/a><\/li><li><a href=\"https:\/\/sistemas.lavras.mg.gov.br\/portalcidadao\/#df1b1a7c7b2a290bcb31e32771e610784662739a88807c0dacac58ede5f391a7530e299dc302d611ee73cb143fc22eaf93592e53e7b5bdb01b00a0b8d28dae460c141dd2ff83412e4dc1c31b16b25f33144a9e5620ea73b13f5bc1c59411d98439ad226e8af03840603796067d87afe130812cf3de24982d0e306f9e61e764e5\" aria-label=\"Banner_Obras_PortallavrasTV\"><img src=\"https:\/\/lavras.tv\/site\/wp-content\/uploads\/2025\/03\/Banner_Obras_PortallavrasTV.png\" alt=\"\"  srcset=\"https:\/\/lavras.tv\/site\/wp-content\/uploads\/2025\/03\/Banner_Obras_PortallavrasTV.png 720w, https:\/\/lavras.tv\/site\/wp-content\/uploads\/2025\/03\/Banner_Obras_PortallavrasTV-470x68.png 470w, https:\/\/lavras.tv\/site\/wp-content\/uploads\/2025\/03\/Banner_Obras_PortallavrasTV-170x25.png 170w, https:\/\/lavras.tv\/site\/wp-content\/uploads\/2025\/03\/Banner_Obras_PortallavrasTV-200x29.png 200w\" sizes=\"(max-width: 720px) 100vw, 720px\" width=\"720\" height=\"104\"   \/><\/a><\/li><li><div style=\"margin-left: auto;margin-right: auto;text-align: center;\" id=\"lavra-3946800174\"><a href=\"https:\/\/sistemas.lavras.mg.gov.br\/portalcidadao\/#df1b1a7c7b2a290bcb31e32771e610784662739a88807c0dacac58ede5f391a7530e299dc302d611ee73cb143fc22eaf93592e53e7b5bdb01b00a0b8d28dae460c141dd2ff83412e4dc1c31b16b25f33144a9e5620ea73b13f5bc1c59411d98439ad226e8af03840603796067d87afe130812cf3de24982d0e306f9e61e764e5\" aria-label=\"Banner_Educa\u00e7\u00e3o_PortallavrasTV\"><img src=\"https:\/\/lavras.tv\/site\/wp-content\/uploads\/2025\/01\/Banner_Educacao_PortallavrasTV.png\" alt=\"\"  srcset=\"https:\/\/lavras.tv\/site\/wp-content\/uploads\/2025\/01\/Banner_Educacao_PortallavrasTV.png 720w, https:\/\/lavras.tv\/site\/wp-content\/uploads\/2025\/01\/Banner_Educacao_PortallavrasTV-470x68.png 470w, https:\/\/lavras.tv\/site\/wp-content\/uploads\/2025\/01\/Banner_Educacao_PortallavrasTV-170x25.png 170w, https:\/\/lavras.tv\/site\/wp-content\/uploads\/2025\/01\/Banner_Educacao_PortallavrasTV-200x29.png 200w\" sizes=\"(max-width: 720px) 100vw, 720px\" width=\"720\" height=\"104\"  style=\"display: inline-block;\" \/><\/a><\/div><\/li><li><a href=\"https:\/\/sistemas.lavras.mg.gov.br\/portalcidadao\/#df1b1a7c7b2a290bcb31e32771e610784662739a88807c0dacac58ede5f391a7530e299dc302d611ee73cb143fc22eaf93592e53e7b5bdb01b00a0b8d28dae460c141dd2ff83412e4dc1c31b16b25f33144a9e5620ea73b13f5bc1c59411d98439ad226e8af03840603796067d87afe130812cf3de24982d0e306f9e61e764e5\" aria-label=\"Banner_Sa\u00fade_PortallavrasTV\"><img src=\"https:\/\/lavras.tv\/site\/wp-content\/uploads\/2025\/03\/Banner_Saude_PortallavrasTV.png\" alt=\"\"  srcset=\"https:\/\/lavras.tv\/site\/wp-content\/uploads\/2025\/03\/Banner_Saude_PortallavrasTV.png 720w, https:\/\/lavras.tv\/site\/wp-content\/uploads\/2025\/03\/Banner_Saude_PortallavrasTV-470x68.png 470w, https:\/\/lavras.tv\/site\/wp-content\/uploads\/2025\/03\/Banner_Saude_PortallavrasTV-170x25.png 170w, https:\/\/lavras.tv\/site\/wp-content\/uploads\/2025\/03\/Banner_Saude_PortallavrasTV-200x29.png 200w\" sizes=\"(max-width: 720px) 100vw, 720px\" width=\"720\" height=\"104\"   \/><\/a><\/li><li><div id=\"lavra-218049523\" style=\"width:720px;height:104px;background-color:#ddd;overflow:scroll;\">\n\t<strong>Sa\u00edda da depura\u00e7\u00e3o de an\u00fancios<\/strong>\n\t<br><br>\n\tO an\u00fancio n\u00e3o \u00e9 exibido na p\u00e1gina<br><br>post atual: TJMG abre concurso com 327 vagas para cart\u00f3rios; inscri\u00e7\u00f5es come\u00e7am em fevereiro, ID: 147440<br><br><span style=\"color: red;\">O post atual n\u00e3o \u00e9 id\u00eantico ao post principal.<\/span><br><br>An\u00fancios: ROXO - TOPO INTERNA - ROTATIVO 2 (197)<br \/>Grupo de an\u00fancios: Princ_Meio01_720x104 (27)<br><br>Condi\u00e7\u00f5es de exibi\u00e7\u00e3o<div style=\"margin-bottom: 20px; white-space: pre-wrap; font-family: monospace; width: 100%; background: #ffe9e9;\"><strong>condi\u00e7\u00f5es gerais<\/strong><table border=\"1\"><thead><tr><th><\/th><th>An\u00fancios<\/th><th>wp_the_query<\/th><\/tr><\/thead><tr><td>is_main_query<\/td><td>1<\/td><td>1<\/td><\/tr><tr><td>is_rest_api<\/td><td>0<\/td><td>1<\/td><\/tr><tr><td>page<\/td><td>0<\/td><td>1<\/td><\/tr><tr><td>numpages<\/td><td>0<\/td><td>1<\/td><\/tr><tr><td>is_archive<\/td><td>1<\/td><td><\/td><\/tr><tr><td>is_search<\/td><td>1<\/td><td><\/td><\/tr><tr><td>is_home<\/td><td>1<\/td><td><\/td><\/tr><tr><td>is_404<\/td><td>1<\/td><td><\/td><\/tr><tr><td>is_attachment<\/td><td>1<\/td><td><\/td><\/tr><tr><td>is_singular<\/td><td>1<\/td><td><\/td><\/tr><tr><td>is_front_page<\/td><td>1<\/td><td><\/td><\/tr><tr><td>is_feed<\/td><td>1<\/td><td><\/td><\/tr><\/table><\/div><br><br><span style=\"color: red;\">Seu site usa HTTPS, mas o c\u00f3digo do an\u00fancio cont\u00e9m HTTP e pode n\u00e3o funcionar.<\/span>\t<br><br>\n\t<a style=\"color: green;\" href=\"https:\/\/wpadvancedads.com\/manual\/ad-debug-mode\/?utm_source=advanced-ads&utm_medium=link&utm_campaign=ad-debug-mode\" target=\"_blank\" rel=\"nofollow\">Encontre solu\u00e7\u00f5es no manual<\/a>\n<\/div>\n<\/li><\/ul><\/div><script>( window.advanced_ads_ready || jQuery( document ).ready ).call( null, function() {var $lavraslider3192145753 = jQuery( \".lavra-slider-3192145753\" );$lavraslider3192145753.on( \"unslider.ready\", function() { jQuery( \"div.custom-slider ul li\" ).css( \"display\", \"block\" ); });$lavraslider3192145753.unslider({ delay:4000, autoplay:true, nav:false, arrows:false, infinite:true });$lavraslider3192145753.on(\"mouseover\", function() {$lavraslider3192145753.unslider(\"stop\");}).on(\"mouseout\", function() {$lavraslider3192145753.unslider(\"start\");});});<\/script><\/div>\n<p>Provas est\u00e3o previstas para maio de 2025<\/p>\n\n\n\n<figure class=\"wp-block-image size-large\"><img fetchpriority=\"high\" decoding=\"async\" width=\"970\" height=\"647\" src=\"https:\/\/lavras.tv\/site\/wp-content\/uploads\/2024\/12\/tjmg-divulgacao-970x647.jpg\" alt=\"\" class=\"wp-image-147441\" srcset=\"https:\/\/lavras.tv\/site\/wp-content\/uploads\/2024\/12\/tjmg-divulgacao-970x647.jpg 970w, https:\/\/lavras.tv\/site\/wp-content\/uploads\/2024\/12\/tjmg-divulgacao-450x300.jpg 450w, https:\/\/lavras.tv\/site\/wp-content\/uploads\/2024\/12\/tjmg-divulgacao-170x113.jpg 170w, https:\/\/lavras.tv\/site\/wp-content\/uploads\/2024\/12\/tjmg-divulgacao-200x133.jpg 200w, https:\/\/lavras.tv\/site\/wp-content\/uploads\/2024\/12\/tjmg-divulgacao.jpg 1200w\" sizes=\"(max-width: 970px) 100vw, 970px\" \/><\/figure>\n\n\n\n<p>O concurso TJMG Cart\u00f3rios do Tribunal de Justi\u00e7a de Minas Gerais est\u00e1 com\u00a0<a href=\"https:\/\/www.tjmg.jus.br\/portal-tjmg\/transparencia\/concursos\/concurso-extrajudicial-edital-01-2024.htm\" target=\"_blank\" rel=\"noreferrer noopener\">edital publicado<\/a>\u00a0e oferece 327 vagas imediatas. As inscri\u00e7\u00f5es estar\u00e3o abertas a partir do dia 17 de fevereiro de 2025 at\u00e9 o dia 18 de mar\u00e7o, exclusivamente pelo site da\u00a0<a href=\"https:\/\/www.consulplan.net\/\" target=\"_blank\" rel=\"noreferrer noopener\">Consulplan<\/a>, organizadora do concurso.\u00a0<\/p>\n\n\n\n<p>A aplica\u00e7\u00e3o das provas est\u00e1 prevista para maio de 2025. O valor da taxa de inscri\u00e7\u00e3o \u00e9 R$ 340. A remunera\u00e7\u00e3o ser\u00e1 de acordo com a rentabilidade de cada serventia.<\/p>\n\n\n\n<p>Das 327 vagas imediatas, 210 s\u00e3o para o ingresso por provimento e 117 para o ingresso por remo\u00e7\u00e3o. Nas duas formas de ingresso, foram reservados 10% das vagas para candidatos com defici\u00eancia e 20% para candidatos negros.<\/p>\n\n\n\n<p>Para participar do certame \u00e9 preciso ter bacharelado em direito ou comprovar dez anos de exerc\u00edcio em servi\u00e7os notariais ou de registro (para provimento) ou titularidade em outra delega\u00e7\u00e3o no estado de Minas Gerais por mais de dois anos (para remo\u00e7\u00e3o).&nbsp;&nbsp;<\/p>\n","protected":false},"excerpt":{"rendered":"<p>Provas est\u00e3o previstas para maio de 2025 O concurso TJMG Cart\u00f3rios do Tribunal de Justi\u00e7a de Minas Gerais est\u00e1 com\u00a0edital publicado\u00a0e oferece 327 vagas imediatas. As inscri\u00e7\u00f5es estar\u00e3o abertas a partir do dia 17 de fevereiro de 2025 at\u00e9 o dia 18 de mar\u00e7o, exclusivamente pelo site da\u00a0Consulplan, organizadora do concurso.\u00a0 A aplica\u00e7\u00e3o das provas [&hellip;]<\/p>\n","protected":false},"author":5,"featured_media":147441,"comment_status":"closed","ping_status":"open","sticky":false,"template":"","format":"standard","meta":{"advgb_blocks_editor_width":"","advgb_blocks_columns_visual_guide":"","_exactmetrics_skip_tracking":false,"_exactmetrics_sitenote_active":false,"_exactmetrics_sitenote_note":"","_exactmetrics_sitenote_category":0,"footnotes":""},"categories":[7,2],"tags":[],"class_list":["post-147440","post","type-post","status-publish","format-standard","has-post-thumbnail","hentry","category-destaques","category-noticias"],"better_featured_image":{"id":147441,"alt_text":"","caption":"","description":"","media_type":"image","media_details":{"width":1200,"height":800,"file":"2024\/12\/tjmg-divulgacao.jpg","filesize":120367,"sizes":{"medium":{"file":"tjmg-divulgacao-450x300.jpg","width":450,"height":300,"mime-type":"image\/jpeg","filesize":49768,"source_url":"https:\/\/lavras.tv\/site\/wp-content\/uploads\/2024\/12\/tjmg-divulgacao-450x300.jpg"},"large":{"file":"tjmg-divulgacao-970x647.jpg","width":970,"height":647,"mime-type":"image\/jpeg","filesize":180341,"source_url":"https:\/\/lavras.tv\/site\/wp-content\/uploads\/2024\/12\/tjmg-divulgacao-970x647.jpg"},"thumbnail":{"file":"tjmg-divulgacao-170x113.jpg","width":170,"height":113,"mime-type":"image\/jpeg","filesize":8956,"source_url":"https:\/\/lavras.tv\/site\/wp-content\/uploads\/2024\/12\/tjmg-divulgacao-170x113.jpg"},"lshowcase-thumb":{"file":"tjmg-divulgacao-200x133.jpg","width":200,"height":133,"mime-type":"image\/jpeg","filesize":11503,"source_url":"https:\/\/lavras.tv\/site\/wp-content\/uploads\/2024\/12\/tjmg-divulgacao-200x133.jpg"},"alm-thumbnail":{"file":"tjmg-divulgacao-150x150.jpg","width":150,"height":150,"mime-type":"image\/jpeg","filesize":9670,"source_url":"https:\/\/lavras.tv\/site\/wp-content\/uploads\/2024\/12\/tjmg-divulgacao-150x150.jpg"}},"image_meta":{"aperture":"0","credit":"","camera":"","caption":"","created_timestamp":"0","copyright":"","focal_length":"0","iso":"0","shutter_speed":"0","title":"","orientation":"0","keywords":[]}},"post":147440,"source_url":"https:\/\/lavras.tv\/site\/wp-content\/uploads\/2024\/12\/tjmg-divulgacao.jpg"},"author_meta":{"display_name":"Vinicius Bustamante","author_link":"https:\/\/lavras.tv\/site\/author\/vinicius-bustamante\/"},"featured_img":"https:\/\/lavras.tv\/site\/wp-content\/uploads\/2024\/12\/tjmg-divulgacao-450x300.jpg","coauthors":[],"tax_additional":{"categories":{"linked":["<a href=\"https:\/\/lavras.tv\/site\/category\/destaques\/\" class=\"advgb-post-tax-term\">Destaques<\/a>","<a href=\"https:\/\/lavras.tv\/site\/category\/noticias\/\" class=\"advgb-post-tax-term\">Not\u00edcias<\/a>"],"unlinked":["<span class=\"advgb-post-tax-term\">Destaques<\/span>","<span class=\"advgb-post-tax-term\">Not\u00edcias<\/span>"]}},"comment_count":"0","relative_dates":{"created":"Publicado 1 ano atr\u00e1s","modified":"Atualizado 1 ano atr\u00e1s"},"absolute_dates":{"created":"Publicado em 30 de dezembro de 2024","modified":"Atualizado em 30 de dezembro de 2024"},"absolute_dates_time":{"created":"Publicado em 30 de dezembro de 2024 15:04","modified":"Atualizado em 30 de dezembro de 2024 15:04"},"featured_img_caption":"","series_order":"","_links":{"self":[{"href":"https:\/\/lavras.tv\/site\/wp-json\/wp\/v2\/posts\/147440","targetHints":{"allow":["GET"]}}],"collection":[{"href":"https:\/\/lavras.tv\/site\/wp-json\/wp\/v2\/posts"}],"about":[{"href":"https:\/\/lavras.tv\/site\/wp-json\/wp\/v2\/types\/post"}],"author":[{"embeddable":true,"href":"https:\/\/lavras.tv\/site\/wp-json\/wp\/v2\/users\/5"}],"replies":[{"embeddable":true,"href":"https:\/\/lavras.tv\/site\/wp-json\/wp\/v2\/comments?post=147440"}],"version-history":[{"count":1,"href":"https:\/\/lavras.tv\/site\/wp-json\/wp\/v2\/posts\/147440\/revisions"}],"predecessor-version":[{"id":147442,"href":"https:\/\/lavras.tv\/site\/wp-json\/wp\/v2\/posts\/147440\/revisions\/147442"}],"wp:featuredmedia":[{"embeddable":true,"href":"https:\/\/lavras.tv\/site\/wp-json\/wp\/v2\/media\/147441"}],"wp:attachment":[{"href":"https:\/\/lavras.tv\/site\/wp-json\/wp\/v2\/media?parent=147440"}],"wp:term":[{"taxonomy":"category","embeddable":true,"href":"https:\/\/lavras.tv\/site\/wp-json\/wp\/v2\/categories?post=147440"},{"taxonomy":"post_tag","embeddable":true,"href":"https:\/\/lavras.tv\/site\/wp-json\/wp\/v2\/tags?post=147440"}],"curies":[{"name":"wp","href":"https:\/\/api.w.org\/{rel}","templated":true}]}}