{"id":147446,"date":"2024-12-30T15:29:30","date_gmt":"2024-12-30T18:29:30","guid":{"rendered":"https:\/\/lavras.tv\/site\/?p=147446"},"modified":"2024-12-30T15:29:31","modified_gmt":"2024-12-30T18:29:31","slug":"lei-do-farol-comeca-a-valer-no-brasil-veja-regras","status":"publish","type":"post","link":"https:\/\/lavras.tv\/site\/2024\/12\/30\/lei-do-farol-comeca-a-valer-no-brasil-veja-regras\/","title":{"rendered":"Lei do Farol come\u00e7a a valer no Brasil: veja regras"},"content":{"rendered":"<div class=\"lavra-antes-do-conteudo_2\" id=\"lavra-2662700738\"><div id=\"lavra-slider-27\" class=\"custom-slider lavra-slider-3843226021 lavra-slider\"><ul><li><div style=\"margin-left: auto;margin-right: auto;text-align: center;\" id=\"lavra-1603607753\"><a href=\"https:\/\/sistemas.lavras.mg.gov.br\/portalcidadao\/#df1b1a7c7b2a290bcb31e32771e610784662739a88807c0dacac58ede5f391a7530e299dc302d611ee73cb143fc22eaf93592e53e7b5bdb01b00a0b8d28dae460c141dd2ff83412e4dc1c31b16b25f33144a9e5620ea73b13f5bc1c59411d98439ad226e8af03840603796067d87afe130812cf3de24982d0e306f9e61e764e5\" aria-label=\"Lavras-TV&#8211;720x104px (1) (1)\"><img src=\"https:\/\/lavras.tv\/site\/wp-content\/uploads\/2025\/01\/Lavras-TV-720x104px-1-1.png\" alt=\"\"  srcset=\"https:\/\/lavras.tv\/site\/wp-content\/uploads\/2025\/01\/Lavras-TV-720x104px-1-1.png 720w, https:\/\/lavras.tv\/site\/wp-content\/uploads\/2025\/01\/Lavras-TV-720x104px-1-1-470x68.png 470w, https:\/\/lavras.tv\/site\/wp-content\/uploads\/2025\/01\/Lavras-TV-720x104px-1-1-170x25.png 170w, https:\/\/lavras.tv\/site\/wp-content\/uploads\/2025\/01\/Lavras-TV-720x104px-1-1-200x29.png 200w\" sizes=\"(max-width: 720px) 100vw, 720px\" width=\"720\" height=\"104\"  style=\"display: inline-block;\" \/><\/a><\/div><\/li><li><a href=\"https:\/\/sistemas.lavras.mg.gov.br\/portalcidadao\/#df1b1a7c7b2a290bcb31e32771e610784662739a88807c0dacac58ede5f391a7530e299dc302d611ee73cb143fc22eaf93592e53e7b5bdb01b00a0b8d28dae460c141dd2ff83412e4dc1c31b16b25f33144a9e5620ea73b13f5bc1c59411d98439ad226e8af03840603796067d87afe130812cf3de24982d0e306f9e61e764e5\" aria-label=\"Banner_Emprego_PortallavrasTV\"><img src=\"https:\/\/lavras.tv\/site\/wp-content\/uploads\/2025\/03\/Banner_Emprego_PortallavrasTV.png\" alt=\"\"  srcset=\"https:\/\/lavras.tv\/site\/wp-content\/uploads\/2025\/03\/Banner_Emprego_PortallavrasTV.png 720w, https:\/\/lavras.tv\/site\/wp-content\/uploads\/2025\/03\/Banner_Emprego_PortallavrasTV-470x68.png 470w, https:\/\/lavras.tv\/site\/wp-content\/uploads\/2025\/03\/Banner_Emprego_PortallavrasTV-170x25.png 170w, https:\/\/lavras.tv\/site\/wp-content\/uploads\/2025\/03\/Banner_Emprego_PortallavrasTV-200x29.png 200w\" sizes=\"(max-width: 720px) 100vw, 720px\" width=\"720\" height=\"104\"   \/><\/a><\/li><li><a href=\"https:\/\/sistemas.lavras.mg.gov.br\/portalcidadao\/#df1b1a7c7b2a290bcb31e32771e610784662739a88807c0dacac58ede5f391a7530e299dc302d611ee73cb143fc22eaf93592e53e7b5bdb01b00a0b8d28dae460c141dd2ff83412e4dc1c31b16b25f33144a9e5620ea73b13f5bc1c59411d98439ad226e8af03840603796067d87afe130812cf3de24982d0e306f9e61e764e5\" aria-label=\"Banner_Obras_PortallavrasTV\"><img src=\"https:\/\/lavras.tv\/site\/wp-content\/uploads\/2025\/03\/Banner_Obras_PortallavrasTV.png\" alt=\"\"  srcset=\"https:\/\/lavras.tv\/site\/wp-content\/uploads\/2025\/03\/Banner_Obras_PortallavrasTV.png 720w, https:\/\/lavras.tv\/site\/wp-content\/uploads\/2025\/03\/Banner_Obras_PortallavrasTV-470x68.png 470w, https:\/\/lavras.tv\/site\/wp-content\/uploads\/2025\/03\/Banner_Obras_PortallavrasTV-170x25.png 170w, https:\/\/lavras.tv\/site\/wp-content\/uploads\/2025\/03\/Banner_Obras_PortallavrasTV-200x29.png 200w\" sizes=\"(max-width: 720px) 100vw, 720px\" width=\"720\" height=\"104\"   \/><\/a><\/li><li><div style=\"margin-left: auto;margin-right: auto;text-align: center;\" id=\"lavra-1013896165\"><a href=\"https:\/\/sistemas.lavras.mg.gov.br\/portalcidadao\/#df1b1a7c7b2a290bcb31e32771e610784662739a88807c0dacac58ede5f391a7530e299dc302d611ee73cb143fc22eaf93592e53e7b5bdb01b00a0b8d28dae460c141dd2ff83412e4dc1c31b16b25f33144a9e5620ea73b13f5bc1c59411d98439ad226e8af03840603796067d87afe130812cf3de24982d0e306f9e61e764e5\" aria-label=\"Banner_Educa\u00e7\u00e3o_PortallavrasTV\"><img src=\"https:\/\/lavras.tv\/site\/wp-content\/uploads\/2025\/01\/Banner_Educacao_PortallavrasTV.png\" alt=\"\"  srcset=\"https:\/\/lavras.tv\/site\/wp-content\/uploads\/2025\/01\/Banner_Educacao_PortallavrasTV.png 720w, https:\/\/lavras.tv\/site\/wp-content\/uploads\/2025\/01\/Banner_Educacao_PortallavrasTV-470x68.png 470w, https:\/\/lavras.tv\/site\/wp-content\/uploads\/2025\/01\/Banner_Educacao_PortallavrasTV-170x25.png 170w, https:\/\/lavras.tv\/site\/wp-content\/uploads\/2025\/01\/Banner_Educacao_PortallavrasTV-200x29.png 200w\" sizes=\"(max-width: 720px) 100vw, 720px\" width=\"720\" height=\"104\"  style=\"display: inline-block;\" \/><\/a><\/div><\/li><li><a href=\"https:\/\/sistemas.lavras.mg.gov.br\/portalcidadao\/#df1b1a7c7b2a290bcb31e32771e610784662739a88807c0dacac58ede5f391a7530e299dc302d611ee73cb143fc22eaf93592e53e7b5bdb01b00a0b8d28dae460c141dd2ff83412e4dc1c31b16b25f33144a9e5620ea73b13f5bc1c59411d98439ad226e8af03840603796067d87afe130812cf3de24982d0e306f9e61e764e5\" aria-label=\"Banner_Sa\u00fade_PortallavrasTV\"><img src=\"https:\/\/lavras.tv\/site\/wp-content\/uploads\/2025\/03\/Banner_Saude_PortallavrasTV.png\" alt=\"\"  srcset=\"https:\/\/lavras.tv\/site\/wp-content\/uploads\/2025\/03\/Banner_Saude_PortallavrasTV.png 720w, https:\/\/lavras.tv\/site\/wp-content\/uploads\/2025\/03\/Banner_Saude_PortallavrasTV-470x68.png 470w, https:\/\/lavras.tv\/site\/wp-content\/uploads\/2025\/03\/Banner_Saude_PortallavrasTV-170x25.png 170w, https:\/\/lavras.tv\/site\/wp-content\/uploads\/2025\/03\/Banner_Saude_PortallavrasTV-200x29.png 200w\" sizes=\"(max-width: 720px) 100vw, 720px\" width=\"720\" height=\"104\"   \/><\/a><\/li><li><div id=\"lavra-3120919245\" style=\"width:720px;height:104px;background-color:#ddd;overflow:scroll;\">\n\t<strong>Sa\u00edda da depura\u00e7\u00e3o de an\u00fancios<\/strong>\n\t<br><br>\n\tO an\u00fancio n\u00e3o \u00e9 exibido na p\u00e1gina<br><br>post atual: Lei do Farol come\u00e7a a valer no Brasil: veja regras, ID: 147446<br><br><span style=\"color: red;\">O post atual n\u00e3o \u00e9 id\u00eantico ao post principal.<\/span><br><br>An\u00fancios: ROXO - TOPO INTERNA - ROTATIVO 2 (197)<br \/>Grupo de an\u00fancios: Princ_Meio01_720x104 (27)<br><br>Condi\u00e7\u00f5es de exibi\u00e7\u00e3o<div style=\"margin-bottom: 20px; white-space: pre-wrap; font-family: monospace; width: 100%; background: #ffe9e9;\"><strong>condi\u00e7\u00f5es gerais<\/strong><table border=\"1\"><thead><tr><th><\/th><th>An\u00fancios<\/th><th>wp_the_query<\/th><\/tr><\/thead><tr><td>is_main_query<\/td><td>1<\/td><td>1<\/td><\/tr><tr><td>is_rest_api<\/td><td>0<\/td><td>1<\/td><\/tr><tr><td>page<\/td><td>0<\/td><td>1<\/td><\/tr><tr><td>numpages<\/td><td>0<\/td><td>1<\/td><\/tr><tr><td>is_archive<\/td><td>1<\/td><td><\/td><\/tr><tr><td>is_search<\/td><td>1<\/td><td><\/td><\/tr><tr><td>is_home<\/td><td>1<\/td><td><\/td><\/tr><tr><td>is_404<\/td><td>1<\/td><td><\/td><\/tr><tr><td>is_attachment<\/td><td>1<\/td><td><\/td><\/tr><tr><td>is_singular<\/td><td>1<\/td><td><\/td><\/tr><tr><td>is_front_page<\/td><td>1<\/td><td><\/td><\/tr><tr><td>is_feed<\/td><td>1<\/td><td><\/td><\/tr><\/table><\/div><br><br><span style=\"color: red;\">Seu site usa HTTPS, mas o c\u00f3digo do an\u00fancio cont\u00e9m HTTP e pode n\u00e3o funcionar.<\/span>\t<br><br>\n\t<a style=\"color: green;\" href=\"https:\/\/wpadvancedads.com\/manual\/ad-debug-mode\/?utm_source=advanced-ads&utm_medium=link&utm_campaign=ad-debug-mode\" target=\"_blank\" rel=\"nofollow\">Encontre solu\u00e7\u00f5es no manual<\/a>\n<\/div>\n<\/li><\/ul><\/div><script>( window.advanced_ads_ready || jQuery( document ).ready ).call( null, function() {var $lavraslider3843226021 = jQuery( \".lavra-slider-3843226021\" );$lavraslider3843226021.on( \"unslider.ready\", function() { jQuery( \"div.custom-slider ul li\" ).css( \"display\", \"block\" ); });$lavraslider3843226021.unslider({ delay:4000, autoplay:true, nav:false, arrows:false, infinite:true });$lavraslider3843226021.on(\"mouseover\", function() {$lavraslider3843226021.unslider(\"stop\");}).on(\"mouseout\", function() {$lavraslider3843226021.unslider(\"start\");});});<\/script><\/div>\n<p>Uma lei brasileira que regulamenta o uso de far\u00f3is em rodovias durante o dia para aumentar a seguran\u00e7a no tr\u00e2nsito.<\/p>\n\n\n\n<figure class=\"wp-block-image size-large\"><img fetchpriority=\"high\" decoding=\"async\" width=\"970\" height=\"546\" src=\"https:\/\/lavras.tv\/site\/wp-content\/uploads\/2024\/12\/carros-sp_1735036388428-970x546.jpg\" alt=\"\" class=\"wp-image-147447\" srcset=\"https:\/\/lavras.tv\/site\/wp-content\/uploads\/2024\/12\/carros-sp_1735036388428-970x546.jpg 970w, https:\/\/lavras.tv\/site\/wp-content\/uploads\/2024\/12\/carros-sp_1735036388428-470x265.jpg 470w, https:\/\/lavras.tv\/site\/wp-content\/uploads\/2024\/12\/carros-sp_1735036388428-170x96.jpg 170w, https:\/\/lavras.tv\/site\/wp-content\/uploads\/2024\/12\/carros-sp_1735036388428-200x113.jpg 200w, https:\/\/lavras.tv\/site\/wp-content\/uploads\/2024\/12\/carros-sp_1735036388428.jpg 1279w\" sizes=\"(max-width: 970px) 100vw, 970px\" \/><\/figure>\n\n\n\n<ul class=\"wp-block-list\"><\/ul>\n\n\n\n<p>Visando aprimorar a seguran\u00e7a no tr\u00e2nsito, o Brasil introduziu a Lei 14.071\/2020, popularmente chamada de&nbsp;<a href=\"https:\/\/oantagonista.com.br\/tag\/lei-do-farol\/\" target=\"_blank\" rel=\"noreferrer noopener\">Lei do Farol<\/a>. Esta regulamenta\u00e7\u00e3o foi estabelecida para ampliar a visibilidade dos ve\u00edculos em rodovias, aumentando a seguran\u00e7a da condu\u00e7\u00e3o diurna em pistas simples fora de \u00e1reas urbanas.<\/p>\n\n\n\n<p>Esta exig\u00eancia de manter os far\u00f3is baixos acesos durante o dia busca minimizar o risco de acidentes em situa\u00e7\u00f5es de visibilidade reduzida. Desde sua implementa\u00e7\u00e3o, a lei representa um avan\u00e7o significativo para a seguran\u00e7a nas estradas brasileiras.<\/p>\n\n\n\n<ul class=\"wp-block-list\">\n<li><strong>R<\/strong><\/li>\n<\/ul>\n\n\n\n<p>Visando aprimorar a seguran\u00e7a no tr\u00e2nsito, o Brasil introduziu a Lei 14.071\/2020, popularmente chamada de&nbsp;<a href=\"https:\/\/oantagonista.com.br\/tag\/lei-do-farol\/\" target=\"_blank\" rel=\"noreferrer noopener\">Lei do Farol<\/a>. Esta regulamenta\u00e7\u00e3o foi estabelecida para ampliar a visibilidade dos ve\u00edculos em rodovias, aumentando a seguran\u00e7a da condu\u00e7\u00e3o diurna em pistas simples fora de \u00e1reas urbanas.<\/p>\n\n\n\n<p>Esta exig\u00eancia de manter os far\u00f3is baixos acesos durante o dia busca minimizar o risco de acidentes em situa\u00e7\u00f5es de visibilidade reduzida. Desde sua implementa\u00e7\u00e3o, a lei representa um avan\u00e7o significativo para a seguran\u00e7a nas estradas brasileiras.<\/p>\n\n\n\n<p>As informa\u00e7\u00f5es s\u00e3o do portal\u00a0<a href=\"https:\/\/terrabrasilnoticias.com\/2024\/12\/nova-lei-do-farol-entra-em-vigor-no-brasil-saiba-o-que-muda\/\" target=\"_blank\" rel=\"noreferrer noopener\">TerraBrasilNoticias<\/a>.<\/p>\n\n\n\n<h2 class=\"wp-block-heading\" id=\"h-funcionamento-da-lei-do-farol-nas-rodovias\">Funcionamento da Lei do Farol nas Rodovias<\/h2>\n\n\n\n<p>A Lei do Farol determina que motoristas mantenham os far\u00f3is baixos acesos ao trafegarem por estradas de pista simples fora das \u00e1reas urbanas, devido \u00e0 poss\u00edvel visibilidade comprometida por condi\u00e7\u00f5es clim\u00e1ticas ou caracter\u00edsticas da infraestrutura vi\u00e1ria.<\/p>\n\n\n\n<p>Entretanto, nas rodovias de pista dupla, a decis\u00e3o sobre o uso diurno dos far\u00f3is baixos \u00e9 facultativa. O uso noturno, em contrapartida, \u00e9 obrigat\u00f3rio para garantir a seguran\u00e7a e evitar acidentes.<\/p>\n\n\n\n<h2 class=\"wp-block-heading\" id=\"h-justificativas-para-a-implementacao-da-lei-do-farol\">Justificativas para a Implementa\u00e7\u00e3o da Lei do Farol<\/h2>\n\n\n\n<p>O foco principal da lei \u00e9 aprimorar a seguran\u00e7a nas rodovias, melhorando a visibilidade dos ve\u00edculos. Entre os benef\u00edcios proporcionados pela lei, est\u00e3o:<\/p>\n\n\n\n<ul class=\"wp-block-list\">\n<li><strong>Aumento da visibilidade:<\/strong>\u00a0os motoristas conseguem identificar uns aos outros com maior anteced\u00eancia.<\/li>\n\n\n\n<li><strong>Diminui\u00e7\u00e3o de colis\u00f5es:<\/strong>\u00a0a clareza proporcionada pelos far\u00f3is ligados contribui para prevenir acidentes.<\/li>\n<\/ul>\n\n\n\n<p>Assim, esta legisla\u00e7\u00e3o n\u00e3o apenas ampara os motoristas, mas tamb\u00e9m eleva a seguran\u00e7a global no tr\u00e2nsito.<\/p>\n\n\n\n<h2 class=\"wp-block-heading\" id=\"h-excecoes-a-lei-do-farol\">Exce\u00e7\u00f5es \u00e0 Lei do Farol<\/h2>\n\n\n\n<p>A lei isenta ve\u00edculos equipados com luzes de condu\u00e7\u00e3o diurna da obriga\u00e7\u00e3o de utilizarem far\u00f3is baixos durante o dia em determinadas rodovias. Entretanto, a norma de acender os far\u00f3is durante a noite \u00e9 aplic\u00e1vel a todos os ve\u00edculos.<\/p>\n\n\n\n<h2 class=\"wp-block-heading\" id=\"h-relevancia-da-manutencao-dos-farois\">Relev\u00e2ncia da Manuten\u00e7\u00e3o dos Far\u00f3is<\/h2>\n\n\n\n<p>\u00c9 vital manter os far\u00f3is em boas condi\u00e7\u00f5es para garantir a seguran\u00e7a. Inspe\u00e7\u00f5es regulares asseguram luminosidade e alinhamento apropriados, prevenindo situa\u00e7\u00f5es de baixa visibilidade e assegurando a conformidade com a lei.<\/p>\n\n\n\n<p>A adequada manuten\u00e7\u00e3o dos far\u00f3is n\u00e3o s\u00f3 previne multas, mas tamb\u00e9m fortalece a seguran\u00e7a no tr\u00e2nsito, protegendo todos os usu\u00e1rios das rodovias.<\/p>\n\n\n\n<p><\/p>\n","protected":false},"excerpt":{"rendered":"<p>Uma lei brasileira que regulamenta o uso de far\u00f3is em rodovias durante o dia para aumentar a seguran\u00e7a no tr\u00e2nsito. Visando aprimorar a seguran\u00e7a no tr\u00e2nsito, o Brasil introduziu a Lei 14.071\/2020, popularmente chamada de&nbsp;Lei do Farol. Esta regulamenta\u00e7\u00e3o foi estabelecida para ampliar a visibilidade dos ve\u00edculos em rodovias, aumentando a seguran\u00e7a da condu\u00e7\u00e3o diurna [&hellip;]<\/p>\n","protected":false},"author":5,"featured_media":147447,"comment_status":"closed","ping_status":"open","sticky":false,"template":"","format":"standard","meta":{"advgb_blocks_editor_width":"","advgb_blocks_columns_visual_guide":"","_exactmetrics_skip_tracking":false,"_exactmetrics_sitenote_active":false,"_exactmetrics_sitenote_note":"","_exactmetrics_sitenote_category":0,"footnotes":""},"categories":[7,2],"tags":[],"class_list":["post-147446","post","type-post","status-publish","format-standard","has-post-thumbnail","hentry","category-destaques","category-noticias"],"better_featured_image":{"id":147447,"alt_text":"","caption":"","description":"","media_type":"image","media_details":{"width":1279,"height":720,"file":"2024\/12\/carros-sp_1735036388428.jpg","filesize":208505,"sizes":{"medium":{"file":"carros-sp_1735036388428-470x265.jpg","width":470,"height":265,"mime-type":"image\/jpeg","filesize":36708,"source_url":"https:\/\/lavras.tv\/site\/wp-content\/uploads\/2024\/12\/carros-sp_1735036388428-470x265.jpg"},"large":{"file":"carros-sp_1735036388428-970x546.jpg","width":970,"height":546,"mime-type":"image\/jpeg","filesize":129866,"source_url":"https:\/\/lavras.tv\/site\/wp-content\/uploads\/2024\/12\/carros-sp_1735036388428-970x546.jpg"},"thumbnail":{"file":"carros-sp_1735036388428-170x96.jpg","width":170,"height":96,"mime-type":"image\/jpeg","filesize":6398,"source_url":"https:\/\/lavras.tv\/site\/wp-content\/uploads\/2024\/12\/carros-sp_1735036388428-170x96.jpg"},"lshowcase-thumb":{"file":"carros-sp_1735036388428-200x113.jpg","width":200,"height":113,"mime-type":"image\/jpeg","filesize":8408,"source_url":"https:\/\/lavras.tv\/site\/wp-content\/uploads\/2024\/12\/carros-sp_1735036388428-200x113.jpg"},"alm-thumbnail":{"file":"carros-sp_1735036388428-150x150.jpg","width":150,"height":150,"mime-type":"image\/jpeg","filesize":7912,"source_url":"https:\/\/lavras.tv\/site\/wp-content\/uploads\/2024\/12\/carros-sp_1735036388428-150x150.jpg"}},"image_meta":{"aperture":"0","credit":"","camera":"","caption":"","created_timestamp":"0","copyright":"Tacio Philip - www.macrofotografia.com.br","focal_length":"0","iso":"0","shutter_speed":"0","title":"","orientation":"1","keywords":[]}},"post":147446,"source_url":"https:\/\/lavras.tv\/site\/wp-content\/uploads\/2024\/12\/carros-sp_1735036388428.jpg"},"author_meta":{"display_name":"Vinicius Bustamante","author_link":"https:\/\/lavras.tv\/site\/author\/vinicius-bustamante\/"},"featured_img":"https:\/\/lavras.tv\/site\/wp-content\/uploads\/2024\/12\/carros-sp_1735036388428-470x265.jpg","coauthors":[],"tax_additional":{"categories":{"linked":["<a href=\"https:\/\/lavras.tv\/site\/category\/destaques\/\" class=\"advgb-post-tax-term\">Destaques<\/a>","<a href=\"https:\/\/lavras.tv\/site\/category\/noticias\/\" class=\"advgb-post-tax-term\">Not\u00edcias<\/a>"],"unlinked":["<span class=\"advgb-post-tax-term\">Destaques<\/span>","<span class=\"advgb-post-tax-term\">Not\u00edcias<\/span>"]}},"comment_count":"0","relative_dates":{"created":"Publicado 1 ano atr\u00e1s","modified":"Atualizado 1 ano atr\u00e1s"},"absolute_dates":{"created":"Publicado em 30 de dezembro de 2024","modified":"Atualizado em 30 de dezembro de 2024"},"absolute_dates_time":{"created":"Publicado em 30 de dezembro de 2024 15:29","modified":"Atualizado em 30 de dezembro de 2024 15:29"},"featured_img_caption":"","series_order":"","_links":{"self":[{"href":"https:\/\/lavras.tv\/site\/wp-json\/wp\/v2\/posts\/147446","targetHints":{"allow":["GET"]}}],"collection":[{"href":"https:\/\/lavras.tv\/site\/wp-json\/wp\/v2\/posts"}],"about":[{"href":"https:\/\/lavras.tv\/site\/wp-json\/wp\/v2\/types\/post"}],"author":[{"embeddable":true,"href":"https:\/\/lavras.tv\/site\/wp-json\/wp\/v2\/users\/5"}],"replies":[{"embeddable":true,"href":"https:\/\/lavras.tv\/site\/wp-json\/wp\/v2\/comments?post=147446"}],"version-history":[{"count":1,"href":"https:\/\/lavras.tv\/site\/wp-json\/wp\/v2\/posts\/147446\/revisions"}],"predecessor-version":[{"id":147448,"href":"https:\/\/lavras.tv\/site\/wp-json\/wp\/v2\/posts\/147446\/revisions\/147448"}],"wp:featuredmedia":[{"embeddable":true,"href":"https:\/\/lavras.tv\/site\/wp-json\/wp\/v2\/media\/147447"}],"wp:attachment":[{"href":"https:\/\/lavras.tv\/site\/wp-json\/wp\/v2\/media?parent=147446"}],"wp:term":[{"taxonomy":"category","embeddable":true,"href":"https:\/\/lavras.tv\/site\/wp-json\/wp\/v2\/categories?post=147446"},{"taxonomy":"post_tag","embeddable":true,"href":"https:\/\/lavras.tv\/site\/wp-json\/wp\/v2\/tags?post=147446"}],"curies":[{"name":"wp","href":"https:\/\/api.w.org\/{rel}","templated":true}]}}