{"id":147449,"date":"2024-12-30T15:37:44","date_gmt":"2024-12-30T18:37:44","guid":{"rendered":"https:\/\/lavras.tv\/site\/?p=147449"},"modified":"2024-12-30T15:37:45","modified_gmt":"2024-12-30T18:37:45","slug":"federalizacao-de-cemig-cmig4-e-copasa-csmg3-deve-ocorrer-ainda-em-2025-diz-zema-mas-antes-empresas-precisam-virar-corporations","status":"publish","type":"post","link":"https:\/\/lavras.tv\/site\/2024\/12\/30\/federalizacao-de-cemig-cmig4-e-copasa-csmg3-deve-ocorrer-ainda-em-2025-diz-zema-mas-antes-empresas-precisam-virar-corporations\/","title":{"rendered":"Federaliza\u00e7\u00e3o de Cemig (CMIG4) e Copasa (CSMG3) deve ocorrer ainda em 2025, diz Zema; mas antes, empresas precisam virar corporations"},"content":{"rendered":"<div class=\"lavra-antes-do-conteudo_2\" id=\"lavra-2943186929\"><div id=\"lavra-slider-27\" class=\"custom-slider lavra-slider-3752698918 lavra-slider\"><ul><li><div style=\"margin-left: auto;margin-right: auto;text-align: center;\" id=\"lavra-501284141\"><a href=\"https:\/\/sistemas.lavras.mg.gov.br\/portalcidadao\/#df1b1a7c7b2a290bcb31e32771e610784662739a88807c0dacac58ede5f391a7530e299dc302d611ee73cb143fc22eaf93592e53e7b5bdb01b00a0b8d28dae460c141dd2ff83412e4dc1c31b16b25f33144a9e5620ea73b13f5bc1c59411d98439ad226e8af03840603796067d87afe130812cf3de24982d0e306f9e61e764e5\" aria-label=\"Lavras-TV&#8211;720x104px (1) (1)\"><img src=\"https:\/\/lavras.tv\/site\/wp-content\/uploads\/2025\/01\/Lavras-TV-720x104px-1-1.png\" alt=\"\"  srcset=\"https:\/\/lavras.tv\/site\/wp-content\/uploads\/2025\/01\/Lavras-TV-720x104px-1-1.png 720w, https:\/\/lavras.tv\/site\/wp-content\/uploads\/2025\/01\/Lavras-TV-720x104px-1-1-470x68.png 470w, https:\/\/lavras.tv\/site\/wp-content\/uploads\/2025\/01\/Lavras-TV-720x104px-1-1-170x25.png 170w, https:\/\/lavras.tv\/site\/wp-content\/uploads\/2025\/01\/Lavras-TV-720x104px-1-1-200x29.png 200w\" sizes=\"(max-width: 720px) 100vw, 720px\" width=\"720\" height=\"104\"  style=\"display: inline-block;\" \/><\/a><\/div><\/li><li><a href=\"https:\/\/sistemas.lavras.mg.gov.br\/portalcidadao\/#df1b1a7c7b2a290bcb31e32771e610784662739a88807c0dacac58ede5f391a7530e299dc302d611ee73cb143fc22eaf93592e53e7b5bdb01b00a0b8d28dae460c141dd2ff83412e4dc1c31b16b25f33144a9e5620ea73b13f5bc1c59411d98439ad226e8af03840603796067d87afe130812cf3de24982d0e306f9e61e764e5\" aria-label=\"Banner_Emprego_PortallavrasTV\"><img src=\"https:\/\/lavras.tv\/site\/wp-content\/uploads\/2025\/03\/Banner_Emprego_PortallavrasTV.png\" alt=\"\"  srcset=\"https:\/\/lavras.tv\/site\/wp-content\/uploads\/2025\/03\/Banner_Emprego_PortallavrasTV.png 720w, https:\/\/lavras.tv\/site\/wp-content\/uploads\/2025\/03\/Banner_Emprego_PortallavrasTV-470x68.png 470w, https:\/\/lavras.tv\/site\/wp-content\/uploads\/2025\/03\/Banner_Emprego_PortallavrasTV-170x25.png 170w, https:\/\/lavras.tv\/site\/wp-content\/uploads\/2025\/03\/Banner_Emprego_PortallavrasTV-200x29.png 200w\" sizes=\"(max-width: 720px) 100vw, 720px\" width=\"720\" height=\"104\"   \/><\/a><\/li><li><a href=\"https:\/\/sistemas.lavras.mg.gov.br\/portalcidadao\/#df1b1a7c7b2a290bcb31e32771e610784662739a88807c0dacac58ede5f391a7530e299dc302d611ee73cb143fc22eaf93592e53e7b5bdb01b00a0b8d28dae460c141dd2ff83412e4dc1c31b16b25f33144a9e5620ea73b13f5bc1c59411d98439ad226e8af03840603796067d87afe130812cf3de24982d0e306f9e61e764e5\" aria-label=\"Banner_Obras_PortallavrasTV\"><img src=\"https:\/\/lavras.tv\/site\/wp-content\/uploads\/2025\/03\/Banner_Obras_PortallavrasTV.png\" alt=\"\"  srcset=\"https:\/\/lavras.tv\/site\/wp-content\/uploads\/2025\/03\/Banner_Obras_PortallavrasTV.png 720w, https:\/\/lavras.tv\/site\/wp-content\/uploads\/2025\/03\/Banner_Obras_PortallavrasTV-470x68.png 470w, https:\/\/lavras.tv\/site\/wp-content\/uploads\/2025\/03\/Banner_Obras_PortallavrasTV-170x25.png 170w, https:\/\/lavras.tv\/site\/wp-content\/uploads\/2025\/03\/Banner_Obras_PortallavrasTV-200x29.png 200w\" sizes=\"(max-width: 720px) 100vw, 720px\" width=\"720\" height=\"104\"   \/><\/a><\/li><li><div style=\"margin-left: auto;margin-right: auto;text-align: center;\" id=\"lavra-3961105366\"><a href=\"https:\/\/sistemas.lavras.mg.gov.br\/portalcidadao\/#df1b1a7c7b2a290bcb31e32771e610784662739a88807c0dacac58ede5f391a7530e299dc302d611ee73cb143fc22eaf93592e53e7b5bdb01b00a0b8d28dae460c141dd2ff83412e4dc1c31b16b25f33144a9e5620ea73b13f5bc1c59411d98439ad226e8af03840603796067d87afe130812cf3de24982d0e306f9e61e764e5\" aria-label=\"Banner_Educa\u00e7\u00e3o_PortallavrasTV\"><img src=\"https:\/\/lavras.tv\/site\/wp-content\/uploads\/2025\/01\/Banner_Educacao_PortallavrasTV.png\" alt=\"\"  srcset=\"https:\/\/lavras.tv\/site\/wp-content\/uploads\/2025\/01\/Banner_Educacao_PortallavrasTV.png 720w, https:\/\/lavras.tv\/site\/wp-content\/uploads\/2025\/01\/Banner_Educacao_PortallavrasTV-470x68.png 470w, https:\/\/lavras.tv\/site\/wp-content\/uploads\/2025\/01\/Banner_Educacao_PortallavrasTV-170x25.png 170w, https:\/\/lavras.tv\/site\/wp-content\/uploads\/2025\/01\/Banner_Educacao_PortallavrasTV-200x29.png 200w\" sizes=\"(max-width: 720px) 100vw, 720px\" width=\"720\" height=\"104\"  style=\"display: inline-block;\" \/><\/a><\/div><\/li><li><a href=\"https:\/\/sistemas.lavras.mg.gov.br\/portalcidadao\/#df1b1a7c7b2a290bcb31e32771e610784662739a88807c0dacac58ede5f391a7530e299dc302d611ee73cb143fc22eaf93592e53e7b5bdb01b00a0b8d28dae460c141dd2ff83412e4dc1c31b16b25f33144a9e5620ea73b13f5bc1c59411d98439ad226e8af03840603796067d87afe130812cf3de24982d0e306f9e61e764e5\" aria-label=\"Banner_Sa\u00fade_PortallavrasTV\"><img src=\"https:\/\/lavras.tv\/site\/wp-content\/uploads\/2025\/03\/Banner_Saude_PortallavrasTV.png\" alt=\"\"  srcset=\"https:\/\/lavras.tv\/site\/wp-content\/uploads\/2025\/03\/Banner_Saude_PortallavrasTV.png 720w, https:\/\/lavras.tv\/site\/wp-content\/uploads\/2025\/03\/Banner_Saude_PortallavrasTV-470x68.png 470w, https:\/\/lavras.tv\/site\/wp-content\/uploads\/2025\/03\/Banner_Saude_PortallavrasTV-170x25.png 170w, https:\/\/lavras.tv\/site\/wp-content\/uploads\/2025\/03\/Banner_Saude_PortallavrasTV-200x29.png 200w\" sizes=\"(max-width: 720px) 100vw, 720px\" width=\"720\" height=\"104\"   \/><\/a><\/li><li><div id=\"lavra-3351494395\" style=\"width:720px;height:104px;background-color:#ddd;overflow:scroll;\">\n\t<strong>Sa\u00edda da depura\u00e7\u00e3o de an\u00fancios<\/strong>\n\t<br><br>\n\tO an\u00fancio n\u00e3o \u00e9 exibido na p\u00e1gina<br><br>post atual: Federaliza\u00e7\u00e3o de Cemig (CMIG4) e Copasa (CSMG3) deve ocorrer ainda em 2025, diz Zema; mas antes, empresas precisam virar corporations, ID: 147449<br><br><span style=\"color: red;\">O post atual n\u00e3o \u00e9 id\u00eantico ao post principal.<\/span><br><br>An\u00fancios: ROXO - TOPO INTERNA - ROTATIVO 2 (197)<br \/>Grupo de an\u00fancios: Princ_Meio01_720x104 (27)<br><br>Condi\u00e7\u00f5es de exibi\u00e7\u00e3o<div style=\"margin-bottom: 20px; white-space: pre-wrap; font-family: monospace; width: 100%; background: #ffe9e9;\"><strong>condi\u00e7\u00f5es gerais<\/strong><table border=\"1\"><thead><tr><th><\/th><th>An\u00fancios<\/th><th>wp_the_query<\/th><\/tr><\/thead><tr><td>is_main_query<\/td><td>1<\/td><td>1<\/td><\/tr><tr><td>is_rest_api<\/td><td>0<\/td><td>1<\/td><\/tr><tr><td>page<\/td><td>0<\/td><td>1<\/td><\/tr><tr><td>numpages<\/td><td>0<\/td><td>1<\/td><\/tr><tr><td>is_archive<\/td><td>1<\/td><td><\/td><\/tr><tr><td>is_search<\/td><td>1<\/td><td><\/td><\/tr><tr><td>is_home<\/td><td>1<\/td><td><\/td><\/tr><tr><td>is_404<\/td><td>1<\/td><td><\/td><\/tr><tr><td>is_attachment<\/td><td>1<\/td><td><\/td><\/tr><tr><td>is_singular<\/td><td>1<\/td><td><\/td><\/tr><tr><td>is_front_page<\/td><td>1<\/td><td><\/td><\/tr><tr><td>is_feed<\/td><td>1<\/td><td><\/td><\/tr><\/table><\/div><br><br><span style=\"color: red;\">Seu site usa HTTPS, mas o c\u00f3digo do an\u00fancio cont\u00e9m HTTP e pode n\u00e3o funcionar.<\/span>\t<br><br>\n\t<a style=\"color: green;\" href=\"https:\/\/wpadvancedads.com\/manual\/ad-debug-mode\/?utm_source=advanced-ads&utm_medium=link&utm_campaign=ad-debug-mode\" target=\"_blank\" rel=\"nofollow\">Encontre solu\u00e7\u00f5es no manual<\/a>\n<\/div>\n<\/li><\/ul><\/div><script>( window.advanced_ads_ready || jQuery( document ).ready ).call( null, function() {var $lavraslider3752698918 = jQuery( \".lavra-slider-3752698918\" );$lavraslider3752698918.on( \"unslider.ready\", function() { jQuery( \"div.custom-slider ul li\" ).css( \"display\", \"block\" ); });$lavraslider3752698918.unslider({ delay:4000, autoplay:true, nav:false, arrows:false, infinite:true });$lavraslider3752698918.on(\"mouseover\", function() {$lavraslider3752698918.unslider(\"stop\");}).on(\"mouseout\", function() {$lavraslider3752698918.unslider(\"start\");});});<\/script><\/div>\n<p>Privatiza\u00e7\u00e3o das estatais mineiras ser\u00e1 uma etapa no processo de us\u00e1-las como pagamento da d\u00edvida de Minas Gerais com a Uni\u00e3o<\/p>\n\n\n\n<figure class=\"wp-block-image size-full\"><img fetchpriority=\"high\" decoding=\"async\" width=\"715\" height=\"402\" src=\"https:\/\/lavras.tv\/site\/wp-content\/uploads\/2024\/12\/RJR_7043-e1664754981787-715x402-1.webp\" alt=\"\" class=\"wp-image-147450\" srcset=\"https:\/\/lavras.tv\/site\/wp-content\/uploads\/2024\/12\/RJR_7043-e1664754981787-715x402-1.webp 715w, https:\/\/lavras.tv\/site\/wp-content\/uploads\/2024\/12\/RJR_7043-e1664754981787-715x402-1-470x264.webp 470w, https:\/\/lavras.tv\/site\/wp-content\/uploads\/2024\/12\/RJR_7043-e1664754981787-715x402-1-170x96.webp 170w, https:\/\/lavras.tv\/site\/wp-content\/uploads\/2024\/12\/RJR_7043-e1664754981787-715x402-1-200x112.webp 200w\" sizes=\"(max-width: 715px) 100vw, 715px\" \/><\/figure>\n\n\n\n<p>O&nbsp;<strong>governador de Minas Gerais, Romeu Zema (NOVO)<\/strong>, disse, em entrevista ao Estad\u00e3o, que o processo para federalizar as estatais mineiras&nbsp;<strong>Cemig (CMIG4)<\/strong>&nbsp;e&nbsp;<strong>Copasa (CSMG3)<\/strong>&nbsp;deve ocorrer ainda em 2025.<\/p>\n\n\n\n<p>Perguntado sobre o prazo para a opera\u00e7\u00e3o acontecer, Zema disse \u201ceu penso que isso seria realizado ainda no exerc\u00edcio de 2025. Daria para fazer tudo sim.\u201d<\/p>\n\n\n\n<p>O governador disse ainda que sua inten\u00e7\u00e3o \u00e9 realmente federalizar as duas empresas, isto \u00e9, transferi-las para o governo federal.<\/p>\n\n\n\n<p>Questionado sobre se o caminho seria a&nbsp;<strong>federaliza\u00e7\u00e3o&nbsp;<\/strong>ou a&nbsp;<strong>privatiza\u00e7\u00e3o<\/strong>, Zema respondeu &#8220;De certa maneira, os dois acabam se confundindo em alguns pontos, mas o que n\u00f3s queremos \u00e9 transferir para o governo federal esses ativos. S\u00f3 que eles v\u00e3o precisar de um tratamento, porque o governo federal n\u00e3o vai querer pegar um ativo que possa lhe causar problemas.&#8221;<\/p>\n\n\n\n<p>Esse &#8220;tratamento&#8221;, explicou Zema, seria transformar as duas companhias em&nbsp;<em>corporations<\/em>, isto \u00e9, empresas sem controlador definido, o que na pr\u00e1tica constituiria uma privatiza\u00e7\u00e3o, com a dilui\u00e7\u00e3o do estado de Minas Gerais, que deixaria de ser o acionista controlador. A federaliza\u00e7\u00e3o seria uma segunda etapa, em troca do abatimento da d\u00edvida do estado com a Uni\u00e3o.<\/p>\n\n\n\n<p>Os projetos de privatiza\u00e7\u00e3o da Cemig e da Copasa foram protocolados pelo governo mineiro em novembro, e o projeto da&nbsp;<strong>Codemig<\/strong>, a Companhia de Desenvolvimento Econ\u00f4mico de Minas Gerais, tramita na Assembleia Legislativa estadual desde 2019.<\/p>\n\n\n\n<p>Segundo Zema, se as a\u00e7\u00f5es da Cemig fossem transferidas hoje para o governo federal, por exemplo, poderia haver problemas com os acionistas minorit\u00e1rios no futuro, &#8220;porque eles poderiam falar que t\u00eam o direito de receber o mesmo valor desta transa\u00e7\u00e3o&#8221;, o chamado direito de&nbsp;<em>tag along<\/em>.<\/p>\n\n\n\n<p>Ao transformar Cemig e Copasa em&nbsp;<em>corporations<\/em>, explicou o governador, o estado continuaria propriet\u00e1rio das&nbsp;<strong>a\u00e7\u00f5es<\/strong>, mas n\u00e3o teria mais o controle das companhias, e &#8220;isso tiraria do governo federal esse risco societ\u00e1rio que poderia existir&#8221;, disse, na entrevista. &#8220;Em ambas as situa\u00e7\u00f5es, tudo isso precisa passar pela Assembleia Legislativa&#8221;, complementou.<\/p>\n\n\n\n<h2 class=\"wp-block-heading\" id=\"h-cemig-e-copasa-como-pagamento-da-divida-de-minas-gerais\">Cemig e Copasa como pagamento da d\u00edvida de Minas Gerais<\/h2>\n\n\n\n<p>A inten\u00e7\u00e3o do governo mineiro \u00e9 que as tr\u00eas empresas \u2014 Cemig, Copasa e Codemig \u2014 sejam federalizadas de modo a abater a d\u00edvida do estado com a Uni\u00e3o e ainda obter uma redu\u00e7\u00e3o no valor do d\u00e9bito, que hoje \u00e9 de R$ 165 bilh\u00f5es. Tamb\u00e9m h\u00e1 a expectativa de reduzir os juros que recaem sobre o montante.<\/p>\n\n\n\n<p>&#8220;Ent\u00e3o, al\u00e9m de a taxa de juros cair de IPCA mais 4% para IPCA mais 1%, quem sabe essa d\u00edvida a\u00ed pode cair de R$ 165 bilh\u00f5es para R$ 120 bilh\u00f5es ou R$ 110 bilh\u00f5es. Seria uma economia gigantesca para o estado em termos de pagamento de&nbsp;<strong>juros<\/strong>. E o governo federal vai ficar com um ativo bom&#8221;, disse Zema ao Estad\u00e3o.<\/p>\n\n\n\n<p>Em rela\u00e7\u00e3o \u00e0 Cemig, o governador mineiro disse que neste ano a companhia bater\u00e1 todos os recordes de rentabilidade, Ebitda e resultado, atingindo os melhores indicadores operacionais da hist\u00f3ria.<\/p>\n\n\n\n<p>&#8220;N\u00f3s vamos deixar muito claro que precisa continuar com a sede em Minas Gerais, chamando Cemig, e precisa continuar fazendo 100% dos seus investimentos dentro de Minas Gerais. O que n\u00f3s queremos \u00e9 isso: um abatimento na d\u00edvida e um ativo que continue gerando benef\u00edcios para o estado, mas tudo depende do \u201cok\u201d da Uni\u00e3o&#8221;, disse.<\/p>\n\n\n\n<p>Zema disse ainda que o Programa de Pagamento de D\u00edvidas dos Estados com a Uni\u00e3o (Propag), aprovado pelo Senado, resolve o problema da d\u00edvida de Minas Gerais com a Uni\u00e3o de uma vez por todas.<\/p>\n\n\n\n<p>Segundo o governador, a troca da corre\u00e7\u00e3o da d\u00edvida de IPCA + 4% para IPCA + 1% \u00e9 mais condizente com o crescimento da economia, que tem sido, em m\u00e9dia, de 1% a 1,5% &#8220;nos \u00faltimos 10, 20 anos&#8221;. Assim, as presta\u00e7\u00f5es passam a ser vi\u00e1veis.<\/p>\n","protected":false},"excerpt":{"rendered":"<p>Privatiza\u00e7\u00e3o das estatais mineiras ser\u00e1 uma etapa no processo de us\u00e1-las como pagamento da d\u00edvida de Minas Gerais com a Uni\u00e3o O&nbsp;governador de Minas Gerais, Romeu Zema (NOVO), disse, em entrevista ao Estad\u00e3o, que o processo para federalizar as estatais mineiras&nbsp;Cemig (CMIG4)&nbsp;e&nbsp;Copasa (CSMG3)&nbsp;deve ocorrer ainda em 2025. Perguntado sobre o prazo para a opera\u00e7\u00e3o acontecer, [&hellip;]<\/p>\n","protected":false},"author":5,"featured_media":147450,"comment_status":"closed","ping_status":"open","sticky":false,"template":"","format":"standard","meta":{"advgb_blocks_editor_width":"","advgb_blocks_columns_visual_guide":"","_exactmetrics_skip_tracking":false,"_exactmetrics_sitenote_active":false,"_exactmetrics_sitenote_note":"","_exactmetrics_sitenote_category":0,"footnotes":""},"categories":[7,2],"tags":[],"class_list":["post-147449","post","type-post","status-publish","format-standard","has-post-thumbnail","hentry","category-destaques","category-noticias"],"better_featured_image":{"id":147450,"alt_text":"","caption":"","description":"","media_type":"image","media_details":{"width":715,"height":402,"file":"2024\/12\/RJR_7043-e1664754981787-715x402-1.webp","filesize":23020,"sizes":{"medium":{"file":"RJR_7043-e1664754981787-715x402-1-470x264.webp","width":470,"height":264,"mime-type":"image\/webp","filesize":10974,"source_url":"https:\/\/lavras.tv\/site\/wp-content\/uploads\/2024\/12\/RJR_7043-e1664754981787-715x402-1-470x264.webp"},"thumbnail":{"file":"RJR_7043-e1664754981787-715x402-1-170x96.webp","width":170,"height":96,"mime-type":"image\/webp","filesize":3056,"source_url":"https:\/\/lavras.tv\/site\/wp-content\/uploads\/2024\/12\/RJR_7043-e1664754981787-715x402-1-170x96.webp"},"lshowcase-thumb":{"file":"RJR_7043-e1664754981787-715x402-1-200x112.webp","width":200,"height":112,"mime-type":"image\/webp","filesize":3742,"source_url":"https:\/\/lavras.tv\/site\/wp-content\/uploads\/2024\/12\/RJR_7043-e1664754981787-715x402-1-200x112.webp"},"alm-thumbnail":{"file":"RJR_7043-e1664754981787-715x402-1-150x150.webp","width":150,"height":150,"mime-type":"image\/webp","filesize":4584,"source_url":"https:\/\/lavras.tv\/site\/wp-content\/uploads\/2024\/12\/RJR_7043-e1664754981787-715x402-1-150x150.webp"}},"image_meta":{"aperture":"0","credit":"","camera":"","caption":"","created_timestamp":"0","copyright":"","focal_length":"0","iso":"0","shutter_speed":"0","title":"","orientation":"0","keywords":[]}},"post":147449,"source_url":"https:\/\/lavras.tv\/site\/wp-content\/uploads\/2024\/12\/RJR_7043-e1664754981787-715x402-1.webp"},"author_meta":{"display_name":"Vinicius Bustamante","author_link":"https:\/\/lavras.tv\/site\/author\/vinicius-bustamante\/"},"featured_img":"https:\/\/lavras.tv\/site\/wp-content\/uploads\/2024\/12\/RJR_7043-e1664754981787-715x402-1-470x264.webp","coauthors":[],"tax_additional":{"categories":{"linked":["<a href=\"https:\/\/lavras.tv\/site\/category\/destaques\/\" class=\"advgb-post-tax-term\">Destaques<\/a>","<a href=\"https:\/\/lavras.tv\/site\/category\/noticias\/\" class=\"advgb-post-tax-term\">Not\u00edcias<\/a>"],"unlinked":["<span class=\"advgb-post-tax-term\">Destaques<\/span>","<span class=\"advgb-post-tax-term\">Not\u00edcias<\/span>"]}},"comment_count":"0","relative_dates":{"created":"Publicado 1 ano atr\u00e1s","modified":"Atualizado 1 ano atr\u00e1s"},"absolute_dates":{"created":"Publicado em 30 de dezembro de 2024","modified":"Atualizado em 30 de dezembro de 2024"},"absolute_dates_time":{"created":"Publicado em 30 de dezembro de 2024 15:37","modified":"Atualizado em 30 de dezembro de 2024 15:37"},"featured_img_caption":"","series_order":"","_links":{"self":[{"href":"https:\/\/lavras.tv\/site\/wp-json\/wp\/v2\/posts\/147449","targetHints":{"allow":["GET"]}}],"collection":[{"href":"https:\/\/lavras.tv\/site\/wp-json\/wp\/v2\/posts"}],"about":[{"href":"https:\/\/lavras.tv\/site\/wp-json\/wp\/v2\/types\/post"}],"author":[{"embeddable":true,"href":"https:\/\/lavras.tv\/site\/wp-json\/wp\/v2\/users\/5"}],"replies":[{"embeddable":true,"href":"https:\/\/lavras.tv\/site\/wp-json\/wp\/v2\/comments?post=147449"}],"version-history":[{"count":1,"href":"https:\/\/lavras.tv\/site\/wp-json\/wp\/v2\/posts\/147449\/revisions"}],"predecessor-version":[{"id":147451,"href":"https:\/\/lavras.tv\/site\/wp-json\/wp\/v2\/posts\/147449\/revisions\/147451"}],"wp:featuredmedia":[{"embeddable":true,"href":"https:\/\/lavras.tv\/site\/wp-json\/wp\/v2\/media\/147450"}],"wp:attachment":[{"href":"https:\/\/lavras.tv\/site\/wp-json\/wp\/v2\/media?parent=147449"}],"wp:term":[{"taxonomy":"category","embeddable":true,"href":"https:\/\/lavras.tv\/site\/wp-json\/wp\/v2\/categories?post=147449"},{"taxonomy":"post_tag","embeddable":true,"href":"https:\/\/lavras.tv\/site\/wp-json\/wp\/v2\/tags?post=147449"}],"curies":[{"name":"wp","href":"https:\/\/api.w.org\/{rel}","templated":true}]}}