{"id":147452,"date":"2024-12-30T15:45:13","date_gmt":"2024-12-30T18:45:13","guid":{"rendered":"https:\/\/lavras.tv\/site\/?p=147452"},"modified":"2024-12-30T15:45:15","modified_gmt":"2024-12-30T18:45:15","slug":"28a-mostra-tiradentes-anuncia-selecao-de-filmes-das-competitivas-mostra-aurora-olhos-livres-e-foco","status":"publish","type":"post","link":"https:\/\/lavras.tv\/site\/2024\/12\/30\/28a-mostra-tiradentes-anuncia-selecao-de-filmes-das-competitivas-mostra-aurora-olhos-livres-e-foco\/","title":{"rendered":"28\u00aa Mostra Tiradentes anuncia sele\u00e7\u00e3o de filmes\u00a0\u00a0das competitivas Mostra Aurora, Olhos Livres e Foco"},"content":{"rendered":"<div class=\"lavra-antes-do-conteudo_2\" id=\"lavra-4145619142\"><div id=\"lavra-slider-27\" class=\"custom-slider lavra-slider-2720213893 lavra-slider\"><ul><li><div style=\"margin-left: auto;margin-right: auto;text-align: center;\" id=\"lavra-3910710182\"><a href=\"https:\/\/sistemas.lavras.mg.gov.br\/portalcidadao\/#df1b1a7c7b2a290bcb31e32771e610784662739a88807c0dacac58ede5f391a7530e299dc302d611ee73cb143fc22eaf93592e53e7b5bdb01b00a0b8d28dae460c141dd2ff83412e4dc1c31b16b25f33144a9e5620ea73b13f5bc1c59411d98439ad226e8af03840603796067d87afe130812cf3de24982d0e306f9e61e764e5\" aria-label=\"Lavras-TV&#8211;720x104px (1) (1)\"><img src=\"https:\/\/lavras.tv\/site\/wp-content\/uploads\/2025\/01\/Lavras-TV-720x104px-1-1.png\" alt=\"\"  srcset=\"https:\/\/lavras.tv\/site\/wp-content\/uploads\/2025\/01\/Lavras-TV-720x104px-1-1.png 720w, https:\/\/lavras.tv\/site\/wp-content\/uploads\/2025\/01\/Lavras-TV-720x104px-1-1-470x68.png 470w, https:\/\/lavras.tv\/site\/wp-content\/uploads\/2025\/01\/Lavras-TV-720x104px-1-1-170x25.png 170w, https:\/\/lavras.tv\/site\/wp-content\/uploads\/2025\/01\/Lavras-TV-720x104px-1-1-200x29.png 200w\" sizes=\"(max-width: 720px) 100vw, 720px\" width=\"720\" height=\"104\"  style=\"display: inline-block;\" \/><\/a><\/div><\/li><li><a href=\"https:\/\/sistemas.lavras.mg.gov.br\/portalcidadao\/#df1b1a7c7b2a290bcb31e32771e610784662739a88807c0dacac58ede5f391a7530e299dc302d611ee73cb143fc22eaf93592e53e7b5bdb01b00a0b8d28dae460c141dd2ff83412e4dc1c31b16b25f33144a9e5620ea73b13f5bc1c59411d98439ad226e8af03840603796067d87afe130812cf3de24982d0e306f9e61e764e5\" aria-label=\"Banner_Emprego_PortallavrasTV\"><img src=\"https:\/\/lavras.tv\/site\/wp-content\/uploads\/2025\/03\/Banner_Emprego_PortallavrasTV.png\" alt=\"\"  srcset=\"https:\/\/lavras.tv\/site\/wp-content\/uploads\/2025\/03\/Banner_Emprego_PortallavrasTV.png 720w, https:\/\/lavras.tv\/site\/wp-content\/uploads\/2025\/03\/Banner_Emprego_PortallavrasTV-470x68.png 470w, https:\/\/lavras.tv\/site\/wp-content\/uploads\/2025\/03\/Banner_Emprego_PortallavrasTV-170x25.png 170w, https:\/\/lavras.tv\/site\/wp-content\/uploads\/2025\/03\/Banner_Emprego_PortallavrasTV-200x29.png 200w\" sizes=\"(max-width: 720px) 100vw, 720px\" width=\"720\" height=\"104\"   \/><\/a><\/li><li><a href=\"https:\/\/sistemas.lavras.mg.gov.br\/portalcidadao\/#df1b1a7c7b2a290bcb31e32771e610784662739a88807c0dacac58ede5f391a7530e299dc302d611ee73cb143fc22eaf93592e53e7b5bdb01b00a0b8d28dae460c141dd2ff83412e4dc1c31b16b25f33144a9e5620ea73b13f5bc1c59411d98439ad226e8af03840603796067d87afe130812cf3de24982d0e306f9e61e764e5\" aria-label=\"Banner_Obras_PortallavrasTV\"><img src=\"https:\/\/lavras.tv\/site\/wp-content\/uploads\/2025\/03\/Banner_Obras_PortallavrasTV.png\" alt=\"\"  srcset=\"https:\/\/lavras.tv\/site\/wp-content\/uploads\/2025\/03\/Banner_Obras_PortallavrasTV.png 720w, https:\/\/lavras.tv\/site\/wp-content\/uploads\/2025\/03\/Banner_Obras_PortallavrasTV-470x68.png 470w, https:\/\/lavras.tv\/site\/wp-content\/uploads\/2025\/03\/Banner_Obras_PortallavrasTV-170x25.png 170w, https:\/\/lavras.tv\/site\/wp-content\/uploads\/2025\/03\/Banner_Obras_PortallavrasTV-200x29.png 200w\" sizes=\"(max-width: 720px) 100vw, 720px\" width=\"720\" height=\"104\"   \/><\/a><\/li><li><div style=\"margin-left: auto;margin-right: auto;text-align: center;\" id=\"lavra-3450050633\"><a href=\"https:\/\/sistemas.lavras.mg.gov.br\/portalcidadao\/#df1b1a7c7b2a290bcb31e32771e610784662739a88807c0dacac58ede5f391a7530e299dc302d611ee73cb143fc22eaf93592e53e7b5bdb01b00a0b8d28dae460c141dd2ff83412e4dc1c31b16b25f33144a9e5620ea73b13f5bc1c59411d98439ad226e8af03840603796067d87afe130812cf3de24982d0e306f9e61e764e5\" aria-label=\"Banner_Educa\u00e7\u00e3o_PortallavrasTV\"><img src=\"https:\/\/lavras.tv\/site\/wp-content\/uploads\/2025\/01\/Banner_Educacao_PortallavrasTV.png\" alt=\"\"  srcset=\"https:\/\/lavras.tv\/site\/wp-content\/uploads\/2025\/01\/Banner_Educacao_PortallavrasTV.png 720w, https:\/\/lavras.tv\/site\/wp-content\/uploads\/2025\/01\/Banner_Educacao_PortallavrasTV-470x68.png 470w, https:\/\/lavras.tv\/site\/wp-content\/uploads\/2025\/01\/Banner_Educacao_PortallavrasTV-170x25.png 170w, https:\/\/lavras.tv\/site\/wp-content\/uploads\/2025\/01\/Banner_Educacao_PortallavrasTV-200x29.png 200w\" sizes=\"(max-width: 720px) 100vw, 720px\" width=\"720\" height=\"104\"  style=\"display: inline-block;\" \/><\/a><\/div><\/li><li><a href=\"https:\/\/sistemas.lavras.mg.gov.br\/portalcidadao\/#df1b1a7c7b2a290bcb31e32771e610784662739a88807c0dacac58ede5f391a7530e299dc302d611ee73cb143fc22eaf93592e53e7b5bdb01b00a0b8d28dae460c141dd2ff83412e4dc1c31b16b25f33144a9e5620ea73b13f5bc1c59411d98439ad226e8af03840603796067d87afe130812cf3de24982d0e306f9e61e764e5\" aria-label=\"Banner_Sa\u00fade_PortallavrasTV\"><img src=\"https:\/\/lavras.tv\/site\/wp-content\/uploads\/2025\/03\/Banner_Saude_PortallavrasTV.png\" alt=\"\"  srcset=\"https:\/\/lavras.tv\/site\/wp-content\/uploads\/2025\/03\/Banner_Saude_PortallavrasTV.png 720w, https:\/\/lavras.tv\/site\/wp-content\/uploads\/2025\/03\/Banner_Saude_PortallavrasTV-470x68.png 470w, https:\/\/lavras.tv\/site\/wp-content\/uploads\/2025\/03\/Banner_Saude_PortallavrasTV-170x25.png 170w, https:\/\/lavras.tv\/site\/wp-content\/uploads\/2025\/03\/Banner_Saude_PortallavrasTV-200x29.png 200w\" sizes=\"(max-width: 720px) 100vw, 720px\" width=\"720\" height=\"104\"   \/><\/a><\/li><li><div id=\"lavra-3578990686\" style=\"width:720px;height:104px;background-color:#ddd;overflow:scroll;\">\n\t<strong>Sa\u00edda da depura\u00e7\u00e3o de an\u00fancios<\/strong>\n\t<br><br>\n\tO an\u00fancio n\u00e3o \u00e9 exibido na p\u00e1gina<br><br>post atual: 28\u00aa Mostra Tiradentes anuncia sele\u00e7\u00e3o de filmes\u00a0\u00a0das competitivas Mostra Aurora, Olhos Livres e Foco, ID: 147452<br><br><span style=\"color: red;\">O post atual n\u00e3o \u00e9 id\u00eantico ao post principal.<\/span><br><br>An\u00fancios: ROXO - TOPO INTERNA - ROTATIVO 2 (197)<br \/>Grupo de an\u00fancios: Princ_Meio01_720x104 (27)<br><br>Condi\u00e7\u00f5es de exibi\u00e7\u00e3o<div style=\"margin-bottom: 20px; white-space: pre-wrap; font-family: monospace; width: 100%; background: #ffe9e9;\"><strong>condi\u00e7\u00f5es gerais<\/strong><table border=\"1\"><thead><tr><th><\/th><th>An\u00fancios<\/th><th>wp_the_query<\/th><\/tr><\/thead><tr><td>is_main_query<\/td><td>1<\/td><td>1<\/td><\/tr><tr><td>is_rest_api<\/td><td>0<\/td><td>1<\/td><\/tr><tr><td>page<\/td><td>0<\/td><td>1<\/td><\/tr><tr><td>numpages<\/td><td>0<\/td><td>1<\/td><\/tr><tr><td>is_archive<\/td><td>1<\/td><td><\/td><\/tr><tr><td>is_search<\/td><td>1<\/td><td><\/td><\/tr><tr><td>is_home<\/td><td>1<\/td><td><\/td><\/tr><tr><td>is_404<\/td><td>1<\/td><td><\/td><\/tr><tr><td>is_attachment<\/td><td>1<\/td><td><\/td><\/tr><tr><td>is_singular<\/td><td>1<\/td><td><\/td><\/tr><tr><td>is_front_page<\/td><td>1<\/td><td><\/td><\/tr><tr><td>is_feed<\/td><td>1<\/td><td><\/td><\/tr><\/table><\/div><br><br><span style=\"color: red;\">Seu site usa HTTPS, mas o c\u00f3digo do an\u00fancio cont\u00e9m HTTP e pode n\u00e3o funcionar.<\/span>\t<br><br>\n\t<a style=\"color: green;\" href=\"https:\/\/wpadvancedads.com\/manual\/ad-debug-mode\/?utm_source=advanced-ads&utm_medium=link&utm_campaign=ad-debug-mode\" target=\"_blank\" rel=\"nofollow\">Encontre solu\u00e7\u00f5es no manual<\/a>\n<\/div>\n<\/li><\/ul><\/div><script>( window.advanced_ads_ready || jQuery( document ).ready ).call( null, function() {var $lavraslider2720213893 = jQuery( \".lavra-slider-2720213893\" );$lavraslider2720213893.on( \"unslider.ready\", function() { jQuery( \"div.custom-slider ul li\" ).css( \"display\", \"block\" ); });$lavraslider2720213893.unslider({ delay:4000, autoplay:true, nav:false, arrows:false, infinite:true });$lavraslider2720213893.on(\"mouseover\", function() {$lavraslider2720213893.unslider(\"stop\");}).on(\"mouseout\", function() {$lavraslider2720213893.unslider(\"start\");});});<\/script><\/div>\n<p><em>Com mudan\u00e7as na programa\u00e7\u00e3o, Mostra Aurora agora passa a ser exclusiva a filmes de diretores em primeiro longa-metragem; Mostra Olhos Livres ser\u00e1 avaliada pelo J\u00fari Oficial<\/em><\/p>\n\n\n\n<p><em>Filmes de 13 estados brasileiros est\u00e3o na sele\u00e7\u00e3o de longas e curtas das tr\u00eas mostras competitivas; evento ser\u00e1 realizado entre 24 de janeiro e 1<\/em><sup><em>o<\/em><\/sup><em>&nbsp;de fevereiro na cidade hist\u00f3rica e com programa\u00e7\u00e3o gratuita<\/em><\/p>\n\n\n\n<figure class=\"wp-block-image size-full\"><img fetchpriority=\"high\" decoding=\"async\" width=\"799\" height=\"447\" src=\"https:\/\/lavras.tv\/site\/wp-content\/uploads\/2024\/12\/Margeado_Dir-Diego-Zon_Mostra-Aurora.jpg\" alt=\"\" class=\"wp-image-147453\" srcset=\"https:\/\/lavras.tv\/site\/wp-content\/uploads\/2024\/12\/Margeado_Dir-Diego-Zon_Mostra-Aurora.jpg 799w, https:\/\/lavras.tv\/site\/wp-content\/uploads\/2024\/12\/Margeado_Dir-Diego-Zon_Mostra-Aurora-470x263.jpg 470w, https:\/\/lavras.tv\/site\/wp-content\/uploads\/2024\/12\/Margeado_Dir-Diego-Zon_Mostra-Aurora-170x95.jpg 170w, https:\/\/lavras.tv\/site\/wp-content\/uploads\/2024\/12\/Margeado_Dir-Diego-Zon_Mostra-Aurora-200x112.jpg 200w\" sizes=\"(max-width: 799px) 100vw, 799px\" \/><\/figure>\n\n\n\n<p>Reafirmando-se como vitrine da produ\u00e7\u00e3o autoral brasileira contempor\u00e2nea, a&nbsp;<strong>28\u00aa Mostra de Cinema de Tiradentes<\/strong>&nbsp;acontece entre 24 de janeiro e 1\u00ba de fevereiro de 2025 na cidade hist\u00f3rica mineira com mudan\u00e7as importantes na estrutura de programa\u00e7\u00e3o. As mostras competitivas&nbsp;<strong>Olhos Livres, Aurora e Foco<\/strong>, que re\u00fanem filmes com inova\u00e7\u00f5es de linguagem e modos de produ\u00e7\u00e3o, passam por altera\u00e7\u00f5es com objetivo de retomar algumas de suas premissas originais e manter a produ\u00e7\u00e3o de vanguarda como grande destaque no evento.<\/p>\n\n\n\n<p>A&nbsp;<strong>Mostra Olhos Livres&nbsp;<\/strong>passa a ser avaliada pelo J\u00fari Oficial enquanto a<strong>&nbsp;Mostra Aurora<\/strong>&nbsp;ser\u00e1 avaliada pelo J\u00fari Jovem com sess\u00f5es no fim da tarde. Al\u00e9m disso, a Aurora agora passa a contar com filmes exclusivamente de cineastas em seu primeiro longa-metragem. A decis\u00e3o reflete mudan\u00e7as observadas no panorama do cinema independente ao longo dos \u00faltimos anos. \u201cQuando a Aurora foi criada pelo curador Cl\u00e9ber Eduardo em 2008, o cen\u00e1rio da produ\u00e7\u00e3o independente, de baixo ou baix\u00edssimo or\u00e7amento, ainda estava se consolidando e buscava identidades. Com o tempo, esse campo ganhou forma e maturidade e modificou as trajet\u00f3rias de seus realizadores\u201d, explica&nbsp;<strong>Francis Vogner dos Reis<\/strong>, coordenador curatorial da Mostra de Tiradentes.<\/p>\n\n\n\n<p>A Olhos Livres tem se destacado nos \u00faltimos anos a exibir filmes que resgatam o esp\u00edrito original da Aurora, quando a proposta era desbravar novos caminhos na produ\u00e7\u00e3o autoral. \u201cMuitos desses filmes surgem \u00e0 revelia das dificuldades econ\u00f4micas enfrentadas pelo cinema brasileiro e adaptam-se \u00e0s circunst\u00e2ncias dispon\u00edveis. O cen\u00e1rio revela uma gera\u00e7\u00e3o de realizadores que muitas vezes iniciaram suas trajet\u00f3rias h\u00e1 dez anos ou mais e hoje j\u00e1 est\u00e3o em seus terceiros, quartos ou at\u00e9 sextos longas-metragens. Apesar de se firmarem como jovens veteranos, continuam a apostar na radicalidade inventiva que marca suas obras\u201d, segue o curador.<\/p>\n\n\n\n<p>Os filmes selecionados para a Olhos Livres em 2025 s\u00e3o\u00a0<strong>\u201cPr\u00e9dio Vazio\u201d\u00a0<\/strong>(ES), de Rodrigo Arag\u00e3o;\u00a0<strong>\u201cA Primavera\u201d<\/strong>\u00a0(PE), de Daniel Arag\u00e3o e Sergio Bivar;\u00a0<strong>\u201cDeuses da Peste\u201d<\/strong>\u00a0(SP\/MG), de Gabriela Lu\u00edza e Tiago Mata Machado;\u00a0<strong>\u201cO Mundo dos Mortos\u201d<\/strong>\u00a0(RJ), de Pedro Tavares;<strong>\u00a0\u201cAs Muitas Mortes de Ant\u00f4nio Parreiras\u201d<\/strong>\u00a0(RJ e CE), de Lucas Parente;<strong>\u00a0\u201cA Vida Secreta<\/strong> <strong>de Meus Tr\u00eas Homens\u201d\u00a0<\/strong>(PE), de Let\u00edcia Sim\u00f5es; e\u00a0<strong>\u201cBatguano Returns &#8211; Roben na estrada\u201d\u00a0<\/strong>(PB), de Tavinho Teixeira.<\/p>\n\n\n\n<p>No caso da Aurora, at\u00e9 2024 a regra permitia a inscri\u00e7\u00e3o de at\u00e9 um terceiro longa-metragem de um mesmo realizador, com inten\u00e7\u00e3o de acompanhar o desenvolvimento e a evolu\u00e7\u00e3o de novos autores. \u201cAtualmente, esses realizadores, ap\u00f3s o lan\u00e7amento do primeiro longa, j\u00e1 ganham visibilidade e passam a circular em outros festivais, atingindo notoriedade muito mais rapidamente. Ao chegarem ao segundo ou terceiro trabalho, muitos t\u00eam carreiras em andamento e isso tornou necess\u00e1rio repensar os crit\u00e9rios da Aurora para valorizar a ideia de estreia e de novidade\u201d, completa Francis.<\/p>\n\n\n\n<p>Os selecionados para esta primeira edi\u00e7\u00e3o da nova fase da Aurora s\u00e3o&nbsp;<strong>\u201cMargeado\u201d<\/strong>&nbsp;(ES), de Diego Zon;&nbsp;<strong>\u201cUm Minuto \u00e9 uma Eternidade para Quem est\u00e1 Sofrendo\u201d&nbsp;<\/strong>(SE), de F\u00e1bio Rog\u00e9rio e Wesley Pereira de Castro;&nbsp;<strong>\u201cNem Deus \u00e9 t\u00e3o Justo quanto seus Jeans\u201d<\/strong>&nbsp;(SP), de Sergio Silva;<strong>&nbsp;\u201cKickflip\u201d&nbsp;<\/strong>(SP), de Lucca Filippin;&nbsp;<strong>\u201cCartografia das Ondas\u201d&nbsp;<\/strong>(RJ), de Heloisa Machado; e&nbsp;<strong>\u201cResumo da \u00d3pera\u201d<\/strong>&nbsp;(CE), de Hon\u00f3rio F\u00e9lix e Breno de Lacerda.<\/p>\n\n\n\n<p>A Foco, dedicada a curtas-metragens, mant\u00e9m o perfil da pluralidade e radicalidade. \u201cEstamos sempre atentos \u00e0 emerg\u00eancia de express\u00f5es sofisticadas de quem est\u00e1 come\u00e7ando pelo curta ou de cineastas experientes que continuam explorando o formato como meio de experimenta\u00e7\u00e3o e refinamento\u201d, exalta Francis Vogner. Os curtas da Foco este ano s\u00e3o<strong>&nbsp;\u201cN\u00e3o me Abandone\u201d<\/strong>&nbsp;(SP), de Gabriel Vieira de Mello;&nbsp;<strong>\u201cEntre Corpos\u201d&nbsp;<\/strong>(AL), de Mayra Costa;&nbsp;<strong>\u201cOsmo\u201d<\/strong>&nbsp;(DF), de Pablo Gon\u00e7alo;&nbsp;<strong>\u201cEstrela Brava\u201d<\/strong>&nbsp;(RJ), de Jorge Polo;<strong>&nbsp;\u201cMem\u00f3rias Despejadas (ou A Enchente Levou Tudo, E Encontraram A Luta)\u201d,<\/strong>&nbsp;de Juliana Koetz (RS);&nbsp;<strong>\u201cTrabalho de Amor Perdido\u201d<\/strong>&nbsp;(SP), de Vin\u00edcius Romero;<strong>&nbsp;\u201cVer C\u00e9u no Ch\u00e3o\u201d<\/strong>&nbsp;(CE e RJ), de Isabel Veiga;&nbsp;<strong>\u201cTamagotchi_bal\u00e9\u201d<\/strong>&nbsp;(RJ), de Anna Costa e Silva;<strong>&nbsp;\u201cSem T\u00edtulo # 9: Nem Todas as Flores da Falta\u201d<\/strong>&nbsp;(SP), de Carlos Adriano;&nbsp;<strong>\u201cHEYARI: Espalhar Fuma\u00e7a para Fazer Adoecer Colocando Feiti\u00e7o no Fogo\u201d&nbsp;<\/strong>(SC), de Daniel Velasco Le\u00e3o;<strong>&nbsp;\u201cJamais Visto\u201d<\/strong>&nbsp;(MG), de Nat\u00e1lia Reis;&nbsp;<strong>\u201cO Mediador\u201d<\/strong>&nbsp;(BA), de Marcus Curvelo;e<strong>&nbsp;\u201cMarmita\u201d<\/strong>&nbsp;(SP), de Guilherme Peraro.<\/p>\n\n\n\n<p>As tr\u00eas se\u00e7\u00f5es competitivas em Tiradentes, embora distintas em seus recortes, dialogam entre si por meio da imagina\u00e7\u00e3o criativa e da busca por formas de express\u00e3o que surpreendam o p\u00fablico. Para Francis Vogner, o momento atual do cinema brasileiro \u00e9 prop\u00edcio tanto a essa diversidade quanto \u00e0 valoriza\u00e7\u00e3o de propostas fora do convencional. \u201cSe em algum momento o novo estava associado apenas ao jovem, hoje entendemos que ele atravessa gera\u00e7\u00f5es. Temos esse ano realizadores estreando nos anos 2020 e outros que iniciaram suas trajet\u00f3rias nos anos 1960, todos movidos pela inquieta\u00e7\u00e3o e pela vontade de criar algo fora do comum\u201d, reflete.<\/p>\n\n\n\n<p>As mostras Olhos Livres e Foco s\u00e3o avaliadas pelo J\u00fari Oficial, que escolhe o melhor filme e alguns outros pr\u00eamios especiais. Em 2025 os integrantes s\u00e3o&nbsp;<strong>Carlos Francisco<\/strong>&nbsp;(MG), ator;&nbsp;<strong>C\u00edntia Gil<\/strong>&nbsp;(Portugal), programadora;<strong>&nbsp;Ivo Lopes Araujo<\/strong>&nbsp;(CE), cineasta;<strong>&nbsp;Ju\u00e7ara Mar\u00e7al<\/strong>&nbsp;(SP), cantora e compositora; e&nbsp;<strong>Rita V\u00eanus&nbsp;<\/strong>(PE), cr\u00edtica e curadora.<\/p>\n\n\n\n<p>J\u00e1 a Mostra Aurora ter\u00e1 o J\u00fari Jovem, formado por estudantes selecionados numa oficina de cr\u00edtica de cinema e composto por&nbsp;<strong>Clara Prado&nbsp;<\/strong>(SP), Letras, USP;<strong>&nbsp;Duds Tuts<\/strong>&nbsp;(MG), Cinema e Audiovisual, PUC Minas;&nbsp;<strong>Giulia Belmonte<\/strong>&nbsp;(RS), Cinema e Audiovisual, UFPel;&nbsp;<strong>Ot\u00e1vio Osaki<\/strong>&nbsp;(SP), Comunica\u00e7\u00e3o Social &#8211; Midialogia, Unicamp; e<strong>&nbsp;Sofia Carlos<\/strong>&nbsp;(RN), Comunica\u00e7\u00e3o Social &#8211; Audiovisual, UFRN.<\/p>\n\n\n\n<p><strong>CONFIRA AS COMPETITIVAS<\/strong><\/p>\n\n\n\n<p><strong>MOSTRA OLHOS LIVRES<\/strong><\/p>\n\n\n\n<p>&#8220;A Primavera&#8221; (PE), de Daniel Arag\u00e3o &amp; Sergio Bivar<\/p>\n\n\n\n<p>&#8220;As Muitas Mortes de Ant\u00f4nio Parreiras&#8221; (RJ e CE), de Lucas Parente<\/p>\n\n\n\n<p>&#8220;Batguano Returns &#8211; Roben na estrada&#8221; (PB), de Tavinho Teixeira<\/p>\n\n\n\n<p>&#8220;Deuses da Peste&#8221; (SP\/MG), de Gabriela Lu\u00edza e Tiago Mata Machado<\/p>\n\n\n\n<p>&#8220;O Mundo dos Mortos&#8221; (RJ), de Pedro Tavares<\/p>\n\n\n\n<p>&#8220;Pr\u00e9dio Vazio&#8221; (ES), de Rodrigo Arag\u00e3o<\/p>\n\n\n\n<p>&#8220;A Vida Secreta de Meus Tr\u00eas Homens&#8221; (PE), de Let\u00edcia Sim\u00f5es<\/p>\n\n\n\n<p><strong>MOSTRA AURORA<\/strong><\/p>\n\n\n\n<p>&#8220;Cartografia das ondas&#8221; (RJ), de Heloisa Machado<\/p>\n\n\n\n<p>&#8220;Kickflip&#8221; (SP), de Lucca Filippin<\/p>\n\n\n\n<p>&#8220;Margeado&#8221; (ES), de Diego Zon<\/p>\n\n\n\n<p>&#8220;nem deus \u00e9 t\u00e3o justo quanto seus jeans&#8221; (SP), de Sergio Silva<\/p>\n\n\n\n<p>&#8220;Resumo da \u00d3pera&#8221; (CE), de Hon\u00f3rio F\u00e9lix e Breno de Lacerda<\/p>\n\n\n\n<p>&#8220;Um Minuto \u00e9 uma Eternidade para Quem est\u00e1 Sofrendo&#8221; (SE), de F\u00e1bio Rog\u00e9rio e Wesley Pereira de Castro<\/p>\n\n\n\n<p><strong>MOSTRA FOCO<\/strong><\/p>\n\n\n\n<p>&#8220;Entre Corpos&#8221; (AL), de Mayra Costa<\/p>\n\n\n\n<p>&#8220;Estrela Brava&#8221; (RJ), de Jorge Polo<\/p>\n\n\n\n<p>&#8220;HEYARI: espalhar fuma\u00e7a para fazer adoecer colocando feiti\u00e7o no fogo&#8221; (SC), de Daniel Velasco Le\u00e3o<\/p>\n\n\n\n<p>&#8220;Jamais Visto&#8221; (MG), de Nat\u00e1lia Reis<\/p>\n\n\n\n<p>&#8220;Marmita&#8221; (SP), de Guilherme Peraro<\/p>\n\n\n\n<p>\u201cMem\u00f3rias Despejadas (ou A Enchente Levou Tudo, E Encontraram A Luta)\u201d, de Juliana Koetz (RS)<\/p>\n\n\n\n<p>&#8220;N\u00e3o Me Abandone&#8221; (SP), de Gabriel Vieira de Mello<\/p>\n\n\n\n<p>&#8220;O Mediador&#8221; (BA), de Marcus Curvelo<\/p>\n\n\n\n<p>&#8220;Osmo&#8221; (DF), de Pablo Gon\u00e7alo<\/p>\n\n\n\n<p>&#8220;Sem T\u00edtulo # 9: Nem Todas as Flores da Falta&#8221; (SP), de Carlos Adriano<\/p>\n\n\n\n<p>&#8220;Tamagotchi_bal\u00e9&#8221; (RJ), de Anna Costa e Silva<\/p>\n\n\n\n<p>&#8220;Trabalho de Amor Perdido&#8221; (SP), de Vin\u00edcius Romero<\/p>\n\n\n\n<p>&#8220;Ver C\u00e9u no Ch\u00e3o&#8221; (CE e RJ), de Isabel Veiga<\/p>\n\n\n\n<p><strong>SOBRE A MOSTRA DE CINEMA DE TIRADENTES<\/strong><\/p>\n\n\n\n<p><strong>PLATAFORMA DE LAN\u00c7AMENTO DO CINEMA BRASILEIRO<\/strong><\/p>\n\n\n\n<p>Maior evento do cinema brasileiro contempor\u00e2neo em forma\u00e7\u00e3o, reflex\u00e3o, exibi\u00e7\u00e3o e difus\u00e3o realizado no pa\u00eds e chega a sua 28\u00aa edi\u00e7\u00e3o de&nbsp;<strong>24 de janeiro a 1\u00ba de fevereiro de 2025,<\/strong>&nbsp;em formato online e presencial. Apresenta, exibe e debate, em edi\u00e7\u00f5es anuais, o que h\u00e1 de mais inovador e promissor na produ\u00e7\u00e3o audiovisual brasileira, em pr\u00e9-estreias mundiais e nacionais \u2013 uma trajet\u00f3ria rica e abrangente que ocupa lugar de destaque no centro da hist\u00f3ria do audiovisual e no circuito de festivais realizados no Brasil.<\/p>\n\n\n\n<p>O evento exibe mais de filmes brasileiros em pr\u00e9-estreias nacionais e mostras tem\u00e1ticas, presta homenagem a personalidades do audiovisual, promove semin\u00e1rio, debates, a s\u00e9rie Encontro com os filmes, oficinas, Mostrinha de Cinema, F\u00f3rum de Tiradentes, Conex\u00e3o Brasil CineMundi e atra\u00e7\u00f5es art\u00edsticas. Toda a programa\u00e7\u00e3o \u00e9 gratuita. Mais informa\u00e7\u00f5es&nbsp;<strong><a href=\"http:\/\/www.mostratiradentes.com.br\/\" target=\"_blank\" rel=\"noreferrer noopener\">www.mostratiradentes.com.br<\/a><\/strong><\/p>\n","protected":false},"excerpt":{"rendered":"<p>Com mudan\u00e7as na programa\u00e7\u00e3o, Mostra Aurora agora passa a ser exclusiva a filmes de diretores em primeiro longa-metragem; Mostra Olhos Livres ser\u00e1 avaliada pelo J\u00fari Oficial Filmes de 13 estados brasileiros est\u00e3o na sele\u00e7\u00e3o de longas e curtas das tr\u00eas mostras competitivas; evento ser\u00e1 realizado entre 24 de janeiro e 1o&nbsp;de fevereiro na cidade hist\u00f3rica [&hellip;]<\/p>\n","protected":false},"author":5,"featured_media":147453,"comment_status":"closed","ping_status":"open","sticky":false,"template":"","format":"standard","meta":{"advgb_blocks_editor_width":"","advgb_blocks_columns_visual_guide":"","_exactmetrics_skip_tracking":false,"_exactmetrics_sitenote_active":false,"_exactmetrics_sitenote_note":"","_exactmetrics_sitenote_category":0,"footnotes":""},"categories":[7,2],"tags":[],"class_list":["post-147452","post","type-post","status-publish","format-standard","has-post-thumbnail","hentry","category-destaques","category-noticias"],"better_featured_image":{"id":147453,"alt_text":"","caption":"Screenshot","description":"","media_type":"image","media_details":{"width":799,"height":447,"file":"2024\/12\/Margeado_Dir-Diego-Zon_Mostra-Aurora.jpg","filesize":88160,"sizes":{"medium":{"file":"Margeado_Dir-Diego-Zon_Mostra-Aurora-470x263.jpg","width":470,"height":263,"mime-type":"image\/jpeg","filesize":27125,"source_url":"https:\/\/lavras.tv\/site\/wp-content\/uploads\/2024\/12\/Margeado_Dir-Diego-Zon_Mostra-Aurora-470x263.jpg"},"thumbnail":{"file":"Margeado_Dir-Diego-Zon_Mostra-Aurora-170x95.jpg","width":170,"height":95,"mime-type":"image\/jpeg","filesize":8718,"source_url":"https:\/\/lavras.tv\/site\/wp-content\/uploads\/2024\/12\/Margeado_Dir-Diego-Zon_Mostra-Aurora-170x95.jpg"},"lshowcase-thumb":{"file":"Margeado_Dir-Diego-Zon_Mostra-Aurora-200x112.jpg","width":200,"height":112,"mime-type":"image\/jpeg","filesize":10021,"source_url":"https:\/\/lavras.tv\/site\/wp-content\/uploads\/2024\/12\/Margeado_Dir-Diego-Zon_Mostra-Aurora-200x112.jpg"},"alm-thumbnail":{"file":"Margeado_Dir-Diego-Zon_Mostra-Aurora-150x150.jpg","width":150,"height":150,"mime-type":"image\/jpeg","filesize":10400,"source_url":"https:\/\/lavras.tv\/site\/wp-content\/uploads\/2024\/12\/Margeado_Dir-Diego-Zon_Mostra-Aurora-150x150.jpg"}},"image_meta":{"aperture":"0","credit":"","camera":"","caption":"Screenshot","created_timestamp":"0","copyright":"","focal_length":"0","iso":"0","shutter_speed":"0","title":"Screenshot","orientation":"0","keywords":[]}},"post":147452,"source_url":"https:\/\/lavras.tv\/site\/wp-content\/uploads\/2024\/12\/Margeado_Dir-Diego-Zon_Mostra-Aurora.jpg"},"author_meta":{"display_name":"Vinicius Bustamante","author_link":"https:\/\/lavras.tv\/site\/author\/vinicius-bustamante\/"},"featured_img":"https:\/\/lavras.tv\/site\/wp-content\/uploads\/2024\/12\/Margeado_Dir-Diego-Zon_Mostra-Aurora-470x263.jpg","coauthors":[],"tax_additional":{"categories":{"linked":["<a href=\"https:\/\/lavras.tv\/site\/category\/destaques\/\" class=\"advgb-post-tax-term\">Destaques<\/a>","<a href=\"https:\/\/lavras.tv\/site\/category\/noticias\/\" class=\"advgb-post-tax-term\">Not\u00edcias<\/a>"],"unlinked":["<span class=\"advgb-post-tax-term\">Destaques<\/span>","<span class=\"advgb-post-tax-term\">Not\u00edcias<\/span>"]}},"comment_count":"0","relative_dates":{"created":"Publicado 1 ano atr\u00e1s","modified":"Atualizado 1 ano atr\u00e1s"},"absolute_dates":{"created":"Publicado em 30 de dezembro de 2024","modified":"Atualizado em 30 de dezembro de 2024"},"absolute_dates_time":{"created":"Publicado em 30 de dezembro de 2024 15:45","modified":"Atualizado em 30 de dezembro de 2024 15:45"},"featured_img_caption":"Screenshot","series_order":"","_links":{"self":[{"href":"https:\/\/lavras.tv\/site\/wp-json\/wp\/v2\/posts\/147452","targetHints":{"allow":["GET"]}}],"collection":[{"href":"https:\/\/lavras.tv\/site\/wp-json\/wp\/v2\/posts"}],"about":[{"href":"https:\/\/lavras.tv\/site\/wp-json\/wp\/v2\/types\/post"}],"author":[{"embeddable":true,"href":"https:\/\/lavras.tv\/site\/wp-json\/wp\/v2\/users\/5"}],"replies":[{"embeddable":true,"href":"https:\/\/lavras.tv\/site\/wp-json\/wp\/v2\/comments?post=147452"}],"version-history":[{"count":1,"href":"https:\/\/lavras.tv\/site\/wp-json\/wp\/v2\/posts\/147452\/revisions"}],"predecessor-version":[{"id":147454,"href":"https:\/\/lavras.tv\/site\/wp-json\/wp\/v2\/posts\/147452\/revisions\/147454"}],"wp:featuredmedia":[{"embeddable":true,"href":"https:\/\/lavras.tv\/site\/wp-json\/wp\/v2\/media\/147453"}],"wp:attachment":[{"href":"https:\/\/lavras.tv\/site\/wp-json\/wp\/v2\/media?parent=147452"}],"wp:term":[{"taxonomy":"category","embeddable":true,"href":"https:\/\/lavras.tv\/site\/wp-json\/wp\/v2\/categories?post=147452"},{"taxonomy":"post_tag","embeddable":true,"href":"https:\/\/lavras.tv\/site\/wp-json\/wp\/v2\/tags?post=147452"}],"curies":[{"name":"wp","href":"https:\/\/api.w.org\/{rel}","templated":true}]}}