{"id":147662,"date":"2024-12-31T14:43:33","date_gmt":"2024-12-31T17:43:33","guid":{"rendered":"https:\/\/lavras.tv\/site\/?p=147662"},"modified":"2024-12-31T14:43:34","modified_gmt":"2024-12-31T17:43:34","slug":"governo-firma-acordo-de-r-17-bilhoes-com-a-vale-por-renovacao-de-concessoes-ferroviarias","status":"publish","type":"post","link":"https:\/\/lavras.tv\/site\/2024\/12\/31\/governo-firma-acordo-de-r-17-bilhoes-com-a-vale-por-renovacao-de-concessoes-ferroviarias\/","title":{"rendered":"Governo firma acordo de R$ 17 bilh\u00f5es com a Vale por renova\u00e7\u00e3o de concess\u00f5es ferrovi\u00e1rias"},"content":{"rendered":"<div class=\"lavra-antes-do-conteudo_2\" id=\"lavra-2098158132\"><div id=\"lavra-slider-27\" class=\"custom-slider lavra-slider-3802418125 lavra-slider\"><ul><li><div style=\"margin-left: auto;margin-right: auto;text-align: center;\" id=\"lavra-2974116451\"><a href=\"https:\/\/sistemas.lavras.mg.gov.br\/portalcidadao\/#df1b1a7c7b2a290bcb31e32771e610784662739a88807c0dacac58ede5f391a7530e299dc302d611ee73cb143fc22eaf93592e53e7b5bdb01b00a0b8d28dae460c141dd2ff83412e4dc1c31b16b25f33144a9e5620ea73b13f5bc1c59411d98439ad226e8af03840603796067d87afe130812cf3de24982d0e306f9e61e764e5\" aria-label=\"Lavras-TV&#8211;720x104px (1) (1)\"><img src=\"https:\/\/lavras.tv\/site\/wp-content\/uploads\/2025\/01\/Lavras-TV-720x104px-1-1.png\" alt=\"\"  srcset=\"https:\/\/lavras.tv\/site\/wp-content\/uploads\/2025\/01\/Lavras-TV-720x104px-1-1.png 720w, https:\/\/lavras.tv\/site\/wp-content\/uploads\/2025\/01\/Lavras-TV-720x104px-1-1-470x68.png 470w, https:\/\/lavras.tv\/site\/wp-content\/uploads\/2025\/01\/Lavras-TV-720x104px-1-1-170x25.png 170w, https:\/\/lavras.tv\/site\/wp-content\/uploads\/2025\/01\/Lavras-TV-720x104px-1-1-200x29.png 200w\" sizes=\"(max-width: 720px) 100vw, 720px\" width=\"720\" height=\"104\"  style=\"display: inline-block;\" \/><\/a><\/div><\/li><li><a href=\"https:\/\/sistemas.lavras.mg.gov.br\/portalcidadao\/#df1b1a7c7b2a290bcb31e32771e610784662739a88807c0dacac58ede5f391a7530e299dc302d611ee73cb143fc22eaf93592e53e7b5bdb01b00a0b8d28dae460c141dd2ff83412e4dc1c31b16b25f33144a9e5620ea73b13f5bc1c59411d98439ad226e8af03840603796067d87afe130812cf3de24982d0e306f9e61e764e5\" aria-label=\"Banner_Emprego_PortallavrasTV\"><img src=\"https:\/\/lavras.tv\/site\/wp-content\/uploads\/2025\/03\/Banner_Emprego_PortallavrasTV.png\" alt=\"\"  srcset=\"https:\/\/lavras.tv\/site\/wp-content\/uploads\/2025\/03\/Banner_Emprego_PortallavrasTV.png 720w, https:\/\/lavras.tv\/site\/wp-content\/uploads\/2025\/03\/Banner_Emprego_PortallavrasTV-470x68.png 470w, https:\/\/lavras.tv\/site\/wp-content\/uploads\/2025\/03\/Banner_Emprego_PortallavrasTV-170x25.png 170w, https:\/\/lavras.tv\/site\/wp-content\/uploads\/2025\/03\/Banner_Emprego_PortallavrasTV-200x29.png 200w\" sizes=\"(max-width: 720px) 100vw, 720px\" width=\"720\" height=\"104\"   \/><\/a><\/li><li><a href=\"https:\/\/sistemas.lavras.mg.gov.br\/portalcidadao\/#df1b1a7c7b2a290bcb31e32771e610784662739a88807c0dacac58ede5f391a7530e299dc302d611ee73cb143fc22eaf93592e53e7b5bdb01b00a0b8d28dae460c141dd2ff83412e4dc1c31b16b25f33144a9e5620ea73b13f5bc1c59411d98439ad226e8af03840603796067d87afe130812cf3de24982d0e306f9e61e764e5\" aria-label=\"Banner_Obras_PortallavrasTV\"><img src=\"https:\/\/lavras.tv\/site\/wp-content\/uploads\/2025\/03\/Banner_Obras_PortallavrasTV.png\" alt=\"\"  srcset=\"https:\/\/lavras.tv\/site\/wp-content\/uploads\/2025\/03\/Banner_Obras_PortallavrasTV.png 720w, https:\/\/lavras.tv\/site\/wp-content\/uploads\/2025\/03\/Banner_Obras_PortallavrasTV-470x68.png 470w, https:\/\/lavras.tv\/site\/wp-content\/uploads\/2025\/03\/Banner_Obras_PortallavrasTV-170x25.png 170w, https:\/\/lavras.tv\/site\/wp-content\/uploads\/2025\/03\/Banner_Obras_PortallavrasTV-200x29.png 200w\" sizes=\"(max-width: 720px) 100vw, 720px\" width=\"720\" height=\"104\"   \/><\/a><\/li><li><div style=\"margin-left: auto;margin-right: auto;text-align: center;\" id=\"lavra-3451575776\"><a href=\"https:\/\/sistemas.lavras.mg.gov.br\/portalcidadao\/#df1b1a7c7b2a290bcb31e32771e610784662739a88807c0dacac58ede5f391a7530e299dc302d611ee73cb143fc22eaf93592e53e7b5bdb01b00a0b8d28dae460c141dd2ff83412e4dc1c31b16b25f33144a9e5620ea73b13f5bc1c59411d98439ad226e8af03840603796067d87afe130812cf3de24982d0e306f9e61e764e5\" aria-label=\"Banner_Educa\u00e7\u00e3o_PortallavrasTV\"><img src=\"https:\/\/lavras.tv\/site\/wp-content\/uploads\/2025\/01\/Banner_Educacao_PortallavrasTV.png\" alt=\"\"  srcset=\"https:\/\/lavras.tv\/site\/wp-content\/uploads\/2025\/01\/Banner_Educacao_PortallavrasTV.png 720w, https:\/\/lavras.tv\/site\/wp-content\/uploads\/2025\/01\/Banner_Educacao_PortallavrasTV-470x68.png 470w, https:\/\/lavras.tv\/site\/wp-content\/uploads\/2025\/01\/Banner_Educacao_PortallavrasTV-170x25.png 170w, https:\/\/lavras.tv\/site\/wp-content\/uploads\/2025\/01\/Banner_Educacao_PortallavrasTV-200x29.png 200w\" sizes=\"(max-width: 720px) 100vw, 720px\" width=\"720\" height=\"104\"  style=\"display: inline-block;\" \/><\/a><\/div><\/li><li><a href=\"https:\/\/sistemas.lavras.mg.gov.br\/portalcidadao\/#df1b1a7c7b2a290bcb31e32771e610784662739a88807c0dacac58ede5f391a7530e299dc302d611ee73cb143fc22eaf93592e53e7b5bdb01b00a0b8d28dae460c141dd2ff83412e4dc1c31b16b25f33144a9e5620ea73b13f5bc1c59411d98439ad226e8af03840603796067d87afe130812cf3de24982d0e306f9e61e764e5\" aria-label=\"Banner_Sa\u00fade_PortallavrasTV\"><img src=\"https:\/\/lavras.tv\/site\/wp-content\/uploads\/2025\/03\/Banner_Saude_PortallavrasTV.png\" alt=\"\"  srcset=\"https:\/\/lavras.tv\/site\/wp-content\/uploads\/2025\/03\/Banner_Saude_PortallavrasTV.png 720w, https:\/\/lavras.tv\/site\/wp-content\/uploads\/2025\/03\/Banner_Saude_PortallavrasTV-470x68.png 470w, https:\/\/lavras.tv\/site\/wp-content\/uploads\/2025\/03\/Banner_Saude_PortallavrasTV-170x25.png 170w, https:\/\/lavras.tv\/site\/wp-content\/uploads\/2025\/03\/Banner_Saude_PortallavrasTV-200x29.png 200w\" sizes=\"(max-width: 720px) 100vw, 720px\" width=\"720\" height=\"104\"   \/><\/a><\/li><li><div id=\"lavra-2211548045\" style=\"width:720px;height:104px;background-color:#ddd;overflow:scroll;\">\n\t<strong>Sa\u00edda da depura\u00e7\u00e3o de an\u00fancios<\/strong>\n\t<br><br>\n\tO an\u00fancio n\u00e3o \u00e9 exibido na p\u00e1gina<br><br>post atual: Governo firma acordo de R$ 17 bilh\u00f5es com a Vale por renova\u00e7\u00e3o de concess\u00f5es ferrovi\u00e1rias, ID: 147662<br><br><span style=\"color: red;\">O post atual n\u00e3o \u00e9 id\u00eantico ao post principal.<\/span><br><br>An\u00fancios: ROXO - TOPO INTERNA - ROTATIVO 2 (197)<br \/>Grupo de an\u00fancios: Princ_Meio01_720x104 (27)<br><br>Condi\u00e7\u00f5es de exibi\u00e7\u00e3o<div style=\"margin-bottom: 20px; white-space: pre-wrap; font-family: monospace; width: 100%; background: #ffe9e9;\"><strong>condi\u00e7\u00f5es gerais<\/strong><table border=\"1\"><thead><tr><th><\/th><th>An\u00fancios<\/th><th>wp_the_query<\/th><\/tr><\/thead><tr><td>is_main_query<\/td><td>1<\/td><td>1<\/td><\/tr><tr><td>is_rest_api<\/td><td>0<\/td><td>1<\/td><\/tr><tr><td>page<\/td><td>0<\/td><td>1<\/td><\/tr><tr><td>numpages<\/td><td>0<\/td><td>1<\/td><\/tr><tr><td>is_archive<\/td><td>1<\/td><td><\/td><\/tr><tr><td>is_search<\/td><td>1<\/td><td><\/td><\/tr><tr><td>is_home<\/td><td>1<\/td><td><\/td><\/tr><tr><td>is_404<\/td><td>1<\/td><td><\/td><\/tr><tr><td>is_attachment<\/td><td>1<\/td><td><\/td><\/tr><tr><td>is_singular<\/td><td>1<\/td><td><\/td><\/tr><tr><td>is_front_page<\/td><td>1<\/td><td><\/td><\/tr><tr><td>is_feed<\/td><td>1<\/td><td><\/td><\/tr><\/table><\/div><br><br><span style=\"color: red;\">Seu site usa HTTPS, mas o c\u00f3digo do an\u00fancio cont\u00e9m HTTP e pode n\u00e3o funcionar.<\/span>\t<br><br>\n\t<a style=\"color: green;\" href=\"https:\/\/wpadvancedads.com\/manual\/ad-debug-mode\/?utm_source=advanced-ads&utm_medium=link&utm_campaign=ad-debug-mode\" target=\"_blank\" rel=\"nofollow\">Encontre solu\u00e7\u00f5es no manual<\/a>\n<\/div>\n<\/li><\/ul><\/div><script>( window.advanced_ads_ready || jQuery( document ).ready ).call( null, function() {var $lavraslider3802418125 = jQuery( \".lavra-slider-3802418125\" );$lavraslider3802418125.on( \"unslider.ready\", function() { jQuery( \"div.custom-slider ul li\" ).css( \"display\", \"block\" ); });$lavraslider3802418125.unslider({ delay:4000, autoplay:true, nav:false, arrows:false, infinite:true });$lavraslider3802418125.on(\"mouseover\", function() {$lavraslider3802418125.unslider(\"stop\");}).on(\"mouseout\", function() {$lavraslider3802418125.unslider(\"start\");});});<\/script><\/div>\n<p>Revis\u00e3o dos contratos das Estradas de Ferro Caraj\u00e1s e Vit\u00f3ria a Minas prev\u00ea aporte imediato da companhia de R$ 4 bilh\u00f5es e investimentos adicionais no Esp\u00edrito Santo<\/p>\n\n\n\n<figure class=\"wp-block-image size-large\"><img fetchpriority=\"high\" decoding=\"async\" width=\"970\" height=\"646\" src=\"https:\/\/lavras.tv\/site\/wp-content\/uploads\/2024\/12\/download-970x646.jpg\" alt=\"\" class=\"wp-image-147663\" srcset=\"https:\/\/lavras.tv\/site\/wp-content\/uploads\/2024\/12\/download-970x646.jpg 970w, https:\/\/lavras.tv\/site\/wp-content\/uploads\/2024\/12\/download-450x300.jpg 450w, https:\/\/lavras.tv\/site\/wp-content\/uploads\/2024\/12\/download-170x113.jpg 170w, https:\/\/lavras.tv\/site\/wp-content\/uploads\/2024\/12\/download-200x133.jpg 200w, https:\/\/lavras.tv\/site\/wp-content\/uploads\/2024\/12\/download.jpg 1024w\" sizes=\"(max-width: 970px) 100vw, 970px\" \/><\/figure>\n\n\n\n<p>O\u00a0<strong>Minist\u00e9rio dos Transportes<\/strong>\u00a0e a\u00a0<a href=\"https:\/\/exame.com\/invest\/mercados\/vale-ajusta-projecoes-e-mira-producao-de-minerio-de-ferro-estavel-ate-2030\/\" target=\"_blank\" rel=\"noreferrer noopener\"><strong>Vale<\/strong>\u00a0<\/a>firmaram nesta segunda-feira, 30, um acordo para revis\u00e3o dos contratos de concess\u00e3o da<strong>\u00a0Estrada de Ferro Caraj\u00e1s (EFC) e da Estrada de Ferro Vit\u00f3ria a Minas (EFVM).<\/strong><\/p>\n\n\n\n<p>O ajuste prev\u00ea que a companhia realizar\u00e1 um aporte de mais de\u00a0R$ 17 bilh\u00f5es nas ferrovias. Os termos do entendimento ainda ser\u00e3o analisados pelo Tribunal de Contas da Uni\u00e3o (TCU).<\/p>\n\n\n\n<p>Os contratos das ferrovias foram prorrogados antecipadamente em 2020, estendendo a concess\u00e3o at\u00e9 2057. A nova repactua\u00e7\u00e3o foi aceita pela concession\u00e1ria por meio de um protocolo de inten\u00e7\u00f5es assinado entre as partes. Segundo o ministro dos Transportes, Renan Filho, o acordo \u00e9 um marco para o setor.<\/p>\n\n\n\n<p>\u201cFirmamos hoje um entendimento hist\u00f3rico com a Vale S.A., que vai injetar mais de R$ 17 bilh\u00f5es na infraestrutura do Brasil. Essa repactua\u00e7\u00e3o demonstra a solidez da parceria da atual gest\u00e3o federal com o setor privado, crucial para ampliar os investimentos na nossa log\u00edstica\u201d, afirmou.<\/p>\n\n\n\n<p>O protocolo firmado prev\u00ea o repasse imediato de R$ 4 bilh\u00f5es \u00e0 Uni\u00e3o como ajuste regulat\u00f3rio preliminar. Outros R$ 7 bilh\u00f5es s\u00e3o relacionados \u00e0 soma do ajuste preliminar, replanejamento de investimentos, altera\u00e7\u00f5es no projeto da Ferrovia de Integra\u00e7\u00e3o Centro-Oeste (FICO) e acr\u00e9scimos \u00e0 outorga global.<\/p>\n\n\n\n<p>Al\u00e9m disso, o acordo estabelece&nbsp;um investimento adicional de R$ 6 bilh\u00f5es&nbsp;para a constru\u00e7\u00e3o do trecho ferrovi\u00e1rio entre as cidades de Cariacica e Anchieta, no Esp\u00edrito Santo. O trecho integra a EF-118 e \u00e9 conhecido como o Anel Ferrovi\u00e1rio do Sudeste.&nbsp;Ser\u00e3o 13 munic\u00edpios beneficiados na primeira fase (dez capixabas e tr\u00eas fluminenses) e 24 no total.<\/p>\n\n\n\n<p>Em nota, a Vale informou que a repactua\u00e7\u00e3o do contrato ser\u00e1 realizada conforme os termos vigentes das concess\u00f5es, &#8220;visando promover sua moderniza\u00e7\u00e3o e atualiza\u00e7\u00e3o&#8221;.<\/p>\n\n\n\n<p>Segundo a empresa, o acordo prev\u00ea um aporte global de cerca de R$ 11 bilh\u00f5es, destinado \u00e0 revis\u00e3o da base de ativos das ferrovias concedidas, \u00e0 otimiza\u00e7\u00e3o de obriga\u00e7\u00f5es contratuais e ao replanejamento de investimentos. Como resultado da transa\u00e7\u00e3o, haver\u00e1 um aumento de R$ 1,7 bilh\u00e3o na provis\u00e3o relacionada \u00e0s concess\u00f5es ferrovi\u00e1rias.<\/p>\n\n\n\n<p>A Vale destacou que o aporte inclui todos os investimentos e obriga\u00e7\u00f5es previstas nos contratos de concess\u00e3o, assegurando solu\u00e7\u00f5es consensuais e definitivas para a otimiza\u00e7\u00e3o dessas obriga\u00e7\u00f5es, incluindo obras e novos investimentos.<\/p>\n\n\n\n<p>\u201cA repactua\u00e7\u00e3o dos contratos de concess\u00e3o, uma vez conclu\u00edda, trar\u00e1 definitividade ao tema de obriga\u00e7\u00f5es e investimentos da Vale em suas duas concess\u00f5es ferrovi\u00e1rias\u201d, concluiu a nota.<\/p>\n\n\n\n<p>A origem do impasse sobre as ferrovias remonta ao governo anterior e envolve outras empresas. Durante a gest\u00e3o de Jair Bolsonaro, Vale, MRS e Rumo obtiveram a renova\u00e7\u00e3o antecipada de seus contratos de concess\u00e3o. A atual gest\u00e3o considerou que os\u00a0valores pagos ficaram muito aqu\u00e9m do razo\u00e1vel, considerando que as empresas t\u00eam o direito de explorar os ativos por mais de 30 anos.\u00a0<\/p>\n","protected":false},"excerpt":{"rendered":"<p>Revis\u00e3o dos contratos das Estradas de Ferro Caraj\u00e1s e Vit\u00f3ria a Minas prev\u00ea aporte imediato da companhia de R$ 4 bilh\u00f5es e investimentos adicionais no Esp\u00edrito Santo O\u00a0Minist\u00e9rio dos Transportes\u00a0e a\u00a0Vale\u00a0firmaram nesta segunda-feira, 30, um acordo para revis\u00e3o dos contratos de concess\u00e3o da\u00a0Estrada de Ferro Caraj\u00e1s (EFC) e da Estrada de Ferro Vit\u00f3ria a Minas [&hellip;]<\/p>\n","protected":false},"author":5,"featured_media":147663,"comment_status":"closed","ping_status":"open","sticky":false,"template":"","format":"standard","meta":{"advgb_blocks_editor_width":"","advgb_blocks_columns_visual_guide":"","_exactmetrics_skip_tracking":false,"_exactmetrics_sitenote_active":false,"_exactmetrics_sitenote_note":"","_exactmetrics_sitenote_category":0,"footnotes":""},"categories":[7,2],"tags":[],"class_list":["post-147662","post","type-post","status-publish","format-standard","has-post-thumbnail","hentry","category-destaques","category-noticias"],"better_featured_image":{"id":147663,"alt_text":"","caption":"","description":"","media_type":"image","media_details":{"width":1024,"height":682,"file":"2024\/12\/download.jpg","filesize":119466,"sizes":{"medium":{"file":"download-450x300.jpg","width":450,"height":300,"mime-type":"image\/jpeg","filesize":22050,"source_url":"https:\/\/lavras.tv\/site\/wp-content\/uploads\/2024\/12\/download-450x300.jpg"},"large":{"file":"download-970x646.jpg","width":970,"height":646,"mime-type":"image\/jpeg","filesize":75707,"source_url":"https:\/\/lavras.tv\/site\/wp-content\/uploads\/2024\/12\/download-970x646.jpg"},"thumbnail":{"file":"download-170x113.jpg","width":170,"height":113,"mime-type":"image\/jpeg","filesize":4454,"source_url":"https:\/\/lavras.tv\/site\/wp-content\/uploads\/2024\/12\/download-170x113.jpg"},"lshowcase-thumb":{"file":"download-200x133.jpg","width":200,"height":133,"mime-type":"image\/jpeg","filesize":5680,"source_url":"https:\/\/lavras.tv\/site\/wp-content\/uploads\/2024\/12\/download-200x133.jpg"},"alm-thumbnail":{"file":"download-150x150.jpg","width":150,"height":150,"mime-type":"image\/jpeg","filesize":4874,"source_url":"https:\/\/lavras.tv\/site\/wp-content\/uploads\/2024\/12\/download-150x150.jpg"}},"image_meta":{"aperture":"0","credit":"","camera":"","caption":"","created_timestamp":"0","copyright":"","focal_length":"0","iso":"0","shutter_speed":"0","title":"","orientation":"1","keywords":[]}},"post":147662,"source_url":"https:\/\/lavras.tv\/site\/wp-content\/uploads\/2024\/12\/download.jpg"},"author_meta":{"display_name":"Vinicius Bustamante","author_link":"https:\/\/lavras.tv\/site\/author\/vinicius-bustamante\/"},"featured_img":"https:\/\/lavras.tv\/site\/wp-content\/uploads\/2024\/12\/download-450x300.jpg","coauthors":[],"tax_additional":{"categories":{"linked":["<a href=\"https:\/\/lavras.tv\/site\/category\/destaques\/\" class=\"advgb-post-tax-term\">Destaques<\/a>","<a href=\"https:\/\/lavras.tv\/site\/category\/noticias\/\" class=\"advgb-post-tax-term\">Not\u00edcias<\/a>"],"unlinked":["<span class=\"advgb-post-tax-term\">Destaques<\/span>","<span class=\"advgb-post-tax-term\">Not\u00edcias<\/span>"]}},"comment_count":"0","relative_dates":{"created":"Publicado 1 ano atr\u00e1s","modified":"Atualizado 1 ano atr\u00e1s"},"absolute_dates":{"created":"Publicado em 31 de dezembro de 2024","modified":"Atualizado em 31 de dezembro de 2024"},"absolute_dates_time":{"created":"Publicado em 31 de dezembro de 2024 14:43","modified":"Atualizado em 31 de dezembro de 2024 14:43"},"featured_img_caption":"","series_order":"","_links":{"self":[{"href":"https:\/\/lavras.tv\/site\/wp-json\/wp\/v2\/posts\/147662","targetHints":{"allow":["GET"]}}],"collection":[{"href":"https:\/\/lavras.tv\/site\/wp-json\/wp\/v2\/posts"}],"about":[{"href":"https:\/\/lavras.tv\/site\/wp-json\/wp\/v2\/types\/post"}],"author":[{"embeddable":true,"href":"https:\/\/lavras.tv\/site\/wp-json\/wp\/v2\/users\/5"}],"replies":[{"embeddable":true,"href":"https:\/\/lavras.tv\/site\/wp-json\/wp\/v2\/comments?post=147662"}],"version-history":[{"count":1,"href":"https:\/\/lavras.tv\/site\/wp-json\/wp\/v2\/posts\/147662\/revisions"}],"predecessor-version":[{"id":147664,"href":"https:\/\/lavras.tv\/site\/wp-json\/wp\/v2\/posts\/147662\/revisions\/147664"}],"wp:featuredmedia":[{"embeddable":true,"href":"https:\/\/lavras.tv\/site\/wp-json\/wp\/v2\/media\/147663"}],"wp:attachment":[{"href":"https:\/\/lavras.tv\/site\/wp-json\/wp\/v2\/media?parent=147662"}],"wp:term":[{"taxonomy":"category","embeddable":true,"href":"https:\/\/lavras.tv\/site\/wp-json\/wp\/v2\/categories?post=147662"},{"taxonomy":"post_tag","embeddable":true,"href":"https:\/\/lavras.tv\/site\/wp-json\/wp\/v2\/tags?post=147662"}],"curies":[{"name":"wp","href":"https:\/\/api.w.org\/{rel}","templated":true}]}}