{"id":14810,"date":"2018-02-20T09:32:33","date_gmt":"2018-02-20T12:32:33","guid":{"rendered":"http:\/\/lavras.tv\/site\/?p=14810"},"modified":"2018-02-20T09:32:33","modified_gmt":"2018-02-20T12:32:33","slug":"ministro-carlos-marun-anuncia-oficialmente-suspensao-da-reforma-da-previdencia","status":"publish","type":"post","link":"https:\/\/lavras.tv\/site\/2018\/02\/20\/ministro-carlos-marun-anuncia-oficialmente-suspensao-da-reforma-da-previdencia\/","title":{"rendered":"Ministro Carlos Marun anuncia oficialmente suspens\u00e3o da reforma da Previd\u00eancia"},"content":{"rendered":"<div class=\"lavra-antes-do-conteudo_2\" id=\"lavra-3209263874\"><div id=\"lavra-slider-27\" class=\"custom-slider lavra-slider-2799591262 lavra-slider\"><ul><li><div style=\"margin-left: auto;margin-right: auto;text-align: center;\" id=\"lavra-66410363\"><a href=\"https:\/\/sistemas.lavras.mg.gov.br\/portalcidadao\/#df1b1a7c7b2a290bcb31e32771e610784662739a88807c0dacac58ede5f391a7530e299dc302d611ee73cb143fc22eaf93592e53e7b5bdb01b00a0b8d28dae460c141dd2ff83412e4dc1c31b16b25f33144a9e5620ea73b13f5bc1c59411d98439ad226e8af03840603796067d87afe130812cf3de24982d0e306f9e61e764e5\" aria-label=\"Lavras-TV&#8211;720x104px (1) (1)\"><img src=\"https:\/\/lavras.tv\/site\/wp-content\/uploads\/2025\/01\/Lavras-TV-720x104px-1-1.png\" alt=\"\"  srcset=\"https:\/\/lavras.tv\/site\/wp-content\/uploads\/2025\/01\/Lavras-TV-720x104px-1-1.png 720w, https:\/\/lavras.tv\/site\/wp-content\/uploads\/2025\/01\/Lavras-TV-720x104px-1-1-470x68.png 470w, https:\/\/lavras.tv\/site\/wp-content\/uploads\/2025\/01\/Lavras-TV-720x104px-1-1-170x25.png 170w, https:\/\/lavras.tv\/site\/wp-content\/uploads\/2025\/01\/Lavras-TV-720x104px-1-1-200x29.png 200w\" sizes=\"(max-width: 720px) 100vw, 720px\" width=\"720\" height=\"104\"  style=\"display: inline-block;\" \/><\/a><\/div><\/li><li><a href=\"https:\/\/sistemas.lavras.mg.gov.br\/portalcidadao\/#df1b1a7c7b2a290bcb31e32771e610784662739a88807c0dacac58ede5f391a7530e299dc302d611ee73cb143fc22eaf93592e53e7b5bdb01b00a0b8d28dae460c141dd2ff83412e4dc1c31b16b25f33144a9e5620ea73b13f5bc1c59411d98439ad226e8af03840603796067d87afe130812cf3de24982d0e306f9e61e764e5\" aria-label=\"Banner_Emprego_PortallavrasTV\"><img src=\"https:\/\/lavras.tv\/site\/wp-content\/uploads\/2025\/03\/Banner_Emprego_PortallavrasTV.png\" alt=\"\"  srcset=\"https:\/\/lavras.tv\/site\/wp-content\/uploads\/2025\/03\/Banner_Emprego_PortallavrasTV.png 720w, https:\/\/lavras.tv\/site\/wp-content\/uploads\/2025\/03\/Banner_Emprego_PortallavrasTV-470x68.png 470w, https:\/\/lavras.tv\/site\/wp-content\/uploads\/2025\/03\/Banner_Emprego_PortallavrasTV-170x25.png 170w, https:\/\/lavras.tv\/site\/wp-content\/uploads\/2025\/03\/Banner_Emprego_PortallavrasTV-200x29.png 200w\" sizes=\"(max-width: 720px) 100vw, 720px\" width=\"720\" height=\"104\"   \/><\/a><\/li><li><a href=\"https:\/\/sistemas.lavras.mg.gov.br\/portalcidadao\/#df1b1a7c7b2a290bcb31e32771e610784662739a88807c0dacac58ede5f391a7530e299dc302d611ee73cb143fc22eaf93592e53e7b5bdb01b00a0b8d28dae460c141dd2ff83412e4dc1c31b16b25f33144a9e5620ea73b13f5bc1c59411d98439ad226e8af03840603796067d87afe130812cf3de24982d0e306f9e61e764e5\" aria-label=\"Banner_Obras_PortallavrasTV\"><img src=\"https:\/\/lavras.tv\/site\/wp-content\/uploads\/2025\/03\/Banner_Obras_PortallavrasTV.png\" alt=\"\"  srcset=\"https:\/\/lavras.tv\/site\/wp-content\/uploads\/2025\/03\/Banner_Obras_PortallavrasTV.png 720w, https:\/\/lavras.tv\/site\/wp-content\/uploads\/2025\/03\/Banner_Obras_PortallavrasTV-470x68.png 470w, https:\/\/lavras.tv\/site\/wp-content\/uploads\/2025\/03\/Banner_Obras_PortallavrasTV-170x25.png 170w, https:\/\/lavras.tv\/site\/wp-content\/uploads\/2025\/03\/Banner_Obras_PortallavrasTV-200x29.png 200w\" sizes=\"(max-width: 720px) 100vw, 720px\" width=\"720\" height=\"104\"   \/><\/a><\/li><li><div style=\"margin-left: auto;margin-right: auto;text-align: center;\" id=\"lavra-242526922\"><a href=\"https:\/\/sistemas.lavras.mg.gov.br\/portalcidadao\/#df1b1a7c7b2a290bcb31e32771e610784662739a88807c0dacac58ede5f391a7530e299dc302d611ee73cb143fc22eaf93592e53e7b5bdb01b00a0b8d28dae460c141dd2ff83412e4dc1c31b16b25f33144a9e5620ea73b13f5bc1c59411d98439ad226e8af03840603796067d87afe130812cf3de24982d0e306f9e61e764e5\" aria-label=\"Banner_Educa\u00e7\u00e3o_PortallavrasTV\"><img src=\"https:\/\/lavras.tv\/site\/wp-content\/uploads\/2025\/01\/Banner_Educacao_PortallavrasTV.png\" alt=\"\"  srcset=\"https:\/\/lavras.tv\/site\/wp-content\/uploads\/2025\/01\/Banner_Educacao_PortallavrasTV.png 720w, https:\/\/lavras.tv\/site\/wp-content\/uploads\/2025\/01\/Banner_Educacao_PortallavrasTV-470x68.png 470w, https:\/\/lavras.tv\/site\/wp-content\/uploads\/2025\/01\/Banner_Educacao_PortallavrasTV-170x25.png 170w, https:\/\/lavras.tv\/site\/wp-content\/uploads\/2025\/01\/Banner_Educacao_PortallavrasTV-200x29.png 200w\" sizes=\"(max-width: 720px) 100vw, 720px\" width=\"720\" height=\"104\"  style=\"display: inline-block;\" \/><\/a><\/div><\/li><li><a href=\"https:\/\/sistemas.lavras.mg.gov.br\/portalcidadao\/#df1b1a7c7b2a290bcb31e32771e610784662739a88807c0dacac58ede5f391a7530e299dc302d611ee73cb143fc22eaf93592e53e7b5bdb01b00a0b8d28dae460c141dd2ff83412e4dc1c31b16b25f33144a9e5620ea73b13f5bc1c59411d98439ad226e8af03840603796067d87afe130812cf3de24982d0e306f9e61e764e5\" aria-label=\"Banner_Sa\u00fade_PortallavrasTV\"><img src=\"https:\/\/lavras.tv\/site\/wp-content\/uploads\/2025\/03\/Banner_Saude_PortallavrasTV.png\" alt=\"\"  srcset=\"https:\/\/lavras.tv\/site\/wp-content\/uploads\/2025\/03\/Banner_Saude_PortallavrasTV.png 720w, https:\/\/lavras.tv\/site\/wp-content\/uploads\/2025\/03\/Banner_Saude_PortallavrasTV-470x68.png 470w, https:\/\/lavras.tv\/site\/wp-content\/uploads\/2025\/03\/Banner_Saude_PortallavrasTV-170x25.png 170w, https:\/\/lavras.tv\/site\/wp-content\/uploads\/2025\/03\/Banner_Saude_PortallavrasTV-200x29.png 200w\" sizes=\"(max-width: 720px) 100vw, 720px\" width=\"720\" height=\"104\"   \/><\/a><\/li><li><div id=\"lavra-852762574\" style=\"width:720px;height:104px;background-color:#ddd;overflow:scroll;\">\n\t<strong>Sa\u00edda da depura\u00e7\u00e3o de an\u00fancios<\/strong>\n\t<br><br>\n\tO an\u00fancio n\u00e3o \u00e9 exibido na p\u00e1gina<br><br>post atual: Ministro Carlos Marun anuncia oficialmente suspens\u00e3o da reforma da Previd\u00eancia, ID: 14810<br><br><span style=\"color: red;\">O post atual n\u00e3o \u00e9 id\u00eantico ao post principal.<\/span><br><br>An\u00fancios: ROXO - TOPO INTERNA - ROTATIVO 2 (197)<br \/>Grupo de an\u00fancios: Princ_Meio01_720x104 (27)<br><br>Condi\u00e7\u00f5es de exibi\u00e7\u00e3o<div style=\"margin-bottom: 20px; white-space: pre-wrap; font-family: monospace; width: 100%; background: #ffe9e9;\"><strong>condi\u00e7\u00f5es gerais<\/strong><table border=\"1\"><thead><tr><th><\/th><th>An\u00fancios<\/th><th>wp_the_query<\/th><\/tr><\/thead><tr><td>is_main_query<\/td><td>1<\/td><td>1<\/td><\/tr><tr><td>is_rest_api<\/td><td>0<\/td><td>1<\/td><\/tr><tr><td>page<\/td><td>0<\/td><td>1<\/td><\/tr><tr><td>numpages<\/td><td>0<\/td><td>1<\/td><\/tr><tr><td>is_archive<\/td><td>1<\/td><td><\/td><\/tr><tr><td>is_search<\/td><td>1<\/td><td><\/td><\/tr><tr><td>is_home<\/td><td>1<\/td><td><\/td><\/tr><tr><td>is_404<\/td><td>1<\/td><td><\/td><\/tr><tr><td>is_attachment<\/td><td>1<\/td><td><\/td><\/tr><tr><td>is_singular<\/td><td>1<\/td><td><\/td><\/tr><tr><td>is_front_page<\/td><td>1<\/td><td><\/td><\/tr><tr><td>is_feed<\/td><td>1<\/td><td><\/td><\/tr><\/table><\/div><br><br><span style=\"color: red;\">Seu site usa HTTPS, mas o c\u00f3digo do an\u00fancio cont\u00e9m HTTP e pode n\u00e3o funcionar.<\/span>\t<br><br>\n\t<a style=\"color: green;\" href=\"https:\/\/wpadvancedads.com\/manual\/ad-debug-mode\/?utm_source=advanced-ads&utm_medium=link&utm_campaign=ad-debug-mode\" target=\"_blank\" rel=\"nofollow\">Encontre solu\u00e7\u00f5es no manual<\/a>\n<\/div>\n<\/li><\/ul><\/div><script>( window.advanced_ads_ready || jQuery( document ).ready ).call( null, function() {var $lavraslider2799591262 = jQuery( \".lavra-slider-2799591262\" );$lavraslider2799591262.on( \"unslider.ready\", function() { jQuery( \"div.custom-slider ul li\" ).css( \"display\", \"block\" ); });$lavraslider2799591262.unslider({ delay:4000, autoplay:true, nav:false, arrows:false, infinite:true });$lavraslider2799591262.on(\"mouseover\", function() {$lavraslider2799591262.unslider(\"stop\");}).on(\"mouseout\", function() {$lavraslider2799591262.unslider(\"start\");});});<\/script><\/div><p>Depois de sustentar o discurso de que continuaria trabalhando pela aprova\u00e7\u00e3o da reforma da Previd\u00eancia mesmo com a interven\u00e7\u00e3o no estado do Rio de Janeiro, o governo federal anunciou oficialmente a suspens\u00e3o da tramita\u00e7\u00e3o da proposta que muda as regras de aposentadoria e pens\u00e3o no pa\u00eds.<!--more--> O porta-voz da decis\u00e3o foi o ministro da Secretaria de Governo, Carlos Marun, que admitiu haver &#8220;inseguran\u00e7a jur\u00eddica&#8221; sobre a possibilidade de continuar discutindo a reforma durante o per\u00edodo da interven\u00e7\u00e3o e suspender o decreto para promulgar as altera\u00e7\u00f5es, como era o plano do presidente Michel Temer.<\/p>\n<p><img fetchpriority=\"high\" decoding=\"async\" class=\"alignnone size-full wp-image-14811 aligncenter\" src=\"http:\/\/lavras.tv\/site\/wp-content\/uploads\/2018\/02\/marun.jpg\" alt=\"marun\" width=\"1200\" height=\"800\" srcset=\"https:\/\/lavras.tv\/site\/wp-content\/uploads\/2018\/02\/marun.jpg 1200w, https:\/\/lavras.tv\/site\/wp-content\/uploads\/2018\/02\/marun-150x100.jpg 150w, https:\/\/lavras.tv\/site\/wp-content\/uploads\/2018\/02\/marun-300x200.jpg 300w, https:\/\/lavras.tv\/site\/wp-content\/uploads\/2018\/02\/marun-1024x683.jpg 1024w, https:\/\/lavras.tv\/site\/wp-content\/uploads\/2018\/02\/marun-480x320.jpg 480w, https:\/\/lavras.tv\/site\/wp-content\/uploads\/2018\/02\/marun-272x182.jpg 272w\" sizes=\"(max-width: 1200px) 100vw, 1200px\" \/><\/p>\n<p>&#8220;Hoje, tramita\u00e7\u00e3o da reforma da Previd\u00eancia est\u00e1 suspensa&#8221;, disse Marun. Ele evitou cravar uma nova data, mas assegurou que a vota\u00e7\u00e3o da reforma em fevereiro est\u00e1 &#8220;fora de cogita\u00e7\u00e3o&#8221;. O ministro acenou com uma possibilidade de aprecia\u00e7\u00e3o da proposta pelo Congresso em novembro, desde que o governo entenda que as raz\u00f5es que motivaram o decreto de interven\u00e7\u00e3o (que vale at\u00e9 dezembro de 2018) cessaram antes do per\u00edodo estipulado.<\/p>\n<p>&#8220;Pode votar antes de dezembro se o governo entender que os motivos que promoveram a edi\u00e7\u00e3o do decreto tenham cessado&#8221;, disse. &#8220;N\u00e3o temos a inten\u00e7\u00e3o de suspender o decreto&#8221;, afirmou.<\/p>\n<p>A Constitui\u00e7\u00e3o impede mudan\u00e7as em seu texto durante per\u00edodos de interven\u00e7\u00e3o federal. Temer tra\u00e7ou uma estrat\u00e9gia inicial de continuar discutindo a proposta com lideran\u00e7as para viabilizar a vota\u00e7\u00e3o. O decreto de interven\u00e7\u00e3o na seguran\u00e7a p\u00fablica do Rio seria suspenso apenas para votar a proposta e promulg\u00e1-la.<\/p>\n<p>Nesta segunda-feira, 19, no entanto, o presidente do Senado, Eun\u00edcio Oliveira (PMDB-CE), endureceu o discurso e disse que n\u00e3o pautaria nenhuma Proposta de Emenda \u00e0 Constitui\u00e7\u00e3o (PEC) para discuss\u00e3o ou vota\u00e7\u00e3o na Casa. Segundo ele, o artigo da Constitui\u00e7\u00e3o impede at\u00e9 mesmo o debate de mudan\u00e7as constitucionais pelo Legislativo, n\u00e3o apenas a promulga\u00e7\u00e3o.<\/p>\n<p>&#8220;As palavras de Eun\u00edcio n\u00e3o s\u00e3o de todo desarrazoadas&#8221;, admitiu Marun, que se reuniu por cerca de tr\u00eas horas com deputados da base aliada do governo. Segundo o ministro, o governo tamb\u00e9m v\u00ea com preocupa\u00e7\u00e3o a seguran\u00e7a jur\u00eddica da tramita\u00e7\u00e3o da reforma da Previd\u00eancia em meio \u00e0 interven\u00e7\u00e3o federal. Marun disse que o governo \u00e9 &#8220;contr\u00e1rio a interpreta\u00e7\u00f5es criativas&#8221; e mostrou mudan\u00e7a na estrat\u00e9gia tra\u00e7ada ao negar agora a inten\u00e7\u00e3o de suspender o decreto &#8211; o que seria algo &#8220;controverso&#8221;, segundo o ministro.<\/p>\n<p>Fonte: Itatiaia<\/p>\n","protected":false},"excerpt":{"rendered":"<p>Depois de sustentar o discurso de que continuaria trabalhando pela aprova\u00e7\u00e3o da reforma da Previd\u00eancia mesmo com a interven\u00e7\u00e3o no estado do Rio de Janeiro, o governo federal anunciou oficialmente a suspens\u00e3o da tramita\u00e7\u00e3o da proposta que muda as regras de aposentadoria e pens\u00e3o no pa\u00eds.<\/p>\n","protected":false},"author":2,"featured_media":14811,"comment_status":"closed","ping_status":"open","sticky":false,"template":"","format":"standard","meta":{"advgb_blocks_editor_width":"","advgb_blocks_columns_visual_guide":"","_exactmetrics_skip_tracking":false,"_exactmetrics_sitenote_active":false,"_exactmetrics_sitenote_note":"","_exactmetrics_sitenote_category":0,"footnotes":""},"categories":[12],"tags":[1875],"class_list":["post-14810","post","type-post","status-publish","format-standard","has-post-thumbnail","hentry","category-politica","tag-reforma-da-previdencia"],"better_featured_image":{"id":14811,"alt_text":"","caption":"","description":"","media_type":"image","media_details":{"width":1200,"height":800,"file":"2018\/02\/marun.jpg","sizes":{"thumbnail":{"file":"marun-150x100.jpg","width":150,"height":100,"mime-type":"image\/jpeg","source_url":"https:\/\/lavras.tv\/site\/wp-content\/uploads\/2018\/02\/marun-150x100.jpg"},"medium":{"file":"marun-300x200.jpg","width":300,"height":200,"mime-type":"image\/jpeg","source_url":"https:\/\/lavras.tv\/site\/wp-content\/uploads\/2018\/02\/marun-300x200.jpg"},"large":{"file":"marun-1024x683.jpg","width":1024,"height":683,"mime-type":"image\/jpeg","source_url":"https:\/\/lavras.tv\/site\/wp-content\/uploads\/2018\/02\/marun-1024x683.jpg"},"featured-slider-img":{"file":"marun-640x480.jpg","width":640,"height":480,"mime-type":"image\/jpeg","source_url":"https:\/\/lavras.tv\/site\/wp-content\/uploads\/2018\/02\/marun-640x480.jpg"},"featured-post-img":{"file":"marun-480x320.jpg","width":480,"height":320,"mime-type":"image\/jpeg","source_url":"https:\/\/lavras.tv\/site\/wp-content\/uploads\/2018\/02\/marun-480x320.jpg"},"sow-carousel-default":{"file":"marun-272x182.jpg","width":272,"height":182,"mime-type":"image\/jpeg","source_url":"https:\/\/lavras.tv\/site\/wp-content\/uploads\/2018\/02\/marun-272x182.jpg"}},"image_meta":{"aperture":"0","credit":"Fabio Rodrigues Pozzebom\/Ag\u00eancia Brasil","camera":"","caption":"","created_timestamp":"0","copyright":"Agencia Brasil\/EBC","focal_length":"0","iso":"0","shutter_speed":"0","title":"","orientation":"0","keywords":[]}},"post":14810,"source_url":"https:\/\/lavras.tv\/site\/wp-content\/uploads\/2018\/02\/marun.jpg"},"author_meta":{"display_name":"Lavras TV","author_link":"https:\/\/lavras.tv\/site\/author\/lavrastv\/"},"featured_img":"https:\/\/lavras.tv\/site\/wp-content\/uploads\/2018\/02\/marun-300x200.jpg","coauthors":[],"tax_additional":{"categories":{"linked":["<a href=\"https:\/\/lavras.tv\/site\/category\/politica\/\" class=\"advgb-post-tax-term\">Pol\u00edtica<\/a>"],"unlinked":["<span class=\"advgb-post-tax-term\">Pol\u00edtica<\/span>"]},"tags":{"linked":["<a href=\"https:\/\/lavras.tv\/site\/category\/politica\/\" class=\"advgb-post-tax-term\">reforma da previd\u00eancia<\/a>"],"unlinked":["<span class=\"advgb-post-tax-term\">reforma da previd\u00eancia<\/span>"]}},"comment_count":"0","relative_dates":{"created":"Publicado 8 anos atr\u00e1s","modified":"Atualizado 8 anos atr\u00e1s"},"absolute_dates":{"created":"Publicado em 20 de fevereiro de 2018","modified":"Atualizado em 20 de fevereiro de 2018"},"absolute_dates_time":{"created":"Publicado em 20 de fevereiro de 2018 09:32","modified":"Atualizado em 20 de fevereiro de 2018 09:32"},"featured_img_caption":"","series_order":"","_links":{"self":[{"href":"https:\/\/lavras.tv\/site\/wp-json\/wp\/v2\/posts\/14810","targetHints":{"allow":["GET"]}}],"collection":[{"href":"https:\/\/lavras.tv\/site\/wp-json\/wp\/v2\/posts"}],"about":[{"href":"https:\/\/lavras.tv\/site\/wp-json\/wp\/v2\/types\/post"}],"author":[{"embeddable":true,"href":"https:\/\/lavras.tv\/site\/wp-json\/wp\/v2\/users\/2"}],"replies":[{"embeddable":true,"href":"https:\/\/lavras.tv\/site\/wp-json\/wp\/v2\/comments?post=14810"}],"version-history":[{"count":1,"href":"https:\/\/lavras.tv\/site\/wp-json\/wp\/v2\/posts\/14810\/revisions"}],"predecessor-version":[{"id":14812,"href":"https:\/\/lavras.tv\/site\/wp-json\/wp\/v2\/posts\/14810\/revisions\/14812"}],"wp:featuredmedia":[{"embeddable":true,"href":"https:\/\/lavras.tv\/site\/wp-json\/wp\/v2\/media\/14811"}],"wp:attachment":[{"href":"https:\/\/lavras.tv\/site\/wp-json\/wp\/v2\/media?parent=14810"}],"wp:term":[{"taxonomy":"category","embeddable":true,"href":"https:\/\/lavras.tv\/site\/wp-json\/wp\/v2\/categories?post=14810"},{"taxonomy":"post_tag","embeddable":true,"href":"https:\/\/lavras.tv\/site\/wp-json\/wp\/v2\/tags?post=14810"}],"curies":[{"name":"wp","href":"https:\/\/api.w.org\/{rel}","templated":true}]}}