{"id":148336,"date":"2025-01-03T16:13:31","date_gmt":"2025-01-03T19:13:31","guid":{"rendered":"https:\/\/lavras.tv\/site\/?p=148336"},"modified":"2025-01-03T16:13:32","modified_gmt":"2025-01-03T19:13:32","slug":"terminam-na-segunda-feira-6-1-as-inscricoes-para-o-concurso-do-bdmg","status":"publish","type":"post","link":"https:\/\/lavras.tv\/site\/2025\/01\/03\/terminam-na-segunda-feira-6-1-as-inscricoes-para-o-concurso-do-bdmg\/","title":{"rendered":"Terminam na segunda-feira (6\/1) as inscri\u00e7\u00f5es para o concurso do BDMG"},"content":{"rendered":"<div class=\"lavra-antes-do-conteudo_2\" id=\"lavra-1992855652\"><div id=\"lavra-slider-27\" class=\"custom-slider lavra-slider-1291320328 lavra-slider\"><ul><li><div style=\"margin-left: auto;margin-right: auto;text-align: center;\" id=\"lavra-3428746330\"><a href=\"https:\/\/sistemas.lavras.mg.gov.br\/portalcidadao\/#df1b1a7c7b2a290bcb31e32771e610784662739a88807c0dacac58ede5f391a7530e299dc302d611ee73cb143fc22eaf93592e53e7b5bdb01b00a0b8d28dae460c141dd2ff83412e4dc1c31b16b25f33144a9e5620ea73b13f5bc1c59411d98439ad226e8af03840603796067d87afe130812cf3de24982d0e306f9e61e764e5\" aria-label=\"Lavras-TV&#8211;720x104px (1) (1)\"><img src=\"https:\/\/lavras.tv\/site\/wp-content\/uploads\/2025\/01\/Lavras-TV-720x104px-1-1.png\" alt=\"\"  srcset=\"https:\/\/lavras.tv\/site\/wp-content\/uploads\/2025\/01\/Lavras-TV-720x104px-1-1.png 720w, https:\/\/lavras.tv\/site\/wp-content\/uploads\/2025\/01\/Lavras-TV-720x104px-1-1-470x68.png 470w, https:\/\/lavras.tv\/site\/wp-content\/uploads\/2025\/01\/Lavras-TV-720x104px-1-1-170x25.png 170w, https:\/\/lavras.tv\/site\/wp-content\/uploads\/2025\/01\/Lavras-TV-720x104px-1-1-200x29.png 200w\" sizes=\"(max-width: 720px) 100vw, 720px\" width=\"720\" height=\"104\"  style=\"display: inline-block;\" \/><\/a><\/div><\/li><li><a href=\"https:\/\/sistemas.lavras.mg.gov.br\/portalcidadao\/#df1b1a7c7b2a290bcb31e32771e610784662739a88807c0dacac58ede5f391a7530e299dc302d611ee73cb143fc22eaf93592e53e7b5bdb01b00a0b8d28dae460c141dd2ff83412e4dc1c31b16b25f33144a9e5620ea73b13f5bc1c59411d98439ad226e8af03840603796067d87afe130812cf3de24982d0e306f9e61e764e5\" aria-label=\"Banner_Emprego_PortallavrasTV\"><img src=\"https:\/\/lavras.tv\/site\/wp-content\/uploads\/2025\/03\/Banner_Emprego_PortallavrasTV.png\" alt=\"\"  srcset=\"https:\/\/lavras.tv\/site\/wp-content\/uploads\/2025\/03\/Banner_Emprego_PortallavrasTV.png 720w, https:\/\/lavras.tv\/site\/wp-content\/uploads\/2025\/03\/Banner_Emprego_PortallavrasTV-470x68.png 470w, https:\/\/lavras.tv\/site\/wp-content\/uploads\/2025\/03\/Banner_Emprego_PortallavrasTV-170x25.png 170w, https:\/\/lavras.tv\/site\/wp-content\/uploads\/2025\/03\/Banner_Emprego_PortallavrasTV-200x29.png 200w\" sizes=\"(max-width: 720px) 100vw, 720px\" width=\"720\" height=\"104\"   \/><\/a><\/li><li><a href=\"https:\/\/sistemas.lavras.mg.gov.br\/portalcidadao\/#df1b1a7c7b2a290bcb31e32771e610784662739a88807c0dacac58ede5f391a7530e299dc302d611ee73cb143fc22eaf93592e53e7b5bdb01b00a0b8d28dae460c141dd2ff83412e4dc1c31b16b25f33144a9e5620ea73b13f5bc1c59411d98439ad226e8af03840603796067d87afe130812cf3de24982d0e306f9e61e764e5\" aria-label=\"Banner_Obras_PortallavrasTV\"><img src=\"https:\/\/lavras.tv\/site\/wp-content\/uploads\/2025\/03\/Banner_Obras_PortallavrasTV.png\" alt=\"\"  srcset=\"https:\/\/lavras.tv\/site\/wp-content\/uploads\/2025\/03\/Banner_Obras_PortallavrasTV.png 720w, https:\/\/lavras.tv\/site\/wp-content\/uploads\/2025\/03\/Banner_Obras_PortallavrasTV-470x68.png 470w, https:\/\/lavras.tv\/site\/wp-content\/uploads\/2025\/03\/Banner_Obras_PortallavrasTV-170x25.png 170w, https:\/\/lavras.tv\/site\/wp-content\/uploads\/2025\/03\/Banner_Obras_PortallavrasTV-200x29.png 200w\" sizes=\"(max-width: 720px) 100vw, 720px\" width=\"720\" height=\"104\"   \/><\/a><\/li><li><div style=\"margin-left: auto;margin-right: auto;text-align: center;\" id=\"lavra-1831035569\"><a href=\"https:\/\/sistemas.lavras.mg.gov.br\/portalcidadao\/#df1b1a7c7b2a290bcb31e32771e610784662739a88807c0dacac58ede5f391a7530e299dc302d611ee73cb143fc22eaf93592e53e7b5bdb01b00a0b8d28dae460c141dd2ff83412e4dc1c31b16b25f33144a9e5620ea73b13f5bc1c59411d98439ad226e8af03840603796067d87afe130812cf3de24982d0e306f9e61e764e5\" aria-label=\"Banner_Educa\u00e7\u00e3o_PortallavrasTV\"><img src=\"https:\/\/lavras.tv\/site\/wp-content\/uploads\/2025\/01\/Banner_Educacao_PortallavrasTV.png\" alt=\"\"  srcset=\"https:\/\/lavras.tv\/site\/wp-content\/uploads\/2025\/01\/Banner_Educacao_PortallavrasTV.png 720w, https:\/\/lavras.tv\/site\/wp-content\/uploads\/2025\/01\/Banner_Educacao_PortallavrasTV-470x68.png 470w, https:\/\/lavras.tv\/site\/wp-content\/uploads\/2025\/01\/Banner_Educacao_PortallavrasTV-170x25.png 170w, https:\/\/lavras.tv\/site\/wp-content\/uploads\/2025\/01\/Banner_Educacao_PortallavrasTV-200x29.png 200w\" sizes=\"(max-width: 720px) 100vw, 720px\" width=\"720\" height=\"104\"  style=\"display: inline-block;\" \/><\/a><\/div><\/li><li><a href=\"https:\/\/sistemas.lavras.mg.gov.br\/portalcidadao\/#df1b1a7c7b2a290bcb31e32771e610784662739a88807c0dacac58ede5f391a7530e299dc302d611ee73cb143fc22eaf93592e53e7b5bdb01b00a0b8d28dae460c141dd2ff83412e4dc1c31b16b25f33144a9e5620ea73b13f5bc1c59411d98439ad226e8af03840603796067d87afe130812cf3de24982d0e306f9e61e764e5\" aria-label=\"Banner_Sa\u00fade_PortallavrasTV\"><img src=\"https:\/\/lavras.tv\/site\/wp-content\/uploads\/2025\/03\/Banner_Saude_PortallavrasTV.png\" alt=\"\"  srcset=\"https:\/\/lavras.tv\/site\/wp-content\/uploads\/2025\/03\/Banner_Saude_PortallavrasTV.png 720w, https:\/\/lavras.tv\/site\/wp-content\/uploads\/2025\/03\/Banner_Saude_PortallavrasTV-470x68.png 470w, https:\/\/lavras.tv\/site\/wp-content\/uploads\/2025\/03\/Banner_Saude_PortallavrasTV-170x25.png 170w, https:\/\/lavras.tv\/site\/wp-content\/uploads\/2025\/03\/Banner_Saude_PortallavrasTV-200x29.png 200w\" sizes=\"(max-width: 720px) 100vw, 720px\" width=\"720\" height=\"104\"   \/><\/a><\/li><li><div id=\"lavra-2439202573\" style=\"width:720px;height:104px;background-color:#ddd;overflow:scroll;\">\n\t<strong>Sa\u00edda da depura\u00e7\u00e3o de an\u00fancios<\/strong>\n\t<br><br>\n\tO an\u00fancio n\u00e3o \u00e9 exibido na p\u00e1gina<br><br>post atual: Terminam na segunda-feira (6\/1) as inscri\u00e7\u00f5es para o concurso do BDMG, ID: 148336<br><br><span style=\"color: red;\">O post atual n\u00e3o \u00e9 id\u00eantico ao post principal.<\/span><br><br>An\u00fancios: ROXO - TOPO INTERNA - ROTATIVO 2 (197)<br \/>Grupo de an\u00fancios: Princ_Meio01_720x104 (27)<br><br>Condi\u00e7\u00f5es de exibi\u00e7\u00e3o<div style=\"margin-bottom: 20px; white-space: pre-wrap; font-family: monospace; width: 100%; background: #ffe9e9;\"><strong>condi\u00e7\u00f5es gerais<\/strong><table border=\"1\"><thead><tr><th><\/th><th>An\u00fancios<\/th><th>wp_the_query<\/th><\/tr><\/thead><tr><td>is_main_query<\/td><td>1<\/td><td>1<\/td><\/tr><tr><td>is_rest_api<\/td><td>0<\/td><td>1<\/td><\/tr><tr><td>page<\/td><td>0<\/td><td>1<\/td><\/tr><tr><td>numpages<\/td><td>0<\/td><td>1<\/td><\/tr><tr><td>is_archive<\/td><td>1<\/td><td><\/td><\/tr><tr><td>is_search<\/td><td>1<\/td><td><\/td><\/tr><tr><td>is_home<\/td><td>1<\/td><td><\/td><\/tr><tr><td>is_404<\/td><td>1<\/td><td><\/td><\/tr><tr><td>is_attachment<\/td><td>1<\/td><td><\/td><\/tr><tr><td>is_singular<\/td><td>1<\/td><td><\/td><\/tr><tr><td>is_front_page<\/td><td>1<\/td><td><\/td><\/tr><tr><td>is_feed<\/td><td>1<\/td><td><\/td><\/tr><\/table><\/div><br><br><span style=\"color: red;\">Seu site usa HTTPS, mas o c\u00f3digo do an\u00fancio cont\u00e9m HTTP e pode n\u00e3o funcionar.<\/span>\t<br><br>\n\t<a style=\"color: green;\" href=\"https:\/\/wpadvancedads.com\/manual\/ad-debug-mode\/?utm_source=advanced-ads&utm_medium=link&utm_campaign=ad-debug-mode\" target=\"_blank\" rel=\"nofollow\">Encontre solu\u00e7\u00f5es no manual<\/a>\n<\/div>\n<\/li><\/ul><\/div><script>( window.advanced_ads_ready || jQuery( document ).ready ).call( null, function() {var $lavraslider1291320328 = jQuery( \".lavra-slider-1291320328\" );$lavraslider1291320328.on( \"unslider.ready\", function() { jQuery( \"div.custom-slider ul li\" ).css( \"display\", \"block\" ); });$lavraslider1291320328.unslider({ delay:4000, autoplay:true, nav:false, arrows:false, infinite:true });$lavraslider1291320328.on(\"mouseover\", function() {$lavraslider1291320328.unslider(\"stop\");}).on(\"mouseout\", function() {$lavraslider1291320328.unslider(\"start\");});});<\/script><\/div>\n<p><em>S\u00e3o 32 vagas de n\u00edvel superior para quem atua em diferentes \u00e1reas, como Tecnologia da Informa\u00e7\u00e3o; sal\u00e1rio inicial \u00e9 de R$ 9.571,25 para 30 horas semanais<\/em><\/p>\n\n\n\n<figure class=\"wp-block-image size-full\"><img fetchpriority=\"high\" decoding=\"async\" width=\"940\" height=\"350\" src=\"https:\/\/lavras.tv\/site\/wp-content\/uploads\/2025\/01\/jornal-voz-ativa-ouro-preto-mg-minas-gerais-op-materia-abertas-as-inscricoes-para-o-concurso-publico-do-bdmg-com-32-vagas-de-nivel-superior-05122024150540.jpg\" alt=\"\" class=\"wp-image-148337\" srcset=\"https:\/\/lavras.tv\/site\/wp-content\/uploads\/2025\/01\/jornal-voz-ativa-ouro-preto-mg-minas-gerais-op-materia-abertas-as-inscricoes-para-o-concurso-publico-do-bdmg-com-32-vagas-de-nivel-superior-05122024150540.jpg 940w, https:\/\/lavras.tv\/site\/wp-content\/uploads\/2025\/01\/jornal-voz-ativa-ouro-preto-mg-minas-gerais-op-materia-abertas-as-inscricoes-para-o-concurso-publico-do-bdmg-com-32-vagas-de-nivel-superior-05122024150540-470x175.jpg 470w, https:\/\/lavras.tv\/site\/wp-content\/uploads\/2025\/01\/jornal-voz-ativa-ouro-preto-mg-minas-gerais-op-materia-abertas-as-inscricoes-para-o-concurso-publico-do-bdmg-com-32-vagas-de-nivel-superior-05122024150540-170x63.jpg 170w, https:\/\/lavras.tv\/site\/wp-content\/uploads\/2025\/01\/jornal-voz-ativa-ouro-preto-mg-minas-gerais-op-materia-abertas-as-inscricoes-para-o-concurso-publico-do-bdmg-com-32-vagas-de-nivel-superior-05122024150540-200x74.jpg 200w\" sizes=\"(max-width: 940px) 100vw, 940px\" \/><\/figure>\n\n\n\n<p>Termina na pr\u00f3xima segunda-feira (6\/1), \u00e0s 18h&nbsp;(hor\u00e1rio oficial de Bras\u00edlia), o prazo de inscri\u00e7\u00f5es para o concurso do&nbsp;<a href=\"http:\/\/www.bdmg.mg.gov.br\/\" target=\"_blank\" rel=\"noreferrer noopener\">Banco de Desenvolvimento de Minas Gerais (BDMG)<\/a>.<\/p>\n\n\n\n<p>S\u00e3o 32 vagas de n\u00edvel superior para o cargo de Analista de Desenvolvimento distribu\u00eddas em quatro \u00eanfases: Infraestrutura e seguran\u00e7a cibern\u00e9tica; Sistemas, arquitetura de solu\u00e7\u00e3o e dados; Gest\u00e3o, finan\u00e7as e controladoria; e Engenharias. A jornada de trabalho \u00e9 de 30 horas semanais e haver\u00e1 forma\u00e7\u00e3o de cadastro de reserva.<\/p>\n\n\n\n<p>O sal\u00e1rio inicial \u00e9 de R$ 9.571,25, al\u00e9m de benef\u00edcios previstos no Acordo Coletivo de Trabalho (CLT). Os interessados devem realizar a candidatura por meio do site do BDMG.&nbsp; O valor da inscri\u00e7\u00e3o \u00e9 de R$114.<\/p>\n\n\n\n<p>As provas acontecer\u00e3o na cidade de Belo Horizonte, em 16\/3. A banca organizadora do certame \u00e9 o Centro Brasileiro de Pesquisa em Avalia\u00e7\u00e3o e Sele\u00e7\u00e3o e de Promo\u00e7\u00e3o de Eventos (Cebraspe).<\/p>\n\n\n\n<p>Este \u00e9 o primeiro concurso realizado pelo BDMG desde 2011, marcando uma oportunidade para quem deseja ingressar na carreira p\u00fablica e contribuir para o desenvolvimento econ\u00f4mico e social do estado de Minas Gerais.<\/p>\n","protected":false},"excerpt":{"rendered":"<p>S\u00e3o 32 vagas de n\u00edvel superior para quem atua em diferentes \u00e1reas, como Tecnologia da Informa\u00e7\u00e3o; sal\u00e1rio inicial \u00e9 de R$ 9.571,25 para 30 horas semanais Termina na pr\u00f3xima segunda-feira (6\/1), \u00e0s 18h&nbsp;(hor\u00e1rio oficial de Bras\u00edlia), o prazo de inscri\u00e7\u00f5es para o concurso do&nbsp;Banco de Desenvolvimento de Minas Gerais (BDMG). S\u00e3o 32 vagas de n\u00edvel [&hellip;]<\/p>\n","protected":false},"author":5,"featured_media":148337,"comment_status":"closed","ping_status":"open","sticky":false,"template":"","format":"standard","meta":{"advgb_blocks_editor_width":"","advgb_blocks_columns_visual_guide":"","_exactmetrics_skip_tracking":false,"_exactmetrics_sitenote_active":false,"_exactmetrics_sitenote_note":"","_exactmetrics_sitenote_category":0,"footnotes":""},"categories":[7,2],"tags":[],"class_list":["post-148336","post","type-post","status-publish","format-standard","has-post-thumbnail","hentry","category-destaques","category-noticias"],"better_featured_image":{"id":148337,"alt_text":"","caption":"","description":"","media_type":"image","media_details":{"width":940,"height":350,"file":"2025\/01\/jornal-voz-ativa-ouro-preto-mg-minas-gerais-op-materia-abertas-as-inscricoes-para-o-concurso-publico-do-bdmg-com-32-vagas-de-nivel-superior-05122024150540.jpg","filesize":60146,"sizes":{"medium":{"file":"jornal-voz-ativa-ouro-preto-mg-minas-gerais-op-materia-abertas-as-inscricoes-para-o-concurso-publico-do-bdmg-com-32-vagas-de-nivel-superior-05122024150540-470x175.jpg","width":470,"height":175,"mime-type":"image\/jpeg","filesize":20923,"source_url":"https:\/\/lavras.tv\/site\/wp-content\/uploads\/2025\/01\/jornal-voz-ativa-ouro-preto-mg-minas-gerais-op-materia-abertas-as-inscricoes-para-o-concurso-publico-do-bdmg-com-32-vagas-de-nivel-superior-05122024150540-470x175.jpg"},"thumbnail":{"file":"jornal-voz-ativa-ouro-preto-mg-minas-gerais-op-materia-abertas-as-inscricoes-para-o-concurso-publico-do-bdmg-com-32-vagas-de-nivel-superior-05122024150540-170x63.jpg","width":170,"height":63,"mime-type":"image\/jpeg","filesize":4228,"source_url":"https:\/\/lavras.tv\/site\/wp-content\/uploads\/2025\/01\/jornal-voz-ativa-ouro-preto-mg-minas-gerais-op-materia-abertas-as-inscricoes-para-o-concurso-publico-do-bdmg-com-32-vagas-de-nivel-superior-05122024150540-170x63.jpg"},"lshowcase-thumb":{"file":"jornal-voz-ativa-ouro-preto-mg-minas-gerais-op-materia-abertas-as-inscricoes-para-o-concurso-publico-do-bdmg-com-32-vagas-de-nivel-superior-05122024150540-200x74.jpg","width":200,"height":74,"mime-type":"image\/jpeg","filesize":5375,"source_url":"https:\/\/lavras.tv\/site\/wp-content\/uploads\/2025\/01\/jornal-voz-ativa-ouro-preto-mg-minas-gerais-op-materia-abertas-as-inscricoes-para-o-concurso-publico-do-bdmg-com-32-vagas-de-nivel-superior-05122024150540-200x74.jpg"},"alm-thumbnail":{"file":"jornal-voz-ativa-ouro-preto-mg-minas-gerais-op-materia-abertas-as-inscricoes-para-o-concurso-publico-do-bdmg-com-32-vagas-de-nivel-superior-05122024150540-150x150.jpg","width":150,"height":150,"mime-type":"image\/jpeg","filesize":6897,"source_url":"https:\/\/lavras.tv\/site\/wp-content\/uploads\/2025\/01\/jornal-voz-ativa-ouro-preto-mg-minas-gerais-op-materia-abertas-as-inscricoes-para-o-concurso-publico-do-bdmg-com-32-vagas-de-nivel-superior-05122024150540-150x150.jpg"}},"image_meta":{"aperture":"0","credit":"","camera":"","caption":"","created_timestamp":"0","copyright":"","focal_length":"0","iso":"0","shutter_speed":"0","title":"","orientation":"0","keywords":[]}},"post":148336,"source_url":"https:\/\/lavras.tv\/site\/wp-content\/uploads\/2025\/01\/jornal-voz-ativa-ouro-preto-mg-minas-gerais-op-materia-abertas-as-inscricoes-para-o-concurso-publico-do-bdmg-com-32-vagas-de-nivel-superior-05122024150540.jpg"},"author_meta":{"display_name":"Vinicius Bustamante","author_link":"https:\/\/lavras.tv\/site\/author\/vinicius-bustamante\/"},"featured_img":"https:\/\/lavras.tv\/site\/wp-content\/uploads\/2025\/01\/jornal-voz-ativa-ouro-preto-mg-minas-gerais-op-materia-abertas-as-inscricoes-para-o-concurso-publico-do-bdmg-com-32-vagas-de-nivel-superior-05122024150540-470x175.jpg","coauthors":[],"tax_additional":{"categories":{"linked":["<a href=\"https:\/\/lavras.tv\/site\/category\/destaques\/\" class=\"advgb-post-tax-term\">Destaques<\/a>","<a href=\"https:\/\/lavras.tv\/site\/category\/noticias\/\" class=\"advgb-post-tax-term\">Not\u00edcias<\/a>"],"unlinked":["<span class=\"advgb-post-tax-term\">Destaques<\/span>","<span class=\"advgb-post-tax-term\">Not\u00edcias<\/span>"]}},"comment_count":"0","relative_dates":{"created":"Publicado 1 ano atr\u00e1s","modified":"Atualizado 1 ano atr\u00e1s"},"absolute_dates":{"created":"Publicado em 3 de janeiro de 2025","modified":"Atualizado em 3 de janeiro de 2025"},"absolute_dates_time":{"created":"Publicado em 3 de janeiro de 2025 16:13","modified":"Atualizado em 3 de janeiro de 2025 16:13"},"featured_img_caption":"","series_order":"","_links":{"self":[{"href":"https:\/\/lavras.tv\/site\/wp-json\/wp\/v2\/posts\/148336","targetHints":{"allow":["GET"]}}],"collection":[{"href":"https:\/\/lavras.tv\/site\/wp-json\/wp\/v2\/posts"}],"about":[{"href":"https:\/\/lavras.tv\/site\/wp-json\/wp\/v2\/types\/post"}],"author":[{"embeddable":true,"href":"https:\/\/lavras.tv\/site\/wp-json\/wp\/v2\/users\/5"}],"replies":[{"embeddable":true,"href":"https:\/\/lavras.tv\/site\/wp-json\/wp\/v2\/comments?post=148336"}],"version-history":[{"count":1,"href":"https:\/\/lavras.tv\/site\/wp-json\/wp\/v2\/posts\/148336\/revisions"}],"predecessor-version":[{"id":148338,"href":"https:\/\/lavras.tv\/site\/wp-json\/wp\/v2\/posts\/148336\/revisions\/148338"}],"wp:featuredmedia":[{"embeddable":true,"href":"https:\/\/lavras.tv\/site\/wp-json\/wp\/v2\/media\/148337"}],"wp:attachment":[{"href":"https:\/\/lavras.tv\/site\/wp-json\/wp\/v2\/media?parent=148336"}],"wp:term":[{"taxonomy":"category","embeddable":true,"href":"https:\/\/lavras.tv\/site\/wp-json\/wp\/v2\/categories?post=148336"},{"taxonomy":"post_tag","embeddable":true,"href":"https:\/\/lavras.tv\/site\/wp-json\/wp\/v2\/tags?post=148336"}],"curies":[{"name":"wp","href":"https:\/\/api.w.org\/{rel}","templated":true}]}}