{"id":148356,"date":"2025-01-03T17:02:34","date_gmt":"2025-01-03T20:02:34","guid":{"rendered":"https:\/\/lavras.tv\/site\/?p=148356"},"modified":"2025-01-03T17:02:35","modified_gmt":"2025-01-03T20:02:35","slug":"22-concursos-publicos-para-ficar-de-olho-em-2025-com-salarios-de-ate-r-17-mil","status":"publish","type":"post","link":"https:\/\/lavras.tv\/site\/2025\/01\/03\/22-concursos-publicos-para-ficar-de-olho-em-2025-com-salarios-de-ate-r-17-mil\/","title":{"rendered":"22 concursos p\u00fablicos para ficar de olho em 2025, com sal\u00e1rios de at\u00e9 R$ 17 mil"},"content":{"rendered":"<div class=\"lavra-antes-do-conteudo_2\" id=\"lavra-3900219740\"><div id=\"lavra-slider-27\" class=\"custom-slider lavra-slider-4054110277 lavra-slider\"><ul><li><div style=\"margin-left: auto;margin-right: auto;text-align: center;\" id=\"lavra-76354957\"><a href=\"https:\/\/sistemas.lavras.mg.gov.br\/portalcidadao\/#df1b1a7c7b2a290bcb31e32771e610784662739a88807c0dacac58ede5f391a7530e299dc302d611ee73cb143fc22eaf93592e53e7b5bdb01b00a0b8d28dae460c141dd2ff83412e4dc1c31b16b25f33144a9e5620ea73b13f5bc1c59411d98439ad226e8af03840603796067d87afe130812cf3de24982d0e306f9e61e764e5\" aria-label=\"Lavras-TV&#8211;720x104px (1) (1)\"><img src=\"https:\/\/lavras.tv\/site\/wp-content\/uploads\/2025\/01\/Lavras-TV-720x104px-1-1.png\" alt=\"\"  srcset=\"https:\/\/lavras.tv\/site\/wp-content\/uploads\/2025\/01\/Lavras-TV-720x104px-1-1.png 720w, https:\/\/lavras.tv\/site\/wp-content\/uploads\/2025\/01\/Lavras-TV-720x104px-1-1-470x68.png 470w, https:\/\/lavras.tv\/site\/wp-content\/uploads\/2025\/01\/Lavras-TV-720x104px-1-1-170x25.png 170w, https:\/\/lavras.tv\/site\/wp-content\/uploads\/2025\/01\/Lavras-TV-720x104px-1-1-200x29.png 200w\" sizes=\"(max-width: 720px) 100vw, 720px\" width=\"720\" height=\"104\"  style=\"display: inline-block;\" \/><\/a><\/div><\/li><li><a href=\"https:\/\/sistemas.lavras.mg.gov.br\/portalcidadao\/#df1b1a7c7b2a290bcb31e32771e610784662739a88807c0dacac58ede5f391a7530e299dc302d611ee73cb143fc22eaf93592e53e7b5bdb01b00a0b8d28dae460c141dd2ff83412e4dc1c31b16b25f33144a9e5620ea73b13f5bc1c59411d98439ad226e8af03840603796067d87afe130812cf3de24982d0e306f9e61e764e5\" aria-label=\"Banner_Emprego_PortallavrasTV\"><img src=\"https:\/\/lavras.tv\/site\/wp-content\/uploads\/2025\/03\/Banner_Emprego_PortallavrasTV.png\" alt=\"\"  srcset=\"https:\/\/lavras.tv\/site\/wp-content\/uploads\/2025\/03\/Banner_Emprego_PortallavrasTV.png 720w, https:\/\/lavras.tv\/site\/wp-content\/uploads\/2025\/03\/Banner_Emprego_PortallavrasTV-470x68.png 470w, https:\/\/lavras.tv\/site\/wp-content\/uploads\/2025\/03\/Banner_Emprego_PortallavrasTV-170x25.png 170w, https:\/\/lavras.tv\/site\/wp-content\/uploads\/2025\/03\/Banner_Emprego_PortallavrasTV-200x29.png 200w\" sizes=\"(max-width: 720px) 100vw, 720px\" width=\"720\" height=\"104\"   \/><\/a><\/li><li><a href=\"https:\/\/sistemas.lavras.mg.gov.br\/portalcidadao\/#df1b1a7c7b2a290bcb31e32771e610784662739a88807c0dacac58ede5f391a7530e299dc302d611ee73cb143fc22eaf93592e53e7b5bdb01b00a0b8d28dae460c141dd2ff83412e4dc1c31b16b25f33144a9e5620ea73b13f5bc1c59411d98439ad226e8af03840603796067d87afe130812cf3de24982d0e306f9e61e764e5\" aria-label=\"Banner_Obras_PortallavrasTV\"><img src=\"https:\/\/lavras.tv\/site\/wp-content\/uploads\/2025\/03\/Banner_Obras_PortallavrasTV.png\" alt=\"\"  srcset=\"https:\/\/lavras.tv\/site\/wp-content\/uploads\/2025\/03\/Banner_Obras_PortallavrasTV.png 720w, https:\/\/lavras.tv\/site\/wp-content\/uploads\/2025\/03\/Banner_Obras_PortallavrasTV-470x68.png 470w, https:\/\/lavras.tv\/site\/wp-content\/uploads\/2025\/03\/Banner_Obras_PortallavrasTV-170x25.png 170w, https:\/\/lavras.tv\/site\/wp-content\/uploads\/2025\/03\/Banner_Obras_PortallavrasTV-200x29.png 200w\" sizes=\"(max-width: 720px) 100vw, 720px\" width=\"720\" height=\"104\"   \/><\/a><\/li><li><div style=\"margin-left: auto;margin-right: auto;text-align: center;\" id=\"lavra-2849383150\"><a href=\"https:\/\/sistemas.lavras.mg.gov.br\/portalcidadao\/#df1b1a7c7b2a290bcb31e32771e610784662739a88807c0dacac58ede5f391a7530e299dc302d611ee73cb143fc22eaf93592e53e7b5bdb01b00a0b8d28dae460c141dd2ff83412e4dc1c31b16b25f33144a9e5620ea73b13f5bc1c59411d98439ad226e8af03840603796067d87afe130812cf3de24982d0e306f9e61e764e5\" aria-label=\"Banner_Educa\u00e7\u00e3o_PortallavrasTV\"><img src=\"https:\/\/lavras.tv\/site\/wp-content\/uploads\/2025\/01\/Banner_Educacao_PortallavrasTV.png\" alt=\"\"  srcset=\"https:\/\/lavras.tv\/site\/wp-content\/uploads\/2025\/01\/Banner_Educacao_PortallavrasTV.png 720w, https:\/\/lavras.tv\/site\/wp-content\/uploads\/2025\/01\/Banner_Educacao_PortallavrasTV-470x68.png 470w, https:\/\/lavras.tv\/site\/wp-content\/uploads\/2025\/01\/Banner_Educacao_PortallavrasTV-170x25.png 170w, https:\/\/lavras.tv\/site\/wp-content\/uploads\/2025\/01\/Banner_Educacao_PortallavrasTV-200x29.png 200w\" sizes=\"(max-width: 720px) 100vw, 720px\" width=\"720\" height=\"104\"  style=\"display: inline-block;\" \/><\/a><\/div><\/li><li><a href=\"https:\/\/sistemas.lavras.mg.gov.br\/portalcidadao\/#df1b1a7c7b2a290bcb31e32771e610784662739a88807c0dacac58ede5f391a7530e299dc302d611ee73cb143fc22eaf93592e53e7b5bdb01b00a0b8d28dae460c141dd2ff83412e4dc1c31b16b25f33144a9e5620ea73b13f5bc1c59411d98439ad226e8af03840603796067d87afe130812cf3de24982d0e306f9e61e764e5\" aria-label=\"Banner_Sa\u00fade_PortallavrasTV\"><img src=\"https:\/\/lavras.tv\/site\/wp-content\/uploads\/2025\/03\/Banner_Saude_PortallavrasTV.png\" alt=\"\"  srcset=\"https:\/\/lavras.tv\/site\/wp-content\/uploads\/2025\/03\/Banner_Saude_PortallavrasTV.png 720w, https:\/\/lavras.tv\/site\/wp-content\/uploads\/2025\/03\/Banner_Saude_PortallavrasTV-470x68.png 470w, https:\/\/lavras.tv\/site\/wp-content\/uploads\/2025\/03\/Banner_Saude_PortallavrasTV-170x25.png 170w, https:\/\/lavras.tv\/site\/wp-content\/uploads\/2025\/03\/Banner_Saude_PortallavrasTV-200x29.png 200w\" sizes=\"(max-width: 720px) 100vw, 720px\" width=\"720\" height=\"104\"   \/><\/a><\/li><li><div id=\"lavra-2944763199\" style=\"width:720px;height:104px;background-color:#ddd;overflow:scroll;\">\n\t<strong>Sa\u00edda da depura\u00e7\u00e3o de an\u00fancios<\/strong>\n\t<br><br>\n\tO an\u00fancio n\u00e3o \u00e9 exibido na p\u00e1gina<br><br>post atual: 22 concursos p\u00fablicos para ficar de olho em 2025, com sal\u00e1rios de at\u00e9 R$ 17 mil, ID: 148356<br><br><span style=\"color: red;\">O post atual n\u00e3o \u00e9 id\u00eantico ao post principal.<\/span><br><br>An\u00fancios: ROXO - TOPO INTERNA - ROTATIVO 2 (197)<br \/>Grupo de an\u00fancios: Princ_Meio01_720x104 (27)<br><br>Condi\u00e7\u00f5es de exibi\u00e7\u00e3o<div style=\"margin-bottom: 20px; white-space: pre-wrap; font-family: monospace; width: 100%; background: #ffe9e9;\"><strong>condi\u00e7\u00f5es gerais<\/strong><table border=\"1\"><thead><tr><th><\/th><th>An\u00fancios<\/th><th>wp_the_query<\/th><\/tr><\/thead><tr><td>is_main_query<\/td><td>1<\/td><td>1<\/td><\/tr><tr><td>is_rest_api<\/td><td>0<\/td><td>1<\/td><\/tr><tr><td>page<\/td><td>0<\/td><td>1<\/td><\/tr><tr><td>numpages<\/td><td>0<\/td><td>1<\/td><\/tr><tr><td>is_archive<\/td><td>1<\/td><td><\/td><\/tr><tr><td>is_search<\/td><td>1<\/td><td><\/td><\/tr><tr><td>is_home<\/td><td>1<\/td><td><\/td><\/tr><tr><td>is_404<\/td><td>1<\/td><td><\/td><\/tr><tr><td>is_attachment<\/td><td>1<\/td><td><\/td><\/tr><tr><td>is_singular<\/td><td>1<\/td><td><\/td><\/tr><tr><td>is_front_page<\/td><td>1<\/td><td><\/td><\/tr><tr><td>is_feed<\/td><td>1<\/td><td><\/td><\/tr><\/table><\/div><br><br><span style=\"color: red;\">Seu site usa HTTPS, mas o c\u00f3digo do an\u00fancio cont\u00e9m HTTP e pode n\u00e3o funcionar.<\/span>\t<br><br>\n\t<a style=\"color: green;\" href=\"https:\/\/wpadvancedads.com\/manual\/ad-debug-mode\/?utm_source=advanced-ads&utm_medium=link&utm_campaign=ad-debug-mode\" target=\"_blank\" rel=\"nofollow\">Encontre solu\u00e7\u00f5es no manual<\/a>\n<\/div>\n<\/li><\/ul><\/div><script>( window.advanced_ads_ready || jQuery( document ).ready ).call( null, function() {var $lavraslider4054110277 = jQuery( \".lavra-slider-4054110277\" );$lavraslider4054110277.on( \"unslider.ready\", function() { jQuery( \"div.custom-slider ul li\" ).css( \"display\", \"block\" ); });$lavraslider4054110277.unslider({ delay:4000, autoplay:true, nav:false, arrows:false, infinite:true });$lavraslider4054110277.on(\"mouseover\", function() {$lavraslider4054110277.unslider(\"stop\");}).on(\"mouseout\", function() {$lavraslider4054110277.unslider(\"start\");});});<\/script><\/div>\n<p>Concursos com vagas na Embrapa, no ICMBio e no Iphan j\u00e1 est\u00e3o com inscri\u00e7\u00f5es abertas.<\/p>\n\n\n\n<figure class=\"wp-block-image size-full is-resized\"><img decoding=\"async\" width=\"215\" height=\"215\" src=\"https:\/\/lavras.tv\/site\/wp-content\/uploads\/2025\/01\/1_fbe17310_c71d_11ef_94cb_5f844ceb9e30-44057344.jpg\" alt=\"\" class=\"wp-image-148357\" style=\"width:433px;height:auto\" srcset=\"https:\/\/lavras.tv\/site\/wp-content\/uploads\/2025\/01\/1_fbe17310_c71d_11ef_94cb_5f844ceb9e30-44057344.jpg 215w, https:\/\/lavras.tv\/site\/wp-content\/uploads\/2025\/01\/1_fbe17310_c71d_11ef_94cb_5f844ceb9e30-44057344-150x150.jpg 150w, https:\/\/lavras.tv\/site\/wp-content\/uploads\/2025\/01\/1_fbe17310_c71d_11ef_94cb_5f844ceb9e30-44057344-200x200.jpg 200w\" sizes=\"(max-width: 215px) 100vw, 215px\" \/><\/figure>\n\n\n\n<p>O\u00a0<a href=\"https:\/\/www.bbc.com\/portuguese\/articles\/c9dp2y45880o?xtor=AL-73-%5Bpartner%5D-%5Bem.com.br%5D-%5Blink%5D-%5Bbrazil%5D-%5Bbizdev%5D-%5Bisapi%5D\">ano de 2025<\/a>\u00a0promete vir forte no quesito concursos p\u00fablicos. Certames que ir\u00e3o realizar provas entre fevereiro e mar\u00e7o est\u00e3o com inscri\u00e7\u00f5es abertas desde dezembro passado e outros j\u00e1 foram autorizados pelo Minist\u00e9rio da Gest\u00e3o e da Inova\u00e7\u00e3o em Servi\u00e7os P\u00fablicos.<\/p>\n\n\n\n<p>As inscri\u00e7\u00f5es para alguns dos concursos terminam nos pr\u00f3ximos dias (veja lista abaixo). O Instituto Chico Mendes de Conserva\u00e7\u00e3o da Biodiversidade (ICMBio), por exemplo, oferece 350 vagas de analista administrativo e analista ambiental, e as inscri\u00e7\u00f5es terminam nesta sexta, dia 3 de janeiro, \u00e0s 18 hs.<\/p>\n\n\n\n<p>Entre os concursos, h\u00e1 vagas para t\u00e9cnicos, assistentes, pesquisadores, analistas de v\u00e1rios setores, como administrativo e judici\u00e1rio, e ainda para m\u00e9dicos, engenheiros e outras profiss\u00f5es.<\/p>\n\n\n\n<p>A recomenda\u00e7\u00e3o \u00e9 olhar o edital, buscar refer\u00eancias e provas anteriores para ver os t\u00f3picos que t\u00eam maior peso na prova e usar bem o tempo para planejar os&nbsp;<a href=\"https:\/\/www.bbc.com\/portuguese\/geral-64354629?xtor=AL-73-%5Bpartner%5D-%5Bem.com.br%5D-%5Blink%5D-%5Bbrazil%5D-%5Bbizdev%5D-%5Bisapi%5D\">estudos<\/a>, segundo Marcos Brito, diretor pedag\u00f3gico da Degrau Cultural, empresa que prepara candidatos.<\/p>\n\n\n\n<p>&#8220;Sempre tem que direcionar o maior tempo que tiver para as mat\u00e9rias que t\u00eam um grande volume no certame&#8221;, diz. &#8220;Muitas das vezes o candidato acaba indo pela mat\u00e9ria que tem mais aptid\u00e3o e esquece que o grande peso do concurso est\u00e1 em outra mat\u00e9ria.&#8221;<\/p>\n\n\n\n<p>O professor Francisco Ant\u00f4nio Coelho J\u00fanior, do Departamento de Administra\u00e7\u00e3o da Universidade de Bras\u00edlia (UnB), acrescenta \u00e9 preciso verificar o perfil do cargo, para evitar a frustra\u00e7\u00e3o de estar em um&nbsp;<a href=\"https:\/\/www.bbc.com\/portuguese\/topics\/cr50y51rk1vt?xtor=AL-73-%5Bpartner%5D-%5Bem.com.br%5D-%5Blink%5D-%5Bbrazil%5D-%5Bbizdev%5D-%5Bisapi%5D\">trabalho<\/a>&nbsp;com o qual n\u00e3o se identifica.<\/p>\n\n\n\n<p>Os dois especialistas aconselham a n\u00e3o desanimar se a aprova\u00e7\u00e3o n\u00e3o vier. &#8220;Concurso a gente faz at\u00e9 passar&#8221;, afirma Brito.<\/p>\n\n\n\n<p>Mais abaixo, listamos dicas para como se preparar para os concursos.<\/p>\n\n\n\n<p>A seguir, a lista dos concursos com editais publicados para 2025.<\/p>\n\n\n\n<p><strong>Instituto Chico Mendes de Conserva\u00e7\u00e3o da Biodiversidade (ICMBio)<\/strong><\/p>\n\n\n\n<p>Inscri\u00e7\u00e3o:&nbsp;<a href=\"https:\/\/www.cebraspe.org.br\/concursos\/ICMBIO_24\">Cebraspe<\/a><\/p>\n\n\n\n<p>Prazo para inscri\u00e7\u00e3o: de 16 de dezembro de 2024 at\u00e9 18h de 3 de janeiro de 2025<\/p>\n\n\n\n<p>N\u00famero de vagas: 350<\/p>\n\n\n\n<p>Sal\u00e1rio: R$ 8.817,72<\/p>\n\n\n\n<p>As vagas ir\u00e3o preencher os cargos de analista administrativo e analista ambiental em todas as regi\u00f5es do Brasil, sendo a maioria delas na sede do ICMBio em Bras\u00edlia. Um dos requisitos para ocupar as fun\u00e7\u00f5es \u00e9 ter diploma de ensino superior ou habilita\u00e7\u00e3o legal equivalente em qualquer \u00e1rea de forma\u00e7\u00e3o.<\/p>\n\n\n\n<p>O processo seletivo \u00e9 dividido entre duas provas objetivas, uma de conhecimentos gerais e outra de conhecimentos espec\u00edficos, bem como uma terceira prova discursiva. Os exames devem ser realizados em 23 de fevereiro.<\/p>\n\n\n\n<p>Confira o&nbsp;<a href=\"https:\/\/cdn.cebraspe.org.br\/concursos\/ICMBIO_24\/arquivos\/ED_1_ICMBIO_24_ABERTURA.PDF\">edital<\/a>.<\/p>\n\n\n\n<p><strong>Instituto do Patrim\u00f4nio Hist\u00f3rico e Art\u00edstico Nacional (Iphan)<\/strong><\/p>\n\n\n\n<p>Inscri\u00e7\u00e3o:&nbsp;<a href=\"https:\/\/conhecimento.fgv.br\/sites\/default\/files\/concursos\/minuta-edital-iphan-20241130_02_12_2024-01-retificacao.12.12.24.pdf\">FGV<\/a><\/p>\n\n\n\n<p>N\u00famero de vagas: 31<\/p>\n\n\n\n<p>Per\u00edodo de inscri\u00e7\u00e3o: de 9 de dezembro de 2024 at\u00e9 \u00e0s 16h de 7 de janeiro de 2025<\/p>\n\n\n\n<p>Sal\u00e1rio: de R$ 6.681,70 at\u00e9 R$ 9.047<\/p>\n\n\n\n<p>O concurso preencher\u00e1 cargos nas \u00e1reas de analista ambiental, antropologia, arqueologia, arquitetura e urbanismo, educa\u00e7\u00e3o patrimonial e geoprocessamento. O processo seletivo consistir\u00e1 em duas etapas: prova objetiva e avalia\u00e7\u00e3o de t\u00edtulos. A prova objetiva ser\u00e1 realizada em 23 de fevereiro de 2025.<\/p>\n\n\n\n<p>Al\u00e9m do sal\u00e1rio, os profissionais contratados receber\u00e3o R$ 1.000 de aux\u00edlio-alimenta\u00e7\u00e3o, R$ 484,90 de assist\u00eancia pr\u00e9-escolar e aux\u00edlio transporte.<\/p>\n\n\n\n<p>Confira o&nbsp;<a href=\"https:\/\/conhecimento.fgv.br\/sites\/default\/files\/concursos\/minuta-edital-iphan-20241130_02_12_2024-01-retificacao.12.12.24.pdf\">edital<\/a>.<\/p>\n\n\n\n<p><strong>Empresa Brasileira de Pesquisa Agropecu\u00e1ria (Embrapa)<\/strong><\/p>\n\n\n\n<p>Inscri\u00e7\u00e3o:&nbsp;<a href=\"https:\/\/www.cebraspe.org.br\/concursos\/EMBRAPA_24\">Cebraspe<\/a><\/p>\n\n\n\n<p>Prazo para inscri\u00e7\u00e3o: de 16 de dezembro de 2024 at\u00e9 \u00e0s 18h de 7 de janeiro<\/p>\n\n\n\n<p>N\u00famero de vagas: 1027<\/p>\n\n\n\n<p>Sal\u00e1rios: de R$ 2.186,19 at\u00e9 R$ 12.814,61<\/p>\n\n\n\n<p>O concurso oferece vagas para pesquisador, analista, t\u00e9cnico e assistente. Al\u00e9m das provas objetiva e discursiva, os candidatos aos cargos de pesquisadores ter\u00e3o que apresentar um projeto de pesquisa e passar por uma avalia\u00e7\u00e3o de t\u00edtulos, enquanto os t\u00e9cnicos t\u00eam prova pr\u00e1tica.<\/p>\n\n\n\n<p>Entre os benef\u00edcios concedidos pela Embrapa est\u00e3o assist\u00eancia m\u00e9dica, aux\u00edlio alimenta\u00e7\u00e3o\/refei\u00e7\u00e3o, aux\u00edlio pr\u00e9-escola e aux\u00edlio para filhos com defici\u00eancia mental. H\u00e1 tamb\u00e9m adicional por tempo de servi\u00e7o ap\u00f3s cinco anos de trabalho na empresa, que pode aumentar at\u00e9 sete anos. A aplica\u00e7\u00e3o das provas objetiva e discursiva est\u00e1 marcada para 23 de mar\u00e7o, mas a data pode sofrer altera\u00e7\u00f5es.<\/p>\n\n\n\n<p>Confira o&nbsp;<a href=\"https:\/\/cdn.cebraspe.org.br\/concursos\/EMBRAPA_24\/arquivos\/ED_1_2024_EMBRAPA_ABERTURA.PDF\">edital<\/a>.<\/p>\n\n\n\n<p><strong>Minist\u00e9rio da Previd\u00eancia Social (MPS)<\/strong><\/p>\n\n\n\n<p>Inscri\u00e7\u00e3o:&nbsp;<a href=\"https:\/\/www.cebraspe.org.br\/concursos\/MPS_24\">Cebraspe<\/a><\/p>\n\n\n\n<p>Prazo para inscri\u00e7\u00e3o: 23 de dezembro de 2024 at\u00e9 \u00e0s 18h de 9 de janeiro de 2025<\/p>\n\n\n\n<p>N\u00famero de vagas: 250<\/p>\n\n\n\n<p>Sal\u00e1rio: R$ 14.166,99<\/p>\n\n\n\n<p>O MPS oferece vagas de perito m\u00e9dico federal. O candidato precisa ter diploma de Medicina e registro no Conselho Regional de Medicina. H\u00e1 vagas dispon\u00edveis em todos os estados do Brasil.<\/p>\n\n\n\n<p>O concurso consiste em tr\u00eas fases, sendo as duas primeiras provas objetivas e a \u00faltima avalia\u00e7\u00e3o de t\u00edtulos. A aplica\u00e7\u00e3o das provas objetivas deve ocorrer no dia 16 de fevereiro.<\/p>\n\n\n\n<p>Confira o&nbsp;<a href=\"https:\/\/cdn.cebraspe.org.br\/concursos\/MPS_24\/arquivos\/ED_2_MPS_24_ABERTURA.PDF%20https:\/\/www.gov.br\/previdencia\/pt-br\/noticias\/2024\/dezembro\/mps-publica-edital-para-concurso-de-perito-medico-federal\">edital<\/a>.<\/p>\n\n\n\n<p><strong>Tribunal Regional do Trabalho da 10\u00aa Regi\u00e3o (TRT 10)<\/strong><\/p>\n\n\n\n<p>Inscri\u00e7\u00e3o:&nbsp;<a href=\"https:\/\/www.cebraspe.org.br\/concursos\/TRT10_24\">Cebraspe<\/a><\/p>\n\n\n\n<p>Prazo para inscri\u00e7\u00e3o: de 27 de dezembro de 2024 \u00e0s 18h de 17 de janeiro de 2025<\/p>\n\n\n\n<p>N\u00famero de vagas: 9<\/p>\n\n\n\n<p>Sal\u00e1rio: de R$ 8.529,65 a R$ 16.035,69<\/p>\n\n\n\n<p>O candidato poder\u00e1 realizar sua inscri\u00e7\u00e3o pelo Cebraspe, que est\u00e1 executando o concurso. As vagas s\u00e3o para analista judici\u00e1rio de diversas \u00e1reas, como engenharia, estat\u00edstica, hist\u00f3ria, medicina, servi\u00e7o social, tecnologia da informa\u00e7\u00e3o. H\u00e1 vaga para t\u00e9cnico na \u00e1rea administrativa e com especialidade de agente da pol\u00edcia judicial. Os locais de trabalho dos cargos disputados s\u00e3o Tocantins e Bras\u00edlia.<\/p>\n\n\n\n<p>Al\u00e9m de preencher as nove vagas, o certame servir\u00e1 tamb\u00e9m para cadastro reserva. As provas objetiva e discursiva est\u00e3o previstas para o dia 16 de mar\u00e7o de 2025. Quem se candidatar para o cargo de agente da pol\u00edcia judicial ter\u00e1 tamb\u00e9m um teste de aptid\u00e3o f\u00edsica.<\/p>\n\n\n\n<p>Confira o&nbsp;<a href=\"https:\/\/cdn.cebraspe.org.br\/concursos\/TRT10_24\/arquivos\/ED_1_2024_TRT_10_ABERTURA.PDF\">edital<\/a>.<\/p>\n\n\n\n<p><strong><br>Empresa Brasileira de Servi\u00e7os Hospitalares (Ebserh)<\/strong><\/p>\n\n\n\n<p>Inscri\u00e7\u00e3o:&nbsp;<a href=\"https:\/\/conhecimento.fgv.br\/concursos\/ebserh24\/4\">FGV<\/a><\/p>\n\n\n\n<p>N\u00famero de vagas: 545 vagas<\/p>\n\n\n\n<p>Per\u00edodo de inscri\u00e7\u00e3o: de 23 de dezembro de 2024 at\u00e9 \u00e0s 23h59 de 20 de janeiro<\/p>\n\n\n\n<p>Sal\u00e1rio: de R$ 2.707,15 at\u00e9 R$ 17.978<\/p>\n\n\n\n<p>As vagas est\u00e3o distribu\u00eddas entre a \u00e1rea m\u00e9dica, assistencial e administrativa, cada uma com edital pr\u00f3prio. Os 545 selecionados ir\u00e3o para vagas imediatas e cadastro reserva para os 45 hospitais da rede e a administra\u00e7\u00e3o central.<\/p>\n\n\n\n<p>Na \u00e1rea m\u00e9dica, s\u00e3o 198 vagas e \u00e9 preciso ter o diploma de Medicina; na \u00e1rea administrativa s\u00e3o 17 vagas de n\u00edvel m\u00e9dio\/t\u00e9cnico ou que requerem ensino superior. J\u00e1 a \u00e1rea assistencial conta com 330 vagas de n\u00edvel m\u00e9dio\/t\u00e9cnico e superior.<\/p>\n\n\n\n<p>Confira os&nbsp;<a href=\"https:\/\/www.gov.br\/ebserh\/pt-br\/acesso-a-informacao\/agentes-publicos\/concursos-e-selecoes\/concursos\/2024\/edital-normativo\">editais<\/a>.<\/p>\n\n\n\n<p><strong>Tribunal Regional do Trabalho da 15\u00aa Regi\u00e3o (TRT15)<\/strong><\/p>\n\n\n\n<p>Inscri\u00e7\u00e3o:&nbsp;<a href=\"https:\/\/www.concursosfcc.com.br\/concursos\/trt15124\/index.html\">Funda\u00e7\u00e3o Carlos Chagas<\/a><\/p>\n\n\n\n<p>N\u00famero de vagas: cadastro reserva<\/p>\n\n\n\n<p>Per\u00edodo de inscri\u00e7\u00e3o: de 9 de dezembro de 2024 at\u00e9 \u00e0s 23h59 de 20 de janeiro de 2025<\/p>\n\n\n\n<p>Sal\u00e1rios: de R$ 8.529,65 at\u00e9 R$ 13.994,78 + gratifica\u00e7\u00e3o<\/p>\n\n\n\n<p>O concurso abre oportunidades para trabalhar nos cargos de analista judici\u00e1rio e t\u00e9cnico judici\u00e1rio. As provas ser\u00e3o aplicadas nas cidades paulistas de Bauru, Campinas, Piracicaba, Ribeir\u00e3o Preto, S\u00e3o Jos\u00e9 do Rio Preto, S\u00e3o Jos\u00e9 dos Campos e Sorocaba, com previs\u00e3o para o dia 30 de mar\u00e7o. Al\u00e9m da prova objetiva e discursiva, os candidatos a vagas de t\u00e9cnico judici\u00e1rio com especialidade agente da pol\u00edcia judicial enfrentar\u00e3o o teste de aptid\u00e3o f\u00edsica.<\/p>\n\n\n\n<p>Confira o&nbsp;<a href=\"https:\/\/trt15.jus.br\/sites\/portal\/files\/transparencia\/concursos\/servidores\/Concurso%202024-2025\/Edital%2001-2024%20-%20Vers%C3%A3o%20final.pdf\">edital<\/a>.<\/p>\n\n\n\n<p><strong>Empresa Brasileira de Hemoderivados e Biotecnologia (Hemobr\u00e1s)<\/strong><\/p>\n\n\n\n<p>Inscri\u00e7\u00e3o:&nbsp;<a href=\"https:\/\/institutoconsulplan.org.br\/getConc.aspx?key=HClmd7m3cGs\">Instituto Consulplan<\/a><\/p>\n\n\n\n<p>N\u00famero de vagas: cadastro reserva<\/p>\n\n\n\n<p>Per\u00edodo de inscri\u00e7\u00e3o: de 9 de dezembro 2024 at\u00e9 \u00e0s 16 horas de 23 de janeiro de 2025<\/p>\n\n\n\n<p>Sal\u00e1rio: de R$ 3.808,82 at\u00e9 R$ 8.912,54<\/p>\n\n\n\n<p>As vagas se destinam ao n\u00edvel de ensino m\u00e9dio e superior e tem benef\u00edcios como aux\u00edlio alimenta\u00e7\u00e3o, aux\u00edlio-creche, aux\u00edlio ao filho com defici\u00eancia, vale-cultura, acr\u00e9scimo na licen\u00e7a maternidade ou paternidade. Os aprovados precisar\u00e3o trabalhar em Recife (PE) ou Goi\u00e2nia (GO)<\/p>\n\n\n\n<p>Na primeira fase do concurso, os candidatos ir\u00e3o responder uma prova objetiva e, na segunda, participar da avalia\u00e7\u00e3o de t\u00edtulos se estiverem concorrendo a um cargo que precise de ensino superior. A prova objetiva ser\u00e1 realizada em Recife e deve ocorrer em 16 de mar\u00e7o.<\/p>\n\n\n\n<p>Confira o&nbsp;<a href=\"https:\/\/d676e6gwpn3ec.cloudfront.net\/concursos\/1253\/1_665000.pdf\">edital<\/a>.<\/p>\n\n\n\n<h2 class=\"wp-block-heading\">Concursos ainda sem edital<\/h2>\n\n\n\n<figure class=\"wp-block-image\"><img decoding=\"async\" src=\"https:\/\/ichef.bbci.co.uk\/news\/raw\/cpsprodpb\/25de\/live\/e6730a60-c71e-11ef-87df-d575b9a434a4.jpg\" alt=\"Homem estudando e escrevendo em biblioteca, com outras pessoas atr\u00e1s\"\/><\/figure>\n\n\n\n<p>Francisco Ant\u00f4nio Coelho J\u00fanior, da UnB, destaca que o concurseiro precisa analisar o edital e verificar o perfil do cargo<\/p>\n\n\n\n<p>Para 2025, h\u00e1 concursos autorizados pelo Minist\u00e9rio da Gest\u00e3o e da Inova\u00e7\u00e3o em Servi\u00e7os P\u00fablicos, mas que ainda n\u00e3o tem edital dispon\u00edvel. O prazo para divulga\u00e7\u00e3o do edital \u00e9 de at\u00e9 seis meses ap\u00f3s a publica\u00e7\u00e3o da portaria.<\/p>\n\n\n\n<p><strong>Comiss\u00e3o Nacional de Energia Nuclear (CNEN)<\/strong><\/p>\n\n\n\n<p>N\u00famero de vagas: 150<\/p>\n\n\n\n<p>Data da portaria: 5 de agosto de 2024<\/p>\n\n\n\n<p>O lan\u00e7amento do edital do concurso da CNEN est\u00e1 previsto para janeiro do pr\u00f3ximo ano. A Comiss\u00e3o tem unidades t\u00e9cnico-cient\u00edficas (UTC) no Rio de Janeiro, em S\u00e3o Paulo, em Recife, em Belo Horizonte, em Goi\u00e2nia e em Po\u00e7o de Caldas.<\/p>\n\n\n\n<p>H\u00e1 cargos de analista em ci\u00eancia e tecnologia, pesquisador, tecnologista e t\u00e9cnico (a \u00fanica posi\u00e7\u00e3o que n\u00e3o requer ensino superior).<\/p>\n\n\n\n<p><strong>Ag\u00eancia Espacial Brasileira (AEB)<\/strong><\/p>\n\n\n\n<p>N\u00famero de vagas: 30<\/p>\n\n\n\n<p>Data da portaria: 6 de agosto de 2024<\/p>\n\n\n\n<p>A AEB definiu o Centro Brasileiro de Pesquisa em Avalia\u00e7\u00e3o e Sele\u00e7\u00e3o e de Promo\u00e7\u00e3o de Eventos (Cebraspe) como banca organizadora do concurso. O edital deve ser publicado at\u00e9 8 de fevereiro de 2025.<\/p>\n\n\n\n<p>Todas as vagas ter\u00e3o como requisito ensino superior, sendo 15 para analista em ci\u00eancia e tecnologia e 15 para tecnologista.<\/p>\n\n\n\n<p><strong>Minist\u00e9rio da Ci\u00eancia, Tecnologia e Inova\u00e7\u00e3o (MCTI)<\/strong><\/p>\n\n\n\n<p>N\u00famero de vagas: 55<\/p>\n\n\n\n<p>Data da portaria: 13 de agosto de 2024<\/p>\n\n\n\n<p>Os aprovados no concurso ir\u00e3o preencher o quadro pessoal de pesquisador e tecnologista do MCTI. Sete ser\u00e3o destinados a cargos para o Instituto Nacional de Pesquisas do Pantanal (INPP); 19 para o Instituto Nacional do Semi-\u00c1rido (INSA); e 29 para o Museu Paraense Em\u00edlio Goeldi (MPEG).<\/p>\n\n\n\n<p><strong>Superintend\u00eancia de Seguros Privados (SUSEP)<\/strong><\/p>\n\n\n\n<p>N\u00famero de vagas: 75<\/p>\n\n\n\n<p>Data da portaria: 13 de agosto de 2024<\/p>\n\n\n\n<p>A portaria autorizou o provimento de 75 vagas para analista t\u00e9cnico da Susep. A autarquia escolheu o Cebraspe para a realiza\u00e7\u00e3o do concurso, e o edital do certame deve ser divulgado at\u00e9 o in\u00edcio de fevereiro de 2025.<\/p>\n\n\n\n<p><strong>Funda\u00e7\u00e3o Joaquim Nabuco (Fundaj)<\/strong><\/p>\n\n\n\n<p>N\u00famero de vagas: 20<\/p>\n\n\n\n<p>Data da portaria: 13 de agosto de 2024<\/p>\n\n\n\n<p>O concurso ir\u00e1 oferecer oportunidades para o cargo de pesquisador. A Fundaj est\u00e1 h\u00e1 18 anos sem concurso p\u00fablico.<\/p>\n\n\n\n<p>Instituto Brasileiro do Meio Ambiente e dos Recursos Naturais Renov\u00e1veis (Ibama)<\/p>\n\n\n\n<p>N\u00famero de vagas: 460<\/p>\n\n\n\n<p>Publica\u00e7\u00e3o da portaria: 29 de agosto de 2024<\/p>\n\n\n\n<p>330 das vagas abertas ser\u00e3o destinadas ao cargo de analista ambiental e 130 a analista administrativo. O Cebraspe j\u00e1 foi contratado para a realiza\u00e7\u00e3o do concurso.<\/p>\n\n\n\n<p><strong>Funda\u00e7\u00e3o Casa de Rui Barbosa (FCRB)<\/strong><\/p>\n\n\n\n<p>N\u00famero de vaga: 10<\/p>\n\n\n\n<p>Data da portaria: 17 setembro de 2024<\/p>\n\n\n\n<p>As dez vagas est\u00e3o distribu\u00eddas entre os cargos de analista em ci\u00eancia e tecnologia, tecnologista e pesquisador. Todas requerem n\u00edvel superior.<\/p>\n\n\n\n<p><strong>Funda\u00e7\u00e3o Biblioteca Nacional (FDN)<\/strong><\/p>\n\n\n\n<p>N\u00famero de vagas: 14<\/p>\n\n\n\n<p>Data da portaria: 17 de setembro de 2024<\/p>\n\n\n\n<p>A autoriza\u00e7\u00e3o prev\u00ea 11 vagas para t\u00e9cnico em administra\u00e7\u00e3o e 3 para analista em administra\u00e7\u00e3o.<\/p>\n\n\n\n<p><strong>Comando da Marinha<\/strong><\/p>\n\n\n\n<p>N\u00famero de vaga: 1<\/p>\n\n\n\n<p>Data da portaria: 10 de outubro<\/p>\n\n\n\n<p>O certame seleciona um juiz do Tribunal Mar\u00edtimo.<\/p>\n\n\n\n<p><strong>Minist\u00e9rio da Sa\u00fade<\/strong><\/p>\n\n\n\n<p>N\u00famero de vagas: 319<\/p>\n\n\n\n<p><br>Data da portaria: 13 de novembro<\/p>\n\n\n\n<p>A portaria destina 94 vagas para o Instituto Nacional de Traumatologia e Ortopedia; 84 para o Instituto Nacional do C\u00e2ncer (INCA); 75 para o Instituto Nacional de Cardiologia (INC); 38 para o Instituto Evandro Chagas (IEC); e 28 para o Centro Nacional de Primatas (CENP).<\/p>\n\n\n\n<p><strong>Instituto Brasileiro de Museus (Ibram)<\/strong><\/p>\n\n\n\n<p>N\u00famero de vagas: 28<\/p>\n\n\n\n<p>Data da portaria: 13 de novembro de 2024<\/p>\n\n\n\n<p>O Ibram abriu 13 vagas para analista e 15 para t\u00e9cnico em assuntos culturais. Ambos cargos precisam de ensino superior.<\/p>\n\n\n\n<p><strong>Minist\u00e9rio da Integra\u00e7\u00e3o e do Desenvolvimento Regional (MIDR)<\/strong><\/p>\n\n\n\n<p>N\u00famero de vagas: 10<\/p>\n\n\n\n<p>Data da portaria: 13 de novembro de 2024<\/p>\n\n\n\n<p>Todas as vagas abertas para o MIDR s\u00e3o para engenheiros.<\/p>\n\n\n\n<p>Pol\u00edcia Federal (PF)<\/p>\n\n\n\n<p>N\u00famero de vagas: 192<\/p>\n\n\n\n<p>Data da portaria: 5 de dezembro de 2024<\/p>\n\n\n\n<p>Entre as vagas autorizadas pela portaria, est\u00e3o agente administrativo (100), m\u00e9dico (35), assistente social (13), t\u00e9cnico em assuntos educacionais (10), contador (9), psic\u00f3logo (6), administrador (6), estat\u00edstico (4), contador (3), enfermeiro (3), t\u00e9cnico em comunica\u00e7\u00e3o social (3) farmac\u00eautico (2), nutricionista (1). Desses, apenas o agente administrativo n\u00e3o requer ensino de n\u00edvel superior.<\/p>\n\n\n\n<p>O edital deve ser publicado no portal oficial da Pol\u00edcia Federal e do Governo Federal.<\/p>\n\n\n\n<p><strong>Instituto Benjamin Constant (IBC)<\/strong><\/p>\n\n\n\n<p>N\u00famero de vagas: 15<\/p>\n\n\n\n<p>Publica\u00e7\u00e3o da portaria: 17 de dezembro de 2024<\/p>\n\n\n\n<p>A portaria autoriza a disponibiliza\u00e7\u00e3o de 13 vagas para professor de ensino b\u00e1sico, t\u00e9cnico e tecnol\u00f3gico e uma vaga de analista de tecnologia da informa\u00e7\u00e3o, al\u00e9m de uma vaga de t\u00e9cnico de tecnologia da informa\u00e7\u00e3o, que n\u00e3o requer escolaridade com n\u00edvel superior.<\/p>\n\n\n\n<p><strong>Minist\u00e9rio da Fazenda<\/strong><\/p>\n\n\n\n<p>N\u00famero de vagas: 30<\/p>\n\n\n\n<p>Publica\u00e7\u00e3o da portaria: 17 de dezembro de 2024<\/p>\n\n\n\n<p>As vagas est\u00e3o distribu\u00eddas entre os cargos de n\u00edvel superior: duas para arquitetos, tr\u00eas para engenheiro e 25 para contador.<\/p>\n\n\n\n<h2 class=\"wp-block-heading\">Outros concursos previstos para 2025<\/h2>\n\n\n\n<p><strong>Minist\u00e9rio P\u00fablico da Uni\u00e3o (MPU)<\/strong><\/p>\n\n\n\n<p>Em nota, o Minist\u00e9rio P\u00fablico Federal (MPF) informou que o edital de abertura das inscri\u00e7\u00f5es deve ser publicado no primeiro semestre de 2025. A Funda\u00e7\u00e3o Get\u00falio Vargas (FGV) ser\u00e1 a banca organizadora.<\/p>\n\n\n\n<p>O certame ir\u00e1 selecionar profissionais para vaga de analista e t\u00e9cnico em qualquer dos quatro ramos do MPU: Minist\u00e9rio P\u00fablico Federal (MPF), Minist\u00e9rio P\u00fablico do Trabalho (MPT), Minist\u00e9rio P\u00fablico do Distrito Federal e Territ\u00f3rios (MPDFT) e Minist\u00e9rio P\u00fablico Militar (MPM).<\/p>\n\n\n\n<h2 class=\"wp-block-heading\">Como se preparar para concursos?<\/h2>\n\n\n\n<p>Especialistas d\u00e3o diversas dicas sobre como se preparar para provas e concursos p\u00fablicos.<\/p>\n\n\n\n<p>A professora de psicologia do Centro de Inova\u00e7\u00e3o em Sa\u00fade Mental da Universidade de Southampton, no Reino Unido, Emma Palmer-Cooper, tem uma&nbsp;<a href=\"https:\/\/www.bbc.com\/portuguese\/articles\/czd8dg9lj25o?xtor=AL-73-%5Bpartner%5D-%5Bem.com.br%5D-%5Blink%5D-%5Bbrazil%5D-%5Bbizdev%5D-%5Bisapi%5D\">lista com sete dicas para quem est\u00e1 prestes a enfrentar um dif\u00edcil exame<\/a>&nbsp;\u2014 muitas delas relacionadas com a sa\u00fade mental do candidato:<\/p>\n\n\n\n<ol class=\"wp-block-list\">\n<li>Aprender a respirar com calma nos momentos de estresse<\/li>\n\n\n\n<li>Estabelecer metas e ser realista<\/li>\n\n\n\n<li>Planejar intervalos no estudo<\/li>\n\n\n\n<li>Manter-se ativo e sair de casa com frequ\u00eancia<\/li>\n\n\n\n<li>Encontrar amigos<\/li>\n\n\n\n<li>Fazer escolhas saud\u00e1veis de alimentos e sono<\/li>\n\n\n\n<li>Personalizar todas essas dicas. Ou seja, adaptar o que funciona melhor para cada pessoa<\/li>\n<\/ol>\n\n\n\n<p>Outro especialista em aprendizado deu \u00e0 BBC News Brasil&nbsp;<a href=\"https:\/\/www.bbc.com\/portuguese\/geral-64354629?xtor=AL-73-%5Bpartner%5D-%5Bem.com.br%5D-%5Blink%5D-%5Bbrazil%5D-%5Bbizdev%5D-%5Bisapi%5D\">dicas de estrat\u00e9gias para lidar com o estudo e os exames<\/a>. Matthew Bernacki \u00e9 professor-associado na Escola de Educa\u00e7\u00e3o da Universidade da Carolina do Norte (UNC) em Chapel Hill (EUA).<\/p>\n\n\n\n<p>Ele listou tr\u00eas estrat\u00e9gias que costumam ser pouco eficazes:<\/p>\n\n\n\n<ol class=\"wp-block-list\">\n<li><strong><br>Reler e grifar:<\/strong>\u00a0Embora ler e grifar textos sejam uma parte importante do aprendizado, n\u00e3o costumam bastar para o estudante ganhar dom\u00ednio do conte\u00fado estudado. Reler, em especial, requer esfor\u00e7o e tempo que nem sempre compensam, porque &#8220;d\u00e1 uma falsa sensa\u00e7\u00e3o de familiaridade com o conte\u00fado&#8221;.<\/li>\n\n\n\n<li><strong>Estudar de \u00faltima hora:<\/strong>\u00a0Passar a v\u00e9spera da prova estudando \u00e9 uma pr\u00e1tica comum para tentar se sair bem. Mas o esfor\u00e7o costuma servir para ir bem s\u00f3 naquela prova e n\u00e3o para memorizar de fato o conte\u00fado.<\/li>\n\n\n\n<li><strong>&#8220;Multitasking&#8221;<\/strong>: J\u00e1 h\u00e1 m\u00faltiplas pesquisas indicando que estudar com distra\u00e7\u00f5es &#8211; por exemplo de mensagens de WhatsApp ou v\u00eddeos no TikTok &#8211; \u00e9 ineficiente n\u00e3o s\u00f3 porque voc\u00ea est\u00e1 dividindo sua aten\u00e7\u00e3o, mas porque o pr\u00f3prio ato de ficar trocando de tela ou aparelho gasta tempo e energia.<\/li>\n<\/ol>\n\n\n\n<p>Ele sugere substituir essas estrat\u00e9gias acima com alternativas:<\/p>\n\n\n\n<ol class=\"wp-block-list\">\n<li><strong>Aprendizado &#8220;ativo&#8221;<\/strong>: Para de fato aprender o conte\u00fado, \u00e9 mais eficaz interagir ativamente com ele. Algumas sugest\u00f5es: criar perguntas, problemas ou &#8220;quizzes&#8221; para voc\u00ea mesmo responder; explicar a si mesmo o conte\u00fado, em voz alta, nas suas pr\u00f3prias palavras; e para conte\u00fados t\u00e9cnicos, como matem\u00e1tica, detalhar o problema e os passos para resolv\u00ea-lo.<\/li>\n\n\n\n<li><strong>Sess\u00f5es curtas e espa\u00e7adas de estudos<\/strong>: Em vez de estudar v\u00e1rias horas apenas na v\u00e9spera da prova, vale mais a pena fazer sess\u00f5es de estudo curtas, por\u00e9m espa\u00e7adas ao longo de v\u00e1rios dias, do conte\u00fado que voc\u00ea quer aprender.<\/li>\n\n\n\n<li><strong>T\u00e9cnica &#8220;pomodoro&#8221;, ou estudo em blocos:<\/strong>\u00a0A recomenda\u00e7\u00e3o de Bernacki para n\u00e3o sofrer com as distra\u00e7\u00f5es \u00e9 estabelecer blocos de estudo. Por exemplo, marque 35 minutos no rel\u00f3gio e, nesse per\u00edodo, dedique-se exclusivamente a estudar um conte\u00fado, desligando-se de todas as distra\u00e7\u00f5es. Depois disso, voc\u00ea tem cinco minutos para recompensar o seu c\u00e9rebro com alguma distra\u00e7\u00e3o &#8211; por exemplo, fazendo um lanche ou checando suas mensagens. E, da\u00ed, voc\u00ea volta para mais um bloco de 35 minutos de estudo.<\/li>\n<\/ol>\n\n\n\n<p>A pesquisadora Barbara Oakley tamb\u00e9m listou para a BBC News Brasil&nbsp;<a href=\"https:\/\/www.bbc.com\/portuguese\/geral-49411981?xtor=AL-73-%5Bpartner%5D-%5Bem.com.br%5D-%5Blink%5D-%5Bbrazil%5D-%5Bbizdev%5D-%5Bisapi%5D\">cinco dicas de aprendizado \u2014 que combinam preocupa\u00e7\u00f5es com sa\u00fade mental e estrat\u00e9gias para lidar com provas e estudo<\/a>:<\/p>\n\n\n\n<ol class=\"wp-block-list\">\n<li>Varar a noite estudando na v\u00e9spera da prova n\u00e3o ajuda o c\u00e9rebro a aprender<\/li>\n\n\n\n<li>Revisar logo, e constantemente, \u00e9 mais eficaz do que passar horas estudando na v\u00e9spera<\/li>\n\n\n\n<li>Come\u00e7ar pelo exerc\u00edcio dif\u00edcil, em vez do f\u00e1cil<\/li>\n\n\n\n<li>Prestar aten\u00e7\u00e3o ao &#8216;pensamento viciado&#8217; &#8211; ou seja, revisar respostas e tentar ver a quest\u00e3o com olhos diferentes<\/li>\n\n\n\n<li>Dormir bem e fazer atividades f\u00edsicas<\/li>\n<\/ol>\n\n\n\n<ul class=\"wp-block-list\">\n<li><a href=\"https:\/\/www.bbc.com\/portuguese\/articles\/crk0j7p35x2o?xtor=AL-73-%5Bpartner%5D-%5Bem.com.br%5D-%5Blink%5D-%5Bbrazil%5D-%5Bbizdev%5D-%5Bisapi%5D\">Bom para o agro, ruim para o assalariado? Quem ganha e quem perde com alta do d\u00f3lar<\/a><\/li>\n\n\n\n<li><a href=\"https:\/\/www.bbc.com\/portuguese\/articles\/c4g2pz3vq5wo?xtor=AL-73-%5Bpartner%5D-%5Bem.com.br%5D-%5Blink%5D-%5Bbrazil%5D-%5Bbizdev%5D-%5Bisapi%5D\">As mulheres suecas que est\u00e3o parando de trabalhar<\/a><\/li>\n\n\n\n<li><a href=\"https:\/\/www.bbc.com\/portuguese\/articles\/ckg7r784zl2o?xtor=AL-73-%5Bpartner%5D-%5Bem.com.br%5D-%5Blink%5D-%5Bbrazil%5D-%5Bbizdev%5D-%5Bisapi%5D\">Soft skills: quais s\u00e3o as 17 habilidades socioemocionais mais buscadas por empregadores (e como aprimor\u00e1-las)<\/a><\/li>\n<\/ul>\n","protected":false},"excerpt":{"rendered":"<p>Concursos com vagas na Embrapa, no ICMBio e no Iphan j\u00e1 est\u00e3o com inscri\u00e7\u00f5es abertas. O\u00a0ano de 2025\u00a0promete vir forte no quesito concursos p\u00fablicos. Certames que ir\u00e3o realizar provas entre fevereiro e mar\u00e7o est\u00e3o com inscri\u00e7\u00f5es abertas desde dezembro passado e outros j\u00e1 foram autorizados pelo Minist\u00e9rio da Gest\u00e3o e da Inova\u00e7\u00e3o em Servi\u00e7os P\u00fablicos. [&hellip;]<\/p>\n","protected":false},"author":5,"featured_media":148357,"comment_status":"closed","ping_status":"open","sticky":false,"template":"","format":"standard","meta":{"advgb_blocks_editor_width":"","advgb_blocks_columns_visual_guide":"","_exactmetrics_skip_tracking":false,"_exactmetrics_sitenote_active":false,"_exactmetrics_sitenote_note":"","_exactmetrics_sitenote_category":0,"footnotes":""},"categories":[17,2],"tags":[],"class_list":["post-148356","post","type-post","status-publish","format-standard","has-post-thumbnail","hentry","category-jornal-cidade","category-noticias"],"better_featured_image":{"id":148357,"alt_text":"","caption":"","description":"","media_type":"image","media_details":{"width":215,"height":215,"file":"2025\/01\/1_fbe17310_c71d_11ef_94cb_5f844ceb9e30-44057344.jpg","filesize":10815,"sizes":{"thumbnail":{"file":"1_fbe17310_c71d_11ef_94cb_5f844ceb9e30-44057344-150x150.jpg","width":150,"height":150,"mime-type":"image\/jpeg","filesize":4773,"source_url":"https:\/\/lavras.tv\/site\/wp-content\/uploads\/2025\/01\/1_fbe17310_c71d_11ef_94cb_5f844ceb9e30-44057344-150x150.jpg"},"lshowcase-thumb":{"file":"1_fbe17310_c71d_11ef_94cb_5f844ceb9e30-44057344-200x200.jpg","width":200,"height":200,"mime-type":"image\/jpeg","filesize":6860,"source_url":"https:\/\/lavras.tv\/site\/wp-content\/uploads\/2025\/01\/1_fbe17310_c71d_11ef_94cb_5f844ceb9e30-44057344-200x200.jpg"},"alm-thumbnail":{"file":"1_fbe17310_c71d_11ef_94cb_5f844ceb9e30-44057344-150x150.jpg","width":150,"height":150,"mime-type":"image\/jpeg","filesize":4773,"source_url":"https:\/\/lavras.tv\/site\/wp-content\/uploads\/2025\/01\/1_fbe17310_c71d_11ef_94cb_5f844ceb9e30-44057344-150x150.jpg"}},"image_meta":{"aperture":"0","credit":"","camera":"","caption":"","created_timestamp":"0","copyright":"","focal_length":"0","iso":"0","shutter_speed":"0","title":"","orientation":"0","keywords":[]}},"post":148356,"source_url":"https:\/\/lavras.tv\/site\/wp-content\/uploads\/2025\/01\/1_fbe17310_c71d_11ef_94cb_5f844ceb9e30-44057344.jpg"},"author_meta":{"display_name":"Vinicius Bustamante","author_link":"https:\/\/lavras.tv\/site\/author\/vinicius-bustamante\/"},"featured_img":"https:\/\/lavras.tv\/site\/wp-content\/uploads\/2025\/01\/1_fbe17310_c71d_11ef_94cb_5f844ceb9e30-44057344.jpg","coauthors":[],"tax_additional":{"categories":{"linked":["<a href=\"https:\/\/lavras.tv\/site\/category\/sem-categoria\/jornal-cidade\/\" class=\"advgb-post-tax-term\">DESTAQUE PRINCIPAL<\/a>","<a href=\"https:\/\/lavras.tv\/site\/category\/noticias\/\" class=\"advgb-post-tax-term\">Not\u00edcias<\/a>"],"unlinked":["<span class=\"advgb-post-tax-term\">DESTAQUE PRINCIPAL<\/span>","<span class=\"advgb-post-tax-term\">Not\u00edcias<\/span>"]}},"comment_count":"0","relative_dates":{"created":"Publicado 1 ano atr\u00e1s","modified":"Atualizado 1 ano atr\u00e1s"},"absolute_dates":{"created":"Publicado em 3 de janeiro de 2025","modified":"Atualizado em 3 de janeiro de 2025"},"absolute_dates_time":{"created":"Publicado em 3 de janeiro de 2025 17:02","modified":"Atualizado em 3 de janeiro de 2025 17:02"},"featured_img_caption":"","series_order":"","_links":{"self":[{"href":"https:\/\/lavras.tv\/site\/wp-json\/wp\/v2\/posts\/148356","targetHints":{"allow":["GET"]}}],"collection":[{"href":"https:\/\/lavras.tv\/site\/wp-json\/wp\/v2\/posts"}],"about":[{"href":"https:\/\/lavras.tv\/site\/wp-json\/wp\/v2\/types\/post"}],"author":[{"embeddable":true,"href":"https:\/\/lavras.tv\/site\/wp-json\/wp\/v2\/users\/5"}],"replies":[{"embeddable":true,"href":"https:\/\/lavras.tv\/site\/wp-json\/wp\/v2\/comments?post=148356"}],"version-history":[{"count":1,"href":"https:\/\/lavras.tv\/site\/wp-json\/wp\/v2\/posts\/148356\/revisions"}],"predecessor-version":[{"id":148358,"href":"https:\/\/lavras.tv\/site\/wp-json\/wp\/v2\/posts\/148356\/revisions\/148358"}],"wp:featuredmedia":[{"embeddable":true,"href":"https:\/\/lavras.tv\/site\/wp-json\/wp\/v2\/media\/148357"}],"wp:attachment":[{"href":"https:\/\/lavras.tv\/site\/wp-json\/wp\/v2\/media?parent=148356"}],"wp:term":[{"taxonomy":"category","embeddable":true,"href":"https:\/\/lavras.tv\/site\/wp-json\/wp\/v2\/categories?post=148356"},{"taxonomy":"post_tag","embeddable":true,"href":"https:\/\/lavras.tv\/site\/wp-json\/wp\/v2\/tags?post=148356"}],"curies":[{"name":"wp","href":"https:\/\/api.w.org\/{rel}","templated":true}]}}