{"id":148359,"date":"2025-01-03T17:12:01","date_gmt":"2025-01-03T20:12:01","guid":{"rendered":"https:\/\/lavras.tv\/site\/?p=148359"},"modified":"2025-01-03T17:12:02","modified_gmt":"2025-01-03T20:12:02","slug":"sorotipo-3-liga-alerta-para-perigo-de-dengue-grave","status":"publish","type":"post","link":"https:\/\/lavras.tv\/site\/2025\/01\/03\/sorotipo-3-liga-alerta-para-perigo-de-dengue-grave\/","title":{"rendered":"Sorotipo 3 liga alerta para perigo de dengue grave"},"content":{"rendered":"<div class=\"lavra-antes-do-conteudo_2\" id=\"lavra-698818452\"><div id=\"lavra-slider-27\" class=\"custom-slider lavra-slider-2198885177 lavra-slider\"><ul><li><div style=\"margin-left: auto;margin-right: auto;text-align: center;\" id=\"lavra-3870934558\"><a href=\"https:\/\/sistemas.lavras.mg.gov.br\/portalcidadao\/#df1b1a7c7b2a290bcb31e32771e610784662739a88807c0dacac58ede5f391a7530e299dc302d611ee73cb143fc22eaf93592e53e7b5bdb01b00a0b8d28dae460c141dd2ff83412e4dc1c31b16b25f33144a9e5620ea73b13f5bc1c59411d98439ad226e8af03840603796067d87afe130812cf3de24982d0e306f9e61e764e5\" aria-label=\"Lavras-TV&#8211;720x104px (1) (1)\"><img src=\"https:\/\/lavras.tv\/site\/wp-content\/uploads\/2025\/01\/Lavras-TV-720x104px-1-1.png\" alt=\"\"  srcset=\"https:\/\/lavras.tv\/site\/wp-content\/uploads\/2025\/01\/Lavras-TV-720x104px-1-1.png 720w, https:\/\/lavras.tv\/site\/wp-content\/uploads\/2025\/01\/Lavras-TV-720x104px-1-1-470x68.png 470w, https:\/\/lavras.tv\/site\/wp-content\/uploads\/2025\/01\/Lavras-TV-720x104px-1-1-170x25.png 170w, https:\/\/lavras.tv\/site\/wp-content\/uploads\/2025\/01\/Lavras-TV-720x104px-1-1-200x29.png 200w\" sizes=\"(max-width: 720px) 100vw, 720px\" width=\"720\" height=\"104\"  style=\"display: inline-block;\" \/><\/a><\/div><\/li><li><a href=\"https:\/\/sistemas.lavras.mg.gov.br\/portalcidadao\/#df1b1a7c7b2a290bcb31e32771e610784662739a88807c0dacac58ede5f391a7530e299dc302d611ee73cb143fc22eaf93592e53e7b5bdb01b00a0b8d28dae460c141dd2ff83412e4dc1c31b16b25f33144a9e5620ea73b13f5bc1c59411d98439ad226e8af03840603796067d87afe130812cf3de24982d0e306f9e61e764e5\" aria-label=\"Banner_Emprego_PortallavrasTV\"><img src=\"https:\/\/lavras.tv\/site\/wp-content\/uploads\/2025\/03\/Banner_Emprego_PortallavrasTV.png\" alt=\"\"  srcset=\"https:\/\/lavras.tv\/site\/wp-content\/uploads\/2025\/03\/Banner_Emprego_PortallavrasTV.png 720w, https:\/\/lavras.tv\/site\/wp-content\/uploads\/2025\/03\/Banner_Emprego_PortallavrasTV-470x68.png 470w, https:\/\/lavras.tv\/site\/wp-content\/uploads\/2025\/03\/Banner_Emprego_PortallavrasTV-170x25.png 170w, https:\/\/lavras.tv\/site\/wp-content\/uploads\/2025\/03\/Banner_Emprego_PortallavrasTV-200x29.png 200w\" sizes=\"(max-width: 720px) 100vw, 720px\" width=\"720\" height=\"104\"   \/><\/a><\/li><li><a href=\"https:\/\/sistemas.lavras.mg.gov.br\/portalcidadao\/#df1b1a7c7b2a290bcb31e32771e610784662739a88807c0dacac58ede5f391a7530e299dc302d611ee73cb143fc22eaf93592e53e7b5bdb01b00a0b8d28dae460c141dd2ff83412e4dc1c31b16b25f33144a9e5620ea73b13f5bc1c59411d98439ad226e8af03840603796067d87afe130812cf3de24982d0e306f9e61e764e5\" aria-label=\"Banner_Obras_PortallavrasTV\"><img src=\"https:\/\/lavras.tv\/site\/wp-content\/uploads\/2025\/03\/Banner_Obras_PortallavrasTV.png\" alt=\"\"  srcset=\"https:\/\/lavras.tv\/site\/wp-content\/uploads\/2025\/03\/Banner_Obras_PortallavrasTV.png 720w, https:\/\/lavras.tv\/site\/wp-content\/uploads\/2025\/03\/Banner_Obras_PortallavrasTV-470x68.png 470w, https:\/\/lavras.tv\/site\/wp-content\/uploads\/2025\/03\/Banner_Obras_PortallavrasTV-170x25.png 170w, https:\/\/lavras.tv\/site\/wp-content\/uploads\/2025\/03\/Banner_Obras_PortallavrasTV-200x29.png 200w\" sizes=\"(max-width: 720px) 100vw, 720px\" width=\"720\" height=\"104\"   \/><\/a><\/li><li><div style=\"margin-left: auto;margin-right: auto;text-align: center;\" id=\"lavra-4260553223\"><a href=\"https:\/\/sistemas.lavras.mg.gov.br\/portalcidadao\/#df1b1a7c7b2a290bcb31e32771e610784662739a88807c0dacac58ede5f391a7530e299dc302d611ee73cb143fc22eaf93592e53e7b5bdb01b00a0b8d28dae460c141dd2ff83412e4dc1c31b16b25f33144a9e5620ea73b13f5bc1c59411d98439ad226e8af03840603796067d87afe130812cf3de24982d0e306f9e61e764e5\" aria-label=\"Banner_Educa\u00e7\u00e3o_PortallavrasTV\"><img src=\"https:\/\/lavras.tv\/site\/wp-content\/uploads\/2025\/01\/Banner_Educacao_PortallavrasTV.png\" alt=\"\"  srcset=\"https:\/\/lavras.tv\/site\/wp-content\/uploads\/2025\/01\/Banner_Educacao_PortallavrasTV.png 720w, https:\/\/lavras.tv\/site\/wp-content\/uploads\/2025\/01\/Banner_Educacao_PortallavrasTV-470x68.png 470w, https:\/\/lavras.tv\/site\/wp-content\/uploads\/2025\/01\/Banner_Educacao_PortallavrasTV-170x25.png 170w, https:\/\/lavras.tv\/site\/wp-content\/uploads\/2025\/01\/Banner_Educacao_PortallavrasTV-200x29.png 200w\" sizes=\"(max-width: 720px) 100vw, 720px\" width=\"720\" height=\"104\"  style=\"display: inline-block;\" \/><\/a><\/div><\/li><li><a href=\"https:\/\/sistemas.lavras.mg.gov.br\/portalcidadao\/#df1b1a7c7b2a290bcb31e32771e610784662739a88807c0dacac58ede5f391a7530e299dc302d611ee73cb143fc22eaf93592e53e7b5bdb01b00a0b8d28dae460c141dd2ff83412e4dc1c31b16b25f33144a9e5620ea73b13f5bc1c59411d98439ad226e8af03840603796067d87afe130812cf3de24982d0e306f9e61e764e5\" aria-label=\"Banner_Sa\u00fade_PortallavrasTV\"><img src=\"https:\/\/lavras.tv\/site\/wp-content\/uploads\/2025\/03\/Banner_Saude_PortallavrasTV.png\" alt=\"\"  srcset=\"https:\/\/lavras.tv\/site\/wp-content\/uploads\/2025\/03\/Banner_Saude_PortallavrasTV.png 720w, https:\/\/lavras.tv\/site\/wp-content\/uploads\/2025\/03\/Banner_Saude_PortallavrasTV-470x68.png 470w, https:\/\/lavras.tv\/site\/wp-content\/uploads\/2025\/03\/Banner_Saude_PortallavrasTV-170x25.png 170w, https:\/\/lavras.tv\/site\/wp-content\/uploads\/2025\/03\/Banner_Saude_PortallavrasTV-200x29.png 200w\" sizes=\"(max-width: 720px) 100vw, 720px\" width=\"720\" height=\"104\"   \/><\/a><\/li><li><div id=\"lavra-701550177\" style=\"width:720px;height:104px;background-color:#ddd;overflow:scroll;\">\n\t<strong>Sa\u00edda da depura\u00e7\u00e3o de an\u00fancios<\/strong>\n\t<br><br>\n\tO an\u00fancio n\u00e3o \u00e9 exibido na p\u00e1gina<br><br>post atual: Sorotipo 3 liga alerta para perigo de dengue grave, ID: 148359<br><br><span style=\"color: red;\">O post atual n\u00e3o \u00e9 id\u00eantico ao post principal.<\/span><br><br>An\u00fancios: ROXO - TOPO INTERNA - ROTATIVO 2 (197)<br \/>Grupo de an\u00fancios: Princ_Meio01_720x104 (27)<br><br>Condi\u00e7\u00f5es de exibi\u00e7\u00e3o<div style=\"margin-bottom: 20px; white-space: pre-wrap; font-family: monospace; width: 100%; background: #ffe9e9;\"><strong>condi\u00e7\u00f5es gerais<\/strong><table border=\"1\"><thead><tr><th><\/th><th>An\u00fancios<\/th><th>wp_the_query<\/th><\/tr><\/thead><tr><td>is_main_query<\/td><td>1<\/td><td>1<\/td><\/tr><tr><td>is_rest_api<\/td><td>0<\/td><td>1<\/td><\/tr><tr><td>page<\/td><td>0<\/td><td>1<\/td><\/tr><tr><td>numpages<\/td><td>0<\/td><td>1<\/td><\/tr><tr><td>is_archive<\/td><td>1<\/td><td><\/td><\/tr><tr><td>is_search<\/td><td>1<\/td><td><\/td><\/tr><tr><td>is_home<\/td><td>1<\/td><td><\/td><\/tr><tr><td>is_404<\/td><td>1<\/td><td><\/td><\/tr><tr><td>is_attachment<\/td><td>1<\/td><td><\/td><\/tr><tr><td>is_singular<\/td><td>1<\/td><td><\/td><\/tr><tr><td>is_front_page<\/td><td>1<\/td><td><\/td><\/tr><tr><td>is_feed<\/td><td>1<\/td><td><\/td><\/tr><\/table><\/div><br><br><span style=\"color: red;\">Seu site usa HTTPS, mas o c\u00f3digo do an\u00fancio cont\u00e9m HTTP e pode n\u00e3o funcionar.<\/span>\t<br><br>\n\t<a style=\"color: green;\" href=\"https:\/\/wpadvancedads.com\/manual\/ad-debug-mode\/?utm_source=advanced-ads&utm_medium=link&utm_campaign=ad-debug-mode\" target=\"_blank\" rel=\"nofollow\">Encontre solu\u00e7\u00f5es no manual<\/a>\n<\/div>\n<\/li><\/ul><\/div><script>( window.advanced_ads_ready || jQuery( document ).ready ).call( null, function() {var $lavraslider2198885177 = jQuery( \".lavra-slider-2198885177\" );$lavraslider2198885177.on( \"unslider.ready\", function() { jQuery( \"div.custom-slider ul li\" ).css( \"display\", \"block\" ); });$lavraslider2198885177.unslider({ delay:4000, autoplay:true, nav:false, arrows:false, infinite:true });$lavraslider2198885177.on(\"mouseover\", function() {$lavraslider2198885177.unslider(\"stop\");}).on(\"mouseout\", function() {$lavraslider2198885177.unslider(\"start\");});});<\/script><\/div>\n<p>Reapari\u00e7\u00e3o de v\u00edrus ap\u00f3s sumi\u00e7o de 15 anos exp\u00f5e milh\u00f5es de pessoas que adoeceram na epidemia de 2024 \u00e0 reinfec\u00e7\u00e3o<\/p>\n\n\n\n<figure class=\"wp-block-image size-large\"><img fetchpriority=\"high\" decoding=\"async\" width=\"970\" height=\"581\" src=\"https:\/\/lavras.tv\/site\/wp-content\/uploads\/2025\/01\/1_wge62401-44093825-970x581.jpg\" alt=\"\" class=\"wp-image-148360\" srcset=\"https:\/\/lavras.tv\/site\/wp-content\/uploads\/2025\/01\/1_wge62401-44093825-970x581.jpg 970w, https:\/\/lavras.tv\/site\/wp-content\/uploads\/2025\/01\/1_wge62401-44093825-470x282.jpg 470w, https:\/\/lavras.tv\/site\/wp-content\/uploads\/2025\/01\/1_wge62401-44093825-170x102.jpg 170w, https:\/\/lavras.tv\/site\/wp-content\/uploads\/2025\/01\/1_wge62401-44093825-200x120.jpg 200w, https:\/\/lavras.tv\/site\/wp-content\/uploads\/2025\/01\/1_wge62401-44093825.jpg 1200w\" sizes=\"(max-width: 970px) 100vw, 970px\" \/><\/figure>\n\n\n\n<p>Depois de registrar no ano passado a maior epidemia de dengue de sua hist\u00f3ria, Minas Gerais come\u00e7a 2025 com a doen\u00e7a outra vez em seu radar. Desta vez, o grande temor \u2013 que se reproduz pa\u00eds afora \u2013 gira em torno do sorotipo 3 do v\u00edrus que provoca a enfermidade, respons\u00e1vel pela morte de pelo menos 1.124 pessoas no estado em 2024. Embora historicamente as epidemias de dengue ocorram a cada dois ou tr\u00eas anos \u2013 paradigma quebrado no ano passado, o segundo consecutivo de forte dissemina\u00e7\u00e3o da doen\u00e7a em Minas \u2013, a reapari\u00e7\u00e3o desse sorotipo, que ficou praticamente fora de circula\u00e7\u00e3o nos \u00faltimos 15 anos, representa risco para a popula\u00e7\u00e3o, alertam especialistas.<\/p>\n\n\n\n<p>Segundo a Funda\u00e7\u00e3o Oswaldo Cruz (Fiocruz), o sorotipo 3, associado \u00e0 grave epidemia da d\u00e9cada de 2000 no pa\u00eds, voltou a ser notificado no Brasil em 2023 depois de um longo sumi\u00e7o. E isso multiplica o perigo. \u201cPor n\u00e3o estar em circula\u00e7\u00e3o h\u00e1 tanto tempo, o n\u00famero de pessoas suscet\u00edveis a ele \u00e9 elevado\u201d, alerta a Fiocruz, lembrando que os sorotipos 1 e 2 ainda prevalecem no pa\u00eds e foram respons\u00e1veis pela epidemia de 2024.<\/p>\n\n\n\n<p>Esse retorno carrega consigo tamb\u00e9m outro problema. Depois da exposi\u00e7\u00e3o a um sorotipo, o que ocorreu com milh\u00f5es de pessoas em 2024, a infec\u00e7\u00e3o por outro eleva em muito as chances de surgirem sintomas mais graves da doen\u00e7a. \u201cA resposta imunol\u00f3gica do organismo pode piorar o quadro, pois os anticorpos formados na primeira infec\u00e7\u00e3o n\u00e3o neutralizam o novo v\u00edrus, mas amplificam a reinfec\u00e7\u00e3o, causando uma rea\u00e7\u00e3o inflamat\u00f3ria mais severa\u201d, explica a infectologista Joana D\u2019arc Gon\u00e7alves.<\/p>\n\n\n\n<p>O epidemiologista Jos\u00e9 Geraldo Ribeiro, do Laborat\u00f3rio Hermes Pardini, refor\u00e7a que o sorotipo 3 n\u00e3o se diferencia dos outros pelos sintomas, mas que a reinfec\u00e7\u00e3o eleva a possibilidade de o paciente apresentar formas graves da doen\u00e7a, como a s\u00edndrome do choque da dengue. \u201c\u00c9 uma complica\u00e7\u00e3o frequentemente associada \u00e0 maioria das mortes registradas. O quadro ocorre quando o sangue escapa dos vasos sangu\u00edneos, resultando em uma perda significativa de l\u00edquido no organismo\u201d, explica.<\/p>\n\n\n\n<p>Os principais sinais de alarme incluem desmaio, dor abdominal intensa, v\u00f4mito persistente, press\u00e3o arterial baixa e aus\u00eancia de sinais evidentes de desidrata\u00e7\u00e3o. \u00c9 como se a pessoa estivesse em um estado de perda cont\u00ednua de sangue, mesmo sem hemorragias aparentes. O quadro de desidrata\u00e7\u00e3o tamb\u00e9m n\u00e3o \u00e9 aparente, j\u00e1 que n\u00e3o h\u00e1 (uma clara) perda de l\u00edquidos, como no caso da diarreia.<\/p>\n\n\n\n<p><br>Essa complica\u00e7\u00e3o \u00e9 mais comum em crian\u00e7as durante a primeira infec\u00e7\u00e3o grave e tende a surgir quando a febre desaparece, o que pode levar \u00e0 falsa impress\u00e3o de melhora. O especialista destaca que o hemat\u00f3crito, verificado nos exames de hemograma, \u00e9 um par\u00e2metro essencial para monitorar esse agravamento, assim como a contagem de plaquetas.<\/p>\n\n\n\n<figure class=\"wp-block-image\"><img decoding=\"async\" src=\"https:\/\/midias.em.com.br\/_midias\/png\/2025\/01\/02\/215x215\/1_arte_w___dengue_2025___gerais-44093841.png\" alt=\"Quais os sintomas da dengue?\" title=\"Quais os sintomas da dengue?\"\/><figcaption class=\"wp-element-caption\">Quais os sintomas da dengue?<\/figcaption><\/figure>\n\n\n\n<p>Jos\u00e9 Geraldo alerta para o impacto do clima na prolifera\u00e7\u00e3o do Aedes aegypti, vetor da dengue, chikungunya, zika e, potencialmente, da febre amarela urbana. \u201dCom o per\u00edodo chuvoso, ovos contaminados do mosquito eclodem rapidamente, favorecendo a transmiss\u00e3o. \u00c9 essencial buscar atendimento m\u00e9dico ao apresentar sinais de alarme, como dor abdominal persistente, v\u00f4mito e press\u00e3o baixa\u201d, orienta.<\/p>\n\n\n\n<p>Com essa preocupa\u00e7\u00e3o crescente, o Minist\u00e9rio da Sa\u00fade lan\u00e7ou, no in\u00edcio de novembro de 2024, a campanha \u201cTem sintomas? A hora de ficar atento \u00e0 dengue, zika e chikungunya \u00e9 agora\u201d, incentivando a popula\u00e7\u00e3o a procurar as unidades b\u00e1sicas de sa\u00fade ao identificar os primeiros sinais, que incluem febre, dores de cabe\u00e7a, dor atr\u00e1s dos olhos, manchas vermelhas no corpo e dores nas articula\u00e7\u00f5es.<\/p>\n\n\n\n<p>A etapa inicial da campanha, lan\u00e7ada em 18 de outubro, j\u00e1 alertava a popula\u00e7\u00e3o sobre a import\u00e2ncia de eliminar criadouros do mosquito Aedes aegypti com o slogan \u201cTem 10 minutinhos? A hora de prevenir \u00e9 agora\u201d.<\/p>\n\n\n\n<p>Desde o in\u00edcio do per\u00edodo chuvoso, no fim de setembro, o governo de Minas, assim como a Prefeitura Municipal de Belo Horizonte (PBH), v\u00eam realizando a\u00e7\u00f5es preventivas para evitar a prolifera\u00e7\u00e3o do Aedes, que incluem de visitas aos im\u00f3veis para detec\u00e7\u00e3o de focos do mosquito a mapeamento com drones.<\/p>\n\n\n\n<p>A baixa ades\u00e3o \u00e0 vacina\u00e7\u00e3o contra a dengue tamb\u00e9m \u00e9 um fator que preocupa as autoridades. Segundo o Minist\u00e9rio da Sa\u00fade, em Minas Gerais, apenas 17% do p\u00fablico eleg\u00edvel \u2013 crian\u00e7as e adolescentes dos 6 aos 14 anos de idade \u2013 completou o esquema vacinal. Das 376,8 mil doses distribu\u00eddas, apenas 165,5 mil primeiras doses foram aplicadas, e pouco mais de 18,6 mil pessoas retornaram para a segunda dose.<\/p>\n\n\n\n<p>DEBILITANTE<\/p>\n\n\n\n<p>Quem j\u00e1 teve a doen\u00e7a conhece seus efeitos debilitantes. \u201cTive febre alta e muita dor atr\u00e1s dos olhos. Foi assustador, especialmente porque meu irm\u00e3o teve dengue hemorr\u00e1gica em 2023\u201d, relata a estudante Maria Carolina Lima, de 21 anos, que integra aos mais de 6,6 milh\u00f5es de brasileiros que tiveram dengue no ano passado.<\/p>\n\n\n\n<p>Para a professora Simone Xavier, de 51, os sintomas foram ainda mais severos, com dores intensas nas articula\u00e7\u00f5es e tontura.\u201cFiquei com medo, confesso. Meu irm\u00e3o teve dengue hemorr\u00e1gica, e os m\u00e9dicos e os enfermeiros refor\u00e7aram que eu precisava me cuidar para n\u00e3o evoluir para um est\u00e1gio perigoso\u201d, conta.<\/p>\n\n\n\n<p>Em 2024, Minas Gerais viveu a maior epidemia de dengue da hist\u00f3ria, ficando atr\u00e1s somente de S\u00e3o Paulo entre os estados com o maior n\u00famero de casos. A situa\u00e7\u00e3o de emerg\u00eancia em sa\u00fade p\u00fablica decretada pelo governo do estado come\u00e7ou em fevereiro, chegando ao fim apenas em julho. Um total de 267 munic\u00edpios tamb\u00e9m recorreu \u00e0 medida. Com pico comum no primeiro semestre, o aumento de casos ocorreu na 9\u00aa semana epidemiol\u00f3gica, entre 25 de fevereiro e 2 de mar\u00e7o, quando foram registrados 134.076 casos. Ainda assim, o cen\u00e1rio n\u00e3o deixou de piorar ao longo do ano. Para se ter uma ideia, apenas entre 23 e 30 de agosto, Belo Horizonte confirmou 4.883 novos casos de dengue e quatro mortes.<\/p>\n\n\n\n<p>De acordo com o \u00faltimo boletim epidemiol\u00f3gico da Secretaria de Estado de Sa\u00fade, publicado em 30 de dezembro, o estado registrou 1.695.098 casos prov\u00e1veis (casos notificados, exceto os descartados) de dengue ao longo de 2024. Desse total, 1.374.633 foram confirmados para a doen\u00e7a. At\u00e9 o o fechamento do boletim, havia 1.124 \u00f3bitos confirmados por dengue e 358 estavam em investiga\u00e7\u00e3o.<\/p>\n\n\n\n<p>Em todo o pa\u00eds, segundo a \u00faltima atualiza\u00e7\u00e3o de dados do Minist\u00e9rio da Sa\u00fade, feita no dia 31, foram registrados 6.649.338 casos prov\u00e1veis da doen\u00e7a, com 6.016 mortes confirmadas e 913 ainda em investiga\u00e7\u00e3o. A taxa de letalidade sobre os casos classificados como graves ficou em 5,76 e sobre o total de registros prov\u00e1veis, em 0,09.<\/p>\n","protected":false},"excerpt":{"rendered":"<p>Reapari\u00e7\u00e3o de v\u00edrus ap\u00f3s sumi\u00e7o de 15 anos exp\u00f5e milh\u00f5es de pessoas que adoeceram na epidemia de 2024 \u00e0 reinfec\u00e7\u00e3o Depois de registrar no ano passado a maior epidemia de dengue de sua hist\u00f3ria, Minas Gerais come\u00e7a 2025 com a doen\u00e7a outra vez em seu radar. Desta vez, o grande temor \u2013 que se reproduz [&hellip;]<\/p>\n","protected":false},"author":5,"featured_media":148360,"comment_status":"closed","ping_status":"open","sticky":false,"template":"","format":"standard","meta":{"advgb_blocks_editor_width":"","advgb_blocks_columns_visual_guide":"","_exactmetrics_skip_tracking":false,"_exactmetrics_sitenote_active":false,"_exactmetrics_sitenote_note":"","_exactmetrics_sitenote_category":0,"footnotes":""},"categories":[7,2],"tags":[],"class_list":["post-148359","post","type-post","status-publish","format-standard","has-post-thumbnail","hentry","category-destaques","category-noticias"],"better_featured_image":{"id":148360,"alt_text":"","caption":"","description":"","media_type":"image","media_details":{"width":1200,"height":719,"file":"2025\/01\/1_wge62401-44093825.jpg","filesize":189565,"sizes":{"medium":{"file":"1_wge62401-44093825-470x282.jpg","width":470,"height":282,"mime-type":"image\/jpeg","filesize":33218,"source_url":"https:\/\/lavras.tv\/site\/wp-content\/uploads\/2025\/01\/1_wge62401-44093825-470x282.jpg"},"large":{"file":"1_wge62401-44093825-970x581.jpg","width":970,"height":581,"mime-type":"image\/jpeg","filesize":104451,"source_url":"https:\/\/lavras.tv\/site\/wp-content\/uploads\/2025\/01\/1_wge62401-44093825-970x581.jpg"},"thumbnail":{"file":"1_wge62401-44093825-170x102.jpg","width":170,"height":102,"mime-type":"image\/jpeg","filesize":6336,"source_url":"https:\/\/lavras.tv\/site\/wp-content\/uploads\/2025\/01\/1_wge62401-44093825-170x102.jpg"},"lshowcase-thumb":{"file":"1_wge62401-44093825-200x120.jpg","width":200,"height":120,"mime-type":"image\/jpeg","filesize":8037,"source_url":"https:\/\/lavras.tv\/site\/wp-content\/uploads\/2025\/01\/1_wge62401-44093825-200x120.jpg"},"alm-thumbnail":{"file":"1_wge62401-44093825-150x150.jpg","width":150,"height":150,"mime-type":"image\/jpeg","filesize":7060,"source_url":"https:\/\/lavras.tv\/site\/wp-content\/uploads\/2025\/01\/1_wge62401-44093825-150x150.jpg"}},"image_meta":{"aperture":"0","credit":"","camera":"","caption":"","created_timestamp":"0","copyright":"","focal_length":"0","iso":"0","shutter_speed":"0","title":"","orientation":"0","keywords":[]}},"post":148359,"source_url":"https:\/\/lavras.tv\/site\/wp-content\/uploads\/2025\/01\/1_wge62401-44093825.jpg"},"author_meta":{"display_name":"Vinicius Bustamante","author_link":"https:\/\/lavras.tv\/site\/author\/vinicius-bustamante\/"},"featured_img":"https:\/\/lavras.tv\/site\/wp-content\/uploads\/2025\/01\/1_wge62401-44093825-470x282.jpg","coauthors":[],"tax_additional":{"categories":{"linked":["<a href=\"https:\/\/lavras.tv\/site\/category\/destaques\/\" class=\"advgb-post-tax-term\">Destaques<\/a>","<a href=\"https:\/\/lavras.tv\/site\/category\/noticias\/\" class=\"advgb-post-tax-term\">Not\u00edcias<\/a>"],"unlinked":["<span class=\"advgb-post-tax-term\">Destaques<\/span>","<span class=\"advgb-post-tax-term\">Not\u00edcias<\/span>"]}},"comment_count":"0","relative_dates":{"created":"Publicado 1 ano atr\u00e1s","modified":"Atualizado 1 ano atr\u00e1s"},"absolute_dates":{"created":"Publicado em 3 de janeiro de 2025","modified":"Atualizado em 3 de janeiro de 2025"},"absolute_dates_time":{"created":"Publicado em 3 de janeiro de 2025 17:12","modified":"Atualizado em 3 de janeiro de 2025 17:12"},"featured_img_caption":"","series_order":"","_links":{"self":[{"href":"https:\/\/lavras.tv\/site\/wp-json\/wp\/v2\/posts\/148359","targetHints":{"allow":["GET"]}}],"collection":[{"href":"https:\/\/lavras.tv\/site\/wp-json\/wp\/v2\/posts"}],"about":[{"href":"https:\/\/lavras.tv\/site\/wp-json\/wp\/v2\/types\/post"}],"author":[{"embeddable":true,"href":"https:\/\/lavras.tv\/site\/wp-json\/wp\/v2\/users\/5"}],"replies":[{"embeddable":true,"href":"https:\/\/lavras.tv\/site\/wp-json\/wp\/v2\/comments?post=148359"}],"version-history":[{"count":1,"href":"https:\/\/lavras.tv\/site\/wp-json\/wp\/v2\/posts\/148359\/revisions"}],"predecessor-version":[{"id":148361,"href":"https:\/\/lavras.tv\/site\/wp-json\/wp\/v2\/posts\/148359\/revisions\/148361"}],"wp:featuredmedia":[{"embeddable":true,"href":"https:\/\/lavras.tv\/site\/wp-json\/wp\/v2\/media\/148360"}],"wp:attachment":[{"href":"https:\/\/lavras.tv\/site\/wp-json\/wp\/v2\/media?parent=148359"}],"wp:term":[{"taxonomy":"category","embeddable":true,"href":"https:\/\/lavras.tv\/site\/wp-json\/wp\/v2\/categories?post=148359"},{"taxonomy":"post_tag","embeddable":true,"href":"https:\/\/lavras.tv\/site\/wp-json\/wp\/v2\/tags?post=148359"}],"curies":[{"name":"wp","href":"https:\/\/api.w.org\/{rel}","templated":true}]}}