{"id":148362,"date":"2025-01-03T17:16:39","date_gmt":"2025-01-03T20:16:39","guid":{"rendered":"https:\/\/lavras.tv\/site\/?p=148362"},"modified":"2025-01-03T17:16:40","modified_gmt":"2025-01-03T20:16:40","slug":"compilado-de-atualizacoes-sobre-fatos-relevantes-dos-ultimos-dias-no-ambito-da-1a-drpc-lavras","status":"publish","type":"post","link":"https:\/\/lavras.tv\/site\/2025\/01\/03\/compilado-de-atualizacoes-sobre-fatos-relevantes-dos-ultimos-dias-no-ambito-da-1a-drpc-lavras\/","title":{"rendered":"Compilado de atualiza\u00e7\u00f5es sobre fatos relevantes dos \u00faltimos dias no \u00e2mbito da 1\u00aa DRPC\/Lavras"},"content":{"rendered":"<div class=\"lavra-antes-do-conteudo_2\" id=\"lavra-2554310169\"><div id=\"lavra-slider-27\" class=\"custom-slider lavra-slider-1033225996 lavra-slider\"><ul><li><div style=\"margin-left: auto;margin-right: auto;text-align: center;\" id=\"lavra-2255094957\"><a href=\"https:\/\/sistemas.lavras.mg.gov.br\/portalcidadao\/#df1b1a7c7b2a290bcb31e32771e610784662739a88807c0dacac58ede5f391a7530e299dc302d611ee73cb143fc22eaf93592e53e7b5bdb01b00a0b8d28dae460c141dd2ff83412e4dc1c31b16b25f33144a9e5620ea73b13f5bc1c59411d98439ad226e8af03840603796067d87afe130812cf3de24982d0e306f9e61e764e5\" aria-label=\"Lavras-TV&#8211;720x104px (1) (1)\"><img src=\"https:\/\/lavras.tv\/site\/wp-content\/uploads\/2025\/01\/Lavras-TV-720x104px-1-1.png\" alt=\"\"  srcset=\"https:\/\/lavras.tv\/site\/wp-content\/uploads\/2025\/01\/Lavras-TV-720x104px-1-1.png 720w, https:\/\/lavras.tv\/site\/wp-content\/uploads\/2025\/01\/Lavras-TV-720x104px-1-1-470x68.png 470w, https:\/\/lavras.tv\/site\/wp-content\/uploads\/2025\/01\/Lavras-TV-720x104px-1-1-170x25.png 170w, https:\/\/lavras.tv\/site\/wp-content\/uploads\/2025\/01\/Lavras-TV-720x104px-1-1-200x29.png 200w\" sizes=\"(max-width: 720px) 100vw, 720px\" width=\"720\" height=\"104\"  style=\"display: inline-block;\" \/><\/a><\/div><\/li><li><a href=\"https:\/\/sistemas.lavras.mg.gov.br\/portalcidadao\/#df1b1a7c7b2a290bcb31e32771e610784662739a88807c0dacac58ede5f391a7530e299dc302d611ee73cb143fc22eaf93592e53e7b5bdb01b00a0b8d28dae460c141dd2ff83412e4dc1c31b16b25f33144a9e5620ea73b13f5bc1c59411d98439ad226e8af03840603796067d87afe130812cf3de24982d0e306f9e61e764e5\" aria-label=\"Banner_Emprego_PortallavrasTV\"><img src=\"https:\/\/lavras.tv\/site\/wp-content\/uploads\/2025\/03\/Banner_Emprego_PortallavrasTV.png\" alt=\"\"  srcset=\"https:\/\/lavras.tv\/site\/wp-content\/uploads\/2025\/03\/Banner_Emprego_PortallavrasTV.png 720w, https:\/\/lavras.tv\/site\/wp-content\/uploads\/2025\/03\/Banner_Emprego_PortallavrasTV-470x68.png 470w, https:\/\/lavras.tv\/site\/wp-content\/uploads\/2025\/03\/Banner_Emprego_PortallavrasTV-170x25.png 170w, https:\/\/lavras.tv\/site\/wp-content\/uploads\/2025\/03\/Banner_Emprego_PortallavrasTV-200x29.png 200w\" sizes=\"(max-width: 720px) 100vw, 720px\" width=\"720\" height=\"104\"   \/><\/a><\/li><li><a href=\"https:\/\/sistemas.lavras.mg.gov.br\/portalcidadao\/#df1b1a7c7b2a290bcb31e32771e610784662739a88807c0dacac58ede5f391a7530e299dc302d611ee73cb143fc22eaf93592e53e7b5bdb01b00a0b8d28dae460c141dd2ff83412e4dc1c31b16b25f33144a9e5620ea73b13f5bc1c59411d98439ad226e8af03840603796067d87afe130812cf3de24982d0e306f9e61e764e5\" aria-label=\"Banner_Obras_PortallavrasTV\"><img src=\"https:\/\/lavras.tv\/site\/wp-content\/uploads\/2025\/03\/Banner_Obras_PortallavrasTV.png\" alt=\"\"  srcset=\"https:\/\/lavras.tv\/site\/wp-content\/uploads\/2025\/03\/Banner_Obras_PortallavrasTV.png 720w, https:\/\/lavras.tv\/site\/wp-content\/uploads\/2025\/03\/Banner_Obras_PortallavrasTV-470x68.png 470w, https:\/\/lavras.tv\/site\/wp-content\/uploads\/2025\/03\/Banner_Obras_PortallavrasTV-170x25.png 170w, https:\/\/lavras.tv\/site\/wp-content\/uploads\/2025\/03\/Banner_Obras_PortallavrasTV-200x29.png 200w\" sizes=\"(max-width: 720px) 100vw, 720px\" width=\"720\" height=\"104\"   \/><\/a><\/li><li><div style=\"margin-left: auto;margin-right: auto;text-align: center;\" id=\"lavra-1756492490\"><a href=\"https:\/\/sistemas.lavras.mg.gov.br\/portalcidadao\/#df1b1a7c7b2a290bcb31e32771e610784662739a88807c0dacac58ede5f391a7530e299dc302d611ee73cb143fc22eaf93592e53e7b5bdb01b00a0b8d28dae460c141dd2ff83412e4dc1c31b16b25f33144a9e5620ea73b13f5bc1c59411d98439ad226e8af03840603796067d87afe130812cf3de24982d0e306f9e61e764e5\" aria-label=\"Banner_Educa\u00e7\u00e3o_PortallavrasTV\"><img src=\"https:\/\/lavras.tv\/site\/wp-content\/uploads\/2025\/01\/Banner_Educacao_PortallavrasTV.png\" alt=\"\"  srcset=\"https:\/\/lavras.tv\/site\/wp-content\/uploads\/2025\/01\/Banner_Educacao_PortallavrasTV.png 720w, https:\/\/lavras.tv\/site\/wp-content\/uploads\/2025\/01\/Banner_Educacao_PortallavrasTV-470x68.png 470w, https:\/\/lavras.tv\/site\/wp-content\/uploads\/2025\/01\/Banner_Educacao_PortallavrasTV-170x25.png 170w, https:\/\/lavras.tv\/site\/wp-content\/uploads\/2025\/01\/Banner_Educacao_PortallavrasTV-200x29.png 200w\" sizes=\"(max-width: 720px) 100vw, 720px\" width=\"720\" height=\"104\"  style=\"display: inline-block;\" \/><\/a><\/div><\/li><li><a href=\"https:\/\/sistemas.lavras.mg.gov.br\/portalcidadao\/#df1b1a7c7b2a290bcb31e32771e610784662739a88807c0dacac58ede5f391a7530e299dc302d611ee73cb143fc22eaf93592e53e7b5bdb01b00a0b8d28dae460c141dd2ff83412e4dc1c31b16b25f33144a9e5620ea73b13f5bc1c59411d98439ad226e8af03840603796067d87afe130812cf3de24982d0e306f9e61e764e5\" aria-label=\"Banner_Sa\u00fade_PortallavrasTV\"><img src=\"https:\/\/lavras.tv\/site\/wp-content\/uploads\/2025\/03\/Banner_Saude_PortallavrasTV.png\" alt=\"\"  srcset=\"https:\/\/lavras.tv\/site\/wp-content\/uploads\/2025\/03\/Banner_Saude_PortallavrasTV.png 720w, https:\/\/lavras.tv\/site\/wp-content\/uploads\/2025\/03\/Banner_Saude_PortallavrasTV-470x68.png 470w, https:\/\/lavras.tv\/site\/wp-content\/uploads\/2025\/03\/Banner_Saude_PortallavrasTV-170x25.png 170w, https:\/\/lavras.tv\/site\/wp-content\/uploads\/2025\/03\/Banner_Saude_PortallavrasTV-200x29.png 200w\" sizes=\"(max-width: 720px) 100vw, 720px\" width=\"720\" height=\"104\"   \/><\/a><\/li><li><div id=\"lavra-144105910\" style=\"width:720px;height:104px;background-color:#ddd;overflow:scroll;\">\n\t<strong>Sa\u00edda da depura\u00e7\u00e3o de an\u00fancios<\/strong>\n\t<br><br>\n\tO an\u00fancio n\u00e3o \u00e9 exibido na p\u00e1gina<br><br>post atual: Compilado de atualiza\u00e7\u00f5es sobre fatos relevantes dos \u00faltimos dias no \u00e2mbito da 1\u00aa DRPC\/Lavras, ID: 148362<br><br><span style=\"color: red;\">O post atual n\u00e3o \u00e9 id\u00eantico ao post principal.<\/span><br><br>An\u00fancios: ROXO - TOPO INTERNA - ROTATIVO 2 (197)<br \/>Grupo de an\u00fancios: Princ_Meio01_720x104 (27)<br><br>Condi\u00e7\u00f5es de exibi\u00e7\u00e3o<div style=\"margin-bottom: 20px; white-space: pre-wrap; font-family: monospace; width: 100%; background: #ffe9e9;\"><strong>condi\u00e7\u00f5es gerais<\/strong><table border=\"1\"><thead><tr><th><\/th><th>An\u00fancios<\/th><th>wp_the_query<\/th><\/tr><\/thead><tr><td>is_main_query<\/td><td>1<\/td><td>1<\/td><\/tr><tr><td>is_rest_api<\/td><td>0<\/td><td>1<\/td><\/tr><tr><td>page<\/td><td>0<\/td><td>1<\/td><\/tr><tr><td>numpages<\/td><td>0<\/td><td>1<\/td><\/tr><tr><td>is_archive<\/td><td>1<\/td><td><\/td><\/tr><tr><td>is_search<\/td><td>1<\/td><td><\/td><\/tr><tr><td>is_home<\/td><td>1<\/td><td><\/td><\/tr><tr><td>is_404<\/td><td>1<\/td><td><\/td><\/tr><tr><td>is_attachment<\/td><td>1<\/td><td><\/td><\/tr><tr><td>is_singular<\/td><td>1<\/td><td><\/td><\/tr><tr><td>is_front_page<\/td><td>1<\/td><td><\/td><\/tr><tr><td>is_feed<\/td><td>1<\/td><td><\/td><\/tr><\/table><\/div><br><br><span style=\"color: red;\">Seu site usa HTTPS, mas o c\u00f3digo do an\u00fancio cont\u00e9m HTTP e pode n\u00e3o funcionar.<\/span>\t<br><br>\n\t<a style=\"color: green;\" href=\"https:\/\/wpadvancedads.com\/manual\/ad-debug-mode\/?utm_source=advanced-ads&utm_medium=link&utm_campaign=ad-debug-mode\" target=\"_blank\" rel=\"nofollow\">Encontre solu\u00e7\u00f5es no manual<\/a>\n<\/div>\n<\/li><\/ul><\/div><script>( window.advanced_ads_ready || jQuery( document ).ready ).call( null, function() {var $lavraslider1033225996 = jQuery( \".lavra-slider-1033225996\" );$lavraslider1033225996.on( \"unslider.ready\", function() { jQuery( \"div.custom-slider ul li\" ).css( \"display\", \"block\" ); });$lavraslider1033225996.unslider({ delay:4000, autoplay:true, nav:false, arrows:false, infinite:true });$lavraslider1033225996.on(\"mouseover\", function() {$lavraslider1033225996.unslider(\"stop\");}).on(\"mouseout\", function() {$lavraslider1033225996.unslider(\"start\");});});<\/script><\/div>\n<figure class=\"wp-block-image size-large\"><img fetchpriority=\"high\" decoding=\"async\" width=\"970\" height=\"728\" src=\"https:\/\/lavras.tv\/site\/wp-content\/uploads\/2025\/01\/PCMG-Reproducao-Facebook-970x728.jpg\" alt=\"\" class=\"wp-image-148363\" srcset=\"https:\/\/lavras.tv\/site\/wp-content\/uploads\/2025\/01\/PCMG-Reproducao-Facebook-970x728.jpg 970w, https:\/\/lavras.tv\/site\/wp-content\/uploads\/2025\/01\/PCMG-Reproducao-Facebook-400x300.jpg 400w, https:\/\/lavras.tv\/site\/wp-content\/uploads\/2025\/01\/PCMG-Reproducao-Facebook-170x128.jpg 170w, https:\/\/lavras.tv\/site\/wp-content\/uploads\/2025\/01\/PCMG-Reproducao-Facebook-200x150.jpg 200w, https:\/\/lavras.tv\/site\/wp-content\/uploads\/2025\/01\/PCMG-Reproducao-Facebook.jpg 1080w\" sizes=\"(max-width: 970px) 100vw, 970px\" \/><\/figure>\n\n\n\n<p>\ud83d\udea8 Homic\u00eddio consumado em Nepomuceno na manh\u00e3 de 25\/12\/2024 \ud83d\udea8<\/p>\n\n\n\n<p>O crime aconteceu na manh\u00e3 do dia 25\/12. Uma pessoa foi morta a facadas por dois indiv\u00edduos. Informa\u00e7\u00f5es constam que um dos autores segurou a v\u00edtima enquanto a outra desferiu golpes de faca. Um dos autores do crime foi preso em flagrante e o outro, j\u00e1 identificado, permanece foragido. O inqu\u00e9rito est\u00e1 em fase avan\u00e7ada e ser\u00e1 conclu\u00eddo nos pr\u00f3ximos dias, com o indiciamento dos dois autores.<\/p>\n\n\n\n<p>\ud83d\udea8 Tentativa de homic\u00eddio registrado em Lavras em 26\/12\/2024 \ud83d\udea8<\/p>\n\n\n\n<p>O crime teria ocorrido no Bar do Feij\u00e3o, com o fim de verificar uma briga envolvendo duas mulheres, onde uma delas havia sofrido agress\u00e3o por faca. No local do evento, as envolvidas n\u00e3o mais se encontravam, sendo que a v\u00edtima foi socorrida por terceiros e encaminhada \u00e0 UPA e a autora havia se evadido, tomando rumo ignorado. Por enquanto n\u00e3o houve pris\u00e3o. Em contato com as testemunhas presenciais ao fato, tomaram conhecimento que a autora e a v\u00edtima, trabalham como gar\u00e7onetes no referido estabelecimento, sendo que, ao findar as atividades, ambas entraram em atrito verbal, com xingamentos m\u00fatuos, partindo para a luta corporal com tapas e socos, at\u00e9 findar a contenda. Com o fim, a v\u00edtima pegou seus pertences e quando ia sair do local para ir embora, repentinamente, apareceu a autora, que de posse de uma faca, desferiu um golpe atingindo o abdome da v\u00edtima do lado esquerdo. Que devido a gravidade do ferimento, com sangramento exacerbado, a equipe de resgate foi acionada e ap\u00f3s os primeiros socorros, a v\u00edtima foi encaminhada \u00e0 UPA e posteriormente transferida para o hospital da Santa Casa. Consta uma segunda v\u00edtima, que ao se solidarizar com a situa\u00e7\u00e3o, tentou intervir e segurar a autora, por\u00e9m tamb\u00e9m foi agredida com golpes de capacete, atingindo-lhe o rosto e o que causou a quebra de um dente. Registra-se que a v\u00edtima correu risco de vida, tendo que ser submetida a interven\u00e7\u00e3o cir\u00fargica. N\u00e3o h\u00e1 informa\u00e7\u00e3o se ela j\u00e1 obteve alta at\u00e9 a data de hoje (03\/01\/2025).<\/p>\n\n\n\n<p>\ud83d\udea8 Homic\u00eddio consumado no distrito de Macaia\/Bom Sucesso\/MG na noite de 27\/12\/2024 \ud83d\udea8<\/p>\n\n\n\n<p>O crime teria ocorrido no dia 27 de dezembro por volta das 22h, quando indiv\u00edduos desconhecidos efetuaram disparos de arma de fogo contra a v\u00edtima, que transitava na pra\u00e7a da Rua Camilo C\u00e2ndido de Souza. A pol\u00edcia militar teve contato com a v\u00edtima, que afirmou ter reconhecido um dos indiv\u00edduos que efetuaram os disparos. A v\u00edtima chegou a ser socorrida com vida, mas n\u00e3o resistiu e veio a \u00f3bito.<\/p>\n\n\n\n<p>\ud83d\udea8 Homic\u00eddio consumado Itutinga\/MG em 02\/01\/2025 \ud83d\udea8<\/p>\n\n\n\n<p>Na data de ontem (02\/01\/2025) ocorreu um homic\u00eddio na cidade de Itutinga\/MG, por circunst\u00e2ncias que ainda est\u00e3o em investiga\u00e7\u00e3o. Foi recolhido no local uma faca, poss\u00edvel instrumento utilizado para o crime. A v\u00edtima veio a \u00f3bito no local e o autor dos fatos, que apresentava alguns ferimentos, foi hospitalizado ap\u00f3s o ocorrido. Foi dada a voz de pris\u00e3o ao autor, bem como representado junto ao judici\u00e1rio pela convers\u00e3o da pris\u00e3o em flagrante em pris\u00e3o preventiva, sendo acolhido pelo poder judici\u00e1rio. O autor recebeu alta do hospital nesta data de 03\/01\/2025, sendo imediatamente encaminhado ao pres\u00eddio local. As investiga\u00e7\u00f5es continuam para apurar a motiva\u00e7\u00e3o&nbsp;do&nbsp;crime.<\/p>\n","protected":false},"excerpt":{"rendered":"<p>\ud83d\udea8 Homic\u00eddio consumado em Nepomuceno na manh\u00e3 de 25\/12\/2024 \ud83d\udea8 O crime aconteceu na manh\u00e3 do dia 25\/12. Uma pessoa foi morta a facadas por dois indiv\u00edduos. Informa\u00e7\u00f5es constam que um dos autores segurou a v\u00edtima enquanto a outra desferiu golpes de faca. Um dos autores do crime foi preso em flagrante e o outro, [&hellip;]<\/p>\n","protected":false},"author":5,"featured_media":148363,"comment_status":"closed","ping_status":"open","sticky":false,"template":"","format":"standard","meta":{"advgb_blocks_editor_width":"","advgb_blocks_columns_visual_guide":"","_exactmetrics_skip_tracking":false,"_exactmetrics_sitenote_active":false,"_exactmetrics_sitenote_note":"","_exactmetrics_sitenote_category":0,"footnotes":""},"categories":[7,2],"tags":[],"class_list":["post-148362","post","type-post","status-publish","format-standard","has-post-thumbnail","hentry","category-destaques","category-noticias"],"better_featured_image":{"id":148363,"alt_text":"","caption":"","description":"","media_type":"image","media_details":{"width":1080,"height":810,"file":"2025\/01\/PCMG-Reproducao-Facebook.jpg","filesize":101668,"sizes":{"medium":{"file":"PCMG-Reproducao-Facebook-400x300.jpg","width":400,"height":300,"mime-type":"image\/jpeg","filesize":28208,"source_url":"https:\/\/lavras.tv\/site\/wp-content\/uploads\/2025\/01\/PCMG-Reproducao-Facebook-400x300.jpg"},"large":{"file":"PCMG-Reproducao-Facebook-970x728.jpg","width":970,"height":728,"mime-type":"image\/jpeg","filesize":123269,"source_url":"https:\/\/lavras.tv\/site\/wp-content\/uploads\/2025\/01\/PCMG-Reproducao-Facebook-970x728.jpg"},"thumbnail":{"file":"PCMG-Reproducao-Facebook-170x128.jpg","width":170,"height":128,"mime-type":"image\/jpeg","filesize":6951,"source_url":"https:\/\/lavras.tv\/site\/wp-content\/uploads\/2025\/01\/PCMG-Reproducao-Facebook-170x128.jpg"},"lshowcase-thumb":{"file":"PCMG-Reproducao-Facebook-200x150.jpg","width":200,"height":150,"mime-type":"image\/jpeg","filesize":8995,"source_url":"https:\/\/lavras.tv\/site\/wp-content\/uploads\/2025\/01\/PCMG-Reproducao-Facebook-200x150.jpg"},"alm-thumbnail":{"file":"PCMG-Reproducao-Facebook-150x150.jpg","width":150,"height":150,"mime-type":"image\/jpeg","filesize":7129,"source_url":"https:\/\/lavras.tv\/site\/wp-content\/uploads\/2025\/01\/PCMG-Reproducao-Facebook-150x150.jpg"}},"image_meta":{"aperture":"0","credit":"","camera":"","caption":"","created_timestamp":"0","copyright":"","focal_length":"0","iso":"0","shutter_speed":"0","title":"","orientation":"0","keywords":[]}},"post":148362,"source_url":"https:\/\/lavras.tv\/site\/wp-content\/uploads\/2025\/01\/PCMG-Reproducao-Facebook.jpg"},"author_meta":{"display_name":"Vinicius Bustamante","author_link":"https:\/\/lavras.tv\/site\/author\/vinicius-bustamante\/"},"featured_img":"https:\/\/lavras.tv\/site\/wp-content\/uploads\/2025\/01\/PCMG-Reproducao-Facebook-400x300.jpg","coauthors":[],"tax_additional":{"categories":{"linked":["<a href=\"https:\/\/lavras.tv\/site\/category\/destaques\/\" class=\"advgb-post-tax-term\">Destaques<\/a>","<a href=\"https:\/\/lavras.tv\/site\/category\/noticias\/\" class=\"advgb-post-tax-term\">Not\u00edcias<\/a>"],"unlinked":["<span class=\"advgb-post-tax-term\">Destaques<\/span>","<span class=\"advgb-post-tax-term\">Not\u00edcias<\/span>"]}},"comment_count":"0","relative_dates":{"created":"Publicado 1 ano atr\u00e1s","modified":"Atualizado 1 ano atr\u00e1s"},"absolute_dates":{"created":"Publicado em 3 de janeiro de 2025","modified":"Atualizado em 3 de janeiro de 2025"},"absolute_dates_time":{"created":"Publicado em 3 de janeiro de 2025 17:16","modified":"Atualizado em 3 de janeiro de 2025 17:16"},"featured_img_caption":"","series_order":"","_links":{"self":[{"href":"https:\/\/lavras.tv\/site\/wp-json\/wp\/v2\/posts\/148362","targetHints":{"allow":["GET"]}}],"collection":[{"href":"https:\/\/lavras.tv\/site\/wp-json\/wp\/v2\/posts"}],"about":[{"href":"https:\/\/lavras.tv\/site\/wp-json\/wp\/v2\/types\/post"}],"author":[{"embeddable":true,"href":"https:\/\/lavras.tv\/site\/wp-json\/wp\/v2\/users\/5"}],"replies":[{"embeddable":true,"href":"https:\/\/lavras.tv\/site\/wp-json\/wp\/v2\/comments?post=148362"}],"version-history":[{"count":1,"href":"https:\/\/lavras.tv\/site\/wp-json\/wp\/v2\/posts\/148362\/revisions"}],"predecessor-version":[{"id":148364,"href":"https:\/\/lavras.tv\/site\/wp-json\/wp\/v2\/posts\/148362\/revisions\/148364"}],"wp:featuredmedia":[{"embeddable":true,"href":"https:\/\/lavras.tv\/site\/wp-json\/wp\/v2\/media\/148363"}],"wp:attachment":[{"href":"https:\/\/lavras.tv\/site\/wp-json\/wp\/v2\/media?parent=148362"}],"wp:term":[{"taxonomy":"category","embeddable":true,"href":"https:\/\/lavras.tv\/site\/wp-json\/wp\/v2\/categories?post=148362"},{"taxonomy":"post_tag","embeddable":true,"href":"https:\/\/lavras.tv\/site\/wp-json\/wp\/v2\/tags?post=148362"}],"curies":[{"name":"wp","href":"https:\/\/api.w.org\/{rel}","templated":true}]}}