{"id":148938,"date":"2025-01-06T13:23:11","date_gmt":"2025-01-06T16:23:11","guid":{"rendered":"https:\/\/lavras.tv\/site\/?p=148938"},"modified":"2025-01-06T13:23:13","modified_gmt":"2025-01-06T16:23:13","slug":"programa-de-iniciacao-cientifica-da-ufla-recebe-inscricoes-ate-fevereiro","status":"publish","type":"post","link":"https:\/\/lavras.tv\/site\/2025\/01\/06\/programa-de-iniciacao-cientifica-da-ufla-recebe-inscricoes-ate-fevereiro\/","title":{"rendered":"Programa de inicia\u00e7\u00e3o cient\u00edfica da UFLA recebe inscri\u00e7\u00f5es at\u00e9 fevereiro"},"content":{"rendered":"<div class=\"lavra-antes-do-conteudo_2\" id=\"lavra-3519861503\"><div id=\"lavra-slider-27\" class=\"custom-slider lavra-slider-156075561 lavra-slider\"><ul><li><div style=\"margin-left: auto;margin-right: auto;text-align: center;\" id=\"lavra-535764262\"><a href=\"https:\/\/sistemas.lavras.mg.gov.br\/portalcidadao\/#df1b1a7c7b2a290bcb31e32771e610784662739a88807c0dacac58ede5f391a7530e299dc302d611ee73cb143fc22eaf93592e53e7b5bdb01b00a0b8d28dae460c141dd2ff83412e4dc1c31b16b25f33144a9e5620ea73b13f5bc1c59411d98439ad226e8af03840603796067d87afe130812cf3de24982d0e306f9e61e764e5\" aria-label=\"Lavras-TV&#8211;720x104px (1) (1)\"><img src=\"https:\/\/lavras.tv\/site\/wp-content\/uploads\/2025\/01\/Lavras-TV-720x104px-1-1.png\" alt=\"\"  srcset=\"https:\/\/lavras.tv\/site\/wp-content\/uploads\/2025\/01\/Lavras-TV-720x104px-1-1.png 720w, https:\/\/lavras.tv\/site\/wp-content\/uploads\/2025\/01\/Lavras-TV-720x104px-1-1-470x68.png 470w, https:\/\/lavras.tv\/site\/wp-content\/uploads\/2025\/01\/Lavras-TV-720x104px-1-1-170x25.png 170w, https:\/\/lavras.tv\/site\/wp-content\/uploads\/2025\/01\/Lavras-TV-720x104px-1-1-200x29.png 200w\" sizes=\"(max-width: 720px) 100vw, 720px\" width=\"720\" height=\"104\"  style=\"display: inline-block;\" \/><\/a><\/div><\/li><li><a href=\"https:\/\/sistemas.lavras.mg.gov.br\/portalcidadao\/#df1b1a7c7b2a290bcb31e32771e610784662739a88807c0dacac58ede5f391a7530e299dc302d611ee73cb143fc22eaf93592e53e7b5bdb01b00a0b8d28dae460c141dd2ff83412e4dc1c31b16b25f33144a9e5620ea73b13f5bc1c59411d98439ad226e8af03840603796067d87afe130812cf3de24982d0e306f9e61e764e5\" aria-label=\"Banner_Emprego_PortallavrasTV\"><img src=\"https:\/\/lavras.tv\/site\/wp-content\/uploads\/2025\/03\/Banner_Emprego_PortallavrasTV.png\" alt=\"\"  srcset=\"https:\/\/lavras.tv\/site\/wp-content\/uploads\/2025\/03\/Banner_Emprego_PortallavrasTV.png 720w, https:\/\/lavras.tv\/site\/wp-content\/uploads\/2025\/03\/Banner_Emprego_PortallavrasTV-470x68.png 470w, https:\/\/lavras.tv\/site\/wp-content\/uploads\/2025\/03\/Banner_Emprego_PortallavrasTV-170x25.png 170w, https:\/\/lavras.tv\/site\/wp-content\/uploads\/2025\/03\/Banner_Emprego_PortallavrasTV-200x29.png 200w\" sizes=\"(max-width: 720px) 100vw, 720px\" width=\"720\" height=\"104\"   \/><\/a><\/li><li><a href=\"https:\/\/sistemas.lavras.mg.gov.br\/portalcidadao\/#df1b1a7c7b2a290bcb31e32771e610784662739a88807c0dacac58ede5f391a7530e299dc302d611ee73cb143fc22eaf93592e53e7b5bdb01b00a0b8d28dae460c141dd2ff83412e4dc1c31b16b25f33144a9e5620ea73b13f5bc1c59411d98439ad226e8af03840603796067d87afe130812cf3de24982d0e306f9e61e764e5\" aria-label=\"Banner_Obras_PortallavrasTV\"><img src=\"https:\/\/lavras.tv\/site\/wp-content\/uploads\/2025\/03\/Banner_Obras_PortallavrasTV.png\" alt=\"\"  srcset=\"https:\/\/lavras.tv\/site\/wp-content\/uploads\/2025\/03\/Banner_Obras_PortallavrasTV.png 720w, https:\/\/lavras.tv\/site\/wp-content\/uploads\/2025\/03\/Banner_Obras_PortallavrasTV-470x68.png 470w, https:\/\/lavras.tv\/site\/wp-content\/uploads\/2025\/03\/Banner_Obras_PortallavrasTV-170x25.png 170w, https:\/\/lavras.tv\/site\/wp-content\/uploads\/2025\/03\/Banner_Obras_PortallavrasTV-200x29.png 200w\" sizes=\"(max-width: 720px) 100vw, 720px\" width=\"720\" height=\"104\"   \/><\/a><\/li><li><div style=\"margin-left: auto;margin-right: auto;text-align: center;\" id=\"lavra-4284908619\"><a href=\"https:\/\/sistemas.lavras.mg.gov.br\/portalcidadao\/#df1b1a7c7b2a290bcb31e32771e610784662739a88807c0dacac58ede5f391a7530e299dc302d611ee73cb143fc22eaf93592e53e7b5bdb01b00a0b8d28dae460c141dd2ff83412e4dc1c31b16b25f33144a9e5620ea73b13f5bc1c59411d98439ad226e8af03840603796067d87afe130812cf3de24982d0e306f9e61e764e5\" aria-label=\"Banner_Educa\u00e7\u00e3o_PortallavrasTV\"><img src=\"https:\/\/lavras.tv\/site\/wp-content\/uploads\/2025\/01\/Banner_Educacao_PortallavrasTV.png\" alt=\"\"  srcset=\"https:\/\/lavras.tv\/site\/wp-content\/uploads\/2025\/01\/Banner_Educacao_PortallavrasTV.png 720w, https:\/\/lavras.tv\/site\/wp-content\/uploads\/2025\/01\/Banner_Educacao_PortallavrasTV-470x68.png 470w, https:\/\/lavras.tv\/site\/wp-content\/uploads\/2025\/01\/Banner_Educacao_PortallavrasTV-170x25.png 170w, https:\/\/lavras.tv\/site\/wp-content\/uploads\/2025\/01\/Banner_Educacao_PortallavrasTV-200x29.png 200w\" sizes=\"(max-width: 720px) 100vw, 720px\" width=\"720\" height=\"104\"  style=\"display: inline-block;\" \/><\/a><\/div><\/li><li><a href=\"https:\/\/sistemas.lavras.mg.gov.br\/portalcidadao\/#df1b1a7c7b2a290bcb31e32771e610784662739a88807c0dacac58ede5f391a7530e299dc302d611ee73cb143fc22eaf93592e53e7b5bdb01b00a0b8d28dae460c141dd2ff83412e4dc1c31b16b25f33144a9e5620ea73b13f5bc1c59411d98439ad226e8af03840603796067d87afe130812cf3de24982d0e306f9e61e764e5\" aria-label=\"Banner_Sa\u00fade_PortallavrasTV\"><img src=\"https:\/\/lavras.tv\/site\/wp-content\/uploads\/2025\/03\/Banner_Saude_PortallavrasTV.png\" alt=\"\"  srcset=\"https:\/\/lavras.tv\/site\/wp-content\/uploads\/2025\/03\/Banner_Saude_PortallavrasTV.png 720w, https:\/\/lavras.tv\/site\/wp-content\/uploads\/2025\/03\/Banner_Saude_PortallavrasTV-470x68.png 470w, https:\/\/lavras.tv\/site\/wp-content\/uploads\/2025\/03\/Banner_Saude_PortallavrasTV-170x25.png 170w, https:\/\/lavras.tv\/site\/wp-content\/uploads\/2025\/03\/Banner_Saude_PortallavrasTV-200x29.png 200w\" sizes=\"(max-width: 720px) 100vw, 720px\" width=\"720\" height=\"104\"   \/><\/a><\/li><li><div id=\"lavra-2085199739\" style=\"width:720px;height:104px;background-color:#ddd;overflow:scroll;\">\n\t<strong>Sa\u00edda da depura\u00e7\u00e3o de an\u00fancios<\/strong>\n\t<br><br>\n\tO an\u00fancio n\u00e3o \u00e9 exibido na p\u00e1gina<br><br>post atual: Programa de inicia\u00e7\u00e3o cient\u00edfica da UFLA recebe inscri\u00e7\u00f5es at\u00e9 fevereiro, ID: 148938<br><br><span style=\"color: red;\">O post atual n\u00e3o \u00e9 id\u00eantico ao post principal.<\/span><br><br>An\u00fancios: ROXO - TOPO INTERNA - ROTATIVO 2 (197)<br \/>Grupo de an\u00fancios: Princ_Meio01_720x104 (27)<br><br>Condi\u00e7\u00f5es de exibi\u00e7\u00e3o<div style=\"margin-bottom: 20px; white-space: pre-wrap; font-family: monospace; width: 100%; background: #ffe9e9;\"><strong>condi\u00e7\u00f5es gerais<\/strong><table border=\"1\"><thead><tr><th><\/th><th>An\u00fancios<\/th><th>wp_the_query<\/th><\/tr><\/thead><tr><td>is_main_query<\/td><td>1<\/td><td>1<\/td><\/tr><tr><td>is_rest_api<\/td><td>0<\/td><td>1<\/td><\/tr><tr><td>page<\/td><td>0<\/td><td>1<\/td><\/tr><tr><td>numpages<\/td><td>0<\/td><td>1<\/td><\/tr><tr><td>is_archive<\/td><td>1<\/td><td><\/td><\/tr><tr><td>is_search<\/td><td>1<\/td><td><\/td><\/tr><tr><td>is_home<\/td><td>1<\/td><td><\/td><\/tr><tr><td>is_404<\/td><td>1<\/td><td><\/td><\/tr><tr><td>is_attachment<\/td><td>1<\/td><td><\/td><\/tr><tr><td>is_singular<\/td><td>1<\/td><td><\/td><\/tr><tr><td>is_front_page<\/td><td>1<\/td><td><\/td><\/tr><tr><td>is_feed<\/td><td>1<\/td><td><\/td><\/tr><\/table><\/div><br><br><span style=\"color: red;\">Seu site usa HTTPS, mas o c\u00f3digo do an\u00fancio cont\u00e9m HTTP e pode n\u00e3o funcionar.<\/span>\t<br><br>\n\t<a style=\"color: green;\" href=\"https:\/\/wpadvancedads.com\/manual\/ad-debug-mode\/?utm_source=advanced-ads&utm_medium=link&utm_campaign=ad-debug-mode\" target=\"_blank\" rel=\"nofollow\">Encontre solu\u00e7\u00f5es no manual<\/a>\n<\/div>\n<\/li><\/ul><\/div><script>( window.advanced_ads_ready || jQuery( document ).ready ).call( null, function() {var $lavraslider156075561 = jQuery( \".lavra-slider-156075561\" );$lavraslider156075561.on( \"unslider.ready\", function() { jQuery( \"div.custom-slider ul li\" ).css( \"display\", \"block\" ); });$lavraslider156075561.unslider({ delay:4000, autoplay:true, nav:false, arrows:false, infinite:true });$lavraslider156075561.on(\"mouseover\", function() {$lavraslider156075561.unslider(\"stop\");}).on(\"mouseout\", function() {$lavraslider156075561.unslider(\"start\");});});<\/script><\/div>\n<p>Estudantes de escolas p\u00fablicas e estaduais de Lavras e S\u00e3o Sebasti\u00e3o do Para\u00edso podem se inscrever.<\/p>\n\n\n\n<figure class=\"wp-block-image size-large\"><img fetchpriority=\"high\" decoding=\"async\" width=\"970\" height=\"546\" src=\"https:\/\/lavras.tv\/site\/wp-content\/uploads\/2025\/01\/download-970x546.webp\" alt=\"\" class=\"wp-image-148939\" srcset=\"https:\/\/lavras.tv\/site\/wp-content\/uploads\/2025\/01\/download-970x546.webp 970w, https:\/\/lavras.tv\/site\/wp-content\/uploads\/2025\/01\/download-470x265.webp 470w, https:\/\/lavras.tv\/site\/wp-content\/uploads\/2025\/01\/download-170x96.webp 170w, https:\/\/lavras.tv\/site\/wp-content\/uploads\/2025\/01\/download-200x113.webp 200w, https:\/\/lavras.tv\/site\/wp-content\/uploads\/2025\/01\/download.webp 1000w\" sizes=\"(max-width: 970px) 100vw, 970px\" \/><\/figure>\n\n\n\n<p>At\u00e9 o dia 3 de fevereiro, um programa da Universidade Federal de Lavras recebe inscri\u00e7\u00f5es de alunos de escolas p\u00fablicas e estaduais. Estudantes de Lavras e S\u00e3o Sebasti\u00e3o do Para\u00edso podem participar do Programa de Bolsa de Inicia\u00e7\u00e3o Cient\u00edfica J\u00fanior (BIC J\u00fanior). Os interessados devem procurar as unidades de ensino credenciadas.<\/p>\n\n\n\n<p>O BIC J\u00fanior UFLA, em parceria com a Fapemig, tem como objetivo incentivar a inicia\u00e7\u00e3o cient\u00edfica entre estudantes do ensino m\u00e9dio, promovendo o contato com o ambiente de pesquisa acad\u00eamica e estimulando a continuidade dos estudos no ensino superior.<\/p>\n\n\n\n<p>Podem se inscrever estudantes matriculados no ensino m\u00e9dio em 2025, com frequ\u00eancia escolar igual ou superior a 80%. \u00c9 necess\u00e1rio dedicar-se, no m\u00ednimo, 8 horas semanais \u00e0s atividades do programa. O programa oferecer\u00e1 143 bolsas, sendo 137 para Lavras e seis para S\u00e3o Sebasti\u00e3o do Para\u00edso, com vig\u00eancia de mar\u00e7o de 2025 a fevereiro de 2026.<\/p>\n\n\n\n<h3 class=\"wp-block-heading\">Confira as escolas participantes:<\/h3>\n\n\n\n<p><em>Lavras<\/em><\/p>\n\n\n\n<ul class=\"wp-block-list\">\n<li>E.E. Azarias Ribeiro<\/li>\n\n\n\n<li>E.E. Cinira Carvalho<\/li>\n\n\n\n<li>E.E. Cristiano de Souza<\/li>\n\n\n\n<li>E.E. Dora Matarazzo<\/li>\n\n\n\n<li>E.E. Dr. Jo\u00e3o Batista Hermeto<\/li>\n\n\n\n<li>E.E. Firmino Costa<\/li>\n\n\n\n<li>E.E. Tiradentes<\/li>\n\n\n\n<li>Col\u00e9gio Tiradentes<\/li>\n<\/ul>\n\n\n\n<p><em>S\u00e3o Sebasti\u00e3o do Para\u00edso<\/em><\/p>\n\n\n\n<ul class=\"wp-block-list\">\n<li>E.E. Benedito Ferreira Calafiori<\/li>\n\n\n\n<li>E.E. Cl\u00f3vis Salgado<\/li>\n\n\n\n<li>E.E. Comendadora Ana C\u00e2ndida de Figueiredo<\/li>\n\n\n\n<li>E.E. Paula Frassinetti<\/li>\n<\/ul>\n","protected":false},"excerpt":{"rendered":"<p>Estudantes de escolas p\u00fablicas e estaduais de Lavras e S\u00e3o Sebasti\u00e3o do Para\u00edso podem se inscrever. At\u00e9 o dia 3 de fevereiro, um programa da Universidade Federal de Lavras recebe inscri\u00e7\u00f5es de alunos de escolas p\u00fablicas e estaduais. Estudantes de Lavras e S\u00e3o Sebasti\u00e3o do Para\u00edso podem participar do Programa de Bolsa de Inicia\u00e7\u00e3o Cient\u00edfica [&hellip;]<\/p>\n","protected":false},"author":5,"featured_media":148939,"comment_status":"closed","ping_status":"open","sticky":false,"template":"","format":"standard","meta":{"advgb_blocks_editor_width":"","advgb_blocks_columns_visual_guide":"","_exactmetrics_skip_tracking":false,"_exactmetrics_sitenote_active":false,"_exactmetrics_sitenote_note":"","_exactmetrics_sitenote_category":0,"footnotes":""},"categories":[7,2],"tags":[],"class_list":["post-148938","post","type-post","status-publish","format-standard","has-post-thumbnail","hentry","category-destaques","category-noticias"],"better_featured_image":{"id":148939,"alt_text":"","caption":"","description":"","media_type":"image","media_details":{"width":1000,"height":563,"file":"2025\/01\/download.webp","filesize":222124,"sizes":{"medium":{"file":"download-470x265.webp","width":470,"height":265,"mime-type":"image\/webp","filesize":46474,"source_url":"https:\/\/lavras.tv\/site\/wp-content\/uploads\/2025\/01\/download-470x265.webp"},"large":{"file":"download-970x546.webp","width":970,"height":546,"mime-type":"image\/webp","filesize":135864,"source_url":"https:\/\/lavras.tv\/site\/wp-content\/uploads\/2025\/01\/download-970x546.webp"},"thumbnail":{"file":"download-170x96.webp","width":170,"height":96,"mime-type":"image\/webp","filesize":7370,"source_url":"https:\/\/lavras.tv\/site\/wp-content\/uploads\/2025\/01\/download-170x96.webp"},"lshowcase-thumb":{"file":"download-200x113.webp","width":200,"height":113,"mime-type":"image\/webp","filesize":10118,"source_url":"https:\/\/lavras.tv\/site\/wp-content\/uploads\/2025\/01\/download-200x113.webp"},"alm-thumbnail":{"file":"download-150x150.webp","width":150,"height":150,"mime-type":"image\/webp","filesize":10314,"source_url":"https:\/\/lavras.tv\/site\/wp-content\/uploads\/2025\/01\/download-150x150.webp"}},"image_meta":{"aperture":"0","credit":"","camera":"","caption":"","created_timestamp":"0","copyright":"","focal_length":"0","iso":"0","shutter_speed":"0","title":"","orientation":"0","keywords":[]}},"post":148938,"source_url":"https:\/\/lavras.tv\/site\/wp-content\/uploads\/2025\/01\/download.webp"},"author_meta":{"display_name":"Vinicius Bustamante","author_link":"https:\/\/lavras.tv\/site\/author\/vinicius-bustamante\/"},"featured_img":"https:\/\/lavras.tv\/site\/wp-content\/uploads\/2025\/01\/download-470x265.webp","coauthors":[],"tax_additional":{"categories":{"linked":["<a href=\"https:\/\/lavras.tv\/site\/category\/destaques\/\" class=\"advgb-post-tax-term\">Destaques<\/a>","<a href=\"https:\/\/lavras.tv\/site\/category\/noticias\/\" class=\"advgb-post-tax-term\">Not\u00edcias<\/a>"],"unlinked":["<span class=\"advgb-post-tax-term\">Destaques<\/span>","<span class=\"advgb-post-tax-term\">Not\u00edcias<\/span>"]}},"comment_count":"0","relative_dates":{"created":"Publicado 1 ano atr\u00e1s","modified":"Atualizado 1 ano atr\u00e1s"},"absolute_dates":{"created":"Publicado em 6 de janeiro de 2025","modified":"Atualizado em 6 de janeiro de 2025"},"absolute_dates_time":{"created":"Publicado em 6 de janeiro de 2025 13:23","modified":"Atualizado em 6 de janeiro de 2025 13:23"},"featured_img_caption":"","series_order":"","_links":{"self":[{"href":"https:\/\/lavras.tv\/site\/wp-json\/wp\/v2\/posts\/148938","targetHints":{"allow":["GET"]}}],"collection":[{"href":"https:\/\/lavras.tv\/site\/wp-json\/wp\/v2\/posts"}],"about":[{"href":"https:\/\/lavras.tv\/site\/wp-json\/wp\/v2\/types\/post"}],"author":[{"embeddable":true,"href":"https:\/\/lavras.tv\/site\/wp-json\/wp\/v2\/users\/5"}],"replies":[{"embeddable":true,"href":"https:\/\/lavras.tv\/site\/wp-json\/wp\/v2\/comments?post=148938"}],"version-history":[{"count":1,"href":"https:\/\/lavras.tv\/site\/wp-json\/wp\/v2\/posts\/148938\/revisions"}],"predecessor-version":[{"id":148940,"href":"https:\/\/lavras.tv\/site\/wp-json\/wp\/v2\/posts\/148938\/revisions\/148940"}],"wp:featuredmedia":[{"embeddable":true,"href":"https:\/\/lavras.tv\/site\/wp-json\/wp\/v2\/media\/148939"}],"wp:attachment":[{"href":"https:\/\/lavras.tv\/site\/wp-json\/wp\/v2\/media?parent=148938"}],"wp:term":[{"taxonomy":"category","embeddable":true,"href":"https:\/\/lavras.tv\/site\/wp-json\/wp\/v2\/categories?post=148938"},{"taxonomy":"post_tag","embeddable":true,"href":"https:\/\/lavras.tv\/site\/wp-json\/wp\/v2\/tags?post=148938"}],"curies":[{"name":"wp","href":"https:\/\/api.w.org\/{rel}","templated":true}]}}