{"id":148944,"date":"2025-01-06T13:42:06","date_gmt":"2025-01-06T16:42:06","guid":{"rendered":"https:\/\/lavras.tv\/site\/?p=148944"},"modified":"2025-01-06T13:42:07","modified_gmt":"2025-01-06T16:42:07","slug":"prazo-para-confirmacao-de-matricula-na-rede-estadual-termina-no-dia-10-1","status":"publish","type":"post","link":"https:\/\/lavras.tv\/site\/2025\/01\/06\/prazo-para-confirmacao-de-matricula-na-rede-estadual-termina-no-dia-10-1\/","title":{"rendered":"Prazo para confirma\u00e7\u00e3o de matr\u00edcula na rede estadual termina no dia 10\/1"},"content":{"rendered":"<div class=\"lavra-antes-do-conteudo_2\" id=\"lavra-525839921\"><div id=\"lavra-slider-27\" class=\"custom-slider lavra-slider-3642506634 lavra-slider\"><ul><li><div style=\"margin-left: auto;margin-right: auto;text-align: center;\" id=\"lavra-2637688208\"><a href=\"https:\/\/sistemas.lavras.mg.gov.br\/portalcidadao\/#df1b1a7c7b2a290bcb31e32771e610784662739a88807c0dacac58ede5f391a7530e299dc302d611ee73cb143fc22eaf93592e53e7b5bdb01b00a0b8d28dae460c141dd2ff83412e4dc1c31b16b25f33144a9e5620ea73b13f5bc1c59411d98439ad226e8af03840603796067d87afe130812cf3de24982d0e306f9e61e764e5\" aria-label=\"Lavras-TV&#8211;720x104px (1) (1)\"><img src=\"https:\/\/lavras.tv\/site\/wp-content\/uploads\/2025\/01\/Lavras-TV-720x104px-1-1.png\" alt=\"\"  srcset=\"https:\/\/lavras.tv\/site\/wp-content\/uploads\/2025\/01\/Lavras-TV-720x104px-1-1.png 720w, https:\/\/lavras.tv\/site\/wp-content\/uploads\/2025\/01\/Lavras-TV-720x104px-1-1-470x68.png 470w, https:\/\/lavras.tv\/site\/wp-content\/uploads\/2025\/01\/Lavras-TV-720x104px-1-1-170x25.png 170w, https:\/\/lavras.tv\/site\/wp-content\/uploads\/2025\/01\/Lavras-TV-720x104px-1-1-200x29.png 200w\" sizes=\"(max-width: 720px) 100vw, 720px\" width=\"720\" height=\"104\"  style=\"display: inline-block;\" \/><\/a><\/div><\/li><li><a href=\"https:\/\/sistemas.lavras.mg.gov.br\/portalcidadao\/#df1b1a7c7b2a290bcb31e32771e610784662739a88807c0dacac58ede5f391a7530e299dc302d611ee73cb143fc22eaf93592e53e7b5bdb01b00a0b8d28dae460c141dd2ff83412e4dc1c31b16b25f33144a9e5620ea73b13f5bc1c59411d98439ad226e8af03840603796067d87afe130812cf3de24982d0e306f9e61e764e5\" aria-label=\"Banner_Emprego_PortallavrasTV\"><img src=\"https:\/\/lavras.tv\/site\/wp-content\/uploads\/2025\/03\/Banner_Emprego_PortallavrasTV.png\" alt=\"\"  srcset=\"https:\/\/lavras.tv\/site\/wp-content\/uploads\/2025\/03\/Banner_Emprego_PortallavrasTV.png 720w, https:\/\/lavras.tv\/site\/wp-content\/uploads\/2025\/03\/Banner_Emprego_PortallavrasTV-470x68.png 470w, https:\/\/lavras.tv\/site\/wp-content\/uploads\/2025\/03\/Banner_Emprego_PortallavrasTV-170x25.png 170w, https:\/\/lavras.tv\/site\/wp-content\/uploads\/2025\/03\/Banner_Emprego_PortallavrasTV-200x29.png 200w\" sizes=\"(max-width: 720px) 100vw, 720px\" width=\"720\" height=\"104\"   \/><\/a><\/li><li><a href=\"https:\/\/sistemas.lavras.mg.gov.br\/portalcidadao\/#df1b1a7c7b2a290bcb31e32771e610784662739a88807c0dacac58ede5f391a7530e299dc302d611ee73cb143fc22eaf93592e53e7b5bdb01b00a0b8d28dae460c141dd2ff83412e4dc1c31b16b25f33144a9e5620ea73b13f5bc1c59411d98439ad226e8af03840603796067d87afe130812cf3de24982d0e306f9e61e764e5\" aria-label=\"Banner_Obras_PortallavrasTV\"><img src=\"https:\/\/lavras.tv\/site\/wp-content\/uploads\/2025\/03\/Banner_Obras_PortallavrasTV.png\" alt=\"\"  srcset=\"https:\/\/lavras.tv\/site\/wp-content\/uploads\/2025\/03\/Banner_Obras_PortallavrasTV.png 720w, https:\/\/lavras.tv\/site\/wp-content\/uploads\/2025\/03\/Banner_Obras_PortallavrasTV-470x68.png 470w, https:\/\/lavras.tv\/site\/wp-content\/uploads\/2025\/03\/Banner_Obras_PortallavrasTV-170x25.png 170w, https:\/\/lavras.tv\/site\/wp-content\/uploads\/2025\/03\/Banner_Obras_PortallavrasTV-200x29.png 200w\" sizes=\"(max-width: 720px) 100vw, 720px\" width=\"720\" height=\"104\"   \/><\/a><\/li><li><div style=\"margin-left: auto;margin-right: auto;text-align: center;\" id=\"lavra-2828606371\"><a href=\"https:\/\/sistemas.lavras.mg.gov.br\/portalcidadao\/#df1b1a7c7b2a290bcb31e32771e610784662739a88807c0dacac58ede5f391a7530e299dc302d611ee73cb143fc22eaf93592e53e7b5bdb01b00a0b8d28dae460c141dd2ff83412e4dc1c31b16b25f33144a9e5620ea73b13f5bc1c59411d98439ad226e8af03840603796067d87afe130812cf3de24982d0e306f9e61e764e5\" aria-label=\"Banner_Educa\u00e7\u00e3o_PortallavrasTV\"><img src=\"https:\/\/lavras.tv\/site\/wp-content\/uploads\/2025\/01\/Banner_Educacao_PortallavrasTV.png\" alt=\"\"  srcset=\"https:\/\/lavras.tv\/site\/wp-content\/uploads\/2025\/01\/Banner_Educacao_PortallavrasTV.png 720w, https:\/\/lavras.tv\/site\/wp-content\/uploads\/2025\/01\/Banner_Educacao_PortallavrasTV-470x68.png 470w, https:\/\/lavras.tv\/site\/wp-content\/uploads\/2025\/01\/Banner_Educacao_PortallavrasTV-170x25.png 170w, https:\/\/lavras.tv\/site\/wp-content\/uploads\/2025\/01\/Banner_Educacao_PortallavrasTV-200x29.png 200w\" sizes=\"(max-width: 720px) 100vw, 720px\" width=\"720\" height=\"104\"  style=\"display: inline-block;\" \/><\/a><\/div><\/li><li><a href=\"https:\/\/sistemas.lavras.mg.gov.br\/portalcidadao\/#df1b1a7c7b2a290bcb31e32771e610784662739a88807c0dacac58ede5f391a7530e299dc302d611ee73cb143fc22eaf93592e53e7b5bdb01b00a0b8d28dae460c141dd2ff83412e4dc1c31b16b25f33144a9e5620ea73b13f5bc1c59411d98439ad226e8af03840603796067d87afe130812cf3de24982d0e306f9e61e764e5\" aria-label=\"Banner_Sa\u00fade_PortallavrasTV\"><img src=\"https:\/\/lavras.tv\/site\/wp-content\/uploads\/2025\/03\/Banner_Saude_PortallavrasTV.png\" alt=\"\"  srcset=\"https:\/\/lavras.tv\/site\/wp-content\/uploads\/2025\/03\/Banner_Saude_PortallavrasTV.png 720w, https:\/\/lavras.tv\/site\/wp-content\/uploads\/2025\/03\/Banner_Saude_PortallavrasTV-470x68.png 470w, https:\/\/lavras.tv\/site\/wp-content\/uploads\/2025\/03\/Banner_Saude_PortallavrasTV-170x25.png 170w, https:\/\/lavras.tv\/site\/wp-content\/uploads\/2025\/03\/Banner_Saude_PortallavrasTV-200x29.png 200w\" sizes=\"(max-width: 720px) 100vw, 720px\" width=\"720\" height=\"104\"   \/><\/a><\/li><li><div id=\"lavra-4157388674\" style=\"width:720px;height:104px;background-color:#ddd;overflow:scroll;\">\n\t<strong>Sa\u00edda da depura\u00e7\u00e3o de an\u00fancios<\/strong>\n\t<br><br>\n\tO an\u00fancio n\u00e3o \u00e9 exibido na p\u00e1gina<br><br>post atual: Prazo para confirma\u00e7\u00e3o de matr\u00edcula na rede estadual termina no dia 10\/1, ID: 148944<br><br><span style=\"color: red;\">O post atual n\u00e3o \u00e9 id\u00eantico ao post principal.<\/span><br><br>An\u00fancios: ROXO - TOPO INTERNA - ROTATIVO 2 (197)<br \/>Grupo de an\u00fancios: Princ_Meio01_720x104 (27)<br><br>Condi\u00e7\u00f5es de exibi\u00e7\u00e3o<div style=\"margin-bottom: 20px; white-space: pre-wrap; font-family: monospace; width: 100%; background: #ffe9e9;\"><strong>condi\u00e7\u00f5es gerais<\/strong><table border=\"1\"><thead><tr><th><\/th><th>An\u00fancios<\/th><th>wp_the_query<\/th><\/tr><\/thead><tr><td>is_main_query<\/td><td>1<\/td><td>1<\/td><\/tr><tr><td>is_rest_api<\/td><td>0<\/td><td>1<\/td><\/tr><tr><td>page<\/td><td>0<\/td><td>1<\/td><\/tr><tr><td>numpages<\/td><td>0<\/td><td>1<\/td><\/tr><tr><td>is_archive<\/td><td>1<\/td><td><\/td><\/tr><tr><td>is_search<\/td><td>1<\/td><td><\/td><\/tr><tr><td>is_home<\/td><td>1<\/td><td><\/td><\/tr><tr><td>is_404<\/td><td>1<\/td><td><\/td><\/tr><tr><td>is_attachment<\/td><td>1<\/td><td><\/td><\/tr><tr><td>is_singular<\/td><td>1<\/td><td><\/td><\/tr><tr><td>is_front_page<\/td><td>1<\/td><td><\/td><\/tr><tr><td>is_feed<\/td><td>1<\/td><td><\/td><\/tr><\/table><\/div><br><br><span style=\"color: red;\">Seu site usa HTTPS, mas o c\u00f3digo do an\u00fancio cont\u00e9m HTTP e pode n\u00e3o funcionar.<\/span>\t<br><br>\n\t<a style=\"color: green;\" href=\"https:\/\/wpadvancedads.com\/manual\/ad-debug-mode\/?utm_source=advanced-ads&utm_medium=link&utm_campaign=ad-debug-mode\" target=\"_blank\" rel=\"nofollow\">Encontre solu\u00e7\u00f5es no manual<\/a>\n<\/div>\n<\/li><\/ul><\/div><script>( window.advanced_ads_ready || jQuery( document ).ready ).call( null, function() {var $lavraslider3642506634 = jQuery( \".lavra-slider-3642506634\" );$lavraslider3642506634.on( \"unslider.ready\", function() { jQuery( \"div.custom-slider ul li\" ).css( \"display\", \"block\" ); });$lavraslider3642506634.unslider({ delay:4000, autoplay:true, nav:false, arrows:false, infinite:true });$lavraslider3642506634.on(\"mouseover\", function() {$lavraslider3642506634.unslider(\"stop\");}).on(\"mouseout\", function() {$lavraslider3642506634.unslider(\"start\");});});<\/script><\/div>\n<p><em>Os respons\u00e1veis ou estudantes maiores de idade devem apresentar os documentos exigidos para efetivar a matr\u00edcula na escola indicada pelo Sucem<\/em><\/p>\n\n\n\n<figure class=\"wp-block-image\"><img decoding=\"async\" src=\"https:\/\/www.agenciaminas.mg.gov.br\/system\/news\/images\/000\/124\/742\/large\/sala_de_aula_-_gil.jpg?1735849481\" alt=\"imagem de destaque\"\/><\/figure>\n\n\n\n<p>Estudantes ou respons\u00e1veis t\u00eam at\u00e9 o dia 10\/1 para confirmar as matr\u00edculas do Cadastro Escolar 2025, de forma presencial, nas escolas da rede p\u00fablica estadual de ensino. Os inscritos alocados pelo Sistema \u00danico de Cadastro e Encaminhamento para Matr\u00edcula (Sucem)&nbsp;devem comparecer \u00e0 institui\u00e7\u00e3o de ensino designada para apresentar os documentos necess\u00e1rios para confirmar a sua vaga.&nbsp;<br><br>\u201cA vaga na rede p\u00fablica \u00e9 garantida somente com a matr\u00edcula efetiva. \u00c9 fundamental que todos os estudantes compare\u00e7am \u00e0 escola indicada com a documenta\u00e7\u00e3o necess\u00e1ria\u201d, destaca a superintendente de Organiza\u00e7\u00e3o Escolar e Informa\u00e7\u00f5es Educacionais, Simone Emerick.<br><br>Para comprovar os dados informados na inscri\u00e7\u00e3o do Cadastro Escolar, os pais, respons\u00e1veis ou os pr\u00f3prios estudantes devem comparecer \u00e0 escola com os documentos que constam na&nbsp;<a href=\"https:\/\/www.educacao.mg.gov.br\/wp-content\/uploads\/2024\/09\/5058-24-r-Public.-10-09-24.pdf\" target=\"_blank\" rel=\"noreferrer noopener\">Resolu\u00e7\u00e3o SEE N\u00ba 5.058<\/a>. S\u00e3o eles:&nbsp;<br>&nbsp;<\/p>\n\n\n\n<ul class=\"wp-block-list\">\n<li><sub>Documento de Identidade (ou equivalente como Certid\u00e3o de Nascimento\/Casamento do estudante) \u2013 Original e c\u00f3pia<\/sub><\/li>\n\n\n\n<li><sub>CPF \u2013 Original e c\u00f3pia<\/sub><\/li>\n\n\n\n<li><sub>Comprovante de Resid\u00eancia em nome de um dos pais\/respons\u00e1veis ou do estudante, caso seja maior de idade<\/sub><\/li>\n\n\n\n<li><sub>Hist\u00f3rico Escolar ou Declara\u00e7\u00e3o de Transfer\u00eancia para o candidato\/estudante contemplado com vaga a partir do 2\u00ba ano do Ensino Fundamental, com indica\u00e7\u00e3o do ano de escolaridade que est\u00e1 habilitado a cursar em 2025, ficando o documento original na escola<\/sub><\/li>\n\n\n\n<li><sub>Hist\u00f3rico Escolar ou Declara\u00e7\u00e3o de Conclus\u00e3o do Ensino M\u00e9dio ou Parecer da Secretaria de Estado de Educa\u00e7\u00e3o e publica\u00e7\u00e3o de Equival\u00eancia de Estudos, conclu\u00eddos no exterior, ao Ensino M\u00e9dio brasileiro, para o candidato\/estudante que for ingressar no curso t\u00e9cnico na forma subsequente<\/sub><\/li>\n\n\n\n<li><sub>\u2013 Hist\u00f3rico Escolar ou Declara\u00e7\u00e3o de Escolaridade, comprovando matr\u00edcula no Ensino M\u00e9dio, para o estudante que for ingressar no curso t\u00e9cnico na forma concomitante<\/sub><\/li>\n\n\n\n<li><sub>\u00a0Cart\u00e3o da Crian\u00e7a atualizado ou Caderneta de Sa\u00fade atualizada para os estudantes com at\u00e9 10 anos de idade, original e c\u00f3pia<\/sub><\/li>\n<\/ul>\n\n\n\n<p><br>Os candidatos podem conferir para qual escola o estudante foi direcionado pelo site do&nbsp;<a href=\"https:\/\/cadastroescolar.educacao.mg.gov.br\/\" target=\"_blank\" rel=\"noreferrer noopener\">Cadastro Escolar<\/a>.&nbsp;As secretarias das escolas estaduais atendem de segunda a sexta-feira, das 8h \u00e0s 17h.&nbsp;<br><br>Caso o estudante tenha sido direcionado para uma escola da rede municipal, a fam\u00edlia deve observar os prazos definidos por cada cidade e entrar em contato com a Secretaria Municipal de Educa\u00e7\u00e3o para efetivar a matr\u00edcula.<br><br><strong>Vagas remanescentes<\/strong><br><br>Os estudantes que perderam o prazo de inscri\u00e7\u00e3o entre os meses de outubro e novembro, poder\u00e3o tentar uma vaga de 21 a 31\/1, no pr\u00f3prio site do Cadastro Escolar. Nesse caso, o encaminhamento depender\u00e1 da disponibilidade de vagas nas escolas pr\u00f3ximas ao endere\u00e7o informado.<br><br><strong>Ano letivo 2025&nbsp;<\/strong><br><br>Conforme publicado em outubro no&nbsp;<a>Di\u00e1rio Oficial de Minas Gerais<\/a>, o&nbsp;<a href=\"https:\/\/www.educacao.mg.gov.br\/secretaria-de-educacao-publica-calendario-escolar-2025-para-a-rede-estadual-de-minas-gerais\/\" target=\"_blank\" rel=\"noreferrer noopener\">Calend\u00e1rio Escolar de 2025<\/a>&nbsp;da rede estadual p\u00fablica de ensino indica o in\u00edcio do ano letivo no dia 10\/2, em todas as mais de 3,4 mil&nbsp;escolas da rede estadual.&nbsp;<\/p>\n","protected":false},"excerpt":{"rendered":"<p>Os respons\u00e1veis ou estudantes maiores de idade devem apresentar os documentos exigidos para efetivar a matr\u00edcula na escola indicada pelo Sucem Estudantes ou respons\u00e1veis t\u00eam at\u00e9 o dia 10\/1 para confirmar as matr\u00edculas do Cadastro Escolar 2025, de forma presencial, nas escolas da rede p\u00fablica estadual de ensino. Os inscritos alocados pelo Sistema \u00danico de [&hellip;]<\/p>\n","protected":false},"author":5,"featured_media":148945,"comment_status":"closed","ping_status":"open","sticky":false,"template":"","format":"standard","meta":{"advgb_blocks_editor_width":"","advgb_blocks_columns_visual_guide":"","_exactmetrics_skip_tracking":false,"_exactmetrics_sitenote_active":false,"_exactmetrics_sitenote_note":"","_exactmetrics_sitenote_category":0,"footnotes":""},"categories":[7,2],"tags":[],"class_list":["post-148944","post","type-post","status-publish","format-standard","has-post-thumbnail","hentry","category-destaques","category-noticias"],"better_featured_image":{"id":148945,"alt_text":"","caption":"","description":"","media_type":"image","media_details":{"width":2560,"height":1707,"file":"2025\/01\/sala_de_aula_-_gil-scaled.jpg","filesize":474377,"sizes":{"medium":{"file":"sala_de_aula_-_gil-450x300.jpg","width":450,"height":300,"mime-type":"image\/jpeg","filesize":46857,"source_url":"https:\/\/lavras.tv\/site\/wp-content\/uploads\/2025\/01\/sala_de_aula_-_gil-450x300.jpg"},"large":{"file":"sala_de_aula_-_gil-970x647.jpg","width":970,"height":647,"mime-type":"image\/jpeg","filesize":121787,"source_url":"https:\/\/lavras.tv\/site\/wp-content\/uploads\/2025\/01\/sala_de_aula_-_gil-970x647.jpg"},"thumbnail":{"file":"sala_de_aula_-_gil-170x113.jpg","width":170,"height":113,"mime-type":"image\/jpeg","filesize":20715,"source_url":"https:\/\/lavras.tv\/site\/wp-content\/uploads\/2025\/01\/sala_de_aula_-_gil-170x113.jpg"},"lshowcase-thumb":{"file":"sala_de_aula_-_gil-200x133.jpg","width":200,"height":133,"mime-type":"image\/jpeg","filesize":22522,"source_url":"https:\/\/lavras.tv\/site\/wp-content\/uploads\/2025\/01\/sala_de_aula_-_gil-200x133.jpg"},"1536x1536":{"file":"sala_de_aula_-_gil-1536x1024.jpg","width":1536,"height":1024,"mime-type":"image\/jpeg","filesize":227458,"source_url":"https:\/\/lavras.tv\/site\/wp-content\/uploads\/2025\/01\/sala_de_aula_-_gil-1536x1024.jpg"},"2048x2048":{"file":"sala_de_aula_-_gil-2048x1365.jpg","width":2048,"height":1365,"mime-type":"image\/jpeg","filesize":343632,"source_url":"https:\/\/lavras.tv\/site\/wp-content\/uploads\/2025\/01\/sala_de_aula_-_gil-2048x1365.jpg"},"alm-thumbnail":{"file":"sala_de_aula_-_gil-150x150.jpg","width":150,"height":150,"mime-type":"image\/jpeg","filesize":21158,"source_url":"https:\/\/lavras.tv\/site\/wp-content\/uploads\/2025\/01\/sala_de_aula_-_gil-150x150.jpg"}},"image_meta":{"aperture":"3,2","credit":"Gil Leonardi","camera":"Canon EOS 6D","caption":"","created_timestamp":"1583334092","copyright":"gillpelli@gmail.com","focal_length":"28","iso":"1000","shutter_speed":"0,008","title":"","orientation":"1","keywords":[]},"original_image":"sala_de_aula_-_gil.jpg"},"post":148944,"source_url":"https:\/\/lavras.tv\/site\/wp-content\/uploads\/2025\/01\/sala_de_aula_-_gil-scaled.jpg"},"author_meta":{"display_name":"Vinicius Bustamante","author_link":"https:\/\/lavras.tv\/site\/author\/vinicius-bustamante\/"},"featured_img":"https:\/\/lavras.tv\/site\/wp-content\/uploads\/2025\/01\/sala_de_aula_-_gil-450x300.jpg","coauthors":[],"tax_additional":{"categories":{"linked":["<a href=\"https:\/\/lavras.tv\/site\/category\/destaques\/\" class=\"advgb-post-tax-term\">Destaques<\/a>","<a href=\"https:\/\/lavras.tv\/site\/category\/noticias\/\" class=\"advgb-post-tax-term\">Not\u00edcias<\/a>"],"unlinked":["<span class=\"advgb-post-tax-term\">Destaques<\/span>","<span class=\"advgb-post-tax-term\">Not\u00edcias<\/span>"]}},"comment_count":"0","relative_dates":{"created":"Publicado 1 ano atr\u00e1s","modified":"Atualizado 1 ano atr\u00e1s"},"absolute_dates":{"created":"Publicado em 6 de janeiro de 2025","modified":"Atualizado em 6 de janeiro de 2025"},"absolute_dates_time":{"created":"Publicado em 6 de janeiro de 2025 13:42","modified":"Atualizado em 6 de janeiro de 2025 13:42"},"featured_img_caption":"","series_order":"","_links":{"self":[{"href":"https:\/\/lavras.tv\/site\/wp-json\/wp\/v2\/posts\/148944","targetHints":{"allow":["GET"]}}],"collection":[{"href":"https:\/\/lavras.tv\/site\/wp-json\/wp\/v2\/posts"}],"about":[{"href":"https:\/\/lavras.tv\/site\/wp-json\/wp\/v2\/types\/post"}],"author":[{"embeddable":true,"href":"https:\/\/lavras.tv\/site\/wp-json\/wp\/v2\/users\/5"}],"replies":[{"embeddable":true,"href":"https:\/\/lavras.tv\/site\/wp-json\/wp\/v2\/comments?post=148944"}],"version-history":[{"count":1,"href":"https:\/\/lavras.tv\/site\/wp-json\/wp\/v2\/posts\/148944\/revisions"}],"predecessor-version":[{"id":148946,"href":"https:\/\/lavras.tv\/site\/wp-json\/wp\/v2\/posts\/148944\/revisions\/148946"}],"wp:featuredmedia":[{"embeddable":true,"href":"https:\/\/lavras.tv\/site\/wp-json\/wp\/v2\/media\/148945"}],"wp:attachment":[{"href":"https:\/\/lavras.tv\/site\/wp-json\/wp\/v2\/media?parent=148944"}],"wp:term":[{"taxonomy":"category","embeddable":true,"href":"https:\/\/lavras.tv\/site\/wp-json\/wp\/v2\/categories?post=148944"},{"taxonomy":"post_tag","embeddable":true,"href":"https:\/\/lavras.tv\/site\/wp-json\/wp\/v2\/tags?post=148944"}],"curies":[{"name":"wp","href":"https:\/\/api.w.org\/{rel}","templated":true}]}}