{"id":149215,"date":"2025-01-07T17:46:33","date_gmt":"2025-01-07T20:46:33","guid":{"rendered":"https:\/\/lavras.tv\/site\/?p=149215"},"modified":"2025-01-07T17:46:34","modified_gmt":"2025-01-07T20:46:34","slug":"inscricoes-abertas-para-as-oficinas-e-o-programa-de-residencia-critica-da-28a-mostra-tiradentes","status":"publish","type":"post","link":"https:\/\/lavras.tv\/site\/2025\/01\/07\/inscricoes-abertas-para-as-oficinas-e-o-programa-de-residencia-critica-da-28a-mostra-tiradentes\/","title":{"rendered":"INSCRI\u00c7\u00d5ES ABERTAS PARA AS OFICINAS E O PROGRAMA DE RESID\u00caNCIA CR\u00cdTICA DA 28\u00aa MOSTRA TIRADENTES"},"content":{"rendered":"<div class=\"lavra-antes-do-conteudo_2\" id=\"lavra-3175400631\"><div id=\"lavra-slider-27\" class=\"custom-slider lavra-slider-3679850486 lavra-slider\"><ul><li><div style=\"margin-left: auto;margin-right: auto;text-align: center;\" id=\"lavra-1438695585\"><a href=\"https:\/\/sistemas.lavras.mg.gov.br\/portalcidadao\/#df1b1a7c7b2a290bcb31e32771e610784662739a88807c0dacac58ede5f391a7530e299dc302d611ee73cb143fc22eaf93592e53e7b5bdb01b00a0b8d28dae460c141dd2ff83412e4dc1c31b16b25f33144a9e5620ea73b13f5bc1c59411d98439ad226e8af03840603796067d87afe130812cf3de24982d0e306f9e61e764e5\" aria-label=\"Lavras-TV&#8211;720x104px (1) (1)\"><img src=\"https:\/\/lavras.tv\/site\/wp-content\/uploads\/2025\/01\/Lavras-TV-720x104px-1-1.png\" alt=\"\"  srcset=\"https:\/\/lavras.tv\/site\/wp-content\/uploads\/2025\/01\/Lavras-TV-720x104px-1-1.png 720w, https:\/\/lavras.tv\/site\/wp-content\/uploads\/2025\/01\/Lavras-TV-720x104px-1-1-470x68.png 470w, https:\/\/lavras.tv\/site\/wp-content\/uploads\/2025\/01\/Lavras-TV-720x104px-1-1-170x25.png 170w, https:\/\/lavras.tv\/site\/wp-content\/uploads\/2025\/01\/Lavras-TV-720x104px-1-1-200x29.png 200w\" sizes=\"(max-width: 720px) 100vw, 720px\" width=\"720\" height=\"104\"  style=\"display: inline-block;\" \/><\/a><\/div><\/li><li><a href=\"https:\/\/sistemas.lavras.mg.gov.br\/portalcidadao\/#df1b1a7c7b2a290bcb31e32771e610784662739a88807c0dacac58ede5f391a7530e299dc302d611ee73cb143fc22eaf93592e53e7b5bdb01b00a0b8d28dae460c141dd2ff83412e4dc1c31b16b25f33144a9e5620ea73b13f5bc1c59411d98439ad226e8af03840603796067d87afe130812cf3de24982d0e306f9e61e764e5\" aria-label=\"Banner_Emprego_PortallavrasTV\"><img src=\"https:\/\/lavras.tv\/site\/wp-content\/uploads\/2025\/03\/Banner_Emprego_PortallavrasTV.png\" alt=\"\"  srcset=\"https:\/\/lavras.tv\/site\/wp-content\/uploads\/2025\/03\/Banner_Emprego_PortallavrasTV.png 720w, https:\/\/lavras.tv\/site\/wp-content\/uploads\/2025\/03\/Banner_Emprego_PortallavrasTV-470x68.png 470w, https:\/\/lavras.tv\/site\/wp-content\/uploads\/2025\/03\/Banner_Emprego_PortallavrasTV-170x25.png 170w, https:\/\/lavras.tv\/site\/wp-content\/uploads\/2025\/03\/Banner_Emprego_PortallavrasTV-200x29.png 200w\" sizes=\"(max-width: 720px) 100vw, 720px\" width=\"720\" height=\"104\"   \/><\/a><\/li><li><a href=\"https:\/\/sistemas.lavras.mg.gov.br\/portalcidadao\/#df1b1a7c7b2a290bcb31e32771e610784662739a88807c0dacac58ede5f391a7530e299dc302d611ee73cb143fc22eaf93592e53e7b5bdb01b00a0b8d28dae460c141dd2ff83412e4dc1c31b16b25f33144a9e5620ea73b13f5bc1c59411d98439ad226e8af03840603796067d87afe130812cf3de24982d0e306f9e61e764e5\" aria-label=\"Banner_Obras_PortallavrasTV\"><img src=\"https:\/\/lavras.tv\/site\/wp-content\/uploads\/2025\/03\/Banner_Obras_PortallavrasTV.png\" alt=\"\"  srcset=\"https:\/\/lavras.tv\/site\/wp-content\/uploads\/2025\/03\/Banner_Obras_PortallavrasTV.png 720w, https:\/\/lavras.tv\/site\/wp-content\/uploads\/2025\/03\/Banner_Obras_PortallavrasTV-470x68.png 470w, https:\/\/lavras.tv\/site\/wp-content\/uploads\/2025\/03\/Banner_Obras_PortallavrasTV-170x25.png 170w, https:\/\/lavras.tv\/site\/wp-content\/uploads\/2025\/03\/Banner_Obras_PortallavrasTV-200x29.png 200w\" sizes=\"(max-width: 720px) 100vw, 720px\" width=\"720\" height=\"104\"   \/><\/a><\/li><li><div style=\"margin-left: auto;margin-right: auto;text-align: center;\" id=\"lavra-2411736169\"><a href=\"https:\/\/sistemas.lavras.mg.gov.br\/portalcidadao\/#df1b1a7c7b2a290bcb31e32771e610784662739a88807c0dacac58ede5f391a7530e299dc302d611ee73cb143fc22eaf93592e53e7b5bdb01b00a0b8d28dae460c141dd2ff83412e4dc1c31b16b25f33144a9e5620ea73b13f5bc1c59411d98439ad226e8af03840603796067d87afe130812cf3de24982d0e306f9e61e764e5\" aria-label=\"Banner_Educa\u00e7\u00e3o_PortallavrasTV\"><img src=\"https:\/\/lavras.tv\/site\/wp-content\/uploads\/2025\/01\/Banner_Educacao_PortallavrasTV.png\" alt=\"\"  srcset=\"https:\/\/lavras.tv\/site\/wp-content\/uploads\/2025\/01\/Banner_Educacao_PortallavrasTV.png 720w, https:\/\/lavras.tv\/site\/wp-content\/uploads\/2025\/01\/Banner_Educacao_PortallavrasTV-470x68.png 470w, https:\/\/lavras.tv\/site\/wp-content\/uploads\/2025\/01\/Banner_Educacao_PortallavrasTV-170x25.png 170w, https:\/\/lavras.tv\/site\/wp-content\/uploads\/2025\/01\/Banner_Educacao_PortallavrasTV-200x29.png 200w\" sizes=\"(max-width: 720px) 100vw, 720px\" width=\"720\" height=\"104\"  style=\"display: inline-block;\" \/><\/a><\/div><\/li><li><a href=\"https:\/\/sistemas.lavras.mg.gov.br\/portalcidadao\/#df1b1a7c7b2a290bcb31e32771e610784662739a88807c0dacac58ede5f391a7530e299dc302d611ee73cb143fc22eaf93592e53e7b5bdb01b00a0b8d28dae460c141dd2ff83412e4dc1c31b16b25f33144a9e5620ea73b13f5bc1c59411d98439ad226e8af03840603796067d87afe130812cf3de24982d0e306f9e61e764e5\" aria-label=\"Banner_Sa\u00fade_PortallavrasTV\"><img src=\"https:\/\/lavras.tv\/site\/wp-content\/uploads\/2025\/03\/Banner_Saude_PortallavrasTV.png\" alt=\"\"  srcset=\"https:\/\/lavras.tv\/site\/wp-content\/uploads\/2025\/03\/Banner_Saude_PortallavrasTV.png 720w, https:\/\/lavras.tv\/site\/wp-content\/uploads\/2025\/03\/Banner_Saude_PortallavrasTV-470x68.png 470w, https:\/\/lavras.tv\/site\/wp-content\/uploads\/2025\/03\/Banner_Saude_PortallavrasTV-170x25.png 170w, https:\/\/lavras.tv\/site\/wp-content\/uploads\/2025\/03\/Banner_Saude_PortallavrasTV-200x29.png 200w\" sizes=\"(max-width: 720px) 100vw, 720px\" width=\"720\" height=\"104\"   \/><\/a><\/li><li><div id=\"lavra-4218146470\" style=\"width:720px;height:104px;background-color:#ddd;overflow:scroll;\">\n\t<strong>Sa\u00edda da depura\u00e7\u00e3o de an\u00fancios<\/strong>\n\t<br><br>\n\tO an\u00fancio n\u00e3o \u00e9 exibido na p\u00e1gina<br><br>post atual: INSCRI\u00c7\u00d5ES ABERTAS PARA AS OFICINAS E O PROGRAMA DE RESID\u00caNCIA CR\u00cdTICA DA 28\u00aa MOSTRA TIRADENTES, ID: 149215<br><br><span style=\"color: red;\">O post atual n\u00e3o \u00e9 id\u00eantico ao post principal.<\/span><br><br>An\u00fancios: ROXO - TOPO INTERNA - ROTATIVO 2 (197)<br \/>Grupo de an\u00fancios: Princ_Meio01_720x104 (27)<br><br>Condi\u00e7\u00f5es de exibi\u00e7\u00e3o<div style=\"margin-bottom: 20px; white-space: pre-wrap; font-family: monospace; width: 100%; background: #ffe9e9;\"><strong>condi\u00e7\u00f5es gerais<\/strong><table border=\"1\"><thead><tr><th><\/th><th>An\u00fancios<\/th><th>wp_the_query<\/th><\/tr><\/thead><tr><td>is_main_query<\/td><td>1<\/td><td>1<\/td><\/tr><tr><td>is_rest_api<\/td><td>0<\/td><td>1<\/td><\/tr><tr><td>page<\/td><td>0<\/td><td>1<\/td><\/tr><tr><td>numpages<\/td><td>0<\/td><td>1<\/td><\/tr><tr><td>is_archive<\/td><td>1<\/td><td><\/td><\/tr><tr><td>is_search<\/td><td>1<\/td><td><\/td><\/tr><tr><td>is_home<\/td><td>1<\/td><td><\/td><\/tr><tr><td>is_404<\/td><td>1<\/td><td><\/td><\/tr><tr><td>is_attachment<\/td><td>1<\/td><td><\/td><\/tr><tr><td>is_singular<\/td><td>1<\/td><td><\/td><\/tr><tr><td>is_front_page<\/td><td>1<\/td><td><\/td><\/tr><tr><td>is_feed<\/td><td>1<\/td><td><\/td><\/tr><\/table><\/div><br><br><span style=\"color: red;\">Seu site usa HTTPS, mas o c\u00f3digo do an\u00fancio cont\u00e9m HTTP e pode n\u00e3o funcionar.<\/span>\t<br><br>\n\t<a style=\"color: green;\" href=\"https:\/\/wpadvancedads.com\/manual\/ad-debug-mode\/?utm_source=advanced-ads&utm_medium=link&utm_campaign=ad-debug-mode\" target=\"_blank\" rel=\"nofollow\">Encontre solu\u00e7\u00f5es no manual<\/a>\n<\/div>\n<\/li><\/ul><\/div><script>( window.advanced_ads_ready || jQuery( document ).ready ).call( null, function() {var $lavraslider3679850486 = jQuery( \".lavra-slider-3679850486\" );$lavraslider3679850486.on( \"unslider.ready\", function() { jQuery( \"div.custom-slider ul li\" ).css( \"display\", \"block\" ); });$lavraslider3679850486.unslider({ delay:4000, autoplay:true, nav:false, arrows:false, infinite:true });$lavraslider3679850486.on(\"mouseover\", function() {$lavraslider3679850486.unslider(\"stop\");}).on(\"mouseout\", function() {$lavraslider3679850486.unslider(\"start\");});});<\/script><\/div>\n<p><strong><em>Nesta edi\u00e7\u00e3o, o programa de forma\u00e7\u00e3o realiza a\u00e7\u00e3o in\u00e9dita com a oferta do programa de Resid\u00eancia Cr\u00edtica. Ao todo s\u00e3o 260 vagas em 12 atividades para os p\u00fablicos adulto e infanto-juvenil. Inscri\u00e7\u00f5es devem ser feitas at\u00e9 12 de janeiro pelo site\u00a0<\/em><\/strong><em><a href=\"https:\/\/mostratiradentes.com.br\/formacao-2\/\" target=\"_blank\" rel=\"noreferrer noopener\">https:\/\/mostratiradentes.com.br\/formacao-2\/<\/a><\/em><\/p>\n\n\n\n<figure class=\"wp-block-image size-large\"><img fetchpriority=\"high\" decoding=\"async\" width=\"970\" height=\"546\" src=\"https:\/\/lavras.tv\/site\/wp-content\/uploads\/2025\/01\/54230135513_aab853352c_k-970x546.jpg\" alt=\"\" class=\"wp-image-149216\" srcset=\"https:\/\/lavras.tv\/site\/wp-content\/uploads\/2025\/01\/54230135513_aab853352c_k-970x546.jpg 970w, https:\/\/lavras.tv\/site\/wp-content\/uploads\/2025\/01\/54230135513_aab853352c_k-470x264.jpg 470w, https:\/\/lavras.tv\/site\/wp-content\/uploads\/2025\/01\/54230135513_aab853352c_k-170x96.jpg 170w, https:\/\/lavras.tv\/site\/wp-content\/uploads\/2025\/01\/54230135513_aab853352c_k-200x113.jpg 200w, https:\/\/lavras.tv\/site\/wp-content\/uploads\/2025\/01\/54230135513_aab853352c_k-1536x864.jpg 1536w, https:\/\/lavras.tv\/site\/wp-content\/uploads\/2025\/01\/54230135513_aab853352c_k.jpg 1920w\" sizes=\"(max-width: 970px) 100vw, 970px\" \/><\/figure>\n\n\n\n<p>A 28\u00aa Mostra de Cinema de Tiradentes, que acontece de 24 de janeiro a 1\u00ba de fevereiro de 2025, oferece uma programa\u00e7\u00e3o formativa diversificada e gratuita para os p\u00fablicos adulto, jovens e\u00a0infantil\u00a0abordando, de forma pr\u00e1tica, temas que v\u00e3o da dramaturgia \u00e0 dire\u00e7\u00e3o de cinema.\u00a0Ao todo s\u00e3o\u00a0260 vagas\u00a0e\u00a012 atividades formativas, sendo nove oficinas, dois laborat\u00f3rios e a novidade desta edi\u00e7\u00e3o que \u00e9 a Resid\u00eancia Cr\u00edtica &#8211;\u00a0um programa de imers\u00e3o formativa de cr\u00edtica e de debates sobre o cinema brasileiro.\u00a0As inscri\u00e7\u00f5es gratuitas podem ser feitas at\u00e9 o dia 12 de janeiro pelo site\u00a0<a href=\"https:\/\/mostratiradentes.com.br\/formacao-2\/\" target=\"_blank\" rel=\"noreferrer noopener\">https:\/\/mostratiradentes.com.br\/formacao-2\/<\/a><\/p>\n\n\n\n<p>Raquel Hallak, coordenadora geral da 28\u00aa Mostra Tiradentes destaca a import\u00e2ncia das atividades para o desenvolvimento do setor audiovisual e para a descoberta de novos talentos. \u201c\u00c9 fundamental investir em forma\u00e7\u00e3o para fortalecer a ind\u00fastria audiovisual, criar um ambiente que inspire e impulsione o desenvolvimento profissional, promover trocas valiosas entre os participantes e especialistas. As atividades propostas n\u00e3o apenas ampliam o repert\u00f3rio t\u00e9cnico e cr\u00edtico dos envolvidos, mas tamb\u00e9m abrem portas para oportunidades futuras, refor\u00e7ando o papel da Mostra Tiradentes como um espa\u00e7o de transforma\u00e7\u00e3o e crescimento profissional\u201d, explica Raquel Hallak.<\/p>\n\n\n\n<p><strong>RESID\u00caNCIA CR\u00cdTICA<\/strong><\/p>\n\n\n\n<p>Novidade na 28\u00aa Mostra Tiradentes!\u00a0A Universo Produ\u00e7\u00e3o inaugura mais um espa\u00e7o formativo na Mostra Tiradentes &#8211; a\u00a0Resid\u00eancia Cr\u00edtica \u2013 um programa que vai selecionar seis pessoas entre os 30 inscritos\u00a0para uma viv\u00eancia formativa em cr\u00edtica e debates sobre cinema brasileiro contempor\u00e2neo, com a produ\u00e7\u00e3o de textos que ser\u00e3o publicados no blog da Resid\u00eancia. Os participantes ter\u00e3o encontros com pesquisadores, cr\u00edticos e curadores, al\u00e9m de oficinas de textos com mentoria especializada. Para participar, \u00e9 necess\u00e1rio ter experi\u00eancia pr\u00e9via com cr\u00edtica e disponibilidade para estar em Tiradentes durante todo o per\u00edodo. A Resid\u00eancia Cr\u00edtica de Tiradentes, coordenada por Cleber Eduardo e Francis Vogner dos Reis e com mentoria de Bernardo Oliveira, Ewerton Belico e Alana Falc\u00e3o, al\u00e9m de palestras com Camila Vieira, Juliano Gomes e Lorenna Rocha. A Resid\u00eancia Cr\u00edtica tem dura\u00e7\u00e3o de seis dias e acontecer\u00e1 de 26 a 31 de janeiro, das 10h \u00e0s 18h, com carga hor\u00e1ria de 53 horas e 6 vagas para o p\u00fablico entre 20 a 35 anos.<\/p>\n\n\n\n<p><strong>OFICINAS PARA O P\u00daBLICO ADULTO<\/strong><\/p>\n\n\n\n<p>Entre as oficinas destaca-se a de&nbsp;<strong>&#8220;Assist\u00eancia de Dire\u00e7\u00e3o para Cinema&#8221;,<\/strong>&nbsp;ministrada por Renan Barbosa Brand\u00e3o, diretor, produtor e assistente de dire\u00e7\u00e3o com vasta experi\u00eancia em filmes premiados. A atividade, que acontece nos dias 25 e 26 de janeiro, das 10h \u00e0s 13h e das 14h \u00e0s 18h, totalizando 14 horas, busca evidenciar a import\u00e2ncia desta fun\u00e7\u00e3o, abordando os principais documentos utilizados em um longa-metragem e as fun\u00e7\u00f5es espec\u00edficas de cada assistente de dire\u00e7\u00e3o. S\u00e3o oferecidas 25 vagas para participantes a partir de 18 anos, com pr\u00e9-requisito de conhecimento b\u00e1sico sobre linguagem cinematogr\u00e1fica.<\/p>\n\n\n\n<p>A oficina&nbsp;<strong>&#8220;Introdu\u00e7\u00e3o \u00e0 Produ\u00e7\u00e3o Executiva no Audiovisual&#8221;<\/strong>, com Camilo Cavalcanti, produtor executivo de renome, ser\u00e1 realizada nos dias 30 e 31 de janeiro, das 14h \u00e0s 18h, com carga hor\u00e1ria de 8 horas e 25 vagas para maiores de 18 anos. A oficina foca nas pr\u00e1ticas da Produ\u00e7\u00e3o Executiva na gest\u00e3o financeira, estrat\u00e9gica e humana de projetos audiovisuais, explorando m\u00e9todos de planejamento, gerenciamento e relacionamento com a cadeia produtiva.<\/p>\n\n\n\n<p><strong>&#8220;Dramaturgias do Corpoespa\u00e7o&#8221;<\/strong>, oficina ministrada por Marcelo Aquino, preparador de atores com experi\u00eancia na Rede Globo, acontecer\u00e1 de 27 a 29 de janeiro, das 14h \u00e0s 18h, somando 12 horas de carga hor\u00e1ria e oferecendo 25 vagas para maiores de 18 anos. A proposta \u00e9 um treinamento e composi\u00e7\u00e3o para atores, bailarinos, m\u00fasicos e performers, buscando explorar as potencialidades na rela\u00e7\u00e3o do corpo com o tempo e o espa\u00e7o.<\/p>\n\n\n\n<p>A&nbsp;<strong>&#8220;Oficina Pr\u00e1tica de Argumento&#8221;<\/strong>, com a roteirista Ana Pacheco, respons\u00e1vel por roteiros de longas e s\u00e9ries, ser\u00e1 realizada de 25 a 27 de janeiro, das 9h30 \u00e0s 13h30, com 12 horas de carga hor\u00e1ria e 25 vagas para maiores de 18 anos. A oficina abordar\u00e1 a fun\u00e7\u00e3o, formato e caracter\u00edsticas do argumento, al\u00e9m de caminhos para a estrutura\u00e7\u00e3o de um bom texto, com pr\u00e9-requisito de familiaridade com escrita de roteiro.<\/p>\n\n\n\n<p><strong>&#8220;A Pesquisa Audiovisual: M\u00e9todos, Ferramentas e Usos no Cinema Documental&#8221;<\/strong>, com Fernando Sousa e Gabriel Barbosa, diretores e roteiristas de document\u00e1rios premiados, acontecer\u00e1 de 29 a 31 de janeiro, das 10h \u00e0s 13h, com 9 horas de carga hor\u00e1ria e 30 vagas para maiores de 18 anos. A oficina apresentar\u00e1 instrumentos e t\u00e9cnicas para conduzir pesquisas aprofundadas na constru\u00e7\u00e3o de narrativas documentais, com pr\u00e9-requisito de interesse em processos de pesquisa para document\u00e1rios.<\/p>\n\n\n\n<p>O cineasta Joel Pizzini, premiado internacionalmente por seus ensaios documentais, ir\u00e1 comandar a oficina&nbsp;<strong>&#8220;A Cria\u00e7\u00e3o no Document\u00e1rio e o Document\u00e1rio de Cria\u00e7\u00e3o&#8221;<\/strong>, que ser\u00e1 realizada de 27 a 29 de janeiro, das 9h30 \u00e0s 13h30, somando 12 horas de carga hor\u00e1ria e oferecendo 30 vagas para maiores de 18 anos. A ideia \u00e9 proporcionar uma imers\u00e3o criativa na linguagem do cinema document\u00e1rio, abordando suas vertentes contempor\u00e2neas e estrat\u00e9gias narrativas, com pr\u00e9-requisito de alguma experi\u00eancia em audiovisual.<\/p>\n\n\n\n<p><strong>OFICINAS PARA O P\u00daBLICO JOVEM<\/strong><\/p>\n\n\n\n<p>Para o p\u00fablico jovem, a Mostra Tiradentes oferece a oficina<strong>&nbsp;&#8220;Fazendo Cinema&#8221;<\/strong>, com Anna Rosaura Trancoso e Claudio Keim Doreto, arte-educadores com experi\u00eancia em oficinas audiovisuais para jovens. Com carga hor\u00e1ria de 25 horas, a atividade acontecer\u00e1 de 27 a 31 de janeiro, das 13h30 \u00e0s 18h30, e oferece 25 vagas para jovens de 14 a 18 anos. O objetivo \u00e9 introduzir a arte cinematogr\u00e1fica por meio da produ\u00e7\u00e3o de v\u00eddeo, abordando roteiro, c\u00e2mera, som, produ\u00e7\u00e3o e interpreta\u00e7\u00e3o.<\/p>\n\n\n\n<p>A oficina&nbsp;<strong>&#8220;Fotografia de Making Of&#8221;<\/strong>, com Bete Bullara, fot\u00f3grafa com vasta experi\u00eancia em projetos educativos, ser\u00e1 realizada de 29 a 31 de janeiro, das 10h \u00e0s 13h, com 9 horas de carga hor\u00e1ria e 25 vagas para crian\u00e7as e adolescentes de 9 a 13 anos. A oficina busca introduzir a pr\u00e1tica fotogr\u00e1fica por meio de ensaios do making of das demais oficinas infanto-juvenis.<\/p>\n\n\n\n<p>Daniella Penna, artista pl\u00e1stica e arte-terapeuta ministrar\u00e1 a oficina&nbsp;<strong>&#8220;Cinema, Artes Pl\u00e1sticas e Meio Ambiente&#8221;,<\/strong>de 28 a 31 de janeiro, das 14h30 \u00e0s 17h30, com 12 horas de carga hor\u00e1ria e 20 vagas para jovens de 12 a 16 anos. A atividade pretende trabalhar o processo criativo a partir da percep\u00e7\u00e3o e conscientiza\u00e7\u00e3o sobre a Serra de S\u00e3o Jos\u00e9, utilizando t\u00e9cnicas, materiais reutiliz\u00e1veis e linguagens visuais variadas, culminando em uma instala\u00e7\u00e3o art\u00edstica. A apresenta\u00e7\u00e3o do resultado desta oficina acontecer\u00e1 no s\u00e1bado, dia 1\u00ba \/02.<\/p>\n\n\n\n<p><strong>LABORAT\u00d3RIOS PARA PROJETOS DE LONGAS FIC\u00c7\u00c3O E DOCS<\/strong><\/p>\n\n\n\n<p>A Mostra oferece dois laborat\u00f3rios: o&nbsp;<strong>Cinemundi Lab<\/strong>, com o<strong>&#8220;Laborat\u00f3rio de Desenvolvimento de Projetos de Longas | ProjetoLab&#8221;<\/strong>, ministrado por Joana Oliveira e Julia Nogueira, de 25 a 28 de janeiro, das 14h \u00e0s 18h, com carga hor\u00e1ria de 16 horas e 8 vagas para projetos de longa de fic\u00e7\u00e3o, totalizando 16 participantes a partir de 18 anos. Este laborat\u00f3rio \u00e9 direcionado a realizadores, roteiristas, diretores e produtores de longas-metragens de fic\u00e7\u00e3o. Atrav\u00e9s de encontros coletivos e individuais, o ProjetoLab visa o aprimoramento de projetos para o mercado de cinema e televis\u00e3o, desenvolvendo t\u00e9cnicas de apresenta\u00e7\u00e3o, do argumento ao pitching. O laborat\u00f3rio oferece uma oportunidade para trocar experi\u00eancias e aprimorar os projetos para participa\u00e7\u00e3o em outros laborat\u00f3rios, editais e convocat\u00f3rias.<\/p>\n\n\n\n<p>O&nbsp;<strong>Laborat\u00f3rio de Projetos de Document\u00e1rio | Imers\u00e3o DocBrasil<\/strong>, com Cleber Eduardo, acontecer\u00e1 de 27 a 31 de janeiro, das 14h \u00e0s 18h, com carga hor\u00e1ria de 20 horas e 4 vagas para projetos de longa document\u00e1rio, totalizando 8 participantes a partir de 18 anos. Este laborat\u00f3rio oferece um espa\u00e7o de imers\u00e3o para diretores e diretoras de document\u00e1rios com at\u00e9 tr\u00eas longas-metragens finalizados. O objetivo \u00e9 proporcionar encontros reflexivos para an\u00e1lise e discuss\u00e3o de propostas de longa-metragem, abordando as particularidades e potencialidades est\u00e9ticas de cada projeto, com foco nas motiva\u00e7\u00f5es, estrat\u00e9gias e ambi\u00e7\u00f5es dos realizadores. N\u00e3o se trata de um laborat\u00f3rio voltado para a formata\u00e7\u00e3o de projetos para o circuito internacional, mas sim para uma imers\u00e3o nas ideias e escolhas dos realizadores.<\/p>\n\n\n\n<p>As inscri\u00e7\u00f5es para os laborat\u00f3rios foram feitas previamente, no contexto da chamada do Conex\u00e3o CineMundi, e j\u00e1 est\u00e3o encerradas.<\/p>\n\n\n\n<p><strong>SOBRE A MOSTRA DE CINEMA DE TIRADENTES<\/strong><\/p>\n\n\n\n<p><strong>PLATAFORMA DE LAN\u00c7AMENTO DO CINEMA BRASILEIRO<\/strong><\/p>\n\n\n\n<p>Maior evento do cinema brasileiro contempor\u00e2neo em forma\u00e7\u00e3o, reflex\u00e3o, exibi\u00e7\u00e3o e difus\u00e3o realizado no pa\u00eds e chega a sua 28\u00aa edi\u00e7\u00e3o de&nbsp;<strong>24 de janeiro a 1\u00ba de fevereiro de 2025,<\/strong>&nbsp;em formato online e presencial. Apresenta, exibe e debate, em edi\u00e7\u00f5es anuais, o que h\u00e1 de mais inovador e promissor na produ\u00e7\u00e3o audiovisual brasileira, em pr\u00e9-estreias mundiais e nacionais \u2013 uma trajet\u00f3ria rica e abrangente que ocupa lugar de destaque no centro da hist\u00f3ria do audiovisual e no circuito de festivais realizados no Brasil.<\/p>\n\n\n\n<p>O evento exibe mais de filmes brasileiros em pr\u00e9-estreias nacionais e mostras tem\u00e1ticas, presta homenagem a personalidades do audiovisual, promove semin\u00e1rio, debates, a s\u00e9rie Encontro com os filmes, oficinas, Mostrinha de Cinema, F\u00f3rum de Tiradentes, Conex\u00e3o Brasil CineMundi e atra\u00e7\u00f5es art\u00edsticas. Toda a programa\u00e7\u00e3o \u00e9 gratuita. Mais informa\u00e7\u00f5es&nbsp;<strong><a href=\"http:\/\/www.mostratiradentes.com.br\/\" target=\"_blank\" rel=\"noreferrer noopener\">www.mostratiradentes.com.br<\/a><\/strong><\/p>\n","protected":false},"excerpt":{"rendered":"<p>Nesta edi\u00e7\u00e3o, o programa de forma\u00e7\u00e3o realiza a\u00e7\u00e3o in\u00e9dita com a oferta do programa de Resid\u00eancia Cr\u00edtica. Ao todo s\u00e3o 260 vagas em 12 atividades para os p\u00fablicos adulto e infanto-juvenil. Inscri\u00e7\u00f5es devem ser feitas at\u00e9 12 de janeiro pelo site\u00a0https:\/\/mostratiradentes.com.br\/formacao-2\/ A 28\u00aa Mostra de Cinema de Tiradentes, que acontece de 24 de janeiro a [&hellip;]<\/p>\n","protected":false},"author":5,"featured_media":149216,"comment_status":"closed","ping_status":"open","sticky":false,"template":"","format":"standard","meta":{"advgb_blocks_editor_width":"","advgb_blocks_columns_visual_guide":"","_exactmetrics_skip_tracking":false,"_exactmetrics_sitenote_active":false,"_exactmetrics_sitenote_note":"","_exactmetrics_sitenote_category":0,"footnotes":""},"categories":[7,2],"tags":[],"class_list":["post-149215","post","type-post","status-publish","format-standard","has-post-thumbnail","hentry","category-destaques","category-noticias"],"better_featured_image":{"id":149216,"alt_text":"","caption":"","description":"","media_type":"image","media_details":{"width":1920,"height":1080,"file":"2025\/01\/54230135513_aab853352c_k.jpg","filesize":610677,"sizes":{"medium":{"file":"54230135513_aab853352c_k-470x264.jpg","width":470,"height":264,"mime-type":"image\/jpeg","filesize":37558,"source_url":"https:\/\/lavras.tv\/site\/wp-content\/uploads\/2025\/01\/54230135513_aab853352c_k-470x264.jpg"},"large":{"file":"54230135513_aab853352c_k-970x546.jpg","width":970,"height":546,"mime-type":"image\/jpeg","filesize":129112,"source_url":"https:\/\/lavras.tv\/site\/wp-content\/uploads\/2025\/01\/54230135513_aab853352c_k-970x546.jpg"},"thumbnail":{"file":"54230135513_aab853352c_k-170x96.jpg","width":170,"height":96,"mime-type":"image\/jpeg","filesize":7211,"source_url":"https:\/\/lavras.tv\/site\/wp-content\/uploads\/2025\/01\/54230135513_aab853352c_k-170x96.jpg"},"lshowcase-thumb":{"file":"54230135513_aab853352c_k-200x113.jpg","width":200,"height":113,"mime-type":"image\/jpeg","filesize":9294,"source_url":"https:\/\/lavras.tv\/site\/wp-content\/uploads\/2025\/01\/54230135513_aab853352c_k-200x113.jpg"},"1536x1536":{"file":"54230135513_aab853352c_k-1536x864.jpg","width":1536,"height":864,"mime-type":"image\/jpeg","filesize":275877,"source_url":"https:\/\/lavras.tv\/site\/wp-content\/uploads\/2025\/01\/54230135513_aab853352c_k-1536x864.jpg"},"alm-thumbnail":{"file":"54230135513_aab853352c_k-150x150.jpg","width":150,"height":150,"mime-type":"image\/jpeg","filesize":8894,"source_url":"https:\/\/lavras.tv\/site\/wp-content\/uploads\/2025\/01\/54230135513_aab853352c_k-150x150.jpg"}},"image_meta":{"aperture":"0","credit":"","camera":"","caption":"","created_timestamp":"0","copyright":"","focal_length":"0","iso":"0","shutter_speed":"0","title":"","orientation":"0","keywords":[]}},"post":149215,"source_url":"https:\/\/lavras.tv\/site\/wp-content\/uploads\/2025\/01\/54230135513_aab853352c_k.jpg"},"author_meta":{"display_name":"Vinicius Bustamante","author_link":"https:\/\/lavras.tv\/site\/author\/vinicius-bustamante\/"},"featured_img":"https:\/\/lavras.tv\/site\/wp-content\/uploads\/2025\/01\/54230135513_aab853352c_k-470x264.jpg","coauthors":[],"tax_additional":{"categories":{"linked":["<a href=\"https:\/\/lavras.tv\/site\/category\/destaques\/\" class=\"advgb-post-tax-term\">Destaques<\/a>","<a href=\"https:\/\/lavras.tv\/site\/category\/noticias\/\" class=\"advgb-post-tax-term\">Not\u00edcias<\/a>"],"unlinked":["<span class=\"advgb-post-tax-term\">Destaques<\/span>","<span class=\"advgb-post-tax-term\">Not\u00edcias<\/span>"]}},"comment_count":"0","relative_dates":{"created":"Publicado 1 ano atr\u00e1s","modified":"Atualizado 1 ano atr\u00e1s"},"absolute_dates":{"created":"Publicado em 7 de janeiro de 2025","modified":"Atualizado em 7 de janeiro de 2025"},"absolute_dates_time":{"created":"Publicado em 7 de janeiro de 2025 17:46","modified":"Atualizado em 7 de janeiro de 2025 17:46"},"featured_img_caption":"","series_order":"","_links":{"self":[{"href":"https:\/\/lavras.tv\/site\/wp-json\/wp\/v2\/posts\/149215","targetHints":{"allow":["GET"]}}],"collection":[{"href":"https:\/\/lavras.tv\/site\/wp-json\/wp\/v2\/posts"}],"about":[{"href":"https:\/\/lavras.tv\/site\/wp-json\/wp\/v2\/types\/post"}],"author":[{"embeddable":true,"href":"https:\/\/lavras.tv\/site\/wp-json\/wp\/v2\/users\/5"}],"replies":[{"embeddable":true,"href":"https:\/\/lavras.tv\/site\/wp-json\/wp\/v2\/comments?post=149215"}],"version-history":[{"count":1,"href":"https:\/\/lavras.tv\/site\/wp-json\/wp\/v2\/posts\/149215\/revisions"}],"predecessor-version":[{"id":149227,"href":"https:\/\/lavras.tv\/site\/wp-json\/wp\/v2\/posts\/149215\/revisions\/149227"}],"wp:featuredmedia":[{"embeddable":true,"href":"https:\/\/lavras.tv\/site\/wp-json\/wp\/v2\/media\/149216"}],"wp:attachment":[{"href":"https:\/\/lavras.tv\/site\/wp-json\/wp\/v2\/media?parent=149215"}],"wp:term":[{"taxonomy":"category","embeddable":true,"href":"https:\/\/lavras.tv\/site\/wp-json\/wp\/v2\/categories?post=149215"},{"taxonomy":"post_tag","embeddable":true,"href":"https:\/\/lavras.tv\/site\/wp-json\/wp\/v2\/tags?post=149215"}],"curies":[{"name":"wp","href":"https:\/\/api.w.org\/{rel}","templated":true}]}}