{"id":149228,"date":"2025-01-07T17:59:09","date_gmt":"2025-01-07T20:59:09","guid":{"rendered":"https:\/\/lavras.tv\/site\/?p=149228"},"modified":"2025-01-07T17:59:10","modified_gmt":"2025-01-07T20:59:10","slug":"prazo-para-justificar-ausencia-no-segundo-turno-termina-nesta-terca-feira","status":"publish","type":"post","link":"https:\/\/lavras.tv\/site\/2025\/01\/07\/prazo-para-justificar-ausencia-no-segundo-turno-termina-nesta-terca-feira\/","title":{"rendered":"Prazo para justificar aus\u00eancia no segundo turno termina nesta ter\u00e7a-feira"},"content":{"rendered":"<div class=\"lavra-antes-do-conteudo_2\" id=\"lavra-2190030292\"><div id=\"lavra-slider-27\" class=\"custom-slider lavra-slider-3013990170 lavra-slider\"><ul><li><div style=\"margin-left: auto;margin-right: auto;text-align: center;\" id=\"lavra-697411330\"><a href=\"https:\/\/sistemas.lavras.mg.gov.br\/portalcidadao\/#df1b1a7c7b2a290bcb31e32771e610784662739a88807c0dacac58ede5f391a7530e299dc302d611ee73cb143fc22eaf93592e53e7b5bdb01b00a0b8d28dae460c141dd2ff83412e4dc1c31b16b25f33144a9e5620ea73b13f5bc1c59411d98439ad226e8af03840603796067d87afe130812cf3de24982d0e306f9e61e764e5\" aria-label=\"Lavras-TV&#8211;720x104px (1) (1)\"><img src=\"https:\/\/lavras.tv\/site\/wp-content\/uploads\/2025\/01\/Lavras-TV-720x104px-1-1.png\" alt=\"\"  srcset=\"https:\/\/lavras.tv\/site\/wp-content\/uploads\/2025\/01\/Lavras-TV-720x104px-1-1.png 720w, https:\/\/lavras.tv\/site\/wp-content\/uploads\/2025\/01\/Lavras-TV-720x104px-1-1-470x68.png 470w, https:\/\/lavras.tv\/site\/wp-content\/uploads\/2025\/01\/Lavras-TV-720x104px-1-1-170x25.png 170w, https:\/\/lavras.tv\/site\/wp-content\/uploads\/2025\/01\/Lavras-TV-720x104px-1-1-200x29.png 200w\" sizes=\"(max-width: 720px) 100vw, 720px\" width=\"720\" height=\"104\"  style=\"display: inline-block;\" \/><\/a><\/div><\/li><li><a href=\"https:\/\/sistemas.lavras.mg.gov.br\/portalcidadao\/#df1b1a7c7b2a290bcb31e32771e610784662739a88807c0dacac58ede5f391a7530e299dc302d611ee73cb143fc22eaf93592e53e7b5bdb01b00a0b8d28dae460c141dd2ff83412e4dc1c31b16b25f33144a9e5620ea73b13f5bc1c59411d98439ad226e8af03840603796067d87afe130812cf3de24982d0e306f9e61e764e5\" aria-label=\"Banner_Emprego_PortallavrasTV\"><img src=\"https:\/\/lavras.tv\/site\/wp-content\/uploads\/2025\/03\/Banner_Emprego_PortallavrasTV.png\" alt=\"\"  srcset=\"https:\/\/lavras.tv\/site\/wp-content\/uploads\/2025\/03\/Banner_Emprego_PortallavrasTV.png 720w, https:\/\/lavras.tv\/site\/wp-content\/uploads\/2025\/03\/Banner_Emprego_PortallavrasTV-470x68.png 470w, https:\/\/lavras.tv\/site\/wp-content\/uploads\/2025\/03\/Banner_Emprego_PortallavrasTV-170x25.png 170w, https:\/\/lavras.tv\/site\/wp-content\/uploads\/2025\/03\/Banner_Emprego_PortallavrasTV-200x29.png 200w\" sizes=\"(max-width: 720px) 100vw, 720px\" width=\"720\" height=\"104\"   \/><\/a><\/li><li><a href=\"https:\/\/sistemas.lavras.mg.gov.br\/portalcidadao\/#df1b1a7c7b2a290bcb31e32771e610784662739a88807c0dacac58ede5f391a7530e299dc302d611ee73cb143fc22eaf93592e53e7b5bdb01b00a0b8d28dae460c141dd2ff83412e4dc1c31b16b25f33144a9e5620ea73b13f5bc1c59411d98439ad226e8af03840603796067d87afe130812cf3de24982d0e306f9e61e764e5\" aria-label=\"Banner_Obras_PortallavrasTV\"><img src=\"https:\/\/lavras.tv\/site\/wp-content\/uploads\/2025\/03\/Banner_Obras_PortallavrasTV.png\" alt=\"\"  srcset=\"https:\/\/lavras.tv\/site\/wp-content\/uploads\/2025\/03\/Banner_Obras_PortallavrasTV.png 720w, https:\/\/lavras.tv\/site\/wp-content\/uploads\/2025\/03\/Banner_Obras_PortallavrasTV-470x68.png 470w, https:\/\/lavras.tv\/site\/wp-content\/uploads\/2025\/03\/Banner_Obras_PortallavrasTV-170x25.png 170w, https:\/\/lavras.tv\/site\/wp-content\/uploads\/2025\/03\/Banner_Obras_PortallavrasTV-200x29.png 200w\" sizes=\"(max-width: 720px) 100vw, 720px\" width=\"720\" height=\"104\"   \/><\/a><\/li><li><div style=\"margin-left: auto;margin-right: auto;text-align: center;\" id=\"lavra-31825708\"><a href=\"https:\/\/sistemas.lavras.mg.gov.br\/portalcidadao\/#df1b1a7c7b2a290bcb31e32771e610784662739a88807c0dacac58ede5f391a7530e299dc302d611ee73cb143fc22eaf93592e53e7b5bdb01b00a0b8d28dae460c141dd2ff83412e4dc1c31b16b25f33144a9e5620ea73b13f5bc1c59411d98439ad226e8af03840603796067d87afe130812cf3de24982d0e306f9e61e764e5\" aria-label=\"Banner_Educa\u00e7\u00e3o_PortallavrasTV\"><img src=\"https:\/\/lavras.tv\/site\/wp-content\/uploads\/2025\/01\/Banner_Educacao_PortallavrasTV.png\" alt=\"\"  srcset=\"https:\/\/lavras.tv\/site\/wp-content\/uploads\/2025\/01\/Banner_Educacao_PortallavrasTV.png 720w, https:\/\/lavras.tv\/site\/wp-content\/uploads\/2025\/01\/Banner_Educacao_PortallavrasTV-470x68.png 470w, https:\/\/lavras.tv\/site\/wp-content\/uploads\/2025\/01\/Banner_Educacao_PortallavrasTV-170x25.png 170w, https:\/\/lavras.tv\/site\/wp-content\/uploads\/2025\/01\/Banner_Educacao_PortallavrasTV-200x29.png 200w\" sizes=\"(max-width: 720px) 100vw, 720px\" width=\"720\" height=\"104\"  style=\"display: inline-block;\" \/><\/a><\/div><\/li><li><a href=\"https:\/\/sistemas.lavras.mg.gov.br\/portalcidadao\/#df1b1a7c7b2a290bcb31e32771e610784662739a88807c0dacac58ede5f391a7530e299dc302d611ee73cb143fc22eaf93592e53e7b5bdb01b00a0b8d28dae460c141dd2ff83412e4dc1c31b16b25f33144a9e5620ea73b13f5bc1c59411d98439ad226e8af03840603796067d87afe130812cf3de24982d0e306f9e61e764e5\" aria-label=\"Banner_Sa\u00fade_PortallavrasTV\"><img src=\"https:\/\/lavras.tv\/site\/wp-content\/uploads\/2025\/03\/Banner_Saude_PortallavrasTV.png\" alt=\"\"  srcset=\"https:\/\/lavras.tv\/site\/wp-content\/uploads\/2025\/03\/Banner_Saude_PortallavrasTV.png 720w, https:\/\/lavras.tv\/site\/wp-content\/uploads\/2025\/03\/Banner_Saude_PortallavrasTV-470x68.png 470w, https:\/\/lavras.tv\/site\/wp-content\/uploads\/2025\/03\/Banner_Saude_PortallavrasTV-170x25.png 170w, https:\/\/lavras.tv\/site\/wp-content\/uploads\/2025\/03\/Banner_Saude_PortallavrasTV-200x29.png 200w\" sizes=\"(max-width: 720px) 100vw, 720px\" width=\"720\" height=\"104\"   \/><\/a><\/li><li><div id=\"lavra-2520605730\" style=\"width:720px;height:104px;background-color:#ddd;overflow:scroll;\">\n\t<strong>Sa\u00edda da depura\u00e7\u00e3o de an\u00fancios<\/strong>\n\t<br><br>\n\tO an\u00fancio n\u00e3o \u00e9 exibido na p\u00e1gina<br><br>post atual: Prazo para justificar aus\u00eancia no segundo turno termina nesta ter\u00e7a-feira, ID: 149228<br><br><span style=\"color: red;\">O post atual n\u00e3o \u00e9 id\u00eantico ao post principal.<\/span><br><br>An\u00fancios: ROXO - TOPO INTERNA - ROTATIVO 2 (197)<br \/>Grupo de an\u00fancios: Princ_Meio01_720x104 (27)<br><br>Condi\u00e7\u00f5es de exibi\u00e7\u00e3o<div style=\"margin-bottom: 20px; white-space: pre-wrap; font-family: monospace; width: 100%; background: #ffe9e9;\"><strong>condi\u00e7\u00f5es gerais<\/strong><table border=\"1\"><thead><tr><th><\/th><th>An\u00fancios<\/th><th>wp_the_query<\/th><\/tr><\/thead><tr><td>is_main_query<\/td><td>1<\/td><td>1<\/td><\/tr><tr><td>is_rest_api<\/td><td>0<\/td><td>1<\/td><\/tr><tr><td>page<\/td><td>0<\/td><td>1<\/td><\/tr><tr><td>numpages<\/td><td>0<\/td><td>1<\/td><\/tr><tr><td>is_archive<\/td><td>1<\/td><td><\/td><\/tr><tr><td>is_search<\/td><td>1<\/td><td><\/td><\/tr><tr><td>is_home<\/td><td>1<\/td><td><\/td><\/tr><tr><td>is_404<\/td><td>1<\/td><td><\/td><\/tr><tr><td>is_attachment<\/td><td>1<\/td><td><\/td><\/tr><tr><td>is_singular<\/td><td>1<\/td><td><\/td><\/tr><tr><td>is_front_page<\/td><td>1<\/td><td><\/td><\/tr><tr><td>is_feed<\/td><td>1<\/td><td><\/td><\/tr><\/table><\/div><br><br><span style=\"color: red;\">Seu site usa HTTPS, mas o c\u00f3digo do an\u00fancio cont\u00e9m HTTP e pode n\u00e3o funcionar.<\/span>\t<br><br>\n\t<a style=\"color: green;\" href=\"https:\/\/wpadvancedads.com\/manual\/ad-debug-mode\/?utm_source=advanced-ads&utm_medium=link&utm_campaign=ad-debug-mode\" target=\"_blank\" rel=\"nofollow\">Encontre solu\u00e7\u00f5es no manual<\/a>\n<\/div>\n<\/li><\/ul><\/div><script>( window.advanced_ads_ready || jQuery( document ).ready ).call( null, function() {var $lavraslider3013990170 = jQuery( \".lavra-slider-3013990170\" );$lavraslider3013990170.on( \"unslider.ready\", function() { jQuery( \"div.custom-slider ul li\" ).css( \"display\", \"block\" ); });$lavraslider3013990170.unslider({ delay:4000, autoplay:true, nav:false, arrows:false, infinite:true });$lavraslider3013990170.on(\"mouseover\", function() {$lavraslider3013990170.unslider(\"stop\");}).on(\"mouseout\", function() {$lavraslider3013990170.unslider(\"start\");});});<\/script><\/div>\n<p>A justificativa pode ser feita presencialmente, nos cart\u00f3rios eleitorais, ou on-line, por meio do e-T\u00edtulo e do Autoatendimento Eleitoral<\/p>\n\n\n\n<figure class=\"wp-block-image size-large\"><img fetchpriority=\"high\" decoding=\"async\" width=\"970\" height=\"582\" src=\"https:\/\/lavras.tv\/site\/wp-content\/uploads\/2025\/01\/1_2-41049952-970x582.jpg\" alt=\"\" class=\"wp-image-149229\" srcset=\"https:\/\/lavras.tv\/site\/wp-content\/uploads\/2025\/01\/1_2-41049952-970x582.jpg 970w, https:\/\/lavras.tv\/site\/wp-content\/uploads\/2025\/01\/1_2-41049952-470x282.jpg 470w, https:\/\/lavras.tv\/site\/wp-content\/uploads\/2025\/01\/1_2-41049952-170x102.jpg 170w, https:\/\/lavras.tv\/site\/wp-content\/uploads\/2025\/01\/1_2-41049952-200x120.jpg 200w, https:\/\/lavras.tv\/site\/wp-content\/uploads\/2025\/01\/1_2-41049952.jpg 1200w\" sizes=\"(max-width: 970px) 100vw, 970px\" \/><\/figure>\n\n\n\n<p>O prazo para justificar a\u00a0<strong><a href=\"https:\/\/www.em.com.br\/politica\/2024\/10\/6958509-nao-foi-votar-saiba-como-justificar-ausencia.html\">aus\u00eancia na vota\u00e7\u00e3o do segundo turno das elei\u00e7\u00f5es de 2024<\/a><\/strong>\u00a0acaba nesta ter\u00e7a-feira (7\/1). A justificativa precisa ser apresentada por todos os eleitores que n\u00e3o compareceram \u00e0s urnas e que t\u00eam a obriga\u00e7\u00e3o de votar, sendo desnecess\u00e1rio a justificativa para eleitores de 16 a 18 anos, maiores de 70 anos e pessoas analfabetas.<\/p>\n\n\n\n<p>A justificativa pode ser feita presencialmente, nos cart\u00f3rios eleitorais, ou on-line, por meio do e-T\u00edtulo e do Autoatendimento Eleitoral, no portal do Tribunal Superior Eleitoral.<\/p>\n\n\n\n<p>Para quem optar por justificar de maneira presencial, \u00e9 preciso preencher o formul\u00e1rio de Requerimento de Justificativa Eleitoral e entreg\u00e1-lo ao cart\u00f3rio eleitoral. Caso a explica\u00e7\u00e3o seja negada, ser\u00e1 preciso que o faltante pague a multa de R$ 3,51 por pleito. Caso seja aceita, a justificativa ficar\u00e1 registrada no hist\u00f3rico do eleitor.<\/p>\n\n\n\n<p>J\u00e1 para o\u00a0eleitor que\u00a0decidir justificar utilizando o e-T\u00edtulo ou o Autoatendimento Eleitoral, ser\u00e1 necess\u00e1rio\u00a0completar um formul\u00e1rio com os dados solicitados, de posse\u00a0do t\u00edtulo eleitoral, regular ou suspenso. Ao final, \u00e9 recebido um c\u00f3digo para poder acompanhar a solicita\u00e7\u00e3o. Se negada, ser\u00e1 necess\u00e1rio quitar o d\u00e9bito com a Justi\u00e7a Eleitoral.<\/p>\n\n\n\n<p>No caso de quem n\u00e3o abriu o processo de justificativa de aus\u00eancia no dia da vota\u00e7\u00e3o, a pessoa ter\u00e1 outras consequ\u00eancias al\u00e9m do pagamento da multa. Nessa situa\u00e7\u00e3o, a pessoa ser\u00e1 proibida de tirar ou renovar o passaporte e a carteira de identidade, se inscrever em concurso p\u00fablico, renovar matr\u00edcula em institui\u00e7\u00f5es de ensino oficiais ou fiscalizadas pelo governo e de tomar posse ou receber remunera\u00e7\u00e3o de cargo p\u00fablico.<\/p>\n","protected":false},"excerpt":{"rendered":"<p>A justificativa pode ser feita presencialmente, nos cart\u00f3rios eleitorais, ou on-line, por meio do e-T\u00edtulo e do Autoatendimento Eleitoral O prazo para justificar a\u00a0aus\u00eancia na vota\u00e7\u00e3o do segundo turno das elei\u00e7\u00f5es de 2024\u00a0acaba nesta ter\u00e7a-feira (7\/1). A justificativa precisa ser apresentada por todos os eleitores que n\u00e3o compareceram \u00e0s urnas e que t\u00eam a obriga\u00e7\u00e3o [&hellip;]<\/p>\n","protected":false},"author":5,"featured_media":149229,"comment_status":"closed","ping_status":"open","sticky":false,"template":"","format":"standard","meta":{"advgb_blocks_editor_width":"","advgb_blocks_columns_visual_guide":"","_exactmetrics_skip_tracking":false,"_exactmetrics_sitenote_active":false,"_exactmetrics_sitenote_note":"","_exactmetrics_sitenote_category":0,"footnotes":""},"categories":[7,2],"tags":[],"class_list":["post-149228","post","type-post","status-publish","format-standard","has-post-thumbnail","hentry","category-destaques","category-noticias"],"better_featured_image":{"id":149229,"alt_text":"","caption":"","description":"","media_type":"image","media_details":{"width":1200,"height":720,"file":"2025\/01\/1_2-41049952.jpg","filesize":100300,"sizes":{"medium":{"file":"1_2-41049952-470x282.jpg","width":470,"height":282,"mime-type":"image\/jpeg","filesize":16816,"source_url":"https:\/\/lavras.tv\/site\/wp-content\/uploads\/2025\/01\/1_2-41049952-470x282.jpg"},"large":{"file":"1_2-41049952-970x582.jpg","width":970,"height":582,"mime-type":"image\/jpeg","filesize":48046,"source_url":"https:\/\/lavras.tv\/site\/wp-content\/uploads\/2025\/01\/1_2-41049952-970x582.jpg"},"thumbnail":{"file":"1_2-41049952-170x102.jpg","width":170,"height":102,"mime-type":"image\/jpeg","filesize":4126,"source_url":"https:\/\/lavras.tv\/site\/wp-content\/uploads\/2025\/01\/1_2-41049952-170x102.jpg"},"lshowcase-thumb":{"file":"1_2-41049952-200x120.jpg","width":200,"height":120,"mime-type":"image\/jpeg","filesize":5079,"source_url":"https:\/\/lavras.tv\/site\/wp-content\/uploads\/2025\/01\/1_2-41049952-200x120.jpg"},"alm-thumbnail":{"file":"1_2-41049952-150x150.jpg","width":150,"height":150,"mime-type":"image\/jpeg","filesize":5549,"source_url":"https:\/\/lavras.tv\/site\/wp-content\/uploads\/2025\/01\/1_2-41049952-150x150.jpg"}},"image_meta":{"aperture":"0","credit":"","camera":"","caption":"","created_timestamp":"0","copyright":"","focal_length":"0","iso":"0","shutter_speed":"0","title":"","orientation":"0","keywords":[]}},"post":149228,"source_url":"https:\/\/lavras.tv\/site\/wp-content\/uploads\/2025\/01\/1_2-41049952.jpg"},"author_meta":{"display_name":"Vinicius Bustamante","author_link":"https:\/\/lavras.tv\/site\/author\/vinicius-bustamante\/"},"featured_img":"https:\/\/lavras.tv\/site\/wp-content\/uploads\/2025\/01\/1_2-41049952-470x282.jpg","coauthors":[],"tax_additional":{"categories":{"linked":["<a href=\"https:\/\/lavras.tv\/site\/category\/destaques\/\" class=\"advgb-post-tax-term\">Destaques<\/a>","<a href=\"https:\/\/lavras.tv\/site\/category\/noticias\/\" class=\"advgb-post-tax-term\">Not\u00edcias<\/a>"],"unlinked":["<span class=\"advgb-post-tax-term\">Destaques<\/span>","<span class=\"advgb-post-tax-term\">Not\u00edcias<\/span>"]}},"comment_count":"0","relative_dates":{"created":"Publicado 1 ano atr\u00e1s","modified":"Atualizado 1 ano atr\u00e1s"},"absolute_dates":{"created":"Publicado em 7 de janeiro de 2025","modified":"Atualizado em 7 de janeiro de 2025"},"absolute_dates_time":{"created":"Publicado em 7 de janeiro de 2025 17:59","modified":"Atualizado em 7 de janeiro de 2025 17:59"},"featured_img_caption":"","series_order":"","_links":{"self":[{"href":"https:\/\/lavras.tv\/site\/wp-json\/wp\/v2\/posts\/149228","targetHints":{"allow":["GET"]}}],"collection":[{"href":"https:\/\/lavras.tv\/site\/wp-json\/wp\/v2\/posts"}],"about":[{"href":"https:\/\/lavras.tv\/site\/wp-json\/wp\/v2\/types\/post"}],"author":[{"embeddable":true,"href":"https:\/\/lavras.tv\/site\/wp-json\/wp\/v2\/users\/5"}],"replies":[{"embeddable":true,"href":"https:\/\/lavras.tv\/site\/wp-json\/wp\/v2\/comments?post=149228"}],"version-history":[{"count":1,"href":"https:\/\/lavras.tv\/site\/wp-json\/wp\/v2\/posts\/149228\/revisions"}],"predecessor-version":[{"id":149230,"href":"https:\/\/lavras.tv\/site\/wp-json\/wp\/v2\/posts\/149228\/revisions\/149230"}],"wp:featuredmedia":[{"embeddable":true,"href":"https:\/\/lavras.tv\/site\/wp-json\/wp\/v2\/media\/149229"}],"wp:attachment":[{"href":"https:\/\/lavras.tv\/site\/wp-json\/wp\/v2\/media?parent=149228"}],"wp:term":[{"taxonomy":"category","embeddable":true,"href":"https:\/\/lavras.tv\/site\/wp-json\/wp\/v2\/categories?post=149228"},{"taxonomy":"post_tag","embeddable":true,"href":"https:\/\/lavras.tv\/site\/wp-json\/wp\/v2\/tags?post=149228"}],"curies":[{"name":"wp","href":"https:\/\/api.w.org\/{rel}","templated":true}]}}