{"id":14927,"date":"2018-02-27T09:36:10","date_gmt":"2018-02-27T12:36:10","guid":{"rendered":"http:\/\/lavras.tv\/site\/?p=14927"},"modified":"2018-02-27T09:36:10","modified_gmt":"2018-02-27T12:36:10","slug":"atleta-de-lavras-vai-disputar-campeonato-mundial-juvenil-de-tae-kwondo-na-tunisia","status":"publish","type":"post","link":"https:\/\/lavras.tv\/site\/2018\/02\/27\/atleta-de-lavras-vai-disputar-campeonato-mundial-juvenil-de-tae-kwondo-na-tunisia\/","title":{"rendered":"Atleta de Lavras vai disputar Campeonato Mundial Juvenil de Tae Kwondo na Tun\u00edsia"},"content":{"rendered":"<div class=\"lavra-antes-do-conteudo_2\" id=\"lavra-313933111\"><div id=\"lavra-slider-27\" class=\"custom-slider lavra-slider-2625055221 lavra-slider\"><ul><li><div style=\"margin-left: auto;margin-right: auto;text-align: center;\" id=\"lavra-2516815539\"><a href=\"https:\/\/sistemas.lavras.mg.gov.br\/portalcidadao\/#df1b1a7c7b2a290bcb31e32771e610784662739a88807c0dacac58ede5f391a7530e299dc302d611ee73cb143fc22eaf93592e53e7b5bdb01b00a0b8d28dae460c141dd2ff83412e4dc1c31b16b25f33144a9e5620ea73b13f5bc1c59411d98439ad226e8af03840603796067d87afe130812cf3de24982d0e306f9e61e764e5\" aria-label=\"Lavras-TV&#8211;720x104px (1) (1)\"><img src=\"https:\/\/lavras.tv\/site\/wp-content\/uploads\/2025\/01\/Lavras-TV-720x104px-1-1.png\" alt=\"\"  srcset=\"https:\/\/lavras.tv\/site\/wp-content\/uploads\/2025\/01\/Lavras-TV-720x104px-1-1.png 720w, https:\/\/lavras.tv\/site\/wp-content\/uploads\/2025\/01\/Lavras-TV-720x104px-1-1-470x68.png 470w, https:\/\/lavras.tv\/site\/wp-content\/uploads\/2025\/01\/Lavras-TV-720x104px-1-1-170x25.png 170w, https:\/\/lavras.tv\/site\/wp-content\/uploads\/2025\/01\/Lavras-TV-720x104px-1-1-200x29.png 200w\" sizes=\"(max-width: 720px) 100vw, 720px\" width=\"720\" height=\"104\"  style=\"display: inline-block;\" \/><\/a><\/div><\/li><li><a href=\"https:\/\/sistemas.lavras.mg.gov.br\/portalcidadao\/#df1b1a7c7b2a290bcb31e32771e610784662739a88807c0dacac58ede5f391a7530e299dc302d611ee73cb143fc22eaf93592e53e7b5bdb01b00a0b8d28dae460c141dd2ff83412e4dc1c31b16b25f33144a9e5620ea73b13f5bc1c59411d98439ad226e8af03840603796067d87afe130812cf3de24982d0e306f9e61e764e5\" aria-label=\"Banner_Emprego_PortallavrasTV\"><img src=\"https:\/\/lavras.tv\/site\/wp-content\/uploads\/2025\/03\/Banner_Emprego_PortallavrasTV.png\" alt=\"\"  srcset=\"https:\/\/lavras.tv\/site\/wp-content\/uploads\/2025\/03\/Banner_Emprego_PortallavrasTV.png 720w, https:\/\/lavras.tv\/site\/wp-content\/uploads\/2025\/03\/Banner_Emprego_PortallavrasTV-470x68.png 470w, https:\/\/lavras.tv\/site\/wp-content\/uploads\/2025\/03\/Banner_Emprego_PortallavrasTV-170x25.png 170w, https:\/\/lavras.tv\/site\/wp-content\/uploads\/2025\/03\/Banner_Emprego_PortallavrasTV-200x29.png 200w\" sizes=\"(max-width: 720px) 100vw, 720px\" width=\"720\" height=\"104\"   \/><\/a><\/li><li><a href=\"https:\/\/sistemas.lavras.mg.gov.br\/portalcidadao\/#df1b1a7c7b2a290bcb31e32771e610784662739a88807c0dacac58ede5f391a7530e299dc302d611ee73cb143fc22eaf93592e53e7b5bdb01b00a0b8d28dae460c141dd2ff83412e4dc1c31b16b25f33144a9e5620ea73b13f5bc1c59411d98439ad226e8af03840603796067d87afe130812cf3de24982d0e306f9e61e764e5\" aria-label=\"Banner_Obras_PortallavrasTV\"><img src=\"https:\/\/lavras.tv\/site\/wp-content\/uploads\/2025\/03\/Banner_Obras_PortallavrasTV.png\" alt=\"\"  srcset=\"https:\/\/lavras.tv\/site\/wp-content\/uploads\/2025\/03\/Banner_Obras_PortallavrasTV.png 720w, https:\/\/lavras.tv\/site\/wp-content\/uploads\/2025\/03\/Banner_Obras_PortallavrasTV-470x68.png 470w, https:\/\/lavras.tv\/site\/wp-content\/uploads\/2025\/03\/Banner_Obras_PortallavrasTV-170x25.png 170w, https:\/\/lavras.tv\/site\/wp-content\/uploads\/2025\/03\/Banner_Obras_PortallavrasTV-200x29.png 200w\" sizes=\"(max-width: 720px) 100vw, 720px\" width=\"720\" height=\"104\"   \/><\/a><\/li><li><div style=\"margin-left: auto;margin-right: auto;text-align: center;\" id=\"lavra-716278567\"><a href=\"https:\/\/sistemas.lavras.mg.gov.br\/portalcidadao\/#df1b1a7c7b2a290bcb31e32771e610784662739a88807c0dacac58ede5f391a7530e299dc302d611ee73cb143fc22eaf93592e53e7b5bdb01b00a0b8d28dae460c141dd2ff83412e4dc1c31b16b25f33144a9e5620ea73b13f5bc1c59411d98439ad226e8af03840603796067d87afe130812cf3de24982d0e306f9e61e764e5\" aria-label=\"Banner_Educa\u00e7\u00e3o_PortallavrasTV\"><img src=\"https:\/\/lavras.tv\/site\/wp-content\/uploads\/2025\/01\/Banner_Educacao_PortallavrasTV.png\" alt=\"\"  srcset=\"https:\/\/lavras.tv\/site\/wp-content\/uploads\/2025\/01\/Banner_Educacao_PortallavrasTV.png 720w, https:\/\/lavras.tv\/site\/wp-content\/uploads\/2025\/01\/Banner_Educacao_PortallavrasTV-470x68.png 470w, https:\/\/lavras.tv\/site\/wp-content\/uploads\/2025\/01\/Banner_Educacao_PortallavrasTV-170x25.png 170w, https:\/\/lavras.tv\/site\/wp-content\/uploads\/2025\/01\/Banner_Educacao_PortallavrasTV-200x29.png 200w\" sizes=\"(max-width: 720px) 100vw, 720px\" width=\"720\" height=\"104\"  style=\"display: inline-block;\" \/><\/a><\/div><\/li><li><a href=\"https:\/\/sistemas.lavras.mg.gov.br\/portalcidadao\/#df1b1a7c7b2a290bcb31e32771e610784662739a88807c0dacac58ede5f391a7530e299dc302d611ee73cb143fc22eaf93592e53e7b5bdb01b00a0b8d28dae460c141dd2ff83412e4dc1c31b16b25f33144a9e5620ea73b13f5bc1c59411d98439ad226e8af03840603796067d87afe130812cf3de24982d0e306f9e61e764e5\" aria-label=\"Banner_Sa\u00fade_PortallavrasTV\"><img src=\"https:\/\/lavras.tv\/site\/wp-content\/uploads\/2025\/03\/Banner_Saude_PortallavrasTV.png\" alt=\"\"  srcset=\"https:\/\/lavras.tv\/site\/wp-content\/uploads\/2025\/03\/Banner_Saude_PortallavrasTV.png 720w, https:\/\/lavras.tv\/site\/wp-content\/uploads\/2025\/03\/Banner_Saude_PortallavrasTV-470x68.png 470w, https:\/\/lavras.tv\/site\/wp-content\/uploads\/2025\/03\/Banner_Saude_PortallavrasTV-170x25.png 170w, https:\/\/lavras.tv\/site\/wp-content\/uploads\/2025\/03\/Banner_Saude_PortallavrasTV-200x29.png 200w\" sizes=\"(max-width: 720px) 100vw, 720px\" width=\"720\" height=\"104\"   \/><\/a><\/li><li><div id=\"lavra-248676238\" style=\"width:720px;height:104px;background-color:#ddd;overflow:scroll;\">\n\t<strong>Sa\u00edda da depura\u00e7\u00e3o de an\u00fancios<\/strong>\n\t<br><br>\n\tO an\u00fancio n\u00e3o \u00e9 exibido na p\u00e1gina<br><br>post atual: Atleta de Lavras vai disputar Campeonato Mundial Juvenil de Tae Kwondo na Tun\u00edsia, ID: 14927<br><br><span style=\"color: red;\">O post atual n\u00e3o \u00e9 id\u00eantico ao post principal.<\/span><br><br>An\u00fancios: ROXO - TOPO INTERNA - ROTATIVO 2 (197)<br \/>Grupo de an\u00fancios: Princ_Meio01_720x104 (27)<br><br>Condi\u00e7\u00f5es de exibi\u00e7\u00e3o<div style=\"margin-bottom: 20px; white-space: pre-wrap; font-family: monospace; width: 100%; background: #ffe9e9;\"><strong>condi\u00e7\u00f5es gerais<\/strong><table border=\"1\"><thead><tr><th><\/th><th>An\u00fancios<\/th><th>wp_the_query<\/th><\/tr><\/thead><tr><td>is_main_query<\/td><td>1<\/td><td>1<\/td><\/tr><tr><td>is_rest_api<\/td><td>0<\/td><td>1<\/td><\/tr><tr><td>page<\/td><td>0<\/td><td>1<\/td><\/tr><tr><td>numpages<\/td><td>0<\/td><td>1<\/td><\/tr><tr><td>is_archive<\/td><td>1<\/td><td><\/td><\/tr><tr><td>is_search<\/td><td>1<\/td><td><\/td><\/tr><tr><td>is_home<\/td><td>1<\/td><td><\/td><\/tr><tr><td>is_404<\/td><td>1<\/td><td><\/td><\/tr><tr><td>is_attachment<\/td><td>1<\/td><td><\/td><\/tr><tr><td>is_singular<\/td><td>1<\/td><td><\/td><\/tr><tr><td>is_front_page<\/td><td>1<\/td><td><\/td><\/tr><tr><td>is_feed<\/td><td>1<\/td><td><\/td><\/tr><\/table><\/div><br><br><span style=\"color: red;\">Seu site usa HTTPS, mas o c\u00f3digo do an\u00fancio cont\u00e9m HTTP e pode n\u00e3o funcionar.<\/span>\t<br><br>\n\t<a style=\"color: green;\" href=\"https:\/\/wpadvancedads.com\/manual\/ad-debug-mode\/?utm_source=advanced-ads&utm_medium=link&utm_campaign=ad-debug-mode\" target=\"_blank\" rel=\"nofollow\">Encontre solu\u00e7\u00f5es no manual<\/a>\n<\/div>\n<\/li><\/ul><\/div><script>( window.advanced_ads_ready || jQuery( document ).ready ).call( null, function() {var $lavraslider2625055221 = jQuery( \".lavra-slider-2625055221\" );$lavraslider2625055221.on( \"unslider.ready\", function() { jQuery( \"div.custom-slider ul li\" ).css( \"display\", \"block\" ); });$lavraslider2625055221.unslider({ delay:4000, autoplay:true, nav:false, arrows:false, infinite:true });$lavraslider2625055221.on(\"mouseover\", function() {$lavraslider2625055221.unslider(\"stop\");}).on(\"mouseout\", function() {$lavraslider2625055221.unslider(\"start\");});});<\/script><\/div><p><span style=\"font-weight: 400;\">Neste fim de semana, aconteceu na cidade do Rio de Janeiro no CEFAN (Centro de Educa\u00e7\u00e3o F\u00edsica Almirante Nunes) o Grand Slam (Seletiva Fechada para a Forma\u00e7\u00e3o da Sele\u00e7\u00e3o Brasileira de TKD Juvenil e Adulta), este evento reuniu os melhores atletas do Brasil, como o medalhista Ol\u00edmpico Maicon Andrade.<\/span><!--more--><\/p>\n<figure id=\"attachment_14928\" aria-describedby=\"caption-attachment-14928\" style=\"width: 873px\" class=\"wp-caption aligncenter\"><img fetchpriority=\"high\" decoding=\"async\" class=\"size-full wp-image-14928\" src=\"http:\/\/lavras.tv\/site\/wp-content\/uploads\/2018\/02\/IMG-20180225-WA0038-e1519734692640.jpg\" alt=\"Mestre Valdeci Zampieri e Erick Luis\" width=\"873\" height=\"700\" srcset=\"https:\/\/lavras.tv\/site\/wp-content\/uploads\/2018\/02\/IMG-20180225-WA0038-e1519734692640.jpg 873w, https:\/\/lavras.tv\/site\/wp-content\/uploads\/2018\/02\/IMG-20180225-WA0038-e1519734692640-150x120.jpg 150w, https:\/\/lavras.tv\/site\/wp-content\/uploads\/2018\/02\/IMG-20180225-WA0038-e1519734692640-300x241.jpg 300w\" sizes=\"(max-width: 873px) 100vw, 873px\" \/><figcaption id=\"caption-attachment-14928\" class=\"wp-caption-text\">Mestre Valdeci Zampieri e Erick Luis<\/figcaption><\/figure>\n<p><span style=\"font-weight: 400;\">A Academia Gym Center esteve presente na competi\u00e7\u00e3o com 3 atletas e com muito orgulho, podemos comemorar com o atleta Erick Luis Silva a t\u00e3o sonhada vaga na Sele\u00e7\u00e3o Brasileira Juvenil at\u00e9 55 kg, ap\u00f3s vencer 4 lutas, por uma grande diferen\u00e7a de pontos. Erick mostrou grande superioridade perante seus advers\u00e1rios, em sua 1\u00ba venceu o atleta do Rio Grande do Sul por um placar de 25 a 6, a 2\u00aa luta venceu por um placar de 20 a 0, a 3\u00aa luta venceu por um placar de 28 a 6 e a final venceu por um placar de 23 a 2.<\/span><\/p>\n<figure id=\"attachment_14929\" aria-describedby=\"caption-attachment-14929\" style=\"width: 1280px\" class=\"wp-caption aligncenter\"><img decoding=\"async\" class=\"size-full wp-image-14929\" src=\"http:\/\/lavras.tv\/site\/wp-content\/uploads\/2018\/02\/IMG-20180225-WA0017.jpg\" alt=\"Erick Luis, Ms. Valdeci Zampieri e Oct\u00e1vio Henrique\" width=\"1280\" height=\"960\" srcset=\"https:\/\/lavras.tv\/site\/wp-content\/uploads\/2018\/02\/IMG-20180225-WA0017.jpg 1280w, https:\/\/lavras.tv\/site\/wp-content\/uploads\/2018\/02\/IMG-20180225-WA0017-150x113.jpg 150w, https:\/\/lavras.tv\/site\/wp-content\/uploads\/2018\/02\/IMG-20180225-WA0017-300x225.jpg 300w, https:\/\/lavras.tv\/site\/wp-content\/uploads\/2018\/02\/IMG-20180225-WA0017-1024x768.jpg 1024w, https:\/\/lavras.tv\/site\/wp-content\/uploads\/2018\/02\/IMG-20180225-WA0017-640x480.jpg 640w\" sizes=\"(max-width: 1280px) 100vw, 1280px\" \/><figcaption id=\"caption-attachment-14929\" class=\"wp-caption-text\">Erick Luis, Ms. Valdeci Zampieri e Oct\u00e1vio Henrique<\/figcaption><\/figure>\n<p><span style=\"font-weight: 400;\">Com este resultado Erick ir\u00e1 disputar o Campeonato Mundial Juvenil em Mammamet na Tun\u00edsia nos dias 6 a 13 de Abril. Antes o atleta participar\u00e1 de um Camping de treinamento com todos os atletas da Sele\u00e7\u00e3o Brasileira Juvenil em Jaragu\u00e1 do Sul em Santa Catarina. Nesta mesma data do Mundial, tamb\u00e9m haver\u00e1 um evento qualificat\u00f3rio para os Jogos Ol\u00edmpicos da Juventude que ocorrer\u00e1 neste ano em Buenos Aires na Argentina.<\/span><\/p>\n<figure id=\"attachment_14930\" aria-describedby=\"caption-attachment-14930\" style=\"width: 918px\" class=\"wp-caption aligncenter\"><img decoding=\"async\" class=\"size-full wp-image-14930\" src=\"http:\/\/lavras.tv\/site\/wp-content\/uploads\/2018\/02\/IMG-20180225-WA0035-e1519734764504.jpg\" alt=\"Ms. Valdeci Zampieri, Oct\u00e1vio Henrique, David Eduardo e Erick Luis\" width=\"918\" height=\"582\" srcset=\"https:\/\/lavras.tv\/site\/wp-content\/uploads\/2018\/02\/IMG-20180225-WA0035-e1519734764504.jpg 918w, https:\/\/lavras.tv\/site\/wp-content\/uploads\/2018\/02\/IMG-20180225-WA0035-e1519734764504-150x95.jpg 150w, https:\/\/lavras.tv\/site\/wp-content\/uploads\/2018\/02\/IMG-20180225-WA0035-e1519734764504-300x190.jpg 300w\" sizes=\"(max-width: 918px) 100vw, 918px\" \/><figcaption id=\"caption-attachment-14930\" class=\"wp-caption-text\">Ms. Valdeci Zampieri, Oct\u00e1vio Henrique, David Eduardo e Erick Luis<\/figcaption><\/figure>\n<p><span style=\"font-weight: 400;\">J\u00e1 atleta Oct\u00e1vio Henrique de Carvalho Silva conquistou a medalha de bronze e a vaga de 2\u00ba reserva na Sele\u00e7\u00e3o Brasileira Juvenil at\u00e9 59 kg. Oct\u00e1vio estreante na categoria juvenil, venceu sua 1\u00aa luta por 14 a 6 contra o atleta do Amap\u00e1 e infelizmente foi derrotado na semifinal pelo atleta de S\u00e3o Paulo e Campe\u00e3o da categoria por 37 a 17.<\/span><\/p>\n<figure id=\"attachment_14931\" aria-describedby=\"caption-attachment-14931\" style=\"width: 694px\" class=\"wp-caption aligncenter\"><img loading=\"lazy\" decoding=\"async\" class=\"size-full wp-image-14931\" src=\"http:\/\/lavras.tv\/site\/wp-content\/uploads\/2018\/02\/IMG-20180215-WA0022-e1519734813556.jpg\" alt=\"P\u00f3dio de Erick Luis (Campe\u00e3o)\" width=\"694\" height=\"550\" srcset=\"https:\/\/lavras.tv\/site\/wp-content\/uploads\/2018\/02\/IMG-20180215-WA0022-e1519734813556.jpg 694w, https:\/\/lavras.tv\/site\/wp-content\/uploads\/2018\/02\/IMG-20180215-WA0022-e1519734813556-150x119.jpg 150w, https:\/\/lavras.tv\/site\/wp-content\/uploads\/2018\/02\/IMG-20180215-WA0022-e1519734813556-300x238.jpg 300w\" sizes=\"(max-width: 694px) 100vw, 694px\" \/><figcaption id=\"caption-attachment-14931\" class=\"wp-caption-text\">P\u00f3dio de Erick Luis (Campe\u00e3o)<\/figcaption><\/figure>\n<p><span style=\"font-weight: 400;\">O atleta David Eduardo Silva disputou o Grand Slam na categoria Adulta at\u00e9 80 kg. David em sua 1\u00aa luta venceu o atleta da Bahia por 7 a 4 e infelizmente nas quartas de finais foi derrotado pelo atleta da Sele\u00e7\u00e3o Brasileira Universit\u00e1ria e Campe\u00e3o da categoria, Francisco Santos por um placar de 15 a 4.<\/span><\/p>\n<figure id=\"attachment_14932\" aria-describedby=\"caption-attachment-14932\" style=\"width: 688px\" class=\"wp-caption aligncenter\"><img loading=\"lazy\" decoding=\"async\" class=\"size-full wp-image-14932\" src=\"http:\/\/lavras.tv\/site\/wp-content\/uploads\/2018\/02\/IMG-20180225-WA0030-e1519734859506.jpg\" alt=\"P\u00f3dio Oct\u00e1vio Henrique (Bronze) \" width=\"688\" height=\"508\" srcset=\"https:\/\/lavras.tv\/site\/wp-content\/uploads\/2018\/02\/IMG-20180225-WA0030-e1519734859506.jpg 688w, https:\/\/lavras.tv\/site\/wp-content\/uploads\/2018\/02\/IMG-20180225-WA0030-e1519734859506-150x111.jpg 150w, https:\/\/lavras.tv\/site\/wp-content\/uploads\/2018\/02\/IMG-20180225-WA0030-e1519734859506-300x222.jpg 300w\" sizes=\"(max-width: 688px) 100vw, 688px\" \/><figcaption id=\"caption-attachment-14932\" class=\"wp-caption-text\">P\u00f3dio Oct\u00e1vio Henrique (Bronze)<\/figcaption><\/figure>\n<p><span style=\"font-weight: 400;\">A equipe agradece a HBENS Construtora e Incorporadora (Haical Jos\u00e9 Haddad), ao Capit\u00e3o de Corveta da Marinha Leonardo Henrique Guimar\u00e3es, ao Prof. Fernando de Oliveira (Atletismo Cria Lavras), ao Ms. Nailton Carneiro da Federa\u00e7\u00e3o Ol\u00edmpica Roraimense de Tae KwonDo e ao Prefeito Jos\u00e9 Cherem por todo apoio e incentivo dado aos atletas.<\/span><\/p>\n<p>*Divulga\u00e7\u00e3o<\/p>\n","protected":false},"excerpt":{"rendered":"<p>Neste fim de semana, aconteceu na cidade do Rio de Janeiro no CEFAN (Centro de Educa\u00e7\u00e3o F\u00edsica Almirante Nunes) o Grand Slam (Seletiva Fechada para a Forma\u00e7\u00e3o da Sele\u00e7\u00e3o Brasileira de TKD Juvenil e Adulta), este evento reuniu os melhores atletas do Brasil, como o medalhista Ol\u00edmpico Maicon Andrade.<\/p>\n","protected":false},"author":2,"featured_media":14929,"comment_status":"closed","ping_status":"open","sticky":false,"template":"","format":"standard","meta":{"advgb_blocks_editor_width":"","advgb_blocks_columns_visual_guide":"","_exactmetrics_skip_tracking":false,"_exactmetrics_sitenote_active":false,"_exactmetrics_sitenote_note":"","_exactmetrics_sitenote_category":0,"footnotes":""},"categories":[7,3],"tags":[4543,966,34,4542,1603],"class_list":["post-14927","post","type-post","status-publish","format-standard","has-post-thumbnail","hentry","category-destaques","category-esportes","tag-erick-luis","tag-esporte","tag-lavras","tag-mestre-valdeci-zampieri","tag-tae-kwon-do"],"better_featured_image":{"id":14929,"alt_text":"","caption":"Erick Luis, Ms. Valdeci Zampieri e Oct\u00e1vio Henrique","description":"","media_type":"image","media_details":{"width":1280,"height":960,"file":"2018\/02\/IMG-20180225-WA0017.jpg","sizes":{"thumbnail":{"file":"IMG-20180225-WA0017-150x113.jpg","width":150,"height":113,"mime-type":"image\/jpeg","source_url":"https:\/\/lavras.tv\/site\/wp-content\/uploads\/2018\/02\/IMG-20180225-WA0017-150x113.jpg"},"medium":{"file":"IMG-20180225-WA0017-300x225.jpg","width":300,"height":225,"mime-type":"image\/jpeg","source_url":"https:\/\/lavras.tv\/site\/wp-content\/uploads\/2018\/02\/IMG-20180225-WA0017-300x225.jpg"},"large":{"file":"IMG-20180225-WA0017-1024x768.jpg","width":1024,"height":768,"mime-type":"image\/jpeg","source_url":"https:\/\/lavras.tv\/site\/wp-content\/uploads\/2018\/02\/IMG-20180225-WA0017-1024x768.jpg"},"featured-slider-img":{"file":"IMG-20180225-WA0017-640x480.jpg","width":640,"height":480,"mime-type":"image\/jpeg","source_url":"https:\/\/lavras.tv\/site\/wp-content\/uploads\/2018\/02\/IMG-20180225-WA0017-640x480.jpg"},"featured-post-img":{"file":"IMG-20180225-WA0017-480x320.jpg","width":480,"height":320,"mime-type":"image\/jpeg","source_url":"https:\/\/lavras.tv\/site\/wp-content\/uploads\/2018\/02\/IMG-20180225-WA0017-480x320.jpg"},"sow-carousel-default":{"file":"IMG-20180225-WA0017-272x182.jpg","width":272,"height":182,"mime-type":"image\/jpeg","source_url":"https:\/\/lavras.tv\/site\/wp-content\/uploads\/2018\/02\/IMG-20180225-WA0017-272x182.jpg"}},"image_meta":{"aperture":"0","credit":"","camera":"","caption":"","created_timestamp":"0","copyright":"","focal_length":"0","iso":"0","shutter_speed":"0","title":"","orientation":"0","keywords":[]}},"post":14927,"source_url":"https:\/\/lavras.tv\/site\/wp-content\/uploads\/2018\/02\/IMG-20180225-WA0017.jpg"},"author_meta":{"display_name":"Lavras TV","author_link":"https:\/\/lavras.tv\/site\/author\/lavrastv\/"},"featured_img":"https:\/\/lavras.tv\/site\/wp-content\/uploads\/2018\/02\/IMG-20180225-WA0017-300x225.jpg","coauthors":[],"tax_additional":{"categories":{"linked":["<a href=\"https:\/\/lavras.tv\/site\/category\/destaques\/\" class=\"advgb-post-tax-term\">Destaques<\/a>","<a href=\"https:\/\/lavras.tv\/site\/category\/esportes\/\" class=\"advgb-post-tax-term\">Esportes<\/a>"],"unlinked":["<span class=\"advgb-post-tax-term\">Destaques<\/span>","<span class=\"advgb-post-tax-term\">Esportes<\/span>"]},"tags":{"linked":["<a href=\"https:\/\/lavras.tv\/site\/category\/esportes\/\" class=\"advgb-post-tax-term\">Erick Luis<\/a>","<a href=\"https:\/\/lavras.tv\/site\/category\/esportes\/\" class=\"advgb-post-tax-term\">esporte<\/a>","<a href=\"https:\/\/lavras.tv\/site\/category\/esportes\/\" class=\"advgb-post-tax-term\">lavras<\/a>","<a href=\"https:\/\/lavras.tv\/site\/category\/esportes\/\" class=\"advgb-post-tax-term\">Mestre valdeci Zampieri<\/a>","<a href=\"https:\/\/lavras.tv\/site\/category\/esportes\/\" class=\"advgb-post-tax-term\">tae-kwon-do<\/a>"],"unlinked":["<span class=\"advgb-post-tax-term\">Erick Luis<\/span>","<span class=\"advgb-post-tax-term\">esporte<\/span>","<span class=\"advgb-post-tax-term\">lavras<\/span>","<span class=\"advgb-post-tax-term\">Mestre valdeci Zampieri<\/span>","<span class=\"advgb-post-tax-term\">tae-kwon-do<\/span>"]}},"comment_count":"0","relative_dates":{"created":"Publicado 8 anos atr\u00e1s","modified":"Atualizado 8 anos atr\u00e1s"},"absolute_dates":{"created":"Publicado em 27 de fevereiro de 2018","modified":"Atualizado em 27 de fevereiro de 2018"},"absolute_dates_time":{"created":"Publicado em 27 de fevereiro de 2018 09:36","modified":"Atualizado em 27 de fevereiro de 2018 09:36"},"featured_img_caption":"Erick Luis, Ms. Valdeci Zampieri e Oct\u00e1vio Henrique","series_order":"","_links":{"self":[{"href":"https:\/\/lavras.tv\/site\/wp-json\/wp\/v2\/posts\/14927","targetHints":{"allow":["GET"]}}],"collection":[{"href":"https:\/\/lavras.tv\/site\/wp-json\/wp\/v2\/posts"}],"about":[{"href":"https:\/\/lavras.tv\/site\/wp-json\/wp\/v2\/types\/post"}],"author":[{"embeddable":true,"href":"https:\/\/lavras.tv\/site\/wp-json\/wp\/v2\/users\/2"}],"replies":[{"embeddable":true,"href":"https:\/\/lavras.tv\/site\/wp-json\/wp\/v2\/comments?post=14927"}],"version-history":[{"count":1,"href":"https:\/\/lavras.tv\/site\/wp-json\/wp\/v2\/posts\/14927\/revisions"}],"predecessor-version":[{"id":14933,"href":"https:\/\/lavras.tv\/site\/wp-json\/wp\/v2\/posts\/14927\/revisions\/14933"}],"wp:featuredmedia":[{"embeddable":true,"href":"https:\/\/lavras.tv\/site\/wp-json\/wp\/v2\/media\/14929"}],"wp:attachment":[{"href":"https:\/\/lavras.tv\/site\/wp-json\/wp\/v2\/media?parent=14927"}],"wp:term":[{"taxonomy":"category","embeddable":true,"href":"https:\/\/lavras.tv\/site\/wp-json\/wp\/v2\/categories?post=14927"},{"taxonomy":"post_tag","embeddable":true,"href":"https:\/\/lavras.tv\/site\/wp-json\/wp\/v2\/tags?post=14927"}],"curies":[{"name":"wp","href":"https:\/\/api.w.org\/{rel}","templated":true}]}}