{"id":14998,"date":"2018-03-01T09:59:38","date_gmt":"2018-03-01T12:59:38","guid":{"rendered":"http:\/\/lavras.tv\/site\/?p=14998"},"modified":"2018-03-01T09:59:38","modified_gmt":"2018-03-01T12:59:38","slug":"lavras-vai-sediar-duas-etapas-dos-jogos-do-interior-de-minas-2018","status":"publish","type":"post","link":"https:\/\/lavras.tv\/site\/2018\/03\/01\/lavras-vai-sediar-duas-etapas-dos-jogos-do-interior-de-minas-2018\/","title":{"rendered":"Lavras vai sediar duas etapas dos Jogos do Interior de Minas 2018"},"content":{"rendered":"<div class=\"lavra-antes-do-conteudo_2\" id=\"lavra-851308100\"><div id=\"lavra-slider-27\" class=\"custom-slider lavra-slider-362705294 lavra-slider\"><ul><li><div style=\"margin-left: auto;margin-right: auto;text-align: center;\" id=\"lavra-3021385875\"><a href=\"https:\/\/sistemas.lavras.mg.gov.br\/portalcidadao\/#df1b1a7c7b2a290bcb31e32771e610784662739a88807c0dacac58ede5f391a7530e299dc302d611ee73cb143fc22eaf93592e53e7b5bdb01b00a0b8d28dae460c141dd2ff83412e4dc1c31b16b25f33144a9e5620ea73b13f5bc1c59411d98439ad226e8af03840603796067d87afe130812cf3de24982d0e306f9e61e764e5\" aria-label=\"Lavras-TV&#8211;720x104px (1) (1)\"><img src=\"https:\/\/lavras.tv\/site\/wp-content\/uploads\/2025\/01\/Lavras-TV-720x104px-1-1.png\" alt=\"\"  srcset=\"https:\/\/lavras.tv\/site\/wp-content\/uploads\/2025\/01\/Lavras-TV-720x104px-1-1.png 720w, https:\/\/lavras.tv\/site\/wp-content\/uploads\/2025\/01\/Lavras-TV-720x104px-1-1-470x68.png 470w, https:\/\/lavras.tv\/site\/wp-content\/uploads\/2025\/01\/Lavras-TV-720x104px-1-1-170x25.png 170w, https:\/\/lavras.tv\/site\/wp-content\/uploads\/2025\/01\/Lavras-TV-720x104px-1-1-200x29.png 200w\" sizes=\"(max-width: 720px) 100vw, 720px\" width=\"720\" height=\"104\"  style=\"display: inline-block;\" \/><\/a><\/div><\/li><li><a href=\"https:\/\/sistemas.lavras.mg.gov.br\/portalcidadao\/#df1b1a7c7b2a290bcb31e32771e610784662739a88807c0dacac58ede5f391a7530e299dc302d611ee73cb143fc22eaf93592e53e7b5bdb01b00a0b8d28dae460c141dd2ff83412e4dc1c31b16b25f33144a9e5620ea73b13f5bc1c59411d98439ad226e8af03840603796067d87afe130812cf3de24982d0e306f9e61e764e5\" aria-label=\"Banner_Emprego_PortallavrasTV\"><img src=\"https:\/\/lavras.tv\/site\/wp-content\/uploads\/2025\/03\/Banner_Emprego_PortallavrasTV.png\" alt=\"\"  srcset=\"https:\/\/lavras.tv\/site\/wp-content\/uploads\/2025\/03\/Banner_Emprego_PortallavrasTV.png 720w, https:\/\/lavras.tv\/site\/wp-content\/uploads\/2025\/03\/Banner_Emprego_PortallavrasTV-470x68.png 470w, https:\/\/lavras.tv\/site\/wp-content\/uploads\/2025\/03\/Banner_Emprego_PortallavrasTV-170x25.png 170w, https:\/\/lavras.tv\/site\/wp-content\/uploads\/2025\/03\/Banner_Emprego_PortallavrasTV-200x29.png 200w\" sizes=\"(max-width: 720px) 100vw, 720px\" width=\"720\" height=\"104\"   \/><\/a><\/li><li><a href=\"https:\/\/sistemas.lavras.mg.gov.br\/portalcidadao\/#df1b1a7c7b2a290bcb31e32771e610784662739a88807c0dacac58ede5f391a7530e299dc302d611ee73cb143fc22eaf93592e53e7b5bdb01b00a0b8d28dae460c141dd2ff83412e4dc1c31b16b25f33144a9e5620ea73b13f5bc1c59411d98439ad226e8af03840603796067d87afe130812cf3de24982d0e306f9e61e764e5\" aria-label=\"Banner_Obras_PortallavrasTV\"><img src=\"https:\/\/lavras.tv\/site\/wp-content\/uploads\/2025\/03\/Banner_Obras_PortallavrasTV.png\" alt=\"\"  srcset=\"https:\/\/lavras.tv\/site\/wp-content\/uploads\/2025\/03\/Banner_Obras_PortallavrasTV.png 720w, https:\/\/lavras.tv\/site\/wp-content\/uploads\/2025\/03\/Banner_Obras_PortallavrasTV-470x68.png 470w, https:\/\/lavras.tv\/site\/wp-content\/uploads\/2025\/03\/Banner_Obras_PortallavrasTV-170x25.png 170w, https:\/\/lavras.tv\/site\/wp-content\/uploads\/2025\/03\/Banner_Obras_PortallavrasTV-200x29.png 200w\" sizes=\"(max-width: 720px) 100vw, 720px\" width=\"720\" height=\"104\"   \/><\/a><\/li><li><div style=\"margin-left: auto;margin-right: auto;text-align: center;\" id=\"lavra-2572317435\"><a href=\"https:\/\/sistemas.lavras.mg.gov.br\/portalcidadao\/#df1b1a7c7b2a290bcb31e32771e610784662739a88807c0dacac58ede5f391a7530e299dc302d611ee73cb143fc22eaf93592e53e7b5bdb01b00a0b8d28dae460c141dd2ff83412e4dc1c31b16b25f33144a9e5620ea73b13f5bc1c59411d98439ad226e8af03840603796067d87afe130812cf3de24982d0e306f9e61e764e5\" aria-label=\"Banner_Educa\u00e7\u00e3o_PortallavrasTV\"><img src=\"https:\/\/lavras.tv\/site\/wp-content\/uploads\/2025\/01\/Banner_Educacao_PortallavrasTV.png\" alt=\"\"  srcset=\"https:\/\/lavras.tv\/site\/wp-content\/uploads\/2025\/01\/Banner_Educacao_PortallavrasTV.png 720w, https:\/\/lavras.tv\/site\/wp-content\/uploads\/2025\/01\/Banner_Educacao_PortallavrasTV-470x68.png 470w, https:\/\/lavras.tv\/site\/wp-content\/uploads\/2025\/01\/Banner_Educacao_PortallavrasTV-170x25.png 170w, https:\/\/lavras.tv\/site\/wp-content\/uploads\/2025\/01\/Banner_Educacao_PortallavrasTV-200x29.png 200w\" sizes=\"(max-width: 720px) 100vw, 720px\" width=\"720\" height=\"104\"  style=\"display: inline-block;\" \/><\/a><\/div><\/li><li><a href=\"https:\/\/sistemas.lavras.mg.gov.br\/portalcidadao\/#df1b1a7c7b2a290bcb31e32771e610784662739a88807c0dacac58ede5f391a7530e299dc302d611ee73cb143fc22eaf93592e53e7b5bdb01b00a0b8d28dae460c141dd2ff83412e4dc1c31b16b25f33144a9e5620ea73b13f5bc1c59411d98439ad226e8af03840603796067d87afe130812cf3de24982d0e306f9e61e764e5\" aria-label=\"Banner_Sa\u00fade_PortallavrasTV\"><img src=\"https:\/\/lavras.tv\/site\/wp-content\/uploads\/2025\/03\/Banner_Saude_PortallavrasTV.png\" alt=\"\"  srcset=\"https:\/\/lavras.tv\/site\/wp-content\/uploads\/2025\/03\/Banner_Saude_PortallavrasTV.png 720w, https:\/\/lavras.tv\/site\/wp-content\/uploads\/2025\/03\/Banner_Saude_PortallavrasTV-470x68.png 470w, https:\/\/lavras.tv\/site\/wp-content\/uploads\/2025\/03\/Banner_Saude_PortallavrasTV-170x25.png 170w, https:\/\/lavras.tv\/site\/wp-content\/uploads\/2025\/03\/Banner_Saude_PortallavrasTV-200x29.png 200w\" sizes=\"(max-width: 720px) 100vw, 720px\" width=\"720\" height=\"104\"   \/><\/a><\/li><li><div id=\"lavra-3977583513\" style=\"width:720px;height:104px;background-color:#ddd;overflow:scroll;\">\n\t<strong>Sa\u00edda da depura\u00e7\u00e3o de an\u00fancios<\/strong>\n\t<br><br>\n\tO an\u00fancio n\u00e3o \u00e9 exibido na p\u00e1gina<br><br>post atual: Lavras vai sediar duas etapas dos Jogos do Interior de Minas 2018, ID: 14998<br><br><span style=\"color: red;\">O post atual n\u00e3o \u00e9 id\u00eantico ao post principal.<\/span><br><br>An\u00fancios: ROXO - TOPO INTERNA - ROTATIVO 2 (197)<br \/>Grupo de an\u00fancios: Princ_Meio01_720x104 (27)<br><br>Condi\u00e7\u00f5es de exibi\u00e7\u00e3o<div style=\"margin-bottom: 20px; white-space: pre-wrap; font-family: monospace; width: 100%; background: #ffe9e9;\"><strong>condi\u00e7\u00f5es gerais<\/strong><table border=\"1\"><thead><tr><th><\/th><th>An\u00fancios<\/th><th>wp_the_query<\/th><\/tr><\/thead><tr><td>is_main_query<\/td><td>1<\/td><td>1<\/td><\/tr><tr><td>is_rest_api<\/td><td>0<\/td><td>1<\/td><\/tr><tr><td>page<\/td><td>0<\/td><td>1<\/td><\/tr><tr><td>numpages<\/td><td>0<\/td><td>1<\/td><\/tr><tr><td>is_archive<\/td><td>1<\/td><td><\/td><\/tr><tr><td>is_search<\/td><td>1<\/td><td><\/td><\/tr><tr><td>is_home<\/td><td>1<\/td><td><\/td><\/tr><tr><td>is_404<\/td><td>1<\/td><td><\/td><\/tr><tr><td>is_attachment<\/td><td>1<\/td><td><\/td><\/tr><tr><td>is_singular<\/td><td>1<\/td><td><\/td><\/tr><tr><td>is_front_page<\/td><td>1<\/td><td><\/td><\/tr><tr><td>is_feed<\/td><td>1<\/td><td><\/td><\/tr><\/table><\/div><br><br><span style=\"color: red;\">Seu site usa HTTPS, mas o c\u00f3digo do an\u00fancio cont\u00e9m HTTP e pode n\u00e3o funcionar.<\/span>\t<br><br>\n\t<a style=\"color: green;\" href=\"https:\/\/wpadvancedads.com\/manual\/ad-debug-mode\/?utm_source=advanced-ads&utm_medium=link&utm_campaign=ad-debug-mode\" target=\"_blank\" rel=\"nofollow\">Encontre solu\u00e7\u00f5es no manual<\/a>\n<\/div>\n<\/li><\/ul><\/div><script>( window.advanced_ads_ready || jQuery( document ).ready ).call( null, function() {var $lavraslider362705294 = jQuery( \".lavra-slider-362705294\" );$lavraslider362705294.on( \"unslider.ready\", function() { jQuery( \"div.custom-slider ul li\" ).css( \"display\", \"block\" ); });$lavraslider362705294.unslider({ delay:4000, autoplay:true, nav:false, arrows:false, infinite:true });$lavraslider362705294.on(\"mouseover\", function() {$lavraslider362705294.unslider(\"stop\");}).on(\"mouseout\", function() {$lavraslider362705294.unslider(\"start\");});});<\/script><\/div><p>A Comiss\u00e3o Organizadora dos Jogos do Interior de Minas (Jimi) 2018, realizados pelo\u00a0Governo de Minas Gerais, por meio da\u00a0Secretaria de Estado de Esportes (Seesp), divulgou\u00a0a\u00a0<a href=\"http:\/\/jimi.esportes.mg.gov.br\/wp-content\/uploads\/2018\/02\/NOTA-OFICIAL-022.pdf\" target=\"_blank\">nota oficial 022\/2018<\/a>\u00a0com informa\u00e7\u00f5es sobre cidades-sede das duas primeiras etapas da competi\u00e7\u00e3o.<!--more--><img fetchpriority=\"high\" decoding=\"async\" class=\"alignnone size-full wp-image-14999 aligncenter\" src=\"http:\/\/lavras.tv\/site\/wp-content\/uploads\/2018\/03\/jimi.jpg\" alt=\"jimi\" width=\"620\" height=\"415\" srcset=\"https:\/\/lavras.tv\/site\/wp-content\/uploads\/2018\/03\/jimi.jpg 620w, https:\/\/lavras.tv\/site\/wp-content\/uploads\/2018\/03\/jimi-150x100.jpg 150w, https:\/\/lavras.tv\/site\/wp-content\/uploads\/2018\/03\/jimi-300x201.jpg 300w, https:\/\/lavras.tv\/site\/wp-content\/uploads\/2018\/03\/jimi-480x320.jpg 480w, https:\/\/lavras.tv\/site\/wp-content\/uploads\/2018\/03\/jimi-272x182.jpg 272w\" sizes=\"(max-width: 620px) 100vw, 620px\" \/><\/p>\n<p>A primeira data da etapa microrregional \u2013 que ser\u00e1 realizada entre 28 de abril e 2 de maio\u00a0\u2013 ter\u00e1 como sedes as cidades de Montes Claros (Norte-Central), Cataguases (Mata-Vertentes) e <strong>Lavras<\/strong> (Sul). A microrregional Tri\u00e2ngulo-Noroeste\u00a0aguarda defini\u00e7\u00e3o.<\/p>\n<p>J\u00e1 as cidades de Jequitinhonha (Jequitinhonha-Mucuri), Ponte Nova (A\u00e7o-Rio Doce-Capara\u00f3) e Pitangui (Sudoeste-Oeste) ter\u00e3o a execu\u00e7\u00e3o da microrregional entre 30 de maio e 3 de junho. A sede da etapa Metropolitana tamb\u00e9m\u00a0aguarda defini\u00e7\u00e3o.<\/p>\n<p>A etapa regional do Jimi\u00a02018 acontece em quatro munic\u00edpios entre 25 e 29 de julho. Tr\u00eas deles j\u00e1 foram escolhidos: Ponte Nova (A\u00e7o-Rio Doce-Capara\u00f3\/Metropolitana), <strong>Lavras<\/strong> (Sul\/Mata-Vertentes) e Jequitinhonha (Jequitinhonha-Mucuri\/Norte-Central). A regi\u00e3o Tri\u00e2ngulo-Noroeste\/Sudoeste-Oeste ainda n\u00e3o teve sua sede divulgada.<\/p>\n<p>Tamb\u00e9m aguarda defini\u00e7\u00e3o do local de execu\u00e7\u00e3o a Etapa Estadual, que tem a realiza\u00e7\u00e3o das modalidades individuais e paral\u00edmpicas prevista para o per\u00edodo de 7 a 9 de setembro, e das modalidades coletivas, de 12 a 16 de outubro.<\/p>\n<p><strong>Inscri\u00e7\u00f5es abertas<\/strong><\/p>\n<p>As inscri\u00e7\u00f5es para o Jimi\u00a02018 j\u00e1 podem ser realizadas via Sistema de Informa\u00e7\u00e3o dos Jogos, que pode ser acessado pelo endere\u00e7o\u00a0<a href=\"http:\/\/www.jimi.esportes.mg.gov.br\/\" target=\"_blank\">www.jimi.esportes.mg.gov.br<\/a>. No site, est\u00e3o dispon\u00edveis para consulta o\u00a0<a href=\"http:\/\/jimi.esportes.mg.gov.br\/documentos\/regulamento\/\" target=\"_blank\">regulamento geral e regulamentos espec\u00edficos das modalidades coletivas<\/a>\u00a0com mais informa\u00e7\u00f5es sobre a competi\u00e7\u00e3o, al\u00e9m do\u00a0<a href=\"http:\/\/jimi.esportes.mg.gov.br\/wp-content\/uploads\/2018\/02\/CRONOGRAMA-JIMI1.pdf\" target=\"_blank\">cronograma de execu\u00e7\u00e3o<\/a>\u00a0completo do evento.<\/p>\n<p>Os primeiros passos a serem dados pelas cidades que quiserem ter equipes no Jimi\u00a0s\u00e3o o cadastro de um representante municipal no Sistema de Informa\u00e7\u00e3o dos Jogos e a inser\u00e7\u00e3o, at\u00e9 o dia 21 de mar\u00e7o, do of\u00edcio assinado pelo prefeito formalizando o interesse em participar dos Jogos. O formul\u00e1rio para assinatura estar\u00e1 dispon\u00edvel no site ap\u00f3s cadastro do representante municipal.<\/p>\n<p>Ap\u00f3s o recebimento do documento pela organiza\u00e7\u00e3o do Jimi, o sistema ser\u00e1 ent\u00e3o liberado, at\u00e9 o dia 26 de mar\u00e7o, para a inscri\u00e7\u00e3o das equipes, representantes municipais, treinadores, auxiliares t\u00e9cnicos e n\u00famero m\u00ednimo de atletas de cada modalidade, conforme regulamento, para a Etapa Microrregional.<\/p>\n<p>As inscri\u00e7\u00f5es de atletas de modalidades individuais e paral\u00edmpicas poder\u00e3o ser feitas de 18 de junho a 17 de agosto.<\/p>\n<p>Fonte: Ag\u00eancia Minas<\/p>\n","protected":false},"excerpt":{"rendered":"<p>A Comiss\u00e3o Organizadora dos Jogos do Interior de Minas (Jimi) 2018, realizados pelo\u00a0Governo de Minas Gerais, por meio da\u00a0Secretaria de Estado de Esportes (Seesp), divulgou\u00a0a\u00a0nota oficial 022\/2018\u00a0com informa\u00e7\u00f5es sobre cidades-sede das duas primeiras etapas da competi\u00e7\u00e3o.<\/p>\n","protected":false},"author":2,"featured_media":14999,"comment_status":"closed","ping_status":"open","sticky":false,"template":"","format":"standard","meta":{"advgb_blocks_editor_width":"","advgb_blocks_columns_visual_guide":"","_exactmetrics_skip_tracking":false,"_exactmetrics_sitenote_active":false,"_exactmetrics_sitenote_note":"","_exactmetrics_sitenote_category":0,"footnotes":""},"categories":[7,3],"tags":[1930,4562,4563,3500,689,4561,4560],"class_list":["post-14998","post","type-post","status-publish","format-standard","has-post-thumbnail","hentry","category-destaques","category-esportes","tag-1930","tag-cidade-sede","tag-etapa-microrregional","tag-etapa-regional","tag-jimi","tag-jimi-2018","tag-jogos-do-interior-de-minas"],"better_featured_image":{"id":14999,"alt_text":"","caption":"","description":"","media_type":"image","media_details":{"width":620,"height":415,"file":"2018\/03\/jimi.jpg","sizes":{"thumbnail":{"file":"jimi-150x100.jpg","width":150,"height":100,"mime-type":"image\/jpeg","source_url":"https:\/\/lavras.tv\/site\/wp-content\/uploads\/2018\/03\/jimi-150x100.jpg"},"medium":{"file":"jimi-300x201.jpg","width":300,"height":201,"mime-type":"image\/jpeg","source_url":"https:\/\/lavras.tv\/site\/wp-content\/uploads\/2018\/03\/jimi-300x201.jpg"},"featured-post-img":{"file":"jimi-480x320.jpg","width":480,"height":320,"mime-type":"image\/jpeg","source_url":"https:\/\/lavras.tv\/site\/wp-content\/uploads\/2018\/03\/jimi-480x320.jpg"},"sow-carousel-default":{"file":"jimi-272x182.jpg","width":272,"height":182,"mime-type":"image\/jpeg","source_url":"https:\/\/lavras.tv\/site\/wp-content\/uploads\/2018\/03\/jimi-272x182.jpg"}},"image_meta":{"aperture":"5.6","credit":"","camera":"NIKON D60","caption":"","created_timestamp":"1381052759","copyright":"","focal_length":"70","iso":"1600","shutter_speed":"0.00625","title":"","orientation":"1","keywords":[]}},"post":14998,"source_url":"https:\/\/lavras.tv\/site\/wp-content\/uploads\/2018\/03\/jimi.jpg"},"author_meta":{"display_name":"Lavras TV","author_link":"https:\/\/lavras.tv\/site\/author\/lavrastv\/"},"featured_img":"https:\/\/lavras.tv\/site\/wp-content\/uploads\/2018\/03\/jimi-300x201.jpg","coauthors":[],"tax_additional":{"categories":{"linked":["<a href=\"https:\/\/lavras.tv\/site\/category\/destaques\/\" class=\"advgb-post-tax-term\">Destaques<\/a>","<a href=\"https:\/\/lavras.tv\/site\/category\/esportes\/\" class=\"advgb-post-tax-term\">Esportes<\/a>"],"unlinked":["<span class=\"advgb-post-tax-term\">Destaques<\/span>","<span class=\"advgb-post-tax-term\">Esportes<\/span>"]},"tags":{"linked":["<a href=\"https:\/\/lavras.tv\/site\/category\/esportes\/\" class=\"advgb-post-tax-term\">2018<\/a>","<a href=\"https:\/\/lavras.tv\/site\/category\/esportes\/\" class=\"advgb-post-tax-term\">cidade sede<\/a>","<a href=\"https:\/\/lavras.tv\/site\/category\/esportes\/\" class=\"advgb-post-tax-term\">etapa microrregional<\/a>","<a href=\"https:\/\/lavras.tv\/site\/category\/esportes\/\" class=\"advgb-post-tax-term\">etapa regional<\/a>","<a href=\"https:\/\/lavras.tv\/site\/category\/esportes\/\" class=\"advgb-post-tax-term\">jimi<\/a>","<a href=\"https:\/\/lavras.tv\/site\/category\/esportes\/\" class=\"advgb-post-tax-term\">Jimi 2018<\/a>","<a href=\"https:\/\/lavras.tv\/site\/category\/esportes\/\" class=\"advgb-post-tax-term\">Jogos do Interior de Minas<\/a>"],"unlinked":["<span class=\"advgb-post-tax-term\">2018<\/span>","<span class=\"advgb-post-tax-term\">cidade sede<\/span>","<span class=\"advgb-post-tax-term\">etapa microrregional<\/span>","<span class=\"advgb-post-tax-term\">etapa regional<\/span>","<span class=\"advgb-post-tax-term\">jimi<\/span>","<span class=\"advgb-post-tax-term\">Jimi 2018<\/span>","<span class=\"advgb-post-tax-term\">Jogos do Interior de Minas<\/span>"]}},"comment_count":"0","relative_dates":{"created":"Publicado 8 anos atr\u00e1s","modified":"Atualizado 8 anos atr\u00e1s"},"absolute_dates":{"created":"Publicado em 1 de mar\u00e7o de 2018","modified":"Atualizado em 1 de mar\u00e7o de 2018"},"absolute_dates_time":{"created":"Publicado em 1 de mar\u00e7o de 2018 09:59","modified":"Atualizado em 1 de mar\u00e7o de 2018 09:59"},"featured_img_caption":"","series_order":"","_links":{"self":[{"href":"https:\/\/lavras.tv\/site\/wp-json\/wp\/v2\/posts\/14998","targetHints":{"allow":["GET"]}}],"collection":[{"href":"https:\/\/lavras.tv\/site\/wp-json\/wp\/v2\/posts"}],"about":[{"href":"https:\/\/lavras.tv\/site\/wp-json\/wp\/v2\/types\/post"}],"author":[{"embeddable":true,"href":"https:\/\/lavras.tv\/site\/wp-json\/wp\/v2\/users\/2"}],"replies":[{"embeddable":true,"href":"https:\/\/lavras.tv\/site\/wp-json\/wp\/v2\/comments?post=14998"}],"version-history":[{"count":1,"href":"https:\/\/lavras.tv\/site\/wp-json\/wp\/v2\/posts\/14998\/revisions"}],"predecessor-version":[{"id":15000,"href":"https:\/\/lavras.tv\/site\/wp-json\/wp\/v2\/posts\/14998\/revisions\/15000"}],"wp:featuredmedia":[{"embeddable":true,"href":"https:\/\/lavras.tv\/site\/wp-json\/wp\/v2\/media\/14999"}],"wp:attachment":[{"href":"https:\/\/lavras.tv\/site\/wp-json\/wp\/v2\/media?parent=14998"}],"wp:term":[{"taxonomy":"category","embeddable":true,"href":"https:\/\/lavras.tv\/site\/wp-json\/wp\/v2\/categories?post=14998"},{"taxonomy":"post_tag","embeddable":true,"href":"https:\/\/lavras.tv\/site\/wp-json\/wp\/v2\/tags?post=14998"}],"curies":[{"name":"wp","href":"https:\/\/api.w.org\/{rel}","templated":true}]}}