{"id":150588,"date":"2025-01-13T17:32:25","date_gmt":"2025-01-13T20:32:25","guid":{"rendered":"https:\/\/lavras.tv\/site\/?p=150588"},"modified":"2025-01-13T17:32:27","modified_gmt":"2025-01-13T20:32:27","slug":"veja-quem-sao-os-tecnicos-do-campeonato-mineiro-2025","status":"publish","type":"post","link":"https:\/\/lavras.tv\/site\/2025\/01\/13\/veja-quem-sao-os-tecnicos-do-campeonato-mineiro-2025\/","title":{"rendered":"Veja quem s\u00e3o os t\u00e9cnicos do Campeonato Mineiro 2025"},"content":{"rendered":"<div class=\"lavra-antes-do-conteudo_2\" id=\"lavra-1564441502\"><div id=\"lavra-slider-27\" class=\"custom-slider lavra-slider-2921056445 lavra-slider\"><ul><li><div style=\"margin-left: auto;margin-right: auto;text-align: center;\" id=\"lavra-2615969373\"><a href=\"https:\/\/sistemas.lavras.mg.gov.br\/portalcidadao\/#df1b1a7c7b2a290bcb31e32771e610784662739a88807c0dacac58ede5f391a7530e299dc302d611ee73cb143fc22eaf93592e53e7b5bdb01b00a0b8d28dae460c141dd2ff83412e4dc1c31b16b25f33144a9e5620ea73b13f5bc1c59411d98439ad226e8af03840603796067d87afe130812cf3de24982d0e306f9e61e764e5\" aria-label=\"Lavras-TV&#8211;720x104px (1) (1)\"><img src=\"https:\/\/lavras.tv\/site\/wp-content\/uploads\/2025\/01\/Lavras-TV-720x104px-1-1.png\" alt=\"\"  srcset=\"https:\/\/lavras.tv\/site\/wp-content\/uploads\/2025\/01\/Lavras-TV-720x104px-1-1.png 720w, https:\/\/lavras.tv\/site\/wp-content\/uploads\/2025\/01\/Lavras-TV-720x104px-1-1-470x68.png 470w, https:\/\/lavras.tv\/site\/wp-content\/uploads\/2025\/01\/Lavras-TV-720x104px-1-1-170x25.png 170w, https:\/\/lavras.tv\/site\/wp-content\/uploads\/2025\/01\/Lavras-TV-720x104px-1-1-200x29.png 200w\" sizes=\"(max-width: 720px) 100vw, 720px\" width=\"720\" height=\"104\"  style=\"display: inline-block;\" \/><\/a><\/div><\/li><li><a href=\"https:\/\/sistemas.lavras.mg.gov.br\/portalcidadao\/#df1b1a7c7b2a290bcb31e32771e610784662739a88807c0dacac58ede5f391a7530e299dc302d611ee73cb143fc22eaf93592e53e7b5bdb01b00a0b8d28dae460c141dd2ff83412e4dc1c31b16b25f33144a9e5620ea73b13f5bc1c59411d98439ad226e8af03840603796067d87afe130812cf3de24982d0e306f9e61e764e5\" aria-label=\"Banner_Emprego_PortallavrasTV\"><img src=\"https:\/\/lavras.tv\/site\/wp-content\/uploads\/2025\/03\/Banner_Emprego_PortallavrasTV.png\" alt=\"\"  srcset=\"https:\/\/lavras.tv\/site\/wp-content\/uploads\/2025\/03\/Banner_Emprego_PortallavrasTV.png 720w, https:\/\/lavras.tv\/site\/wp-content\/uploads\/2025\/03\/Banner_Emprego_PortallavrasTV-470x68.png 470w, https:\/\/lavras.tv\/site\/wp-content\/uploads\/2025\/03\/Banner_Emprego_PortallavrasTV-170x25.png 170w, https:\/\/lavras.tv\/site\/wp-content\/uploads\/2025\/03\/Banner_Emprego_PortallavrasTV-200x29.png 200w\" sizes=\"(max-width: 720px) 100vw, 720px\" width=\"720\" height=\"104\"   \/><\/a><\/li><li><a href=\"https:\/\/sistemas.lavras.mg.gov.br\/portalcidadao\/#df1b1a7c7b2a290bcb31e32771e610784662739a88807c0dacac58ede5f391a7530e299dc302d611ee73cb143fc22eaf93592e53e7b5bdb01b00a0b8d28dae460c141dd2ff83412e4dc1c31b16b25f33144a9e5620ea73b13f5bc1c59411d98439ad226e8af03840603796067d87afe130812cf3de24982d0e306f9e61e764e5\" aria-label=\"Banner_Obras_PortallavrasTV\"><img src=\"https:\/\/lavras.tv\/site\/wp-content\/uploads\/2025\/03\/Banner_Obras_PortallavrasTV.png\" alt=\"\"  srcset=\"https:\/\/lavras.tv\/site\/wp-content\/uploads\/2025\/03\/Banner_Obras_PortallavrasTV.png 720w, https:\/\/lavras.tv\/site\/wp-content\/uploads\/2025\/03\/Banner_Obras_PortallavrasTV-470x68.png 470w, https:\/\/lavras.tv\/site\/wp-content\/uploads\/2025\/03\/Banner_Obras_PortallavrasTV-170x25.png 170w, https:\/\/lavras.tv\/site\/wp-content\/uploads\/2025\/03\/Banner_Obras_PortallavrasTV-200x29.png 200w\" sizes=\"(max-width: 720px) 100vw, 720px\" width=\"720\" height=\"104\"   \/><\/a><\/li><li><div style=\"margin-left: auto;margin-right: auto;text-align: center;\" id=\"lavra-151576157\"><a href=\"https:\/\/sistemas.lavras.mg.gov.br\/portalcidadao\/#df1b1a7c7b2a290bcb31e32771e610784662739a88807c0dacac58ede5f391a7530e299dc302d611ee73cb143fc22eaf93592e53e7b5bdb01b00a0b8d28dae460c141dd2ff83412e4dc1c31b16b25f33144a9e5620ea73b13f5bc1c59411d98439ad226e8af03840603796067d87afe130812cf3de24982d0e306f9e61e764e5\" aria-label=\"Banner_Educa\u00e7\u00e3o_PortallavrasTV\"><img src=\"https:\/\/lavras.tv\/site\/wp-content\/uploads\/2025\/01\/Banner_Educacao_PortallavrasTV.png\" alt=\"\"  srcset=\"https:\/\/lavras.tv\/site\/wp-content\/uploads\/2025\/01\/Banner_Educacao_PortallavrasTV.png 720w, https:\/\/lavras.tv\/site\/wp-content\/uploads\/2025\/01\/Banner_Educacao_PortallavrasTV-470x68.png 470w, https:\/\/lavras.tv\/site\/wp-content\/uploads\/2025\/01\/Banner_Educacao_PortallavrasTV-170x25.png 170w, https:\/\/lavras.tv\/site\/wp-content\/uploads\/2025\/01\/Banner_Educacao_PortallavrasTV-200x29.png 200w\" sizes=\"(max-width: 720px) 100vw, 720px\" width=\"720\" height=\"104\"  style=\"display: inline-block;\" \/><\/a><\/div><\/li><li><a href=\"https:\/\/sistemas.lavras.mg.gov.br\/portalcidadao\/#df1b1a7c7b2a290bcb31e32771e610784662739a88807c0dacac58ede5f391a7530e299dc302d611ee73cb143fc22eaf93592e53e7b5bdb01b00a0b8d28dae460c141dd2ff83412e4dc1c31b16b25f33144a9e5620ea73b13f5bc1c59411d98439ad226e8af03840603796067d87afe130812cf3de24982d0e306f9e61e764e5\" aria-label=\"Banner_Sa\u00fade_PortallavrasTV\"><img src=\"https:\/\/lavras.tv\/site\/wp-content\/uploads\/2025\/03\/Banner_Saude_PortallavrasTV.png\" alt=\"\"  srcset=\"https:\/\/lavras.tv\/site\/wp-content\/uploads\/2025\/03\/Banner_Saude_PortallavrasTV.png 720w, https:\/\/lavras.tv\/site\/wp-content\/uploads\/2025\/03\/Banner_Saude_PortallavrasTV-470x68.png 470w, https:\/\/lavras.tv\/site\/wp-content\/uploads\/2025\/03\/Banner_Saude_PortallavrasTV-170x25.png 170w, https:\/\/lavras.tv\/site\/wp-content\/uploads\/2025\/03\/Banner_Saude_PortallavrasTV-200x29.png 200w\" sizes=\"(max-width: 720px) 100vw, 720px\" width=\"720\" height=\"104\"   \/><\/a><\/li><li><div id=\"lavra-4246476573\" style=\"width:720px;height:104px;background-color:#ddd;overflow:scroll;\">\n\t<strong>Sa\u00edda da depura\u00e7\u00e3o de an\u00fancios<\/strong>\n\t<br><br>\n\tO an\u00fancio n\u00e3o \u00e9 exibido na p\u00e1gina<br><br>post atual: Veja quem s\u00e3o os t\u00e9cnicos do Campeonato Mineiro 2025, ID: 150588<br><br><span style=\"color: red;\">O post atual n\u00e3o \u00e9 id\u00eantico ao post principal.<\/span><br><br>An\u00fancios: ROXO - TOPO INTERNA - ROTATIVO 2 (197)<br \/>Grupo de an\u00fancios: Princ_Meio01_720x104 (27)<br><br>Condi\u00e7\u00f5es de exibi\u00e7\u00e3o<div style=\"margin-bottom: 20px; white-space: pre-wrap; font-family: monospace; width: 100%; background: #ffe9e9;\"><strong>condi\u00e7\u00f5es gerais<\/strong><table border=\"1\"><thead><tr><th><\/th><th>An\u00fancios<\/th><th>wp_the_query<\/th><\/tr><\/thead><tr><td>is_main_query<\/td><td>1<\/td><td>1<\/td><\/tr><tr><td>is_rest_api<\/td><td>0<\/td><td>1<\/td><\/tr><tr><td>page<\/td><td>0<\/td><td>1<\/td><\/tr><tr><td>numpages<\/td><td>0<\/td><td>1<\/td><\/tr><tr><td>is_archive<\/td><td>1<\/td><td><\/td><\/tr><tr><td>is_search<\/td><td>1<\/td><td><\/td><\/tr><tr><td>is_home<\/td><td>1<\/td><td><\/td><\/tr><tr><td>is_404<\/td><td>1<\/td><td><\/td><\/tr><tr><td>is_attachment<\/td><td>1<\/td><td><\/td><\/tr><tr><td>is_singular<\/td><td>1<\/td><td><\/td><\/tr><tr><td>is_front_page<\/td><td>1<\/td><td><\/td><\/tr><tr><td>is_feed<\/td><td>1<\/td><td><\/td><\/tr><\/table><\/div><br><br><span style=\"color: red;\">Seu site usa HTTPS, mas o c\u00f3digo do an\u00fancio cont\u00e9m HTTP e pode n\u00e3o funcionar.<\/span>\t<br><br>\n\t<a style=\"color: green;\" href=\"https:\/\/wpadvancedads.com\/manual\/ad-debug-mode\/?utm_source=advanced-ads&utm_medium=link&utm_campaign=ad-debug-mode\" target=\"_blank\" rel=\"nofollow\">Encontre solu\u00e7\u00f5es no manual<\/a>\n<\/div>\n<\/li><\/ul><\/div><script>( window.advanced_ads_ready || jQuery( document ).ready ).call( null, function() {var $lavraslider2921056445 = jQuery( \".lavra-slider-2921056445\" );$lavraslider2921056445.on( \"unslider.ready\", function() { jQuery( \"div.custom-slider ul li\" ).css( \"display\", \"block\" ); });$lavraslider2921056445.unslider({ delay:4000, autoplay:true, nav:false, arrows:false, infinite:true });$lavraslider2921056445.on(\"mouseover\", function() {$lavraslider2921056445.unslider(\"stop\");}).on(\"mouseout\", function() {$lavraslider2921056445.unslider(\"start\");});});<\/script><\/div>\n<p>Os 12 times tem \u00e0 beira de campo nomes veteranos do futebol mineiro, mas tamb\u00e9m estreantes; conhe\u00e7a os t\u00e9cnicos<\/p>\n\n\n\n<figure class=\"wp-block-image\"><img decoding=\"async\" src=\"https:\/\/noataque.com.br\/wp-content\/uploads\/2025\/01\/FotoJet-3-6-570x321.jpg\" alt=\"Cuca, William Batista, Fernando Diniz e Roger Silva (foto: AFP -- Mour\u00e3o Panda\/Am\u00e9rica -- AFP -- Divulga\u00e7\u00e3o\/Athletic)\"\/><\/figure>\n\n\n\n<p><small>T\u00e9cnicos do Mineiro 2025<\/small><small>(foto: AFP &#8212; Mour\u00e3o Panda\/Am\u00e9rica &#8212; AFP &#8212; Divulga\u00e7\u00e3o\/Athletic)<\/small><\/p>\n\n\n\n<p>O&nbsp;<a href=\"https:\/\/noataque.com.br\/futebol\/campeonato-mineiro\/noticia\/2024\/12\/05\/campeonato-mineiro-2025-fmf-detalha-tabela-com-jogos-datas-horarios-e-locais\/\" target=\"_blank\" rel=\"noreferrer noopener\">Campeonato Mineiro come\u00e7a<\/a>&nbsp;na pr\u00f3xima semana, dia 18 de janeiro. Os 12 times, ainda que com focos e expectativas diferentes, tem \u00e0 beira de campo nomes veteranos do futebol mineiro, mas tamb\u00e9m estreantes.<\/p>\n\n\n\n<p>Neste ano, a competi\u00e7\u00e3o segue no formato de tr\u00eas grupos com quatro equipes cada.&nbsp;Times de grupos diferentes se enfrentam na primeira fase, enquanto os que compartilham chave podem se cruzar mais adiante. Classificam-se \u00e0 semifinal os l\u00edderes de cada chave e o melhor segundo colocado. Os dois piores da fase classificat\u00f3ria s\u00e3o rebaixados ao M\u00f3dulo II \u2013 portanto, n\u00e3o haver\u00e1 mais a repescagem entre os tr\u00eas lanternas.<\/p>\n\n\n\n<p>A principal mudan\u00e7a \u00e9 que o time de melhor campanha na fase classificat\u00f3ria n\u00e3o ter\u00e1 mais a vantagem de se classificar nas eliminat\u00f3rias em caso de empate no placar agregado dos jogos de ida e volta.<\/p>\n\n\n\n<p>Conhe\u00e7a os t\u00e9cnicos de cada equipe.<\/p>\n\n\n\n<h2 class=\"wp-block-heading\" id=\"h-america-william-batista\">Am\u00e9rica: William Batista<\/h2>\n\n\n\n<p>William Batista \u00e9 o t\u00e9cnico mais jovem do Campeonato Mineiro. Aos 31 anos, ele soma passagens por categorias de base. O Am\u00e9rica \u00e9 o segundo time profissional que ele assume \u2013 passou pelo Vasco, em 2023. A hist\u00f3ria no Coelho j\u00e1 tem algum tempo \u2013 ele comandou o sub-20 de 2019 a 2022.<\/p>\n\n\n\n<p>Em 2024,&nbsp;<a href=\"https:\/\/noataque.com.br\/futebol\/brasileirao-serie-b\/time\/america-mg\/noticia\/2025\/01\/06\/william-batista-aponta-principal-desafio-como-tecnico-do-america\/\" target=\"_blank\" rel=\"noreferrer noopener\">o treinador retornou ao Coelho<\/a>&nbsp;como auxiliar t\u00e9cnico de Lisca. Antes disso, estava no sub-20 do Bragantino. Em fun\u00e7\u00e3o da experi\u00eancia e proximidade com a diretoria, o nome de William ganhou for\u00e7a. Ele falou sobre o desafio e garantiu que a postura da equipe no Mineiro ser\u00e1 aguerrida.<\/p>\n\n\n\n<p>\u201cN\u00f3s temos grandes jogadores que s\u00e3o muito bons em espa\u00e7os curtos, ent\u00e3o essa mescla daquilo que \u00e9 espa\u00e7o curto e dos jogadores de grandes dist\u00e2ncias, vai dar para n\u00f3s varia\u00e7\u00e3o de jogo. Vamos entregar para o torcedor aquilo que ele espera, que \u00e9 um time competitivo, um time intenso, um time que brilhe pelo Campeonato Mineiro\u201d, falou.<\/p>\n\n\n\n<h2 class=\"wp-block-heading\" id=\"h-athletic-roger-silva\">Athletic: Roger Silva<\/h2>\n\n\n\n<p>A&nbsp;<a href=\"https:\/\/noataque.com.br\/futebol\/time\/athletic\/noticia\/2024\/12\/08\/athletic-anuncia-tecnico-para-a-temporada-2025\/\" target=\"_blank\" rel=\"noreferrer noopener\">carreira de Roger Silva<\/a>&nbsp;como t\u00e9cnico \u00e9 recente. Ele come\u00e7ou em 2021, no comando da Inter de Limeira. Contudo, ele \u00e9 quase um veterano no Campeonato Mineiro. Aos 40 anos, esteve no Athletic em quatro passagens e conseguiu feitos impressionantes \u2013 levou o time \u00e0 semifinal do Estadual duas vezes.<\/p>\n\n\n\n<p>Ano passado, ele acumulou outros feitos hist\u00f3ricos \u2013 conquistou um avan\u00e7o in\u00e9dito \u00e0 segunda fase da Copa do Brasil e, principalmente, a vaga na S\u00e9rie B de 2025.<\/p>\n\n\n\n<p>Al\u00e9m dos trabalhos no Athletic, ele tamb\u00e9m comandou o Pouso Alegre, o Manaus e o Primavera. O treinador mencionou a dificuldade do Estadual, mas ressaltou os objetivos do time.<\/p>\n\n\n\n<p>\u201cAcredito numa dificuldade maior que os outros anos, precisamos nos impor como uma equipe que fez um grande trabalho na S\u00e9rie C, que vai fazer uma S\u00e9rie B, mas com o p\u00e9 no ch\u00e3o. Porque n\u00e3o sonhar com uma semifinal novamente, sonhar com uma final de campeonato. \u00c9 um campeonato r\u00e1pido, ent\u00e3o voc\u00ea vai precisar recuperar muito r\u00e1pido, ter um grupo para girar os atletas, mas a gente continua com o cora\u00e7\u00e3o muito esperan\u00e7oso em fazer um grande trabalho\u201d, comentou.<\/p>\n\n\n\n<h2 class=\"wp-block-heading\" id=\"h-atletico-cuca\">Atl\u00e9tico: Cuca<\/h2>\n\n\n\n<p>O&nbsp;<a href=\"https:\/\/noataque.com.br\/futebol\/time\/atletico-mg\/noticia\/2025\/01\/10\/hulk-comenta-retorno-de-cuca-ao-atletico-e-estipula-meta-para-2025\/\" target=\"_blank\" rel=\"noreferrer noopener\">t\u00e9cnico Cuca<\/a>&nbsp;vai comandar o Atl\u00e9tico em 2025. Velho conhecido e multicampe\u00e3o pelo Galo, o comandante estava distante do futebol desde quando deixou o Athletico-PR, no in\u00edcio de 2024. Ele acumula passagens por times relevantes como Santos, Palmeiras, Cruzeiro e Fluminense.<\/p>\n\n\n\n<p>Contudo, no in\u00edcio do Mineiro, em fun\u00e7\u00e3o da pr\u00e9-temporada do alvinegro nos Estados Unidos, o t\u00e9cnico do Sub-23, Guilherme Dalla D\u00e9a, de 53 anos, ser\u00e1 o comandante \u00e0 beira de campo. Ele est\u00e1 no clube desde 2024 e j\u00e1 passou pela base do S\u00e3o Paulo e do Corinthians.<\/p>\n\n\n\n<p>Em apresenta\u00e7\u00e3o no Galo,&nbsp;<a href=\"https:\/\/noataque.com.br\/futebol\/time\/atletico-mg\/noticia\/2024\/12\/30\/os-novos-posicionamentos-de-cuca-e-atletico-sobre-o-escandalo-de-berna-e-o-que-se-sabe-do-caso\/\" target=\"_blank\" rel=\"noreferrer noopener\">Cuca<\/a>&nbsp;falou dos objetivos para a temporada e do planejamento para conseguir competir em alto n\u00edvel em busca do hexacampeonato.<\/p>\n\n\n\n<p>\u201cTenho conversado com a diretoria, eles est\u00e3o muito dispostos a fazer o time ficar mais fortalecido, o torcedor pode confiar que vamos ter um time competitivo em todas as frentes. O ideal \u00e9 ter dois jogadores por posi\u00e7\u00e3o, com seis coringas e formar alguns meninos na base. Se a gente tiver competitividade alta no elenco, a gente pode passar bem o ano\u201d, disse.<\/p>\n\n\n\n<h2 class=\"wp-block-heading\" id=\"h-aymores-luciano-quadros\">Aymor\u00e9s: Luciano Quadros<\/h2>\n\n\n\n<p>O t\u00e9cnico Luciano Quadros, de 50 anos, ser\u00e1 o comandante do Aymor\u00e9s no Campeonato Mineiro. \u00c9 a segunda passagem dele pelo clube. O treinador tamb\u00e9m esteve na equipe em 2024, durante o M\u00f3dulo 2 do Mineiro, e fez parte da campanha do acesso ao M\u00f3dulo I \u2013 foram nove jogos, quatro vit\u00f3rias, um empate e quatro derrotas.<\/p>\n\n\n\n<p>Nascido em Porto Alegre, Luciano acumula passagens por times de diversas regi\u00f5es do Brasil. Em 2024, al\u00e9m do Aymor\u00e9s, treinou times do Rio de Janeiro. Passou por Audax, Petr\u00f3polis, Social e Bonsucesso \u2013 onde finalizou o ano.<\/p>\n\n\n\n<p>Em seu retorno ao Aymor\u00e9s, o t\u00e9cnico elogiou o trabalho dos jogadores na pr\u00e9-temporada e garantiu que a for\u00e7a de vontade dos atletas ser\u00e1 evidente no Estadual.<\/p>\n\n\n\n<p>\u201cEstou gostado do que estou vendo, vamos aflorar a quest\u00e3o individual e t\u00e9cnica. Num contexto geral, a resposta do grupo, est\u00e1 sendo muito boa. Muito comprometimento e empenho. A expectativa e esperan\u00e7a do que estou vendo que eles querem \u00e9 muito boa. Vamos vir fortes, para a gente poder estrear com uma equipe organizada e competitiva\u201d, falou.<\/p>\n\n\n\n<h2 class=\"wp-block-heading\" id=\"h-betim-alex-nascif\">Betim: Alex Nascif<\/h2>\n\n\n\n<p>Alex Nascif, de 37 anos, j\u00e1 tem hist\u00f3ria \u00e0 frente do Betim. Ele foi o t\u00e9cnico que comandou o time no t\u00edtulo do M\u00f3dulo 2 do Mineiro que garantiu o acesso ao M\u00f3dulo I. Apesar de jovem, o treinador coleciona experi\u00eancia como auxiliar \u2013 al\u00e9m de conhecer bem o futebol mineiro.<\/p>\n\n\n\n<p>No curr\u00edculo, ele tem passagens por Am\u00e9rica, Tupi, Tupynamb\u00e1s, Ipatinga e Tombense. Ele tamb\u00e9m trabalhou nas categorias de base do Vit\u00f3ria e do Athletico-PR. Em 2024, al\u00e9m do Betim, foi auxiliar t\u00e9cnico do Botafogo-PB.<\/p>\n\n\n\n<p>Em prepara\u00e7\u00e3o para o Mineiro, o t\u00e9cnico falou dos objetivos do Betim no campeonato e reiterou as caracter\u00edsticas da equipe que podem se destacar.<\/p>\n\n\n\n<p>\u201cEsperamos ter sucesso na Primeira Divis\u00e3o, porque o nosso objetivo \u00e9 deixar o Betim nesse cen\u00e1rio e quem sabe conquistar um calend\u00e1rio para a S\u00e9rie D e outras competi\u00e7\u00f5es nacionais. N\u00f3s vamos continuar o trabalho, equipe comportada taticamente, aguerrida e que n\u00e3o desiste nunca. Queremos trazer isso\u201d, revelou.<\/p>\n\n\n\n<h2 class=\"wp-block-heading\" id=\"h-cruzeiro-fernando-diniz\">Cruzeiro: Fernando Diniz<\/h2>\n\n\n\n<p>Apesar de mineiro, \u00e9&nbsp;<a href=\"https:\/\/noataque.com.br\/futebol\/time\/cruzeiro\/noticia\/2025\/01\/11\/diniz-rasga-elogios-a-gabigol-no-cruzeiro-presenca-muito-forte\/\" target=\"_blank\" rel=\"noreferrer noopener\">a primeira vez que o t\u00e9cnico Fernando Diniz<\/a>, de 50 anos, ter\u00e1 uma experi\u00eancia no Estadual \u00e0 frente de uma equipe de Minas Gerais. No comando do Cruzeiro, ele chega com a miss\u00e3o de conquistar a ta\u00e7a \u2013 feito que n\u00e3o acontece desde 2019.<\/p>\n\n\n\n<p>Experiente no futebol, Diniz acumula passagens por times vitoriosos como S\u00e3o Paulo, Vasco, Santos e Fluminense \u2013 onde conquistou a Libertadores, inclusive. Em 2024, foi quando ele deixou o Flu e assumiu a Raposa em setembro. A continuidade do trabalho e a montagem de um elenco com grandes nomes \u2013 como Gabigol, Fagner e Dudu \u2013 foi um dos investimento de Pedrinho.<\/p>\n\n\n\n<p>Na primeira rodada do Estadual, em fun\u00e7\u00e3o da pr\u00e9-temporada nos Estados Unidos, Diniz ainda n\u00e3o comandar\u00e1 a equipe. O nome que estar\u00e1 \u00e0 frente do Cruzeiro, contudo, ainda n\u00e3o foi divulgado.<\/p>\n\n\n\n<h2 class=\"wp-block-heading\" id=\"h-democrata-gv-wladimir-araujo\">Democrata-GV: Wladimir Ara\u00fajo<\/h2>\n\n\n\n<p>Natural de Goi\u00e2nia, o t\u00e9cnico Wladimir Ara\u00fajo, de 55 anos, acumula passagens por times goianos, como Aparecidense, Anapolina, Vila Nova, e o pr\u00f3prio Goi\u00e1s. Essa ser\u00e1 a sua segunda passagem pelo Democrata-GV.<\/p>\n\n\n\n<p>Em 2024, ele esteve no Democrata, mas comandou o time por apenas dois jogos. Ainda no ano passado, ele treinou o Jataiense, o Ouvidorense e o Mineiros.<\/p>\n\n\n\n<p>O treinador manteve os p\u00e9s no ch\u00e3o ao falar dos objetivos, mas tamb\u00e9m projetou uma boa campanha para garantir vaga no Trof\u00e9u Inconfid\u00eancia, al\u00e9m de calend\u00e1rio para 2025.<\/p>\n\n\n\n<p>\u201cA expectativa \u00e9 boa, fazer um bom campeonato, mas n\u00e3o podemos deixar de exaltar que o primeiro objetivo \u00e9 permanecer na elite de Minas. N\u00e3o podemos deixar de sonhar com a semifinal, at\u00e9 mesmo com a vaga no Trof\u00e9u Inconfid\u00eancia, que d\u00e1 vaga para a S\u00e9rie D e Copa do Brasil do ano seguinte. Estamos bastante confiantes\u201d, disse.<\/p>\n\n\n\n<h2 class=\"wp-block-heading\" id=\"h-itabirito-cicero-junior\">Itabirito: C\u00edcero J\u00fanior<\/h2>\n\n\n\n<p>C\u00edcero J\u00fanior \u00e9 outro grande conhecido dos times mineiros. Aos 44 anos, ele j\u00e1 liderou campanhas de acesso \u2013 como a do Athletic, no M\u00f3dulo 2 e na S\u00e9rie D. Ele j\u00e1 passou pelas equipes do Uberl\u00e2ndia, Villa Nova, Pouso Alegre e Gama. Em 2024, comandou o Coimbra.<\/p>\n\n\n\n<p>Em reformula\u00e7\u00e3o, o Itabirito investiu em nome veterano n\u00e3o s\u00f3 no comando, mas tamb\u00e9m dentro de campo. Jogadores como J\u00f4, Bryan e Patrick fazem parte do elenco que busca elevar o time de patamar. O treinador falou do desafio e contou com a experi\u00eancia do grupo para ir longe no Estadual.<\/p>\n\n\n\n<p>\u201c\u00c9 um clube novo, mas vencedor. Formou um grupo vencedor, acostumado a chegar. \u00c9 isso que a gente espera, que a gente busca. Estamos brigando por um semifinal, quem sabe uma final, para levar o nome do Itabirito a grandes marcas\u201d, apontou.<\/p>\n\n\n\n<h2 class=\"wp-block-heading\" id=\"h-pouso-alegre-igor-henriques\">Pouso Alegre: Igor Henriques<\/h2>\n\n\n\n<p>Igor Henriques, de 37 anos, acumula passagens pelas categorias de base \u2013 do Coritiba, Vasco e Atl\u00e9tico. Em Minas, al\u00e9m do Galo, passou pela URT e pelo Aymor\u00e9s (esse, em 2024). Ser\u00e1 o primeiro trabalho do treinador \u00e0 frente do Pouso Alegre, e o primeiro tamb\u00e9m na elite do Mineiro.<\/p>\n\n\n\n<p>O t\u00e9cnico foi categ\u00f3rico ao determinar o principal objetivo, mas ressaltou a import\u00e2ncia de pensar jogo a jogo, sem ter em mente apenas o objetivo final.<\/p>\n\n\n\n<p>\u201cPrecisamos pensar passo a passo, jogo a jogo. Primeiro somar pontos para permanecer na primeira divis\u00e3o, depois pensar em classifica\u00e7\u00e3o para o Trof\u00e9u Inconfid\u00eancia, e conforme formos somando pontos poderemos pensar em objetivos maiores\u201d, falou.<\/p>\n\n\n\n<h2 class=\"wp-block-heading\" id=\"h-tombense-raul-cabral\">Tombense: Raul Cabral<\/h2>\n\n\n\n<p>O t\u00e9cnico Raul Cabral, de 43 anos, vai para a sua segunda temporada no comando do Tombense. Em 2024, ele comandou o time na disputa da S\u00e9rie C do Campeonato Brasileiro. Ele j\u00e1 havia passado pelo clube em outra oportunidade, mas ainda em 2017.<\/p>\n\n\n\n<p>O comandante come\u00e7ou nas categorias de base e trabalhou como auxiliar t\u00e9cnico durante algum tempo. Mas desde 2020 assumiu equipes principais em definitivo. Antes do Tombense, passou por Herc\u00edlio Cruz, Luverdense, Juventus Jaragu\u00e1 e Primavera.<\/p>\n\n\n\n<p>Raul falou da concorr\u00eancia no Campeonato Mineiro, principalmente em compara\u00e7\u00e3o \u00e0s equipes da capital, mas garantiu que a pr\u00e9-temporada foi importante para tentar um bom in\u00edcio na fase de grupos.<\/p>\n\n\n\n<p>\u201cExpectativa de uma competi\u00e7\u00e3o muito equilibrada, a f\u00f3rmula do Campeonato mineiro deixa uma margem de erro pequena. Ent\u00e3o \u00e9 importante iniciar bem. Sabemos que nosso in\u00edcio \u00e9 dif\u00edcil, mas estamos fazendo boa pr\u00e9-temporada para atingir os objetivos\u201d, afirmou.<\/p>\n\n\n\n<h2 class=\"wp-block-heading\" id=\"h-uberlandia-paulo-roberto-santos\">Uberl\u00e2ndia: Paulo Roberto Santos<\/h2>\n\n\n\n<p>Aos 64 anos, Paulo Roberto j\u00e1 tem hist\u00f3ria em Minas \u2013 e vitoriosa. Ele foi o t\u00e9cnico do acesso do Pouso Alegre \u00e0 S\u00e9rie C, em 2022. Al\u00e9m disso, ele tem vasta experi\u00eancias \u00e0 frente dos times paulistas \u2013 j\u00e1 passou por S\u00e3o Bento, XV de Piracicaba, Santo Andr\u00e9 e Atl\u00e9tico Sorocaba.<\/p>\n\n\n\n<p>Em 2024, comandou o Brasiliense. Ser\u00e1 a primeira vez dele no Campeonato Mineiro. O Uberl\u00e2ndia luta para fazer boa campanha entre os times do interior.<\/p>\n\n\n\n<p>O comandante determinou a meta e falou da import\u00e2ncia de se manter soberano dentro de casa, no Parque do Sabi\u00e1, para atingir o sonho ao fim do campeonato.<\/p>\n\n\n\n<p>\u201cNo Campeonato Mineiro, nossa primeira meta \u00e9 garantir uma vaga para a S\u00e9rie D de 2026, e o segundo objetivo \u00e9 a conquista do Trof\u00e9u Inconfid\u00eancia, que d\u00e1 direito a uma vaga na Copa do Brasil em 2026. Para isso, nosso foco ser\u00e1 sempre vencer os 4 jogos dentro de casa e, fora de casa, buscarmos sempre pontuar\u201d, contou.<\/p>\n\n\n\n<h2 class=\"wp-block-heading\" id=\"h-villa-nova-ricardo-drubscky\">Villa Nova: Ricardo Drubscky<\/h2>\n\n\n\n<p>Ricardo Drubscky \u00e9 um veterano do futebol mineiro. Aos 64 anos, ele comandar\u00e1 o Villa Nova. Em 2024 ele trabalhou como coordenador t\u00e9cnico do Sport. Seu \u00faltimo trabalho \u00e0 frente de um clube foi em 2023, quando comandou o Betim na disputa do M\u00f3dulo 2 do Mineiro.<\/p>\n\n\n\n<p>Em BH, Drubcscky j\u00e1 esteve nos tr\u00eas clubes: Am\u00e9rica, Atl\u00e9tico e Cruzeiro. Em 2011 ele foi campe\u00e3o da S\u00e9rie D do Campeonato Brasileiro com o Tupi, de Juiz de Fora.<\/p>\n\n\n\n<p>O t\u00e9cnico ressaltou o trabalho feito na pr\u00e9-temporada e falou da vontade de mostrar a recupera\u00e7\u00e3o do Villa no cen\u00e1rio regional.<\/p>\n\n\n\n<p>\u201c\u00c9 um campeonato muito curto, um tiro muito curto e a gente tem que estar muito atento para n\u00e3o cometer nenhum vacilo. Mas a prepara\u00e7\u00e3o est\u00e1 boa, n\u00f3s temos tido, dentro das possibilidades do Villa, todas as condi\u00e7\u00f5es necess\u00e1rias para fazer o nosso trabalho. Espero que o Villa consiga se classificar bem, fazer um bom campeonato, mostrar o peso da sua camisa\u201d, disse.<\/p>\n","protected":false},"excerpt":{"rendered":"<p>Os 12 times tem \u00e0 beira de campo nomes veteranos do futebol mineiro, mas tamb\u00e9m estreantes; conhe\u00e7a os t\u00e9cnicos T\u00e9cnicos do Mineiro 2025(foto: AFP &#8212; Mour\u00e3o Panda\/Am\u00e9rica &#8212; AFP &#8212; Divulga\u00e7\u00e3o\/Athletic) O&nbsp;Campeonato Mineiro come\u00e7a&nbsp;na pr\u00f3xima semana, dia 18 de janeiro. Os 12 times, ainda que com focos e expectativas diferentes, tem \u00e0 beira de campo [&hellip;]<\/p>\n","protected":false},"author":5,"featured_media":150589,"comment_status":"closed","ping_status":"open","sticky":false,"template":"","format":"standard","meta":{"advgb_blocks_editor_width":"","advgb_blocks_columns_visual_guide":"","_exactmetrics_skip_tracking":false,"_exactmetrics_sitenote_active":false,"_exactmetrics_sitenote_note":"","_exactmetrics_sitenote_category":0,"footnotes":""},"categories":[7,3,2],"tags":[],"class_list":["post-150588","post","type-post","status-publish","format-standard","has-post-thumbnail","hentry","category-destaques","category-esportes","category-noticias"],"better_featured_image":{"id":150589,"alt_text":"","caption":"","description":"","media_type":"image","media_details":{"width":900,"height":506,"file":"2025\/01\/FotoJet-3-6-900x506-1.jpg","filesize":94176,"sizes":{"medium":{"file":"FotoJet-3-6-900x506-1-470x264.jpg","width":470,"height":264,"mime-type":"image\/jpeg","filesize":34583,"source_url":"https:\/\/lavras.tv\/site\/wp-content\/uploads\/2025\/01\/FotoJet-3-6-900x506-1-470x264.jpg"},"thumbnail":{"file":"FotoJet-3-6-900x506-1-170x96.jpg","width":170,"height":96,"mime-type":"image\/jpeg","filesize":7773,"source_url":"https:\/\/lavras.tv\/site\/wp-content\/uploads\/2025\/01\/FotoJet-3-6-900x506-1-170x96.jpg"},"lshowcase-thumb":{"file":"FotoJet-3-6-900x506-1-200x112.jpg","width":200,"height":112,"mime-type":"image\/jpeg","filesize":9702,"source_url":"https:\/\/lavras.tv\/site\/wp-content\/uploads\/2025\/01\/FotoJet-3-6-900x506-1-200x112.jpg"},"alm-thumbnail":{"file":"FotoJet-3-6-900x506-1-150x150.jpg","width":150,"height":150,"mime-type":"image\/jpeg","filesize":10082,"source_url":"https:\/\/lavras.tv\/site\/wp-content\/uploads\/2025\/01\/FotoJet-3-6-900x506-1-150x150.jpg"}},"image_meta":{"aperture":"0","credit":"","camera":"","caption":"","created_timestamp":"0","copyright":"","focal_length":"0","iso":"0","shutter_speed":"0","title":"","orientation":"0","keywords":[]}},"post":150588,"source_url":"https:\/\/lavras.tv\/site\/wp-content\/uploads\/2025\/01\/FotoJet-3-6-900x506-1.jpg"},"author_meta":{"display_name":"Vinicius Bustamante","author_link":"https:\/\/lavras.tv\/site\/author\/vinicius-bustamante\/"},"featured_img":"https:\/\/lavras.tv\/site\/wp-content\/uploads\/2025\/01\/FotoJet-3-6-900x506-1-470x264.jpg","coauthors":[],"tax_additional":{"categories":{"linked":["<a href=\"https:\/\/lavras.tv\/site\/category\/destaques\/\" class=\"advgb-post-tax-term\">Destaques<\/a>","<a href=\"https:\/\/lavras.tv\/site\/category\/esportes\/\" class=\"advgb-post-tax-term\">Esportes<\/a>","<a href=\"https:\/\/lavras.tv\/site\/category\/noticias\/\" class=\"advgb-post-tax-term\">Not\u00edcias<\/a>"],"unlinked":["<span class=\"advgb-post-tax-term\">Destaques<\/span>","<span class=\"advgb-post-tax-term\">Esportes<\/span>","<span class=\"advgb-post-tax-term\">Not\u00edcias<\/span>"]}},"comment_count":"0","relative_dates":{"created":"Publicado 1 ano atr\u00e1s","modified":"Atualizado 1 ano atr\u00e1s"},"absolute_dates":{"created":"Publicado em 13 de janeiro de 2025","modified":"Atualizado em 13 de janeiro de 2025"},"absolute_dates_time":{"created":"Publicado em 13 de janeiro de 2025 17:32","modified":"Atualizado em 13 de janeiro de 2025 17:32"},"featured_img_caption":"","series_order":"","_links":{"self":[{"href":"https:\/\/lavras.tv\/site\/wp-json\/wp\/v2\/posts\/150588","targetHints":{"allow":["GET"]}}],"collection":[{"href":"https:\/\/lavras.tv\/site\/wp-json\/wp\/v2\/posts"}],"about":[{"href":"https:\/\/lavras.tv\/site\/wp-json\/wp\/v2\/types\/post"}],"author":[{"embeddable":true,"href":"https:\/\/lavras.tv\/site\/wp-json\/wp\/v2\/users\/5"}],"replies":[{"embeddable":true,"href":"https:\/\/lavras.tv\/site\/wp-json\/wp\/v2\/comments?post=150588"}],"version-history":[{"count":1,"href":"https:\/\/lavras.tv\/site\/wp-json\/wp\/v2\/posts\/150588\/revisions"}],"predecessor-version":[{"id":150590,"href":"https:\/\/lavras.tv\/site\/wp-json\/wp\/v2\/posts\/150588\/revisions\/150590"}],"wp:featuredmedia":[{"embeddable":true,"href":"https:\/\/lavras.tv\/site\/wp-json\/wp\/v2\/media\/150589"}],"wp:attachment":[{"href":"https:\/\/lavras.tv\/site\/wp-json\/wp\/v2\/media?parent=150588"}],"wp:term":[{"taxonomy":"category","embeddable":true,"href":"https:\/\/lavras.tv\/site\/wp-json\/wp\/v2\/categories?post=150588"},{"taxonomy":"post_tag","embeddable":true,"href":"https:\/\/lavras.tv\/site\/wp-json\/wp\/v2\/tags?post=150588"}],"curies":[{"name":"wp","href":"https:\/\/api.w.org\/{rel}","templated":true}]}}