{"id":150827,"date":"2025-01-14T17:13:05","date_gmt":"2025-01-14T20:13:05","guid":{"rendered":"https:\/\/lavras.tv\/site\/?p=150827"},"modified":"2025-01-14T17:13:07","modified_gmt":"2025-01-14T20:13:07","slug":"fmf-muda-tabela-e-altera-data-e-horario-de-jogo-do-cruzeiro-no-mineiro","status":"publish","type":"post","link":"https:\/\/lavras.tv\/site\/2025\/01\/14\/fmf-muda-tabela-e-altera-data-e-horario-de-jogo-do-cruzeiro-no-mineiro\/","title":{"rendered":"FMF muda tabela e altera data e hor\u00e1rio de jogo do Cruzeiro no Mineiro"},"content":{"rendered":"<div class=\"lavra-antes-do-conteudo_2\" id=\"lavra-477296012\"><div id=\"lavra-slider-27\" class=\"custom-slider lavra-slider-1563899575 lavra-slider\"><ul><li><div style=\"margin-left: auto;margin-right: auto;text-align: center;\" id=\"lavra-3519680773\"><a href=\"https:\/\/sistemas.lavras.mg.gov.br\/portalcidadao\/#df1b1a7c7b2a290bcb31e32771e610784662739a88807c0dacac58ede5f391a7530e299dc302d611ee73cb143fc22eaf93592e53e7b5bdb01b00a0b8d28dae460c141dd2ff83412e4dc1c31b16b25f33144a9e5620ea73b13f5bc1c59411d98439ad226e8af03840603796067d87afe130812cf3de24982d0e306f9e61e764e5\" aria-label=\"Lavras-TV&#8211;720x104px (1) (1)\"><img src=\"https:\/\/lavras.tv\/site\/wp-content\/uploads\/2025\/01\/Lavras-TV-720x104px-1-1.png\" alt=\"\"  srcset=\"https:\/\/lavras.tv\/site\/wp-content\/uploads\/2025\/01\/Lavras-TV-720x104px-1-1.png 720w, https:\/\/lavras.tv\/site\/wp-content\/uploads\/2025\/01\/Lavras-TV-720x104px-1-1-470x68.png 470w, https:\/\/lavras.tv\/site\/wp-content\/uploads\/2025\/01\/Lavras-TV-720x104px-1-1-170x25.png 170w, https:\/\/lavras.tv\/site\/wp-content\/uploads\/2025\/01\/Lavras-TV-720x104px-1-1-200x29.png 200w\" sizes=\"(max-width: 720px) 100vw, 720px\" width=\"720\" height=\"104\"  style=\"display: inline-block;\" \/><\/a><\/div><\/li><li><a href=\"https:\/\/sistemas.lavras.mg.gov.br\/portalcidadao\/#df1b1a7c7b2a290bcb31e32771e610784662739a88807c0dacac58ede5f391a7530e299dc302d611ee73cb143fc22eaf93592e53e7b5bdb01b00a0b8d28dae460c141dd2ff83412e4dc1c31b16b25f33144a9e5620ea73b13f5bc1c59411d98439ad226e8af03840603796067d87afe130812cf3de24982d0e306f9e61e764e5\" aria-label=\"Banner_Emprego_PortallavrasTV\"><img src=\"https:\/\/lavras.tv\/site\/wp-content\/uploads\/2025\/03\/Banner_Emprego_PortallavrasTV.png\" alt=\"\"  srcset=\"https:\/\/lavras.tv\/site\/wp-content\/uploads\/2025\/03\/Banner_Emprego_PortallavrasTV.png 720w, https:\/\/lavras.tv\/site\/wp-content\/uploads\/2025\/03\/Banner_Emprego_PortallavrasTV-470x68.png 470w, https:\/\/lavras.tv\/site\/wp-content\/uploads\/2025\/03\/Banner_Emprego_PortallavrasTV-170x25.png 170w, https:\/\/lavras.tv\/site\/wp-content\/uploads\/2025\/03\/Banner_Emprego_PortallavrasTV-200x29.png 200w\" sizes=\"(max-width: 720px) 100vw, 720px\" width=\"720\" height=\"104\"   \/><\/a><\/li><li><a href=\"https:\/\/sistemas.lavras.mg.gov.br\/portalcidadao\/#df1b1a7c7b2a290bcb31e32771e610784662739a88807c0dacac58ede5f391a7530e299dc302d611ee73cb143fc22eaf93592e53e7b5bdb01b00a0b8d28dae460c141dd2ff83412e4dc1c31b16b25f33144a9e5620ea73b13f5bc1c59411d98439ad226e8af03840603796067d87afe130812cf3de24982d0e306f9e61e764e5\" aria-label=\"Banner_Obras_PortallavrasTV\"><img src=\"https:\/\/lavras.tv\/site\/wp-content\/uploads\/2025\/03\/Banner_Obras_PortallavrasTV.png\" alt=\"\"  srcset=\"https:\/\/lavras.tv\/site\/wp-content\/uploads\/2025\/03\/Banner_Obras_PortallavrasTV.png 720w, https:\/\/lavras.tv\/site\/wp-content\/uploads\/2025\/03\/Banner_Obras_PortallavrasTV-470x68.png 470w, https:\/\/lavras.tv\/site\/wp-content\/uploads\/2025\/03\/Banner_Obras_PortallavrasTV-170x25.png 170w, https:\/\/lavras.tv\/site\/wp-content\/uploads\/2025\/03\/Banner_Obras_PortallavrasTV-200x29.png 200w\" sizes=\"(max-width: 720px) 100vw, 720px\" width=\"720\" height=\"104\"   \/><\/a><\/li><li><div style=\"margin-left: auto;margin-right: auto;text-align: center;\" id=\"lavra-894823167\"><a href=\"https:\/\/sistemas.lavras.mg.gov.br\/portalcidadao\/#df1b1a7c7b2a290bcb31e32771e610784662739a88807c0dacac58ede5f391a7530e299dc302d611ee73cb143fc22eaf93592e53e7b5bdb01b00a0b8d28dae460c141dd2ff83412e4dc1c31b16b25f33144a9e5620ea73b13f5bc1c59411d98439ad226e8af03840603796067d87afe130812cf3de24982d0e306f9e61e764e5\" aria-label=\"Banner_Educa\u00e7\u00e3o_PortallavrasTV\"><img src=\"https:\/\/lavras.tv\/site\/wp-content\/uploads\/2025\/01\/Banner_Educacao_PortallavrasTV.png\" alt=\"\"  srcset=\"https:\/\/lavras.tv\/site\/wp-content\/uploads\/2025\/01\/Banner_Educacao_PortallavrasTV.png 720w, https:\/\/lavras.tv\/site\/wp-content\/uploads\/2025\/01\/Banner_Educacao_PortallavrasTV-470x68.png 470w, https:\/\/lavras.tv\/site\/wp-content\/uploads\/2025\/01\/Banner_Educacao_PortallavrasTV-170x25.png 170w, https:\/\/lavras.tv\/site\/wp-content\/uploads\/2025\/01\/Banner_Educacao_PortallavrasTV-200x29.png 200w\" sizes=\"(max-width: 720px) 100vw, 720px\" width=\"720\" height=\"104\"  style=\"display: inline-block;\" \/><\/a><\/div><\/li><li><a href=\"https:\/\/sistemas.lavras.mg.gov.br\/portalcidadao\/#df1b1a7c7b2a290bcb31e32771e610784662739a88807c0dacac58ede5f391a7530e299dc302d611ee73cb143fc22eaf93592e53e7b5bdb01b00a0b8d28dae460c141dd2ff83412e4dc1c31b16b25f33144a9e5620ea73b13f5bc1c59411d98439ad226e8af03840603796067d87afe130812cf3de24982d0e306f9e61e764e5\" aria-label=\"Banner_Sa\u00fade_PortallavrasTV\"><img src=\"https:\/\/lavras.tv\/site\/wp-content\/uploads\/2025\/03\/Banner_Saude_PortallavrasTV.png\" alt=\"\"  srcset=\"https:\/\/lavras.tv\/site\/wp-content\/uploads\/2025\/03\/Banner_Saude_PortallavrasTV.png 720w, https:\/\/lavras.tv\/site\/wp-content\/uploads\/2025\/03\/Banner_Saude_PortallavrasTV-470x68.png 470w, https:\/\/lavras.tv\/site\/wp-content\/uploads\/2025\/03\/Banner_Saude_PortallavrasTV-170x25.png 170w, https:\/\/lavras.tv\/site\/wp-content\/uploads\/2025\/03\/Banner_Saude_PortallavrasTV-200x29.png 200w\" sizes=\"(max-width: 720px) 100vw, 720px\" width=\"720\" height=\"104\"   \/><\/a><\/li><li><div id=\"lavra-3394685902\" style=\"width:720px;height:104px;background-color:#ddd;overflow:scroll;\">\n\t<strong>Sa\u00edda da depura\u00e7\u00e3o de an\u00fancios<\/strong>\n\t<br><br>\n\tO an\u00fancio n\u00e3o \u00e9 exibido na p\u00e1gina<br><br>post atual: FMF muda tabela e altera data e hor\u00e1rio de jogo do Cruzeiro no Mineiro, ID: 150827<br><br><span style=\"color: red;\">O post atual n\u00e3o \u00e9 id\u00eantico ao post principal.<\/span><br><br>An\u00fancios: ROXO - TOPO INTERNA - ROTATIVO 2 (197)<br \/>Grupo de an\u00fancios: Princ_Meio01_720x104 (27)<br><br>Condi\u00e7\u00f5es de exibi\u00e7\u00e3o<div style=\"margin-bottom: 20px; white-space: pre-wrap; font-family: monospace; width: 100%; background: #ffe9e9;\"><strong>condi\u00e7\u00f5es gerais<\/strong><table border=\"1\"><thead><tr><th><\/th><th>An\u00fancios<\/th><th>wp_the_query<\/th><\/tr><\/thead><tr><td>is_main_query<\/td><td>1<\/td><td>1<\/td><\/tr><tr><td>is_rest_api<\/td><td>0<\/td><td>1<\/td><\/tr><tr><td>page<\/td><td>0<\/td><td>1<\/td><\/tr><tr><td>numpages<\/td><td>0<\/td><td>1<\/td><\/tr><tr><td>is_archive<\/td><td>1<\/td><td><\/td><\/tr><tr><td>is_search<\/td><td>1<\/td><td><\/td><\/tr><tr><td>is_home<\/td><td>1<\/td><td><\/td><\/tr><tr><td>is_404<\/td><td>1<\/td><td><\/td><\/tr><tr><td>is_attachment<\/td><td>1<\/td><td><\/td><\/tr><tr><td>is_singular<\/td><td>1<\/td><td><\/td><\/tr><tr><td>is_front_page<\/td><td>1<\/td><td><\/td><\/tr><tr><td>is_feed<\/td><td>1<\/td><td><\/td><\/tr><\/table><\/div><br><br><span style=\"color: red;\">Seu site usa HTTPS, mas o c\u00f3digo do an\u00fancio cont\u00e9m HTTP e pode n\u00e3o funcionar.<\/span>\t<br><br>\n\t<a style=\"color: green;\" href=\"https:\/\/wpadvancedads.com\/manual\/ad-debug-mode\/?utm_source=advanced-ads&utm_medium=link&utm_campaign=ad-debug-mode\" target=\"_blank\" rel=\"nofollow\">Encontre solu\u00e7\u00f5es no manual<\/a>\n<\/div>\n<\/li><\/ul><\/div><script>( window.advanced_ads_ready || jQuery( document ).ready ).call( null, function() {var $lavraslider1563899575 = jQuery( \".lavra-slider-1563899575\" );$lavraslider1563899575.on( \"unslider.ready\", function() { jQuery( \"div.custom-slider ul li\" ).css( \"display\", \"block\" ); });$lavraslider1563899575.unslider({ delay:4000, autoplay:true, nav:false, arrows:false, infinite:true });$lavraslider1563899575.on(\"mouseover\", function() {$lavraslider1563899575.unslider(\"stop\");}).on(\"mouseout\", function() {$lavraslider1563899575.unslider(\"start\");});});<\/script><\/div>\n<p>Partida entre Cruzeiro e Betim sai do dia 26 de janeiro e passa para o dia 25, no Mineir\u00e3o<\/p>\n\n\n\n<figure class=\"wp-block-image size-large\"><img fetchpriority=\"high\" decoding=\"async\" width=\"970\" height=\"546\" src=\"https:\/\/lavras.tv\/site\/wp-content\/uploads\/2025\/01\/download-1-1-970x546.webp\" alt=\"\" class=\"wp-image-150828\" srcset=\"https:\/\/lavras.tv\/site\/wp-content\/uploads\/2025\/01\/download-1-1-970x546.webp 970w, https:\/\/lavras.tv\/site\/wp-content\/uploads\/2025\/01\/download-1-1-470x265.webp 470w, https:\/\/lavras.tv\/site\/wp-content\/uploads\/2025\/01\/download-1-1-170x96.webp 170w, https:\/\/lavras.tv\/site\/wp-content\/uploads\/2025\/01\/download-1-1-200x113.webp 200w, https:\/\/lavras.tv\/site\/wp-content\/uploads\/2025\/01\/download-1-1.webp 1000w\" sizes=\"(max-width: 970px) 100vw, 970px\" \/><\/figure>\n\n\n\n<p>A Federa\u00e7\u00e3o Mineira de Futebol (FMF) divulgou nesta segunda-feira (13) mudan\u00e7as na tabela do Campeonato Mineiro. Com isso, a partida entre Cruzeiro e Betim, na terceira rodada da competi\u00e7\u00e3o, tem data e hor\u00e1rio alterados.<\/p>\n\n\n\n<p>Agora, o confronto entre Cruzeiro e Betim ser\u00e1 disputado no dia 25 de janeiro (s\u00e1bado), \u00e0s 16h30 (de Bras\u00edlia), no Mineir\u00e3o. A data original era no domingo (26), \u00e0s 16h.<\/p>\n\n\n\n<p>De acordo com a FMF, a mudan\u00e7a na tabela de jogos acontece ap\u00f3s pedido da TV Globo, detentora dos direitos de transmiss\u00e3o do Campeonato Mineiro.<\/p>\n\n\n\n<p>\u201cAlterar o dia e hor\u00e1rio do jogo n\u00ba 16, Cruzeiro X Betim, pela 3\u00aa rodada da fase classificat\u00f3ria do Campeonato Mineiro SICOOB &#8211; 2025, anteriormente designado para o dia 26.01.2025, domingo, \u00e0s 16h, no Mineir\u00e3o, em Belo Horizonte &#8211; MG, passando para o dia 25.01.2025, s\u00e1bado, \u00e0s 16:30h, mantido todo o restante\u201d, publicou a FMF em of\u00edcio publicado nesta segunda.<\/p>\n\n\n\n<h2 class=\"wp-block-heading\">Outra mudan\u00e7a<\/h2>\n\n\n\n<p>Esse \u00e9 o segundo jogo do Cruzeiro que sofre altera\u00e7\u00e3o no Campeonato Mineiro. Nesse s\u00e1bado, a Federa\u00e7\u00e3o Mineira de Futebol (FMF) definiu novas datas e hor\u00e1rios para as estreias de Cruzeiro e Atl\u00e9tico no&nbsp;<a href=\"https:\/\/www.itatiaia.com.br\/esportes\/futebol\/campeonato-mineiro\" target=\"_blank\" rel=\"noreferrer noopener\">Campeonato Mineiro<\/a>. A decis\u00e3o foi oficializada pelo \u00f3rg\u00e3o depois de reclama\u00e7\u00f5es do clube celeste.<\/p>\n\n\n\n<p>Agora, o Cruzeiro enfrentar\u00e1 o Tombense \u00e0s 20h (de Bras\u00edlia) do pr\u00f3ximo domingo (19). Anteriormente, a partida estava marcada para \u00e0s 16h30 (de Bras\u00edlia) do s\u00e1bado (18). O duelo ser\u00e1 no Mineir\u00e3o, em Belo Horizonte.<\/p>\n\n\n\n<p>Segundo a FMF, as trocas aconteceram depois de muito di\u00e1logo com a emissora detentora dos direitos de transmiss\u00e3o do Campeonato Mineiro e os clubes.<\/p>\n","protected":false},"excerpt":{"rendered":"<p>Partida entre Cruzeiro e Betim sai do dia 26 de janeiro e passa para o dia 25, no Mineir\u00e3o A Federa\u00e7\u00e3o Mineira de Futebol (FMF) divulgou nesta segunda-feira (13) mudan\u00e7as na tabela do Campeonato Mineiro. Com isso, a partida entre Cruzeiro e Betim, na terceira rodada da competi\u00e7\u00e3o, tem data e hor\u00e1rio alterados. Agora, o [&hellip;]<\/p>\n","protected":false},"author":5,"featured_media":150828,"comment_status":"closed","ping_status":"open","sticky":false,"template":"","format":"standard","meta":{"advgb_blocks_editor_width":"","advgb_blocks_columns_visual_guide":"","_exactmetrics_skip_tracking":false,"_exactmetrics_sitenote_active":false,"_exactmetrics_sitenote_note":"","_exactmetrics_sitenote_category":0,"footnotes":""},"categories":[7,3,2],"tags":[],"class_list":["post-150827","post","type-post","status-publish","format-standard","has-post-thumbnail","hentry","category-destaques","category-esportes","category-noticias"],"better_featured_image":{"id":150828,"alt_text":"","caption":"","description":"","media_type":"image","media_details":{"width":1000,"height":563,"file":"2025\/01\/download-1-1.webp","filesize":99960,"sizes":{"medium":{"file":"download-1-1-470x265.webp","width":470,"height":265,"mime-type":"image\/webp","filesize":23882,"source_url":"https:\/\/lavras.tv\/site\/wp-content\/uploads\/2025\/01\/download-1-1-470x265.webp"},"large":{"file":"download-1-1-970x546.webp","width":970,"height":546,"mime-type":"image\/webp","filesize":60796,"source_url":"https:\/\/lavras.tv\/site\/wp-content\/uploads\/2025\/01\/download-1-1-970x546.webp"},"thumbnail":{"file":"download-1-1-170x96.webp","width":170,"height":96,"mime-type":"image\/webp","filesize":5056,"source_url":"https:\/\/lavras.tv\/site\/wp-content\/uploads\/2025\/01\/download-1-1-170x96.webp"},"lshowcase-thumb":{"file":"download-1-1-200x113.webp","width":200,"height":113,"mime-type":"image\/webp","filesize":6692,"source_url":"https:\/\/lavras.tv\/site\/wp-content\/uploads\/2025\/01\/download-1-1-200x113.webp"},"alm-thumbnail":{"file":"download-1-1-150x150.webp","width":150,"height":150,"mime-type":"image\/webp","filesize":6914,"source_url":"https:\/\/lavras.tv\/site\/wp-content\/uploads\/2025\/01\/download-1-1-150x150.webp"}},"image_meta":{"aperture":"0","credit":"","camera":"","caption":"","created_timestamp":"0","copyright":"","focal_length":"0","iso":"0","shutter_speed":"0","title":"","orientation":"0","keywords":[]}},"post":150827,"source_url":"https:\/\/lavras.tv\/site\/wp-content\/uploads\/2025\/01\/download-1-1.webp"},"author_meta":{"display_name":"Vinicius Bustamante","author_link":"https:\/\/lavras.tv\/site\/author\/vinicius-bustamante\/"},"featured_img":"https:\/\/lavras.tv\/site\/wp-content\/uploads\/2025\/01\/download-1-1-470x265.webp","coauthors":[],"tax_additional":{"categories":{"linked":["<a href=\"https:\/\/lavras.tv\/site\/category\/destaques\/\" class=\"advgb-post-tax-term\">Destaques<\/a>","<a href=\"https:\/\/lavras.tv\/site\/category\/esportes\/\" class=\"advgb-post-tax-term\">Esportes<\/a>","<a href=\"https:\/\/lavras.tv\/site\/category\/noticias\/\" class=\"advgb-post-tax-term\">Not\u00edcias<\/a>"],"unlinked":["<span class=\"advgb-post-tax-term\">Destaques<\/span>","<span class=\"advgb-post-tax-term\">Esportes<\/span>","<span class=\"advgb-post-tax-term\">Not\u00edcias<\/span>"]}},"comment_count":"0","relative_dates":{"created":"Publicado 1 ano atr\u00e1s","modified":"Atualizado 1 ano atr\u00e1s"},"absolute_dates":{"created":"Publicado em 14 de janeiro de 2025","modified":"Atualizado em 14 de janeiro de 2025"},"absolute_dates_time":{"created":"Publicado em 14 de janeiro de 2025 17:13","modified":"Atualizado em 14 de janeiro de 2025 17:13"},"featured_img_caption":"","series_order":"","_links":{"self":[{"href":"https:\/\/lavras.tv\/site\/wp-json\/wp\/v2\/posts\/150827","targetHints":{"allow":["GET"]}}],"collection":[{"href":"https:\/\/lavras.tv\/site\/wp-json\/wp\/v2\/posts"}],"about":[{"href":"https:\/\/lavras.tv\/site\/wp-json\/wp\/v2\/types\/post"}],"author":[{"embeddable":true,"href":"https:\/\/lavras.tv\/site\/wp-json\/wp\/v2\/users\/5"}],"replies":[{"embeddable":true,"href":"https:\/\/lavras.tv\/site\/wp-json\/wp\/v2\/comments?post=150827"}],"version-history":[{"count":1,"href":"https:\/\/lavras.tv\/site\/wp-json\/wp\/v2\/posts\/150827\/revisions"}],"predecessor-version":[{"id":150829,"href":"https:\/\/lavras.tv\/site\/wp-json\/wp\/v2\/posts\/150827\/revisions\/150829"}],"wp:featuredmedia":[{"embeddable":true,"href":"https:\/\/lavras.tv\/site\/wp-json\/wp\/v2\/media\/150828"}],"wp:attachment":[{"href":"https:\/\/lavras.tv\/site\/wp-json\/wp\/v2\/media?parent=150827"}],"wp:term":[{"taxonomy":"category","embeddable":true,"href":"https:\/\/lavras.tv\/site\/wp-json\/wp\/v2\/categories?post=150827"},{"taxonomy":"post_tag","embeddable":true,"href":"https:\/\/lavras.tv\/site\/wp-json\/wp\/v2\/tags?post=150827"}],"curies":[{"name":"wp","href":"https:\/\/api.w.org\/{rel}","templated":true}]}}