{"id":1514,"date":"2016-08-12T11:00:16","date_gmt":"2016-08-12T11:00:16","guid":{"rendered":"http:\/\/lavras.tv\/site\/?p=1514"},"modified":"2016-08-12T11:00:16","modified_gmt":"2016-08-12T11:00:16","slug":"rio-2016-o-que-tem-no-7o-dia","status":"publish","type":"post","link":"https:\/\/lavras.tv\/site\/2016\/08\/12\/rio-2016-o-que-tem-no-7o-dia\/","title":{"rendered":"Rio 2016: O que tem no 7\u00ba dia"},"content":{"rendered":"<div class=\"lavra-antes-do-conteudo_2\" id=\"lavra-1870942535\"><div id=\"lavra-slider-27\" class=\"custom-slider lavra-slider-2341975968 lavra-slider\"><ul><li><div style=\"margin-left: auto;margin-right: auto;text-align: center;\" id=\"lavra-4279945019\"><a href=\"https:\/\/sistemas.lavras.mg.gov.br\/portalcidadao\/#df1b1a7c7b2a290bcb31e32771e610784662739a88807c0dacac58ede5f391a7530e299dc302d611ee73cb143fc22eaf93592e53e7b5bdb01b00a0b8d28dae460c141dd2ff83412e4dc1c31b16b25f33144a9e5620ea73b13f5bc1c59411d98439ad226e8af03840603796067d87afe130812cf3de24982d0e306f9e61e764e5\" aria-label=\"Lavras-TV&#8211;720x104px (1) (1)\"><img src=\"https:\/\/lavras.tv\/site\/wp-content\/uploads\/2025\/01\/Lavras-TV-720x104px-1-1.png\" alt=\"\"  srcset=\"https:\/\/lavras.tv\/site\/wp-content\/uploads\/2025\/01\/Lavras-TV-720x104px-1-1.png 720w, https:\/\/lavras.tv\/site\/wp-content\/uploads\/2025\/01\/Lavras-TV-720x104px-1-1-470x68.png 470w, https:\/\/lavras.tv\/site\/wp-content\/uploads\/2025\/01\/Lavras-TV-720x104px-1-1-170x25.png 170w, https:\/\/lavras.tv\/site\/wp-content\/uploads\/2025\/01\/Lavras-TV-720x104px-1-1-200x29.png 200w\" sizes=\"(max-width: 720px) 100vw, 720px\" width=\"720\" height=\"104\"  style=\"display: inline-block;\" \/><\/a><\/div><\/li><li><a href=\"https:\/\/sistemas.lavras.mg.gov.br\/portalcidadao\/#df1b1a7c7b2a290bcb31e32771e610784662739a88807c0dacac58ede5f391a7530e299dc302d611ee73cb143fc22eaf93592e53e7b5bdb01b00a0b8d28dae460c141dd2ff83412e4dc1c31b16b25f33144a9e5620ea73b13f5bc1c59411d98439ad226e8af03840603796067d87afe130812cf3de24982d0e306f9e61e764e5\" aria-label=\"Banner_Emprego_PortallavrasTV\"><img src=\"https:\/\/lavras.tv\/site\/wp-content\/uploads\/2025\/03\/Banner_Emprego_PortallavrasTV.png\" alt=\"\"  srcset=\"https:\/\/lavras.tv\/site\/wp-content\/uploads\/2025\/03\/Banner_Emprego_PortallavrasTV.png 720w, https:\/\/lavras.tv\/site\/wp-content\/uploads\/2025\/03\/Banner_Emprego_PortallavrasTV-470x68.png 470w, https:\/\/lavras.tv\/site\/wp-content\/uploads\/2025\/03\/Banner_Emprego_PortallavrasTV-170x25.png 170w, https:\/\/lavras.tv\/site\/wp-content\/uploads\/2025\/03\/Banner_Emprego_PortallavrasTV-200x29.png 200w\" sizes=\"(max-width: 720px) 100vw, 720px\" width=\"720\" height=\"104\"   \/><\/a><\/li><li><a href=\"https:\/\/sistemas.lavras.mg.gov.br\/portalcidadao\/#df1b1a7c7b2a290bcb31e32771e610784662739a88807c0dacac58ede5f391a7530e299dc302d611ee73cb143fc22eaf93592e53e7b5bdb01b00a0b8d28dae460c141dd2ff83412e4dc1c31b16b25f33144a9e5620ea73b13f5bc1c59411d98439ad226e8af03840603796067d87afe130812cf3de24982d0e306f9e61e764e5\" aria-label=\"Banner_Obras_PortallavrasTV\"><img src=\"https:\/\/lavras.tv\/site\/wp-content\/uploads\/2025\/03\/Banner_Obras_PortallavrasTV.png\" alt=\"\"  srcset=\"https:\/\/lavras.tv\/site\/wp-content\/uploads\/2025\/03\/Banner_Obras_PortallavrasTV.png 720w, https:\/\/lavras.tv\/site\/wp-content\/uploads\/2025\/03\/Banner_Obras_PortallavrasTV-470x68.png 470w, https:\/\/lavras.tv\/site\/wp-content\/uploads\/2025\/03\/Banner_Obras_PortallavrasTV-170x25.png 170w, https:\/\/lavras.tv\/site\/wp-content\/uploads\/2025\/03\/Banner_Obras_PortallavrasTV-200x29.png 200w\" sizes=\"(max-width: 720px) 100vw, 720px\" width=\"720\" height=\"104\"   \/><\/a><\/li><li><div style=\"margin-left: auto;margin-right: auto;text-align: center;\" id=\"lavra-3573901530\"><a href=\"https:\/\/sistemas.lavras.mg.gov.br\/portalcidadao\/#df1b1a7c7b2a290bcb31e32771e610784662739a88807c0dacac58ede5f391a7530e299dc302d611ee73cb143fc22eaf93592e53e7b5bdb01b00a0b8d28dae460c141dd2ff83412e4dc1c31b16b25f33144a9e5620ea73b13f5bc1c59411d98439ad226e8af03840603796067d87afe130812cf3de24982d0e306f9e61e764e5\" aria-label=\"Banner_Educa\u00e7\u00e3o_PortallavrasTV\"><img src=\"https:\/\/lavras.tv\/site\/wp-content\/uploads\/2025\/01\/Banner_Educacao_PortallavrasTV.png\" alt=\"\"  srcset=\"https:\/\/lavras.tv\/site\/wp-content\/uploads\/2025\/01\/Banner_Educacao_PortallavrasTV.png 720w, https:\/\/lavras.tv\/site\/wp-content\/uploads\/2025\/01\/Banner_Educacao_PortallavrasTV-470x68.png 470w, https:\/\/lavras.tv\/site\/wp-content\/uploads\/2025\/01\/Banner_Educacao_PortallavrasTV-170x25.png 170w, https:\/\/lavras.tv\/site\/wp-content\/uploads\/2025\/01\/Banner_Educacao_PortallavrasTV-200x29.png 200w\" sizes=\"(max-width: 720px) 100vw, 720px\" width=\"720\" height=\"104\"  style=\"display: inline-block;\" \/><\/a><\/div><\/li><li><a href=\"https:\/\/sistemas.lavras.mg.gov.br\/portalcidadao\/#df1b1a7c7b2a290bcb31e32771e610784662739a88807c0dacac58ede5f391a7530e299dc302d611ee73cb143fc22eaf93592e53e7b5bdb01b00a0b8d28dae460c141dd2ff83412e4dc1c31b16b25f33144a9e5620ea73b13f5bc1c59411d98439ad226e8af03840603796067d87afe130812cf3de24982d0e306f9e61e764e5\" aria-label=\"Banner_Sa\u00fade_PortallavrasTV\"><img src=\"https:\/\/lavras.tv\/site\/wp-content\/uploads\/2025\/03\/Banner_Saude_PortallavrasTV.png\" alt=\"\"  srcset=\"https:\/\/lavras.tv\/site\/wp-content\/uploads\/2025\/03\/Banner_Saude_PortallavrasTV.png 720w, https:\/\/lavras.tv\/site\/wp-content\/uploads\/2025\/03\/Banner_Saude_PortallavrasTV-470x68.png 470w, https:\/\/lavras.tv\/site\/wp-content\/uploads\/2025\/03\/Banner_Saude_PortallavrasTV-170x25.png 170w, https:\/\/lavras.tv\/site\/wp-content\/uploads\/2025\/03\/Banner_Saude_PortallavrasTV-200x29.png 200w\" sizes=\"(max-width: 720px) 100vw, 720px\" width=\"720\" height=\"104\"   \/><\/a><\/li><li><div id=\"lavra-4176457977\" style=\"width:720px;height:104px;background-color:#ddd;overflow:scroll;\">\n\t<strong>Sa\u00edda da depura\u00e7\u00e3o de an\u00fancios<\/strong>\n\t<br><br>\n\tO an\u00fancio n\u00e3o \u00e9 exibido na p\u00e1gina<br><br>post atual: Rio 2016: O que tem no 7\u00ba dia, ID: 1514<br><br><span style=\"color: red;\">O post atual n\u00e3o \u00e9 id\u00eantico ao post principal.<\/span><br><br>An\u00fancios: ROXO - TOPO INTERNA - ROTATIVO 2 (197)<br \/>Grupo de an\u00fancios: Princ_Meio01_720x104 (27)<br><br>Condi\u00e7\u00f5es de exibi\u00e7\u00e3o<div style=\"margin-bottom: 20px; white-space: pre-wrap; font-family: monospace; width: 100%; background: #ffe9e9;\"><strong>condi\u00e7\u00f5es gerais<\/strong><table border=\"1\"><thead><tr><th><\/th><th>An\u00fancios<\/th><th>wp_the_query<\/th><\/tr><\/thead><tr><td>is_main_query<\/td><td>1<\/td><td>1<\/td><\/tr><tr><td>is_rest_api<\/td><td>0<\/td><td>1<\/td><\/tr><tr><td>page<\/td><td>0<\/td><td>1<\/td><\/tr><tr><td>numpages<\/td><td>0<\/td><td>1<\/td><\/tr><tr><td>is_archive<\/td><td>1<\/td><td><\/td><\/tr><tr><td>is_search<\/td><td>1<\/td><td><\/td><\/tr><tr><td>is_home<\/td><td>1<\/td><td><\/td><\/tr><tr><td>is_404<\/td><td>1<\/td><td><\/td><\/tr><tr><td>is_attachment<\/td><td>1<\/td><td><\/td><\/tr><tr><td>is_singular<\/td><td>1<\/td><td><\/td><\/tr><tr><td>is_front_page<\/td><td>1<\/td><td><\/td><\/tr><tr><td>is_feed<\/td><td>1<\/td><td><\/td><\/tr><\/table><\/div><br><br><span style=\"color: red;\">Seu site usa HTTPS, mas o c\u00f3digo do an\u00fancio cont\u00e9m HTTP e pode n\u00e3o funcionar.<\/span>\t<br><br>\n\t<a style=\"color: green;\" href=\"https:\/\/wpadvancedads.com\/manual\/ad-debug-mode\/?utm_source=advanced-ads&utm_medium=link&utm_campaign=ad-debug-mode\" target=\"_blank\" rel=\"nofollow\">Encontre solu\u00e7\u00f5es no manual<\/a>\n<\/div>\n<\/li><\/ul><\/div><script>( window.advanced_ads_ready || jQuery( document ).ready ).call( null, function() {var $lavraslider2341975968 = jQuery( \".lavra-slider-2341975968\" );$lavraslider2341975968.on( \"unslider.ready\", function() { jQuery( \"div.custom-slider ul li\" ).css( \"display\", \"block\" ); });$lavraslider2341975968.unslider({ delay:4000, autoplay:true, nav:false, arrows:false, infinite:true });$lavraslider2341975968.on(\"mouseover\", function() {$lavraslider2341975968.unslider(\"stop\");}).on(\"mouseout\", function() {$lavraslider2341975968.unslider(\"start\");});});<\/script><\/div><p>Chegou a &#8220;Super-sexta&#8221;. Tem confronto no t\u00eanis pelas quartas de final do t\u00eanis, entre Thomaz Bellucci e Rafael Nadal. No jud\u00f4, acontece o \u00faltimo dia de disputas, com a categoria pesado, que conta com Teddy Riner, o franc\u00eas dono de oito t\u00edtulos mundiais. Na parte noturna, o Complexo Aqu\u00e1tico ver\u00e1 a final dos 50m livre, com a presen\u00e7a do brasileiro Bruno Fratus. Tem tamb\u00e9m o primeiro dia de competi\u00e7\u00f5es do atletismo, com destaque para a marcha atl\u00e9tica.<\/p>\n<p>O CARA DO JUD\u00d4<\/p>\n<p>Oito vezes campe\u00e3o mundial, o franc\u00eas Teddy Riner \u00e9 o maior nome do jud\u00f4. Peso pesado, ele entra em a\u00e7\u00e3o a partir das 10h atr\u00e1s do bicampeonato. As finais est\u00e3o marcadas para \u00e0s\u00a0<strong style=\"font-style: inherit;\">15h30, na Barra<\/strong>. O Brasil tem boas chances de p\u00f3dio, com Rafael Silva e Maria Suelen.<\/p>\n<p>COME\u00c7A O ATLETISMO<\/p>\n<p>Modalidade mais nobre do programa ol\u00edmpico, o atletismo come\u00e7a no Engenh\u00e3o e pelas ruas do Rio de Janeiro. Para o Brasil, a principal prova \u00e9 a de 20km da marcha atl\u00e9tica, em que Caio Bonfim \u00e9 um dos candidatos ao p\u00f3dio. A disputa come\u00e7a\u00a0<strong style=\"font-style: inherit;\">\u00e0s 14h30 no Pontal.\u00a0<\/strong><\/p>\n<p>DEPOIS DO SUSTO<\/p>\n<p>Ap\u00f3s sofrer para vencer a Austr\u00e1lia, o time de basquete dos EUA joga, nesta sexta-feira, contra a S\u00e9rvia pela quarta rodada da competi\u00e7\u00e3o. O duelo \u00e9 \u00e0s\u00a0<strong style=\"font-style: inherit;\">19h, na Arena Carioca<\/strong>.<\/p>\n<p>O MAIS R\u00c1PIDO<\/p>\n<p>As finais da nata\u00e7\u00e3o come\u00e7am\u00a0<strong style=\"font-style: inherit;\">\u00e0s 22h,<\/strong>\u00a0e, na sess\u00e3o, teremos a final dos 50m livre masculino, para decidir o homem mais r\u00e1pido da piscina. Acontecer\u00e1 tamb\u00e9m a final dos 100m borboleta, com a presen\u00e7a de Michael Phelps.<\/p>\n<p>PARA GARANTIR LUGAR NO P\u00d3DIO<\/p>\n<p>Robson Concei\u00e7\u00e3o luta as quartas de final da categoria at\u00e9 60kg do boxe masculino. Se passar pelo uzbeque Hurshid Jojibaev, garante, ao menos, a medalha de bronze. O duelo acontece \u00e0s<strong style=\"font-style: inherit;\">12h45, no Riocentro.\u00a0<\/strong><\/p>\n<p>RUMO A SEMI<\/p>\n<p>A sele\u00e7\u00e3o feminina de futebol enfrenta a Austr\u00e1lia por uma vaga na semifinal da competi\u00e7\u00e3o. Primeira colocada do grupo, o time ter\u00e1 revanche contra a equipe algoz da Copa do Mundo do ano passado.\u00a0<strong style=\"font-style: inherit;\">O duelo \u00e9 \u00e0s 22h, no Mineir\u00e3o.\u00a0<\/strong><\/p>\n<p>MESMA L\u00cdNGUA<\/p>\n<p>A sele\u00e7\u00e3o feminina de handebol joga a quarta rodada do torneio contra Angola, uma das boas surpresas da competi\u00e7\u00e3o. O duelo \u00e9 \u00e0s<strong>\u00a0<\/strong><strong>9h30, na Arena do Futuro.\u00a0<\/strong><\/p>\n<p>A QUADRA NA QUADRA<\/p>\n<p>A sele\u00e7\u00e3o feminina de v\u00f4lei busca a quarta vit\u00f3ria na competi\u00e7\u00e3o, agora contra a Coreia do Sul. A partida \u00e9 \u00e0s 22h35, no Maracan\u00e3zinho.<\/p>\n<p>\u00c9 PARA VALER!<\/p>\n<p>Come\u00e7a, nesta sexta-feira, a fase de mata-mata do v\u00f4lei de praia.\u00a0<strong style=\"font-style: inherit;\">\u00c0s 11h<\/strong>, B\u00e1rbara e \u00c1gatha jogam com as chinesas Wang e Yue, enquanto<strong>\u00a0<\/strong><strong>\u00e0s 16h<\/strong>, Larissa e Talita jogam com Borger e Bruthe, ambas partidas em Copacabana.<\/p>\n<p>&nbsp;<\/p>\n<p>Fonte: Globo Esporte<\/p>\n","protected":false},"excerpt":{"rendered":"<p>Chegou a &#8220;Super-sexta&#8221;. Tem confronto no t\u00eanis pelas quartas de final do t\u00eanis, entre Thomaz Bellucci e Rafael Nadal. No jud\u00f4, acontece o \u00faltimo dia de disputas, com a categoria pesado, que conta com Teddy Riner, o franc\u00eas dono de oito t\u00edtulos mundiais. Na parte noturna, o Complexo Aqu\u00e1tico ver\u00e1 a final dos 50m livre, [&hellip;]<\/p>\n","protected":false},"author":2,"featured_media":1376,"comment_status":"closed","ping_status":"open","sticky":false,"template":"","format":"standard","meta":{"advgb_blocks_editor_width":"","advgb_blocks_columns_visual_guide":"","_exactmetrics_skip_tracking":false,"_exactmetrics_sitenote_active":false,"_exactmetrics_sitenote_note":"","_exactmetrics_sitenote_category":0,"footnotes":""},"categories":[3],"tags":[],"class_list":["post-1514","post","type-post","status-publish","format-standard","has-post-thumbnail","hentry","category-esportes"],"better_featured_image":{"id":1376,"alt_text":"","caption":"","description":"","media_type":"image","media_details":{"width":1904,"height":1259,"file":"2016\/08\/maraca.png","sizes":{"thumbnail":{"file":"maraca-150x99.png","width":150,"height":99,"mime-type":"image\/png","source_url":"https:\/\/lavras.tv\/site\/wp-content\/uploads\/2016\/08\/maraca-150x99.png"},"medium":{"file":"maraca-300x198.png","width":300,"height":198,"mime-type":"image\/png","source_url":"https:\/\/lavras.tv\/site\/wp-content\/uploads\/2016\/08\/maraca-300x198.png"},"large":{"file":"maraca-1024x677.png","width":1024,"height":677,"mime-type":"image\/png","source_url":"https:\/\/lavras.tv\/site\/wp-content\/uploads\/2016\/08\/maraca-1024x677.png"},"featured-slider-img":{"file":"maraca-640x480.png","width":640,"height":480,"mime-type":"image\/png","source_url":"https:\/\/lavras.tv\/site\/wp-content\/uploads\/2016\/08\/maraca-640x480.png"},"featured-post-img":{"file":"maraca-480x320.png","width":480,"height":320,"mime-type":"image\/png","source_url":"https:\/\/lavras.tv\/site\/wp-content\/uploads\/2016\/08\/maraca-480x320.png"},"sow-carousel-default":{"file":"maraca-272x182.png","width":272,"height":182,"mime-type":"image\/png","source_url":"https:\/\/lavras.tv\/site\/wp-content\/uploads\/2016\/08\/maraca-272x182.png"}},"image_meta":{"aperture":"0","credit":"","camera":"","caption":"","created_timestamp":"0","copyright":"","focal_length":"0","iso":"0","shutter_speed":"0","title":"","orientation":"0","keywords":[]}},"post":1375,"source_url":"https:\/\/lavras.tv\/site\/wp-content\/uploads\/2016\/08\/maraca.png"},"author_meta":{"display_name":"Lavras TV","author_link":"https:\/\/lavras.tv\/site\/author\/lavrastv\/"},"featured_img":"https:\/\/lavras.tv\/site\/wp-content\/uploads\/2016\/08\/maraca-300x198.png","coauthors":[],"tax_additional":{"categories":{"linked":["<a href=\"https:\/\/lavras.tv\/site\/category\/esportes\/\" class=\"advgb-post-tax-term\">Esportes<\/a>"],"unlinked":["<span class=\"advgb-post-tax-term\">Esportes<\/span>"]}},"comment_count":"0","relative_dates":{"created":"Publicado 10 anos atr\u00e1s","modified":"Atualizado 10 anos atr\u00e1s"},"absolute_dates":{"created":"Publicado em 12 de agosto de 2016","modified":"Atualizado em 12 de agosto de 2016"},"absolute_dates_time":{"created":"Publicado em 12 de agosto de 2016 11:00","modified":"Atualizado em 12 de agosto de 2016 11:00"},"featured_img_caption":"","series_order":"","_links":{"self":[{"href":"https:\/\/lavras.tv\/site\/wp-json\/wp\/v2\/posts\/1514","targetHints":{"allow":["GET"]}}],"collection":[{"href":"https:\/\/lavras.tv\/site\/wp-json\/wp\/v2\/posts"}],"about":[{"href":"https:\/\/lavras.tv\/site\/wp-json\/wp\/v2\/types\/post"}],"author":[{"embeddable":true,"href":"https:\/\/lavras.tv\/site\/wp-json\/wp\/v2\/users\/2"}],"replies":[{"embeddable":true,"href":"https:\/\/lavras.tv\/site\/wp-json\/wp\/v2\/comments?post=1514"}],"version-history":[{"count":1,"href":"https:\/\/lavras.tv\/site\/wp-json\/wp\/v2\/posts\/1514\/revisions"}],"predecessor-version":[{"id":1515,"href":"https:\/\/lavras.tv\/site\/wp-json\/wp\/v2\/posts\/1514\/revisions\/1515"}],"wp:featuredmedia":[{"embeddable":true,"href":"https:\/\/lavras.tv\/site\/wp-json\/wp\/v2\/media\/1376"}],"wp:attachment":[{"href":"https:\/\/lavras.tv\/site\/wp-json\/wp\/v2\/media?parent=1514"}],"wp:term":[{"taxonomy":"category","embeddable":true,"href":"https:\/\/lavras.tv\/site\/wp-json\/wp\/v2\/categories?post=1514"},{"taxonomy":"post_tag","embeddable":true,"href":"https:\/\/lavras.tv\/site\/wp-json\/wp\/v2\/tags?post=1514"}],"curies":[{"name":"wp","href":"https:\/\/api.w.org\/{rel}","templated":true}]}}