{"id":1520,"date":"2016-08-12T12:56:48","date_gmt":"2016-08-12T12:56:48","guid":{"rendered":"http:\/\/lavras.tv\/site\/?p=1520"},"modified":"2016-08-12T12:56:48","modified_gmt":"2016-08-12T12:56:48","slug":"boatos-na-internet-sobre-o-fim-do-13o-tire-suas-duvidas","status":"publish","type":"post","link":"https:\/\/lavras.tv\/site\/2016\/08\/12\/boatos-na-internet-sobre-o-fim-do-13o-tire-suas-duvidas\/","title":{"rendered":"Boatos na internet sobre o fim do 13\u00ba &#8211; tire suas d\u00favidas"},"content":{"rendered":"<div class=\"lavra-antes-do-conteudo_2\" id=\"lavra-2471185455\"><div id=\"lavra-slider-27\" class=\"custom-slider lavra-slider-464445534 lavra-slider\"><ul><li><div style=\"margin-left: auto;margin-right: auto;text-align: center;\" id=\"lavra-2052954871\"><a href=\"https:\/\/sistemas.lavras.mg.gov.br\/portalcidadao\/#df1b1a7c7b2a290bcb31e32771e610784662739a88807c0dacac58ede5f391a7530e299dc302d611ee73cb143fc22eaf93592e53e7b5bdb01b00a0b8d28dae460c141dd2ff83412e4dc1c31b16b25f33144a9e5620ea73b13f5bc1c59411d98439ad226e8af03840603796067d87afe130812cf3de24982d0e306f9e61e764e5\" aria-label=\"Lavras-TV&#8211;720x104px (1) (1)\"><img src=\"https:\/\/lavras.tv\/site\/wp-content\/uploads\/2025\/01\/Lavras-TV-720x104px-1-1.png\" alt=\"\"  srcset=\"https:\/\/lavras.tv\/site\/wp-content\/uploads\/2025\/01\/Lavras-TV-720x104px-1-1.png 720w, https:\/\/lavras.tv\/site\/wp-content\/uploads\/2025\/01\/Lavras-TV-720x104px-1-1-470x68.png 470w, https:\/\/lavras.tv\/site\/wp-content\/uploads\/2025\/01\/Lavras-TV-720x104px-1-1-170x25.png 170w, https:\/\/lavras.tv\/site\/wp-content\/uploads\/2025\/01\/Lavras-TV-720x104px-1-1-200x29.png 200w\" sizes=\"(max-width: 720px) 100vw, 720px\" width=\"720\" height=\"104\"  style=\"display: inline-block;\" \/><\/a><\/div><\/li><li><a href=\"https:\/\/sistemas.lavras.mg.gov.br\/portalcidadao\/#df1b1a7c7b2a290bcb31e32771e610784662739a88807c0dacac58ede5f391a7530e299dc302d611ee73cb143fc22eaf93592e53e7b5bdb01b00a0b8d28dae460c141dd2ff83412e4dc1c31b16b25f33144a9e5620ea73b13f5bc1c59411d98439ad226e8af03840603796067d87afe130812cf3de24982d0e306f9e61e764e5\" aria-label=\"Banner_Emprego_PortallavrasTV\"><img src=\"https:\/\/lavras.tv\/site\/wp-content\/uploads\/2025\/03\/Banner_Emprego_PortallavrasTV.png\" alt=\"\"  srcset=\"https:\/\/lavras.tv\/site\/wp-content\/uploads\/2025\/03\/Banner_Emprego_PortallavrasTV.png 720w, https:\/\/lavras.tv\/site\/wp-content\/uploads\/2025\/03\/Banner_Emprego_PortallavrasTV-470x68.png 470w, https:\/\/lavras.tv\/site\/wp-content\/uploads\/2025\/03\/Banner_Emprego_PortallavrasTV-170x25.png 170w, https:\/\/lavras.tv\/site\/wp-content\/uploads\/2025\/03\/Banner_Emprego_PortallavrasTV-200x29.png 200w\" sizes=\"(max-width: 720px) 100vw, 720px\" width=\"720\" height=\"104\"   \/><\/a><\/li><li><a href=\"https:\/\/sistemas.lavras.mg.gov.br\/portalcidadao\/#df1b1a7c7b2a290bcb31e32771e610784662739a88807c0dacac58ede5f391a7530e299dc302d611ee73cb143fc22eaf93592e53e7b5bdb01b00a0b8d28dae460c141dd2ff83412e4dc1c31b16b25f33144a9e5620ea73b13f5bc1c59411d98439ad226e8af03840603796067d87afe130812cf3de24982d0e306f9e61e764e5\" aria-label=\"Banner_Obras_PortallavrasTV\"><img src=\"https:\/\/lavras.tv\/site\/wp-content\/uploads\/2025\/03\/Banner_Obras_PortallavrasTV.png\" alt=\"\"  srcset=\"https:\/\/lavras.tv\/site\/wp-content\/uploads\/2025\/03\/Banner_Obras_PortallavrasTV.png 720w, https:\/\/lavras.tv\/site\/wp-content\/uploads\/2025\/03\/Banner_Obras_PortallavrasTV-470x68.png 470w, https:\/\/lavras.tv\/site\/wp-content\/uploads\/2025\/03\/Banner_Obras_PortallavrasTV-170x25.png 170w, https:\/\/lavras.tv\/site\/wp-content\/uploads\/2025\/03\/Banner_Obras_PortallavrasTV-200x29.png 200w\" sizes=\"(max-width: 720px) 100vw, 720px\" width=\"720\" height=\"104\"   \/><\/a><\/li><li><div style=\"margin-left: auto;margin-right: auto;text-align: center;\" id=\"lavra-3708480101\"><a href=\"https:\/\/sistemas.lavras.mg.gov.br\/portalcidadao\/#df1b1a7c7b2a290bcb31e32771e610784662739a88807c0dacac58ede5f391a7530e299dc302d611ee73cb143fc22eaf93592e53e7b5bdb01b00a0b8d28dae460c141dd2ff83412e4dc1c31b16b25f33144a9e5620ea73b13f5bc1c59411d98439ad226e8af03840603796067d87afe130812cf3de24982d0e306f9e61e764e5\" aria-label=\"Banner_Educa\u00e7\u00e3o_PortallavrasTV\"><img src=\"https:\/\/lavras.tv\/site\/wp-content\/uploads\/2025\/01\/Banner_Educacao_PortallavrasTV.png\" alt=\"\"  srcset=\"https:\/\/lavras.tv\/site\/wp-content\/uploads\/2025\/01\/Banner_Educacao_PortallavrasTV.png 720w, https:\/\/lavras.tv\/site\/wp-content\/uploads\/2025\/01\/Banner_Educacao_PortallavrasTV-470x68.png 470w, https:\/\/lavras.tv\/site\/wp-content\/uploads\/2025\/01\/Banner_Educacao_PortallavrasTV-170x25.png 170w, https:\/\/lavras.tv\/site\/wp-content\/uploads\/2025\/01\/Banner_Educacao_PortallavrasTV-200x29.png 200w\" sizes=\"(max-width: 720px) 100vw, 720px\" width=\"720\" height=\"104\"  style=\"display: inline-block;\" \/><\/a><\/div><\/li><li><a href=\"https:\/\/sistemas.lavras.mg.gov.br\/portalcidadao\/#df1b1a7c7b2a290bcb31e32771e610784662739a88807c0dacac58ede5f391a7530e299dc302d611ee73cb143fc22eaf93592e53e7b5bdb01b00a0b8d28dae460c141dd2ff83412e4dc1c31b16b25f33144a9e5620ea73b13f5bc1c59411d98439ad226e8af03840603796067d87afe130812cf3de24982d0e306f9e61e764e5\" aria-label=\"Banner_Sa\u00fade_PortallavrasTV\"><img src=\"https:\/\/lavras.tv\/site\/wp-content\/uploads\/2025\/03\/Banner_Saude_PortallavrasTV.png\" alt=\"\"  srcset=\"https:\/\/lavras.tv\/site\/wp-content\/uploads\/2025\/03\/Banner_Saude_PortallavrasTV.png 720w, https:\/\/lavras.tv\/site\/wp-content\/uploads\/2025\/03\/Banner_Saude_PortallavrasTV-470x68.png 470w, https:\/\/lavras.tv\/site\/wp-content\/uploads\/2025\/03\/Banner_Saude_PortallavrasTV-170x25.png 170w, https:\/\/lavras.tv\/site\/wp-content\/uploads\/2025\/03\/Banner_Saude_PortallavrasTV-200x29.png 200w\" sizes=\"(max-width: 720px) 100vw, 720px\" width=\"720\" height=\"104\"   \/><\/a><\/li><li><div id=\"lavra-1435965835\" style=\"width:720px;height:104px;background-color:#ddd;overflow:scroll;\">\n\t<strong>Sa\u00edda da depura\u00e7\u00e3o de an\u00fancios<\/strong>\n\t<br><br>\n\tO an\u00fancio n\u00e3o \u00e9 exibido na p\u00e1gina<br><br>post atual: Boatos na internet sobre o fim do 13\u00ba - tire suas d\u00favidas, ID: 1520<br><br><span style=\"color: red;\">O post atual n\u00e3o \u00e9 id\u00eantico ao post principal.<\/span><br><br>An\u00fancios: ROXO - TOPO INTERNA - ROTATIVO 2 (197)<br \/>Grupo de an\u00fancios: Princ_Meio01_720x104 (27)<br><br>Condi\u00e7\u00f5es de exibi\u00e7\u00e3o<div style=\"margin-bottom: 20px; white-space: pre-wrap; font-family: monospace; width: 100%; background: #ffe9e9;\"><strong>condi\u00e7\u00f5es gerais<\/strong><table border=\"1\"><thead><tr><th><\/th><th>An\u00fancios<\/th><th>wp_the_query<\/th><\/tr><\/thead><tr><td>is_main_query<\/td><td>1<\/td><td>1<\/td><\/tr><tr><td>is_rest_api<\/td><td>0<\/td><td>1<\/td><\/tr><tr><td>page<\/td><td>0<\/td><td>1<\/td><\/tr><tr><td>numpages<\/td><td>0<\/td><td>1<\/td><\/tr><tr><td>is_archive<\/td><td>1<\/td><td><\/td><\/tr><tr><td>is_search<\/td><td>1<\/td><td><\/td><\/tr><tr><td>is_home<\/td><td>1<\/td><td><\/td><\/tr><tr><td>is_404<\/td><td>1<\/td><td><\/td><\/tr><tr><td>is_attachment<\/td><td>1<\/td><td><\/td><\/tr><tr><td>is_singular<\/td><td>1<\/td><td><\/td><\/tr><tr><td>is_front_page<\/td><td>1<\/td><td><\/td><\/tr><tr><td>is_feed<\/td><td>1<\/td><td><\/td><\/tr><\/table><\/div><br><br><span style=\"color: red;\">Seu site usa HTTPS, mas o c\u00f3digo do an\u00fancio cont\u00e9m HTTP e pode n\u00e3o funcionar.<\/span>\t<br><br>\n\t<a style=\"color: green;\" href=\"https:\/\/wpadvancedads.com\/manual\/ad-debug-mode\/?utm_source=advanced-ads&utm_medium=link&utm_campaign=ad-debug-mode\" target=\"_blank\" rel=\"nofollow\">Encontre solu\u00e7\u00f5es no manual<\/a>\n<\/div>\n<\/li><\/ul><\/div><script>( window.advanced_ads_ready || jQuery( document ).ready ).call( null, function() {var $lavraslider464445534 = jQuery( \".lavra-slider-464445534\" );$lavraslider464445534.on( \"unslider.ready\", function() { jQuery( \"div.custom-slider ul li\" ).css( \"display\", \"block\" ); });$lavraslider464445534.unslider({ delay:4000, autoplay:true, nav:false, arrows:false, infinite:true });$lavraslider464445534.on(\"mouseover\", function() {$lavraslider464445534.unslider(\"stop\");}).on(\"mouseout\", function() {$lavraslider464445534.unslider(\"start\");});});<\/script><\/div><p>Vira a metade do ano e o trabalhador brasileiro j\u00e1 sonha com o 13\u00ba sal\u00e1rio. O benef\u00edcio, institu\u00eddo em 1962, tinha a inten\u00e7\u00e3o de proporcionar um Natal melhor \u00e0s fam\u00edlias. Ao longo dos anos, acabou servindo para pagar as contas acumuladas no ano. Hoje, est\u00e1 garantido no artigo 7\u00ba da Constitui\u00e7\u00e3o Federal.<\/p>\n<p><b><\/b>\u00c9 por isso que pode causar arrepios uma mensagem afirmando que o fim benef\u00edcio j\u00e1 foi aprovado pelos deputados federais e est\u00e1 no caminho de ser extinto. Confira parte do texto.<\/p>\n<div id=\"sc-7ua38hx3k7hdok6e0zfr\" data-smartplay-instance-id=\"0\" data-version=\"4.0.1-6-g8179e5c\"><\/div>\n<div class=\"materia-foto\"><img decoding=\"async\" src=\"http:\/\/zh.rbsdirect.com.br\/imagesrc\/20750072.jpg?w=640\" \/><\/p>\n<div class=\"legenda\"><span class=\"credito\">Foto: WhatsApp \/ Ag\u00eancia RBS<\/span><\/div>\n<\/div>\n<p>Em algumas vers\u00f5es da mensagem, s\u00e3o citados partidos que n\u00e3o existem mais e pol\u00edticos que j\u00e1 largaram a vida p\u00fablica. S\u00f3 a\u00ed, fica evidente a farsa. Desde 2010, pelo menos, esse texto circula, muito gra\u00e7as \u00e0s redes sociais, e ganha for\u00e7a nos per\u00edodos eleitorais, evidenciando uma origem pol\u00edtica. Com a inten\u00e7\u00e3o do governo de apresentar projeto de reforma trabalhista, o boato pode ganhar mais f\u00f4lego. Contra ele, informa\u00e7\u00e3o.<\/p>\n<p>O fato \u00e9 que nenhuma vota\u00e7\u00e3o desse tipo sequer ro\u00e7ou o Congresso Nacional. E, segundo o professor de Direito Constitucional\u00a0Luiz Fernando Calil de Freitas, seria algo muito mais dif\u00edcil do que se imagina.<\/p>\n<p>&#8220;Sendo um dos Direitos Sociais previstos na Constitui\u00e7\u00e3o, em tese, uma emenda constitucional poderia suprimir o 13\u00ba. Mas h\u00e1 uma interpreta\u00e7\u00e3o forte de que, assim como os Direitos Individuais, ele \u00e9 uma cl\u00e1usula p\u00e9trea, que n\u00e3o pode ser tocada. Ou seja, s\u00f3 isso geraria uma batalha no STF, coisa para uns dez anos at\u00e9&#8221;, diz o professor.<\/p>\n<p>Ele lembra que, antes disso, a emenda teria de ser aprovada duas vezes na C\u00e2mara dos Deputados e duas vezes no Senado por tr\u00eas quintos dos parlamentares em cada sess\u00e3o: exig\u00eancia t\u00e3o pesada que demandaria longa discuss\u00e3o e negocia\u00e7\u00e3o, com press\u00e3o intensa da sociedade.<\/p>\n<div class=\"materia-foto\"><img fetchpriority=\"high\" decoding=\"async\" class=\"alignright\" src=\"http:\/\/zh.rbsdirect.com.br\/imagesrc\/17954622.jpg?w=640\" width=\"335\" height=\"223\" \/><\/p>\n<div class=\"legenda\"><\/div>\n<\/div>\n<p><b>Reforma trabalhista em gesta\u00e7\u00e3o no governo<\/b><\/p>\n<p>Mas \u00e9 verdade que um projeto de reforma trabalhista est\u00e1 sendo desenhado pelo governo federal. Entretanto, nenhuma proposta oficial foi revelada. Centrais sindicais est\u00e3o sendo chamadas para a discuss\u00e3o antes do governo revelar um projeto fechado.<\/p>\n<p>A ideia que deve nortear o projeto \u00e9 a flexibiliza\u00e7\u00e3o. A\u00a0proposta a ser encaminhada pelo governo ao Congresso dever\u00e1 tocar em temas como a preval\u00eancia da negocia\u00e7\u00e3o coletiva, tratar de assuntos como sal\u00e1rio e jornada, podendo ainda abordar a terceiriza\u00e7\u00e3o. A previs\u00e3o, entretanto, \u00e9 de que nada seja votado ainda neste ano.<\/p>\n<p>&nbsp;<\/p>\n<p>Fonte: Zero Hora<\/p>\n","protected":false},"excerpt":{"rendered":"<p>Vira a metade do ano e o trabalhador brasileiro j\u00e1 sonha com o 13\u00ba sal\u00e1rio. O benef\u00edcio, institu\u00eddo em 1962, tinha a inten\u00e7\u00e3o de proporcionar um Natal melhor \u00e0s fam\u00edlias. Ao longo dos anos, acabou servindo para pagar as contas acumuladas no ano. Hoje, est\u00e1 garantido no artigo 7\u00ba da Constitui\u00e7\u00e3o Federal. \u00c9 por isso [&hellip;]<\/p>\n","protected":false},"author":2,"featured_media":1521,"comment_status":"closed","ping_status":"open","sticky":false,"template":"","format":"standard","meta":{"advgb_blocks_editor_width":"","advgb_blocks_columns_visual_guide":"","_exactmetrics_skip_tracking":false,"_exactmetrics_sitenote_active":false,"_exactmetrics_sitenote_note":"","_exactmetrics_sitenote_category":0,"footnotes":""},"categories":[7,2],"tags":[490,489,50],"class_list":["post-1520","post","type-post","status-publish","format-standard","has-post-thumbnail","hentry","category-destaques","category-noticias","tag-boato-13o","tag-fim-do-13o-salario","tag-lavras-tv"],"better_featured_image":{"id":1521,"alt_text":"","caption":"","description":"","media_type":"image","media_details":{"width":635,"height":466,"file":"2016\/08\/carteira-de-trabalho-635x466.jpg","sizes":{"thumbnail":{"file":"carteira-de-trabalho-635x466-150x110.jpg","width":150,"height":110,"mime-type":"image\/jpeg","source_url":"https:\/\/lavras.tv\/site\/wp-content\/uploads\/2016\/08\/carteira-de-trabalho-635x466-150x110.jpg"},"medium":{"file":"carteira-de-trabalho-635x466-300x220.jpg","width":300,"height":220,"mime-type":"image\/jpeg","source_url":"https:\/\/lavras.tv\/site\/wp-content\/uploads\/2016\/08\/carteira-de-trabalho-635x466-300x220.jpg"},"featured-post-img":{"file":"carteira-de-trabalho-635x466-480x320.jpg","width":480,"height":320,"mime-type":"image\/jpeg","source_url":"https:\/\/lavras.tv\/site\/wp-content\/uploads\/2016\/08\/carteira-de-trabalho-635x466-480x320.jpg"},"sow-carousel-default":{"file":"carteira-de-trabalho-635x466-272x182.jpg","width":272,"height":182,"mime-type":"image\/jpeg","source_url":"https:\/\/lavras.tv\/site\/wp-content\/uploads\/2016\/08\/carteira-de-trabalho-635x466-272x182.jpg"}},"image_meta":{"aperture":"0","credit":"","camera":"","caption":"","created_timestamp":"0","copyright":"","focal_length":"0","iso":"0","shutter_speed":"0","title":"","orientation":"0","keywords":[]}},"post":1520,"source_url":"https:\/\/lavras.tv\/site\/wp-content\/uploads\/2016\/08\/carteira-de-trabalho-635x466.jpg"},"author_meta":{"display_name":"Lavras TV","author_link":"https:\/\/lavras.tv\/site\/author\/lavrastv\/"},"featured_img":"https:\/\/lavras.tv\/site\/wp-content\/uploads\/2016\/08\/carteira-de-trabalho-635x466-300x220.jpg","coauthors":[],"tax_additional":{"categories":{"linked":["<a href=\"https:\/\/lavras.tv\/site\/category\/destaques\/\" class=\"advgb-post-tax-term\">Destaques<\/a>","<a href=\"https:\/\/lavras.tv\/site\/category\/noticias\/\" class=\"advgb-post-tax-term\">Not\u00edcias<\/a>"],"unlinked":["<span class=\"advgb-post-tax-term\">Destaques<\/span>","<span class=\"advgb-post-tax-term\">Not\u00edcias<\/span>"]},"tags":{"linked":["<a href=\"https:\/\/lavras.tv\/site\/category\/noticias\/\" class=\"advgb-post-tax-term\">boato 13\u00ba<\/a>","<a href=\"https:\/\/lavras.tv\/site\/category\/noticias\/\" class=\"advgb-post-tax-term\">fim do 13\u00ba sal\u00e1rio<\/a>","<a href=\"https:\/\/lavras.tv\/site\/category\/noticias\/\" class=\"advgb-post-tax-term\">lavras.tv<\/a>"],"unlinked":["<span class=\"advgb-post-tax-term\">boato 13\u00ba<\/span>","<span class=\"advgb-post-tax-term\">fim do 13\u00ba sal\u00e1rio<\/span>","<span class=\"advgb-post-tax-term\">lavras.tv<\/span>"]}},"comment_count":"0","relative_dates":{"created":"Publicado 10 anos atr\u00e1s","modified":"Atualizado 10 anos atr\u00e1s"},"absolute_dates":{"created":"Publicado em 12 de agosto de 2016","modified":"Atualizado em 12 de agosto de 2016"},"absolute_dates_time":{"created":"Publicado em 12 de agosto de 2016 12:56","modified":"Atualizado em 12 de agosto de 2016 12:56"},"featured_img_caption":"","series_order":"","_links":{"self":[{"href":"https:\/\/lavras.tv\/site\/wp-json\/wp\/v2\/posts\/1520","targetHints":{"allow":["GET"]}}],"collection":[{"href":"https:\/\/lavras.tv\/site\/wp-json\/wp\/v2\/posts"}],"about":[{"href":"https:\/\/lavras.tv\/site\/wp-json\/wp\/v2\/types\/post"}],"author":[{"embeddable":true,"href":"https:\/\/lavras.tv\/site\/wp-json\/wp\/v2\/users\/2"}],"replies":[{"embeddable":true,"href":"https:\/\/lavras.tv\/site\/wp-json\/wp\/v2\/comments?post=1520"}],"version-history":[{"count":1,"href":"https:\/\/lavras.tv\/site\/wp-json\/wp\/v2\/posts\/1520\/revisions"}],"predecessor-version":[{"id":1522,"href":"https:\/\/lavras.tv\/site\/wp-json\/wp\/v2\/posts\/1520\/revisions\/1522"}],"wp:featuredmedia":[{"embeddable":true,"href":"https:\/\/lavras.tv\/site\/wp-json\/wp\/v2\/media\/1521"}],"wp:attachment":[{"href":"https:\/\/lavras.tv\/site\/wp-json\/wp\/v2\/media?parent=1520"}],"wp:term":[{"taxonomy":"category","embeddable":true,"href":"https:\/\/lavras.tv\/site\/wp-json\/wp\/v2\/categories?post=1520"},{"taxonomy":"post_tag","embeddable":true,"href":"https:\/\/lavras.tv\/site\/wp-json\/wp\/v2\/tags?post=1520"}],"curies":[{"name":"wp","href":"https:\/\/api.w.org\/{rel}","templated":true}]}}