{"id":15229,"date":"2018-03-14T10:09:43","date_gmt":"2018-03-14T13:09:43","guid":{"rendered":"http:\/\/lavras.tv\/site\/?p=15229"},"modified":"2018-03-14T10:09:43","modified_gmt":"2018-03-14T13:09:43","slug":"atleta-lavrense-participara-de-seletiva-para-os-jogos-olimpicos-da-juventude-na-tunisia","status":"publish","type":"post","link":"https:\/\/lavras.tv\/site\/2018\/03\/14\/atleta-lavrense-participara-de-seletiva-para-os-jogos-olimpicos-da-juventude-na-tunisia\/","title":{"rendered":"Atleta lavrense participar\u00e1 de seletiva para os Jogos Ol\u00edmpicos da Juventude na Tun\u00edsia"},"content":{"rendered":"<div class=\"lavra-antes-do-conteudo_2\" id=\"lavra-1925952339\"><div id=\"lavra-slider-27\" class=\"custom-slider lavra-slider-2182331934 lavra-slider\"><ul><li><div style=\"margin-left: auto;margin-right: auto;text-align: center;\" id=\"lavra-3883928013\"><a href=\"https:\/\/sistemas.lavras.mg.gov.br\/portalcidadao\/#df1b1a7c7b2a290bcb31e32771e610784662739a88807c0dacac58ede5f391a7530e299dc302d611ee73cb143fc22eaf93592e53e7b5bdb01b00a0b8d28dae460c141dd2ff83412e4dc1c31b16b25f33144a9e5620ea73b13f5bc1c59411d98439ad226e8af03840603796067d87afe130812cf3de24982d0e306f9e61e764e5\" aria-label=\"Lavras-TV&#8211;720x104px (1) (1)\"><img src=\"https:\/\/lavras.tv\/site\/wp-content\/uploads\/2025\/01\/Lavras-TV-720x104px-1-1.png\" alt=\"\"  srcset=\"https:\/\/lavras.tv\/site\/wp-content\/uploads\/2025\/01\/Lavras-TV-720x104px-1-1.png 720w, https:\/\/lavras.tv\/site\/wp-content\/uploads\/2025\/01\/Lavras-TV-720x104px-1-1-470x68.png 470w, https:\/\/lavras.tv\/site\/wp-content\/uploads\/2025\/01\/Lavras-TV-720x104px-1-1-170x25.png 170w, https:\/\/lavras.tv\/site\/wp-content\/uploads\/2025\/01\/Lavras-TV-720x104px-1-1-200x29.png 200w\" sizes=\"(max-width: 720px) 100vw, 720px\" width=\"720\" height=\"104\"  style=\"display: inline-block;\" \/><\/a><\/div><\/li><li><a href=\"https:\/\/sistemas.lavras.mg.gov.br\/portalcidadao\/#df1b1a7c7b2a290bcb31e32771e610784662739a88807c0dacac58ede5f391a7530e299dc302d611ee73cb143fc22eaf93592e53e7b5bdb01b00a0b8d28dae460c141dd2ff83412e4dc1c31b16b25f33144a9e5620ea73b13f5bc1c59411d98439ad226e8af03840603796067d87afe130812cf3de24982d0e306f9e61e764e5\" aria-label=\"Banner_Emprego_PortallavrasTV\"><img src=\"https:\/\/lavras.tv\/site\/wp-content\/uploads\/2025\/03\/Banner_Emprego_PortallavrasTV.png\" alt=\"\"  srcset=\"https:\/\/lavras.tv\/site\/wp-content\/uploads\/2025\/03\/Banner_Emprego_PortallavrasTV.png 720w, https:\/\/lavras.tv\/site\/wp-content\/uploads\/2025\/03\/Banner_Emprego_PortallavrasTV-470x68.png 470w, https:\/\/lavras.tv\/site\/wp-content\/uploads\/2025\/03\/Banner_Emprego_PortallavrasTV-170x25.png 170w, https:\/\/lavras.tv\/site\/wp-content\/uploads\/2025\/03\/Banner_Emprego_PortallavrasTV-200x29.png 200w\" sizes=\"(max-width: 720px) 100vw, 720px\" width=\"720\" height=\"104\"   \/><\/a><\/li><li><a href=\"https:\/\/sistemas.lavras.mg.gov.br\/portalcidadao\/#df1b1a7c7b2a290bcb31e32771e610784662739a88807c0dacac58ede5f391a7530e299dc302d611ee73cb143fc22eaf93592e53e7b5bdb01b00a0b8d28dae460c141dd2ff83412e4dc1c31b16b25f33144a9e5620ea73b13f5bc1c59411d98439ad226e8af03840603796067d87afe130812cf3de24982d0e306f9e61e764e5\" aria-label=\"Banner_Obras_PortallavrasTV\"><img src=\"https:\/\/lavras.tv\/site\/wp-content\/uploads\/2025\/03\/Banner_Obras_PortallavrasTV.png\" alt=\"\"  srcset=\"https:\/\/lavras.tv\/site\/wp-content\/uploads\/2025\/03\/Banner_Obras_PortallavrasTV.png 720w, https:\/\/lavras.tv\/site\/wp-content\/uploads\/2025\/03\/Banner_Obras_PortallavrasTV-470x68.png 470w, https:\/\/lavras.tv\/site\/wp-content\/uploads\/2025\/03\/Banner_Obras_PortallavrasTV-170x25.png 170w, https:\/\/lavras.tv\/site\/wp-content\/uploads\/2025\/03\/Banner_Obras_PortallavrasTV-200x29.png 200w\" sizes=\"(max-width: 720px) 100vw, 720px\" width=\"720\" height=\"104\"   \/><\/a><\/li><li><div style=\"margin-left: auto;margin-right: auto;text-align: center;\" id=\"lavra-2959371244\"><a href=\"https:\/\/sistemas.lavras.mg.gov.br\/portalcidadao\/#df1b1a7c7b2a290bcb31e32771e610784662739a88807c0dacac58ede5f391a7530e299dc302d611ee73cb143fc22eaf93592e53e7b5bdb01b00a0b8d28dae460c141dd2ff83412e4dc1c31b16b25f33144a9e5620ea73b13f5bc1c59411d98439ad226e8af03840603796067d87afe130812cf3de24982d0e306f9e61e764e5\" aria-label=\"Banner_Educa\u00e7\u00e3o_PortallavrasTV\"><img src=\"https:\/\/lavras.tv\/site\/wp-content\/uploads\/2025\/01\/Banner_Educacao_PortallavrasTV.png\" alt=\"\"  srcset=\"https:\/\/lavras.tv\/site\/wp-content\/uploads\/2025\/01\/Banner_Educacao_PortallavrasTV.png 720w, https:\/\/lavras.tv\/site\/wp-content\/uploads\/2025\/01\/Banner_Educacao_PortallavrasTV-470x68.png 470w, https:\/\/lavras.tv\/site\/wp-content\/uploads\/2025\/01\/Banner_Educacao_PortallavrasTV-170x25.png 170w, https:\/\/lavras.tv\/site\/wp-content\/uploads\/2025\/01\/Banner_Educacao_PortallavrasTV-200x29.png 200w\" sizes=\"(max-width: 720px) 100vw, 720px\" width=\"720\" height=\"104\"  style=\"display: inline-block;\" \/><\/a><\/div><\/li><li><a href=\"https:\/\/sistemas.lavras.mg.gov.br\/portalcidadao\/#df1b1a7c7b2a290bcb31e32771e610784662739a88807c0dacac58ede5f391a7530e299dc302d611ee73cb143fc22eaf93592e53e7b5bdb01b00a0b8d28dae460c141dd2ff83412e4dc1c31b16b25f33144a9e5620ea73b13f5bc1c59411d98439ad226e8af03840603796067d87afe130812cf3de24982d0e306f9e61e764e5\" aria-label=\"Banner_Sa\u00fade_PortallavrasTV\"><img src=\"https:\/\/lavras.tv\/site\/wp-content\/uploads\/2025\/03\/Banner_Saude_PortallavrasTV.png\" alt=\"\"  srcset=\"https:\/\/lavras.tv\/site\/wp-content\/uploads\/2025\/03\/Banner_Saude_PortallavrasTV.png 720w, https:\/\/lavras.tv\/site\/wp-content\/uploads\/2025\/03\/Banner_Saude_PortallavrasTV-470x68.png 470w, https:\/\/lavras.tv\/site\/wp-content\/uploads\/2025\/03\/Banner_Saude_PortallavrasTV-170x25.png 170w, https:\/\/lavras.tv\/site\/wp-content\/uploads\/2025\/03\/Banner_Saude_PortallavrasTV-200x29.png 200w\" sizes=\"(max-width: 720px) 100vw, 720px\" width=\"720\" height=\"104\"   \/><\/a><\/li><li><div id=\"lavra-789086277\" style=\"width:720px;height:104px;background-color:#ddd;overflow:scroll;\">\n\t<strong>Sa\u00edda da depura\u00e7\u00e3o de an\u00fancios<\/strong>\n\t<br><br>\n\tO an\u00fancio n\u00e3o \u00e9 exibido na p\u00e1gina<br><br>post atual: Atleta lavrense participar\u00e1 de seletiva para os Jogos Ol\u00edmpicos da Juventude na Tun\u00edsia, ID: 15229<br><br><span style=\"color: red;\">O post atual n\u00e3o \u00e9 id\u00eantico ao post principal.<\/span><br><br>An\u00fancios: ROXO - TOPO INTERNA - ROTATIVO 2 (197)<br \/>Grupo de an\u00fancios: Princ_Meio01_720x104 (27)<br><br>Condi\u00e7\u00f5es de exibi\u00e7\u00e3o<div style=\"margin-bottom: 20px; white-space: pre-wrap; font-family: monospace; width: 100%; background: #ffe9e9;\"><strong>condi\u00e7\u00f5es gerais<\/strong><table border=\"1\"><thead><tr><th><\/th><th>An\u00fancios<\/th><th>wp_the_query<\/th><\/tr><\/thead><tr><td>is_main_query<\/td><td>1<\/td><td>1<\/td><\/tr><tr><td>is_rest_api<\/td><td>0<\/td><td>1<\/td><\/tr><tr><td>page<\/td><td>0<\/td><td>1<\/td><\/tr><tr><td>numpages<\/td><td>0<\/td><td>1<\/td><\/tr><tr><td>is_archive<\/td><td>1<\/td><td><\/td><\/tr><tr><td>is_search<\/td><td>1<\/td><td><\/td><\/tr><tr><td>is_home<\/td><td>1<\/td><td><\/td><\/tr><tr><td>is_404<\/td><td>1<\/td><td><\/td><\/tr><tr><td>is_attachment<\/td><td>1<\/td><td><\/td><\/tr><tr><td>is_singular<\/td><td>1<\/td><td><\/td><\/tr><tr><td>is_front_page<\/td><td>1<\/td><td><\/td><\/tr><tr><td>is_feed<\/td><td>1<\/td><td><\/td><\/tr><\/table><\/div><br><br><span style=\"color: red;\">Seu site usa HTTPS, mas o c\u00f3digo do an\u00fancio cont\u00e9m HTTP e pode n\u00e3o funcionar.<\/span>\t<br><br>\n\t<a style=\"color: green;\" href=\"https:\/\/wpadvancedads.com\/manual\/ad-debug-mode\/?utm_source=advanced-ads&utm_medium=link&utm_campaign=ad-debug-mode\" target=\"_blank\" rel=\"nofollow\">Encontre solu\u00e7\u00f5es no manual<\/a>\n<\/div>\n<\/li><\/ul><\/div><script>( window.advanced_ads_ready || jQuery( document ).ready ).call( null, function() {var $lavraslider2182331934 = jQuery( \".lavra-slider-2182331934\" );$lavraslider2182331934.on( \"unslider.ready\", function() { jQuery( \"div.custom-slider ul li\" ).css( \"display\", \"block\" ); });$lavraslider2182331934.unslider({ delay:4000, autoplay:true, nav:false, arrows:false, infinite:true });$lavraslider2182331934.on(\"mouseover\", function() {$lavraslider2182331934.unslider(\"stop\");}).on(\"mouseout\", function() {$lavraslider2182331934.unslider(\"start\");});});<\/script><\/div><p><span style=\"font-weight: 400;\">Nesta segunda-feira, dia 12,\u00a0a Academia Gym Center e a cidade de Lavras receberam uma not\u00edcia maravilhosa. O atleta lavrense e da Sele\u00e7\u00e3o Brasileira Juvenil Erick Luis Silva foi convocado pela Confedera\u00e7\u00e3o Brasileira de Tae Kwon-Do e pelo Comit\u00ea Ol\u00edmpico Brasileiro para representar o Brasil na Qualificat\u00f3ria para os Jogos Ol\u00edmpicos da Juventude.<\/span><!--more--><\/p>\n<figure id=\"attachment_15230\" aria-describedby=\"caption-attachment-15230\" style=\"width: 722px\" class=\"wp-caption aligncenter\"><img fetchpriority=\"high\" decoding=\"async\" class=\"size-full wp-image-15230\" src=\"http:\/\/lavras.tv\/site\/wp-content\/uploads\/2018\/03\/IMG-20180224-WA0011-e1521032832618.jpg\" alt=\"Erick com o Ms. Valdeci Zampieri\" width=\"722\" height=\"492\" srcset=\"https:\/\/lavras.tv\/site\/wp-content\/uploads\/2018\/03\/IMG-20180224-WA0011-e1521032832618.jpg 722w, https:\/\/lavras.tv\/site\/wp-content\/uploads\/2018\/03\/IMG-20180224-WA0011-e1521032832618-150x102.jpg 150w, https:\/\/lavras.tv\/site\/wp-content\/uploads\/2018\/03\/IMG-20180224-WA0011-e1521032832618-300x204.jpg 300w\" sizes=\"(max-width: 722px) 100vw, 722px\" \/><figcaption id=\"caption-attachment-15230\" class=\"wp-caption-text\">Erick com o Ms. Valdeci Zampieri<\/figcaption><\/figure>\n<p><span style=\"font-weight: 400;\">Esta sele\u00e7\u00e3o foi realizada no Camping de Treinamento que est\u00e1 acontecendo atualmente em Jaragu\u00e1 do Sul em Santa Catarina, onde o atleta Erick est\u00e1. Para participar desta qualificat\u00f3ria cada pa\u00eds poder\u00e1 levar somente 3 atletas da categoria masculina e 3 atletas da categoria feminina.<\/span><\/p>\n<figure id=\"attachment_15231\" aria-describedby=\"caption-attachment-15231\" style=\"width: 1280px\" class=\"wp-caption aligncenter\"><img decoding=\"async\" class=\"wp-image-15231 size-full\" src=\"http:\/\/lavras.tv\/site\/wp-content\/uploads\/2018\/03\/IMG-20180225-WA0038.jpg\" alt=\"IMG-20180225-WA0038\" width=\"1280\" height=\"960\" srcset=\"https:\/\/lavras.tv\/site\/wp-content\/uploads\/2018\/03\/IMG-20180225-WA0038.jpg 1280w, https:\/\/lavras.tv\/site\/wp-content\/uploads\/2018\/03\/IMG-20180225-WA0038-150x113.jpg 150w, https:\/\/lavras.tv\/site\/wp-content\/uploads\/2018\/03\/IMG-20180225-WA0038-300x225.jpg 300w, https:\/\/lavras.tv\/site\/wp-content\/uploads\/2018\/03\/IMG-20180225-WA0038-1024x768.jpg 1024w, https:\/\/lavras.tv\/site\/wp-content\/uploads\/2018\/03\/IMG-20180225-WA0038-640x480.jpg 640w\" sizes=\"(max-width: 1280px) 100vw, 1280px\" \/><figcaption id=\"caption-attachment-15231\" class=\"wp-caption-text\">Erick com o Ms. Valdeci Zampieri<\/figcaption><\/figure>\n<p style=\"text-align: left;\"><span style=\"font-weight: 400;\">Esta sele\u00e7\u00e3o \u00e9 um marco para o esporte lavrense, pois os Jogos Ol\u00edmpicos da Juventude \u00e9 o primeiro passo para aqueles atletas que almejam um dia chegar aos Jogos Ol\u00edmpicos. Esta Sele\u00e7\u00e3o Brasileira Juvenil est\u00e1 composta com atletas de grande potencial e s\u00e3o o futuro do Tae Kwon-Do Brasileiro.<\/span><\/p>\n<p><span style=\"font-weight: 400;\">No mesmo per\u00edodo o atleta Erick Luis representar\u00e1 o Brasil no Campeonato Mundial Juvenil de Tae Kwon-Do, pois as duas competi\u00e7\u00f5es ser\u00e3o no mesmo per\u00edodo, a ser realizada nos dias 06 a 13 de Abril em Hammamet na Tun\u00edsia.<\/span><\/p>\n<p><span style=\"font-weight: 400;\">A Academia Gym Center agradece a todos aqueles que fizeram e fazem parte dessa grande conquista, pois sem os parceiros n\u00f3s n\u00e3o conseguir\u00edamos chegar at\u00e9 aqui.<\/span><\/p>\n<figure id=\"attachment_15232\" aria-describedby=\"caption-attachment-15232\" style=\"width: 721px\" class=\"wp-caption aligncenter\"><img decoding=\"async\" class=\"wp-image-15232 size-full\" src=\"http:\/\/lavras.tv\/site\/wp-content\/uploads\/2018\/03\/28958782_1933344690312432_4088372402625445888_n.jpg\" alt=\"28958782_1933344690312432_4088372402625445888_n\" width=\"721\" height=\"534\" srcset=\"https:\/\/lavras.tv\/site\/wp-content\/uploads\/2018\/03\/28958782_1933344690312432_4088372402625445888_n.jpg 721w, https:\/\/lavras.tv\/site\/wp-content\/uploads\/2018\/03\/28958782_1933344690312432_4088372402625445888_n-150x111.jpg 150w, https:\/\/lavras.tv\/site\/wp-content\/uploads\/2018\/03\/28958782_1933344690312432_4088372402625445888_n-300x222.jpg 300w\" sizes=\"(max-width: 721px) 100vw, 721px\" \/><figcaption id=\"caption-attachment-15232\" class=\"wp-caption-text\">Erick com a Sele\u00e7\u00e3o Brasileira Juvenil e a comiss\u00e3o t\u00e9cnica<\/figcaption><\/figure>\n<p><span style=\"font-weight: 400;\">A convoca\u00e7\u00e3o para a Qualificat\u00f3ria dos Jogos Ol\u00edmpicos da Juventude e para o Campeonato Mundial podem ser vistas nos links abaixo:<\/span><\/p>\n<p><a href=\"http:\/\/www.cbtkd.org.br\/yog-qualificatorio-jogos-olimpicos-da-juventude-convocacao\/\"><span style=\"font-weight: 400;\">http:\/\/www.cbtkd.org.br\/yog-qualificatorio-jogos-olimpicos-da-juventude-convocacao\/<\/span><\/a><\/p>\n<p><a href=\"http:\/\/www.cbtkd.org.br\/yog-qualificatorio-jogos-olimpicos-da-juventude-convocacao\/\"><span style=\"font-weight: 400;\">http:\/\/www.cbtkd.org.br\/yog-qualificatorio-jogos-olimpicos-da-juventude-convocacao\/<\/span><\/a><\/p>\n<p>&nbsp;<\/p>\n<p>Fonte: Divulga\u00e7\u00e3o<\/p>\n","protected":false},"excerpt":{"rendered":"<p>Nesta segunda-feira, dia 12,\u00a0a Academia Gym Center e a cidade de Lavras receberam uma not\u00edcia maravilhosa. O atleta lavrense e da Sele\u00e7\u00e3o Brasileira Juvenil Erick Luis Silva foi convocado pela Confedera\u00e7\u00e3o Brasileira de Tae Kwon-Do e pelo Comit\u00ea Ol\u00edmpico Brasileiro para representar o Brasil na Qualificat\u00f3ria para os Jogos Ol\u00edmpicos da Juventude.<\/p>\n","protected":false},"author":2,"featured_media":15230,"comment_status":"closed","ping_status":"open","sticky":false,"template":"","format":"standard","meta":{"advgb_blocks_editor_width":"","advgb_blocks_columns_visual_guide":"","_exactmetrics_skip_tracking":false,"_exactmetrics_sitenote_active":false,"_exactmetrics_sitenote_note":"","_exactmetrics_sitenote_category":0,"footnotes":""},"categories":[7,3],"tags":[4611,4612,1929,1603,4613],"class_list":["post-15229","post","type-post","status-publish","format-standard","has-post-thumbnail","hentry","category-destaques","category-esportes","tag-erick-luis-silva","tag-jogos-olimpicos-da-juventude","tag-selecao-brasileira","tag-tae-kwon-do","tag-zaldeci-zampieri"],"better_featured_image":{"id":15230,"alt_text":"","caption":"Erick com o Ms. Valdeci Zampieri","description":"","media_type":"image","media_details":{"width":722,"height":492,"file":"2018\/03\/IMG-20180224-WA0011-e1521032832618.jpg","sizes":{"thumbnail":{"file":"IMG-20180224-WA0011-e1521032832618-150x102.jpg","width":150,"height":102,"mime-type":"image\/jpeg","source_url":"https:\/\/lavras.tv\/site\/wp-content\/uploads\/2018\/03\/IMG-20180224-WA0011-e1521032832618-150x102.jpg"},"medium":{"file":"IMG-20180224-WA0011-e1521032832618-300x204.jpg","width":300,"height":204,"mime-type":"image\/jpeg","source_url":"https:\/\/lavras.tv\/site\/wp-content\/uploads\/2018\/03\/IMG-20180224-WA0011-e1521032832618-300x204.jpg"},"large":{"file":"IMG-20180224-WA0011-768x1024.jpg","width":768,"height":1024,"mime-type":"image\/jpeg","source_url":"https:\/\/lavras.tv\/site\/wp-content\/uploads\/2018\/03\/IMG-20180224-WA0011-768x1024.jpg"},"featured-slider-img":{"file":"IMG-20180224-WA0011-e1521032832618-640x480.jpg","width":640,"height":480,"mime-type":"image\/jpeg","source_url":"https:\/\/lavras.tv\/site\/wp-content\/uploads\/2018\/03\/IMG-20180224-WA0011-e1521032832618-640x480.jpg"},"featured-post-img":{"file":"IMG-20180224-WA0011-e1521032832618-480x320.jpg","width":480,"height":320,"mime-type":"image\/jpeg","source_url":"https:\/\/lavras.tv\/site\/wp-content\/uploads\/2018\/03\/IMG-20180224-WA0011-e1521032832618-480x320.jpg"},"sow-carousel-default":{"file":"IMG-20180224-WA0011-e1521032832618-272x182.jpg","width":272,"height":182,"mime-type":"image\/jpeg","source_url":"https:\/\/lavras.tv\/site\/wp-content\/uploads\/2018\/03\/IMG-20180224-WA0011-e1521032832618-272x182.jpg"}},"image_meta":{"aperture":"0","credit":"","camera":"","caption":"","created_timestamp":"0","copyright":"","focal_length":"0","iso":"0","shutter_speed":"0","title":"","orientation":"0","keywords":[]}},"post":15229,"source_url":"https:\/\/lavras.tv\/site\/wp-content\/uploads\/2018\/03\/IMG-20180224-WA0011-e1521032832618.jpg"},"author_meta":{"display_name":"Lavras TV","author_link":"https:\/\/lavras.tv\/site\/author\/lavrastv\/"},"featured_img":"https:\/\/lavras.tv\/site\/wp-content\/uploads\/2018\/03\/IMG-20180224-WA0011-e1521032832618-300x204.jpg","coauthors":[],"tax_additional":{"categories":{"linked":["<a href=\"https:\/\/lavras.tv\/site\/category\/destaques\/\" class=\"advgb-post-tax-term\">Destaques<\/a>","<a href=\"https:\/\/lavras.tv\/site\/category\/esportes\/\" class=\"advgb-post-tax-term\">Esportes<\/a>"],"unlinked":["<span class=\"advgb-post-tax-term\">Destaques<\/span>","<span class=\"advgb-post-tax-term\">Esportes<\/span>"]},"tags":{"linked":["<a href=\"https:\/\/lavras.tv\/site\/category\/esportes\/\" class=\"advgb-post-tax-term\">Erick Luis Silva<\/a>","<a href=\"https:\/\/lavras.tv\/site\/category\/esportes\/\" class=\"advgb-post-tax-term\">Jogos Ol\u00edmpicos da Juventude<\/a>","<a href=\"https:\/\/lavras.tv\/site\/category\/esportes\/\" class=\"advgb-post-tax-term\">sele\u00e7\u00e3o brasileira<\/a>","<a href=\"https:\/\/lavras.tv\/site\/category\/esportes\/\" class=\"advgb-post-tax-term\">tae-kwon-do<\/a>","<a href=\"https:\/\/lavras.tv\/site\/category\/esportes\/\" class=\"advgb-post-tax-term\">Zaldeci Zampieri<\/a>"],"unlinked":["<span class=\"advgb-post-tax-term\">Erick Luis Silva<\/span>","<span class=\"advgb-post-tax-term\">Jogos Ol\u00edmpicos da Juventude<\/span>","<span class=\"advgb-post-tax-term\">sele\u00e7\u00e3o brasileira<\/span>","<span class=\"advgb-post-tax-term\">tae-kwon-do<\/span>","<span class=\"advgb-post-tax-term\">Zaldeci Zampieri<\/span>"]}},"comment_count":"0","relative_dates":{"created":"Publicado 8 anos atr\u00e1s","modified":"Atualizado 8 anos atr\u00e1s"},"absolute_dates":{"created":"Publicado em 14 de mar\u00e7o de 2018","modified":"Atualizado em 14 de mar\u00e7o de 2018"},"absolute_dates_time":{"created":"Publicado em 14 de mar\u00e7o de 2018 10:09","modified":"Atualizado em 14 de mar\u00e7o de 2018 10:09"},"featured_img_caption":"Erick com o Ms. Valdeci Zampieri","series_order":"","_links":{"self":[{"href":"https:\/\/lavras.tv\/site\/wp-json\/wp\/v2\/posts\/15229","targetHints":{"allow":["GET"]}}],"collection":[{"href":"https:\/\/lavras.tv\/site\/wp-json\/wp\/v2\/posts"}],"about":[{"href":"https:\/\/lavras.tv\/site\/wp-json\/wp\/v2\/types\/post"}],"author":[{"embeddable":true,"href":"https:\/\/lavras.tv\/site\/wp-json\/wp\/v2\/users\/2"}],"replies":[{"embeddable":true,"href":"https:\/\/lavras.tv\/site\/wp-json\/wp\/v2\/comments?post=15229"}],"version-history":[{"count":1,"href":"https:\/\/lavras.tv\/site\/wp-json\/wp\/v2\/posts\/15229\/revisions"}],"predecessor-version":[{"id":15233,"href":"https:\/\/lavras.tv\/site\/wp-json\/wp\/v2\/posts\/15229\/revisions\/15233"}],"wp:featuredmedia":[{"embeddable":true,"href":"https:\/\/lavras.tv\/site\/wp-json\/wp\/v2\/media\/15230"}],"wp:attachment":[{"href":"https:\/\/lavras.tv\/site\/wp-json\/wp\/v2\/media?parent=15229"}],"wp:term":[{"taxonomy":"category","embeddable":true,"href":"https:\/\/lavras.tv\/site\/wp-json\/wp\/v2\/categories?post=15229"},{"taxonomy":"post_tag","embeddable":true,"href":"https:\/\/lavras.tv\/site\/wp-json\/wp\/v2\/tags?post=15229"}],"curies":[{"name":"wp","href":"https:\/\/api.w.org\/{rel}","templated":true}]}}