{"id":15311,"date":"2018-03-20T09:19:18","date_gmt":"2018-03-20T12:19:18","guid":{"rendered":"http:\/\/lavras.tv\/site\/?p=15311"},"modified":"2018-03-20T09:19:18","modified_gmt":"2018-03-20T12:19:18","slug":"ufla-tera-campeonato-de-futebol-de-rua","status":"publish","type":"post","link":"https:\/\/lavras.tv\/site\/2018\/03\/20\/ufla-tera-campeonato-de-futebol-de-rua\/","title":{"rendered":"UFLA ter\u00e1 campeonato de futebol de rua"},"content":{"rendered":"<div class=\"lavra-antes-do-conteudo_2\" id=\"lavra-2723755067\"><div id=\"lavra-slider-27\" class=\"custom-slider lavra-slider-360131150 lavra-slider\"><ul><li><div style=\"margin-left: auto;margin-right: auto;text-align: center;\" id=\"lavra-1536640597\"><a href=\"https:\/\/sistemas.lavras.mg.gov.br\/portalcidadao\/#df1b1a7c7b2a290bcb31e32771e610784662739a88807c0dacac58ede5f391a7530e299dc302d611ee73cb143fc22eaf93592e53e7b5bdb01b00a0b8d28dae460c141dd2ff83412e4dc1c31b16b25f33144a9e5620ea73b13f5bc1c59411d98439ad226e8af03840603796067d87afe130812cf3de24982d0e306f9e61e764e5\" aria-label=\"Lavras-TV&#8211;720x104px (1) (1)\"><img src=\"https:\/\/lavras.tv\/site\/wp-content\/uploads\/2025\/01\/Lavras-TV-720x104px-1-1.png\" alt=\"\"  srcset=\"https:\/\/lavras.tv\/site\/wp-content\/uploads\/2025\/01\/Lavras-TV-720x104px-1-1.png 720w, https:\/\/lavras.tv\/site\/wp-content\/uploads\/2025\/01\/Lavras-TV-720x104px-1-1-470x68.png 470w, https:\/\/lavras.tv\/site\/wp-content\/uploads\/2025\/01\/Lavras-TV-720x104px-1-1-170x25.png 170w, https:\/\/lavras.tv\/site\/wp-content\/uploads\/2025\/01\/Lavras-TV-720x104px-1-1-200x29.png 200w\" sizes=\"(max-width: 720px) 100vw, 720px\" width=\"720\" height=\"104\"  style=\"display: inline-block;\" \/><\/a><\/div><\/li><li><a href=\"https:\/\/sistemas.lavras.mg.gov.br\/portalcidadao\/#df1b1a7c7b2a290bcb31e32771e610784662739a88807c0dacac58ede5f391a7530e299dc302d611ee73cb143fc22eaf93592e53e7b5bdb01b00a0b8d28dae460c141dd2ff83412e4dc1c31b16b25f33144a9e5620ea73b13f5bc1c59411d98439ad226e8af03840603796067d87afe130812cf3de24982d0e306f9e61e764e5\" aria-label=\"Banner_Emprego_PortallavrasTV\"><img src=\"https:\/\/lavras.tv\/site\/wp-content\/uploads\/2025\/03\/Banner_Emprego_PortallavrasTV.png\" alt=\"\"  srcset=\"https:\/\/lavras.tv\/site\/wp-content\/uploads\/2025\/03\/Banner_Emprego_PortallavrasTV.png 720w, https:\/\/lavras.tv\/site\/wp-content\/uploads\/2025\/03\/Banner_Emprego_PortallavrasTV-470x68.png 470w, https:\/\/lavras.tv\/site\/wp-content\/uploads\/2025\/03\/Banner_Emprego_PortallavrasTV-170x25.png 170w, https:\/\/lavras.tv\/site\/wp-content\/uploads\/2025\/03\/Banner_Emprego_PortallavrasTV-200x29.png 200w\" sizes=\"(max-width: 720px) 100vw, 720px\" width=\"720\" height=\"104\"   \/><\/a><\/li><li><a href=\"https:\/\/sistemas.lavras.mg.gov.br\/portalcidadao\/#df1b1a7c7b2a290bcb31e32771e610784662739a88807c0dacac58ede5f391a7530e299dc302d611ee73cb143fc22eaf93592e53e7b5bdb01b00a0b8d28dae460c141dd2ff83412e4dc1c31b16b25f33144a9e5620ea73b13f5bc1c59411d98439ad226e8af03840603796067d87afe130812cf3de24982d0e306f9e61e764e5\" aria-label=\"Banner_Obras_PortallavrasTV\"><img src=\"https:\/\/lavras.tv\/site\/wp-content\/uploads\/2025\/03\/Banner_Obras_PortallavrasTV.png\" alt=\"\"  srcset=\"https:\/\/lavras.tv\/site\/wp-content\/uploads\/2025\/03\/Banner_Obras_PortallavrasTV.png 720w, https:\/\/lavras.tv\/site\/wp-content\/uploads\/2025\/03\/Banner_Obras_PortallavrasTV-470x68.png 470w, https:\/\/lavras.tv\/site\/wp-content\/uploads\/2025\/03\/Banner_Obras_PortallavrasTV-170x25.png 170w, https:\/\/lavras.tv\/site\/wp-content\/uploads\/2025\/03\/Banner_Obras_PortallavrasTV-200x29.png 200w\" sizes=\"(max-width: 720px) 100vw, 720px\" width=\"720\" height=\"104\"   \/><\/a><\/li><li><div style=\"margin-left: auto;margin-right: auto;text-align: center;\" id=\"lavra-3300473650\"><a href=\"https:\/\/sistemas.lavras.mg.gov.br\/portalcidadao\/#df1b1a7c7b2a290bcb31e32771e610784662739a88807c0dacac58ede5f391a7530e299dc302d611ee73cb143fc22eaf93592e53e7b5bdb01b00a0b8d28dae460c141dd2ff83412e4dc1c31b16b25f33144a9e5620ea73b13f5bc1c59411d98439ad226e8af03840603796067d87afe130812cf3de24982d0e306f9e61e764e5\" aria-label=\"Banner_Educa\u00e7\u00e3o_PortallavrasTV\"><img src=\"https:\/\/lavras.tv\/site\/wp-content\/uploads\/2025\/01\/Banner_Educacao_PortallavrasTV.png\" alt=\"\"  srcset=\"https:\/\/lavras.tv\/site\/wp-content\/uploads\/2025\/01\/Banner_Educacao_PortallavrasTV.png 720w, https:\/\/lavras.tv\/site\/wp-content\/uploads\/2025\/01\/Banner_Educacao_PortallavrasTV-470x68.png 470w, https:\/\/lavras.tv\/site\/wp-content\/uploads\/2025\/01\/Banner_Educacao_PortallavrasTV-170x25.png 170w, https:\/\/lavras.tv\/site\/wp-content\/uploads\/2025\/01\/Banner_Educacao_PortallavrasTV-200x29.png 200w\" sizes=\"(max-width: 720px) 100vw, 720px\" width=\"720\" height=\"104\"  style=\"display: inline-block;\" \/><\/a><\/div><\/li><li><a href=\"https:\/\/sistemas.lavras.mg.gov.br\/portalcidadao\/#df1b1a7c7b2a290bcb31e32771e610784662739a88807c0dacac58ede5f391a7530e299dc302d611ee73cb143fc22eaf93592e53e7b5bdb01b00a0b8d28dae460c141dd2ff83412e4dc1c31b16b25f33144a9e5620ea73b13f5bc1c59411d98439ad226e8af03840603796067d87afe130812cf3de24982d0e306f9e61e764e5\" aria-label=\"Banner_Sa\u00fade_PortallavrasTV\"><img src=\"https:\/\/lavras.tv\/site\/wp-content\/uploads\/2025\/03\/Banner_Saude_PortallavrasTV.png\" alt=\"\"  srcset=\"https:\/\/lavras.tv\/site\/wp-content\/uploads\/2025\/03\/Banner_Saude_PortallavrasTV.png 720w, https:\/\/lavras.tv\/site\/wp-content\/uploads\/2025\/03\/Banner_Saude_PortallavrasTV-470x68.png 470w, https:\/\/lavras.tv\/site\/wp-content\/uploads\/2025\/03\/Banner_Saude_PortallavrasTV-170x25.png 170w, https:\/\/lavras.tv\/site\/wp-content\/uploads\/2025\/03\/Banner_Saude_PortallavrasTV-200x29.png 200w\" sizes=\"(max-width: 720px) 100vw, 720px\" width=\"720\" height=\"104\"   \/><\/a><\/li><li><div id=\"lavra-3284393311\" style=\"width:720px;height:104px;background-color:#ddd;overflow:scroll;\">\n\t<strong>Sa\u00edda da depura\u00e7\u00e3o de an\u00fancios<\/strong>\n\t<br><br>\n\tO an\u00fancio n\u00e3o \u00e9 exibido na p\u00e1gina<br><br>post atual: UFLA ter\u00e1 campeonato de futebol de rua, ID: 15311<br><br><span style=\"color: red;\">O post atual n\u00e3o \u00e9 id\u00eantico ao post principal.<\/span><br><br>An\u00fancios: ROXO - TOPO INTERNA - ROTATIVO 2 (197)<br \/>Grupo de an\u00fancios: Princ_Meio01_720x104 (27)<br><br>Condi\u00e7\u00f5es de exibi\u00e7\u00e3o<div style=\"margin-bottom: 20px; white-space: pre-wrap; font-family: monospace; width: 100%; background: #ffe9e9;\"><strong>condi\u00e7\u00f5es gerais<\/strong><table border=\"1\"><thead><tr><th><\/th><th>An\u00fancios<\/th><th>wp_the_query<\/th><\/tr><\/thead><tr><td>is_main_query<\/td><td>1<\/td><td>1<\/td><\/tr><tr><td>is_rest_api<\/td><td>0<\/td><td>1<\/td><\/tr><tr><td>page<\/td><td>0<\/td><td>1<\/td><\/tr><tr><td>numpages<\/td><td>0<\/td><td>1<\/td><\/tr><tr><td>is_archive<\/td><td>1<\/td><td><\/td><\/tr><tr><td>is_search<\/td><td>1<\/td><td><\/td><\/tr><tr><td>is_home<\/td><td>1<\/td><td><\/td><\/tr><tr><td>is_404<\/td><td>1<\/td><td><\/td><\/tr><tr><td>is_attachment<\/td><td>1<\/td><td><\/td><\/tr><tr><td>is_singular<\/td><td>1<\/td><td><\/td><\/tr><tr><td>is_front_page<\/td><td>1<\/td><td><\/td><\/tr><tr><td>is_feed<\/td><td>1<\/td><td><\/td><\/tr><\/table><\/div><br><br><span style=\"color: red;\">Seu site usa HTTPS, mas o c\u00f3digo do an\u00fancio cont\u00e9m HTTP e pode n\u00e3o funcionar.<\/span>\t<br><br>\n\t<a style=\"color: green;\" href=\"https:\/\/wpadvancedads.com\/manual\/ad-debug-mode\/?utm_source=advanced-ads&utm_medium=link&utm_campaign=ad-debug-mode\" target=\"_blank\" rel=\"nofollow\">Encontre solu\u00e7\u00f5es no manual<\/a>\n<\/div>\n<\/li><\/ul><\/div><script>( window.advanced_ads_ready || jQuery( document ).ready ).call( null, function() {var $lavraslider360131150 = jQuery( \".lavra-slider-360131150\" );$lavraslider360131150.on( \"unslider.ready\", function() { jQuery( \"div.custom-slider ul li\" ).css( \"display\", \"block\" ); });$lavraslider360131150.unslider({ delay:4000, autoplay:true, nav:false, arrows:false, infinite:true });$lavraslider360131150.on(\"mouseover\", function() {$lavraslider360131150.unslider(\"stop\");}).on(\"mouseout\", function() {$lavraslider360131150.unslider(\"start\");});});<\/script><\/div><p>A pr\u00e1tica dos esportes de rua era febre nacional at\u00e9 meados dos anos 90.<!--more-->\u00a0Visando resgatar essa tradi\u00e7\u00e3o, o Centro Regional de Inicia\u00e7\u00e3o ao Atletismo (Cria) promover\u00e1 o 1\u00b0 Torneio de Futebol de Rua, em 7 de abril, das 9h \u00e0s 11h30, na Universidade Federal de Lavras (UFLA).<\/p>\n<p><img fetchpriority=\"high\" decoding=\"async\" class=\"alignnone size-full wp-image-15313 aligncenter\" src=\"http:\/\/lavras.tv\/site\/wp-content\/uploads\/2018\/03\/futebol-de-rua.jpg\" alt=\"futebol-de-rua\" width=\"500\" height=\"334\" srcset=\"https:\/\/lavras.tv\/site\/wp-content\/uploads\/2018\/03\/futebol-de-rua.jpg 500w, https:\/\/lavras.tv\/site\/wp-content\/uploads\/2018\/03\/futebol-de-rua-150x100.jpg 150w, https:\/\/lavras.tv\/site\/wp-content\/uploads\/2018\/03\/futebol-de-rua-300x200.jpg 300w, https:\/\/lavras.tv\/site\/wp-content\/uploads\/2018\/03\/futebol-de-rua-480x320.jpg 480w, https:\/\/lavras.tv\/site\/wp-content\/uploads\/2018\/03\/futebol-de-rua-272x182.jpg 272w\" sizes=\"(max-width: 500px) 100vw, 500px\" \/><\/p>\n<p>As equipes femininas poder\u00e3o se inscrever at\u00e9 o dia 21\/3, das 8h \u00e0s 17h, na barraca instalada no canteiro central da UFLA. J\u00e1 os times organizados pelos homens dever\u00e3o comparecer ao local a partir dessa mesma data e ter\u00e3o um prazo at\u00e9 28 deste m\u00eas, sempre de segunda \u00e0 sexta-feira.<\/p>\n<p>\u201cA ideia surgiu com o objetivo de resgatar algumas tradi\u00e7\u00f5es da pr\u00e1tica e do desporto tradicional. Todas essas atividades que um dia foram realizadas nas ruas, s\u00e3o atividades que hoje a gente n\u00e3o encontra mais\u201d, disse Andr\u00e9 Luis Silva e Batista, estudante do curso de Educa\u00e7\u00e3o F\u00edsica na UFLA e membro do CRIA.<\/p>\n<p>Na vis\u00e3o de Andr\u00e9, trazer a popula\u00e7\u00e3o para dentro da Universidade ajuda a mostrar um lado que vai al\u00e9m dos cursos de gradua\u00e7\u00e3o e p\u00f3s-gradua\u00e7\u00e3o. \u201cA UFLA est\u00e1 cada vez mais aberta para a comunidade que a mant\u00e9m. O evento \u00e9 realizado na UFLA, mas \u00e9 aberto a todos\u201d, complementou.<\/p>\n<p>Cada equipe dever\u00e1 ser composta por no m\u00ednimo quatro jogadores e no m\u00e1ximo oito, tendo pelo menos um representante vinculado \u00e0 UFLA (estudante, professor ou servidor). A idade m\u00ednima para participar dos jogos \u00e9 17 anos.<\/p>\n<p>Mais informa\u00e7\u00f5es podem ser obtidas pelos telefones (35)98406-9662 (Andr\u00e9) e (35)99203-9234 (Rafael), al\u00e9m da\u00a0<a href=\"https:\/\/www.facebook.com\/events\/1761945927201887\/\">p\u00e1gina oficial<\/a>.<\/p>\n<p>&nbsp;<\/p>\n<p>Fonte:UFLA<\/p>\n<p>&nbsp;<\/p>\n","protected":false},"excerpt":{"rendered":"<p>A pr\u00e1tica dos esportes de rua era febre nacional at\u00e9 meados dos anos 90.<\/p>\n","protected":false},"author":2,"featured_media":15313,"comment_status":"closed","ping_status":"open","sticky":false,"template":"","format":"standard","meta":{"advgb_blocks_editor_width":"","advgb_blocks_columns_visual_guide":"","_exactmetrics_skip_tracking":false,"_exactmetrics_sitenote_active":false,"_exactmetrics_sitenote_note":"","_exactmetrics_sitenote_category":0,"footnotes":""},"categories":[7,3],"tags":[1036,4623,34,56],"class_list":["post-15311","post","type-post","status-publish","format-standard","has-post-thumbnail","hentry","category-destaques","category-esportes","tag-futebol","tag-futebol-de-rua","tag-lavras","tag-ufla"],"better_featured_image":{"id":15313,"alt_text":"","caption":"","description":"","media_type":"image","media_details":{"width":500,"height":334,"file":"2018\/03\/futebol-de-rua.jpg","sizes":{"thumbnail":{"file":"futebol-de-rua-150x100.jpg","width":150,"height":100,"mime-type":"image\/jpeg","source_url":"https:\/\/lavras.tv\/site\/wp-content\/uploads\/2018\/03\/futebol-de-rua-150x100.jpg"},"medium":{"file":"futebol-de-rua-300x200.jpg","width":300,"height":200,"mime-type":"image\/jpeg","source_url":"https:\/\/lavras.tv\/site\/wp-content\/uploads\/2018\/03\/futebol-de-rua-300x200.jpg"},"featured-post-img":{"file":"futebol-de-rua-480x320.jpg","width":480,"height":320,"mime-type":"image\/jpeg","source_url":"https:\/\/lavras.tv\/site\/wp-content\/uploads\/2018\/03\/futebol-de-rua-480x320.jpg"},"sow-carousel-default":{"file":"futebol-de-rua-272x182.jpg","width":272,"height":182,"mime-type":"image\/jpeg","source_url":"https:\/\/lavras.tv\/site\/wp-content\/uploads\/2018\/03\/futebol-de-rua-272x182.jpg"}},"image_meta":{"aperture":"0","credit":"","camera":"","caption":"","created_timestamp":"0","copyright":"","focal_length":"0","iso":"0","shutter_speed":"0","title":"","orientation":"0","keywords":[]}},"post":15311,"source_url":"https:\/\/lavras.tv\/site\/wp-content\/uploads\/2018\/03\/futebol-de-rua.jpg"},"author_meta":{"display_name":"Lavras TV","author_link":"https:\/\/lavras.tv\/site\/author\/lavrastv\/"},"featured_img":"https:\/\/lavras.tv\/site\/wp-content\/uploads\/2018\/03\/futebol-de-rua-300x200.jpg","coauthors":[],"tax_additional":{"categories":{"linked":["<a href=\"https:\/\/lavras.tv\/site\/category\/destaques\/\" class=\"advgb-post-tax-term\">Destaques<\/a>","<a href=\"https:\/\/lavras.tv\/site\/category\/esportes\/\" class=\"advgb-post-tax-term\">Esportes<\/a>"],"unlinked":["<span class=\"advgb-post-tax-term\">Destaques<\/span>","<span class=\"advgb-post-tax-term\">Esportes<\/span>"]},"tags":{"linked":["<a href=\"https:\/\/lavras.tv\/site\/category\/esportes\/\" class=\"advgb-post-tax-term\">futebol<\/a>","<a href=\"https:\/\/lavras.tv\/site\/category\/esportes\/\" class=\"advgb-post-tax-term\">futebol de rua<\/a>","<a href=\"https:\/\/lavras.tv\/site\/category\/esportes\/\" class=\"advgb-post-tax-term\">lavras<\/a>","<a href=\"https:\/\/lavras.tv\/site\/category\/esportes\/\" class=\"advgb-post-tax-term\">ufla<\/a>"],"unlinked":["<span class=\"advgb-post-tax-term\">futebol<\/span>","<span class=\"advgb-post-tax-term\">futebol de rua<\/span>","<span class=\"advgb-post-tax-term\">lavras<\/span>","<span class=\"advgb-post-tax-term\">ufla<\/span>"]}},"comment_count":"0","relative_dates":{"created":"Publicado 8 anos atr\u00e1s","modified":"Atualizado 8 anos atr\u00e1s"},"absolute_dates":{"created":"Publicado em 20 de mar\u00e7o de 2018","modified":"Atualizado em 20 de mar\u00e7o de 2018"},"absolute_dates_time":{"created":"Publicado em 20 de mar\u00e7o de 2018 09:19","modified":"Atualizado em 20 de mar\u00e7o de 2018 09:19"},"featured_img_caption":"","series_order":"","_links":{"self":[{"href":"https:\/\/lavras.tv\/site\/wp-json\/wp\/v2\/posts\/15311","targetHints":{"allow":["GET"]}}],"collection":[{"href":"https:\/\/lavras.tv\/site\/wp-json\/wp\/v2\/posts"}],"about":[{"href":"https:\/\/lavras.tv\/site\/wp-json\/wp\/v2\/types\/post"}],"author":[{"embeddable":true,"href":"https:\/\/lavras.tv\/site\/wp-json\/wp\/v2\/users\/2"}],"replies":[{"embeddable":true,"href":"https:\/\/lavras.tv\/site\/wp-json\/wp\/v2\/comments?post=15311"}],"version-history":[{"count":2,"href":"https:\/\/lavras.tv\/site\/wp-json\/wp\/v2\/posts\/15311\/revisions"}],"predecessor-version":[{"id":15314,"href":"https:\/\/lavras.tv\/site\/wp-json\/wp\/v2\/posts\/15311\/revisions\/15314"}],"wp:featuredmedia":[{"embeddable":true,"href":"https:\/\/lavras.tv\/site\/wp-json\/wp\/v2\/media\/15313"}],"wp:attachment":[{"href":"https:\/\/lavras.tv\/site\/wp-json\/wp\/v2\/media?parent=15311"}],"wp:term":[{"taxonomy":"category","embeddable":true,"href":"https:\/\/lavras.tv\/site\/wp-json\/wp\/v2\/categories?post=15311"},{"taxonomy":"post_tag","embeddable":true,"href":"https:\/\/lavras.tv\/site\/wp-json\/wp\/v2\/tags?post=15311"}],"curies":[{"name":"wp","href":"https:\/\/api.w.org\/{rel}","templated":true}]}}