{"id":15320,"date":"2018-03-20T09:59:19","date_gmt":"2018-03-20T12:59:19","guid":{"rendered":"http:\/\/lavras.tv\/site\/?p=15320"},"modified":"2018-03-20T09:59:19","modified_gmt":"2018-03-20T12:59:19","slug":"pre-candidatura-de-anastasia-muda-quadro-eleitoral-em-mg","status":"publish","type":"post","link":"https:\/\/lavras.tv\/site\/2018\/03\/20\/pre-candidatura-de-anastasia-muda-quadro-eleitoral-em-mg\/","title":{"rendered":"Pr\u00e9-candidatura de Anastasia muda quadro eleitoral em MG"},"content":{"rendered":"<div class=\"lavra-antes-do-conteudo_2\" id=\"lavra-464123589\"><div id=\"lavra-slider-27\" class=\"custom-slider lavra-slider-2859223715 lavra-slider\"><ul><li><div style=\"margin-left: auto;margin-right: auto;text-align: center;\" id=\"lavra-820348239\"><a href=\"https:\/\/sistemas.lavras.mg.gov.br\/portalcidadao\/#df1b1a7c7b2a290bcb31e32771e610784662739a88807c0dacac58ede5f391a7530e299dc302d611ee73cb143fc22eaf93592e53e7b5bdb01b00a0b8d28dae460c141dd2ff83412e4dc1c31b16b25f33144a9e5620ea73b13f5bc1c59411d98439ad226e8af03840603796067d87afe130812cf3de24982d0e306f9e61e764e5\" aria-label=\"Lavras-TV&#8211;720x104px (1) (1)\"><img src=\"https:\/\/lavras.tv\/site\/wp-content\/uploads\/2025\/01\/Lavras-TV-720x104px-1-1.png\" alt=\"\"  srcset=\"https:\/\/lavras.tv\/site\/wp-content\/uploads\/2025\/01\/Lavras-TV-720x104px-1-1.png 720w, https:\/\/lavras.tv\/site\/wp-content\/uploads\/2025\/01\/Lavras-TV-720x104px-1-1-470x68.png 470w, https:\/\/lavras.tv\/site\/wp-content\/uploads\/2025\/01\/Lavras-TV-720x104px-1-1-170x25.png 170w, https:\/\/lavras.tv\/site\/wp-content\/uploads\/2025\/01\/Lavras-TV-720x104px-1-1-200x29.png 200w\" sizes=\"(max-width: 720px) 100vw, 720px\" width=\"720\" height=\"104\"  style=\"display: inline-block;\" \/><\/a><\/div><\/li><li><a href=\"https:\/\/sistemas.lavras.mg.gov.br\/portalcidadao\/#df1b1a7c7b2a290bcb31e32771e610784662739a88807c0dacac58ede5f391a7530e299dc302d611ee73cb143fc22eaf93592e53e7b5bdb01b00a0b8d28dae460c141dd2ff83412e4dc1c31b16b25f33144a9e5620ea73b13f5bc1c59411d98439ad226e8af03840603796067d87afe130812cf3de24982d0e306f9e61e764e5\" aria-label=\"Banner_Emprego_PortallavrasTV\"><img src=\"https:\/\/lavras.tv\/site\/wp-content\/uploads\/2025\/03\/Banner_Emprego_PortallavrasTV.png\" alt=\"\"  srcset=\"https:\/\/lavras.tv\/site\/wp-content\/uploads\/2025\/03\/Banner_Emprego_PortallavrasTV.png 720w, https:\/\/lavras.tv\/site\/wp-content\/uploads\/2025\/03\/Banner_Emprego_PortallavrasTV-470x68.png 470w, https:\/\/lavras.tv\/site\/wp-content\/uploads\/2025\/03\/Banner_Emprego_PortallavrasTV-170x25.png 170w, https:\/\/lavras.tv\/site\/wp-content\/uploads\/2025\/03\/Banner_Emprego_PortallavrasTV-200x29.png 200w\" sizes=\"(max-width: 720px) 100vw, 720px\" width=\"720\" height=\"104\"   \/><\/a><\/li><li><a href=\"https:\/\/sistemas.lavras.mg.gov.br\/portalcidadao\/#df1b1a7c7b2a290bcb31e32771e610784662739a88807c0dacac58ede5f391a7530e299dc302d611ee73cb143fc22eaf93592e53e7b5bdb01b00a0b8d28dae460c141dd2ff83412e4dc1c31b16b25f33144a9e5620ea73b13f5bc1c59411d98439ad226e8af03840603796067d87afe130812cf3de24982d0e306f9e61e764e5\" aria-label=\"Banner_Obras_PortallavrasTV\"><img src=\"https:\/\/lavras.tv\/site\/wp-content\/uploads\/2025\/03\/Banner_Obras_PortallavrasTV.png\" alt=\"\"  srcset=\"https:\/\/lavras.tv\/site\/wp-content\/uploads\/2025\/03\/Banner_Obras_PortallavrasTV.png 720w, https:\/\/lavras.tv\/site\/wp-content\/uploads\/2025\/03\/Banner_Obras_PortallavrasTV-470x68.png 470w, https:\/\/lavras.tv\/site\/wp-content\/uploads\/2025\/03\/Banner_Obras_PortallavrasTV-170x25.png 170w, https:\/\/lavras.tv\/site\/wp-content\/uploads\/2025\/03\/Banner_Obras_PortallavrasTV-200x29.png 200w\" sizes=\"(max-width: 720px) 100vw, 720px\" width=\"720\" height=\"104\"   \/><\/a><\/li><li><div style=\"margin-left: auto;margin-right: auto;text-align: center;\" id=\"lavra-1990031704\"><a href=\"https:\/\/sistemas.lavras.mg.gov.br\/portalcidadao\/#df1b1a7c7b2a290bcb31e32771e610784662739a88807c0dacac58ede5f391a7530e299dc302d611ee73cb143fc22eaf93592e53e7b5bdb01b00a0b8d28dae460c141dd2ff83412e4dc1c31b16b25f33144a9e5620ea73b13f5bc1c59411d98439ad226e8af03840603796067d87afe130812cf3de24982d0e306f9e61e764e5\" aria-label=\"Banner_Educa\u00e7\u00e3o_PortallavrasTV\"><img src=\"https:\/\/lavras.tv\/site\/wp-content\/uploads\/2025\/01\/Banner_Educacao_PortallavrasTV.png\" alt=\"\"  srcset=\"https:\/\/lavras.tv\/site\/wp-content\/uploads\/2025\/01\/Banner_Educacao_PortallavrasTV.png 720w, https:\/\/lavras.tv\/site\/wp-content\/uploads\/2025\/01\/Banner_Educacao_PortallavrasTV-470x68.png 470w, https:\/\/lavras.tv\/site\/wp-content\/uploads\/2025\/01\/Banner_Educacao_PortallavrasTV-170x25.png 170w, https:\/\/lavras.tv\/site\/wp-content\/uploads\/2025\/01\/Banner_Educacao_PortallavrasTV-200x29.png 200w\" sizes=\"(max-width: 720px) 100vw, 720px\" width=\"720\" height=\"104\"  style=\"display: inline-block;\" \/><\/a><\/div><\/li><li><a href=\"https:\/\/sistemas.lavras.mg.gov.br\/portalcidadao\/#df1b1a7c7b2a290bcb31e32771e610784662739a88807c0dacac58ede5f391a7530e299dc302d611ee73cb143fc22eaf93592e53e7b5bdb01b00a0b8d28dae460c141dd2ff83412e4dc1c31b16b25f33144a9e5620ea73b13f5bc1c59411d98439ad226e8af03840603796067d87afe130812cf3de24982d0e306f9e61e764e5\" aria-label=\"Banner_Sa\u00fade_PortallavrasTV\"><img src=\"https:\/\/lavras.tv\/site\/wp-content\/uploads\/2025\/03\/Banner_Saude_PortallavrasTV.png\" alt=\"\"  srcset=\"https:\/\/lavras.tv\/site\/wp-content\/uploads\/2025\/03\/Banner_Saude_PortallavrasTV.png 720w, https:\/\/lavras.tv\/site\/wp-content\/uploads\/2025\/03\/Banner_Saude_PortallavrasTV-470x68.png 470w, https:\/\/lavras.tv\/site\/wp-content\/uploads\/2025\/03\/Banner_Saude_PortallavrasTV-170x25.png 170w, https:\/\/lavras.tv\/site\/wp-content\/uploads\/2025\/03\/Banner_Saude_PortallavrasTV-200x29.png 200w\" sizes=\"(max-width: 720px) 100vw, 720px\" width=\"720\" height=\"104\"   \/><\/a><\/li><li><div id=\"lavra-1548189637\" style=\"width:720px;height:104px;background-color:#ddd;overflow:scroll;\">\n\t<strong>Sa\u00edda da depura\u00e7\u00e3o de an\u00fancios<\/strong>\n\t<br><br>\n\tO an\u00fancio n\u00e3o \u00e9 exibido na p\u00e1gina<br><br>post atual: Pr\u00e9-candidatura de Anastasia muda quadro eleitoral em MG, ID: 15320<br><br><span style=\"color: red;\">O post atual n\u00e3o \u00e9 id\u00eantico ao post principal.<\/span><br><br>An\u00fancios: ROXO - TOPO INTERNA - ROTATIVO 2 (197)<br \/>Grupo de an\u00fancios: Princ_Meio01_720x104 (27)<br><br>Condi\u00e7\u00f5es de exibi\u00e7\u00e3o<div style=\"margin-bottom: 20px; white-space: pre-wrap; font-family: monospace; width: 100%; background: #ffe9e9;\"><strong>condi\u00e7\u00f5es gerais<\/strong><table border=\"1\"><thead><tr><th><\/th><th>An\u00fancios<\/th><th>wp_the_query<\/th><\/tr><\/thead><tr><td>is_main_query<\/td><td>1<\/td><td>1<\/td><\/tr><tr><td>is_rest_api<\/td><td>0<\/td><td>1<\/td><\/tr><tr><td>page<\/td><td>0<\/td><td>1<\/td><\/tr><tr><td>numpages<\/td><td>0<\/td><td>1<\/td><\/tr><tr><td>is_archive<\/td><td>1<\/td><td><\/td><\/tr><tr><td>is_search<\/td><td>1<\/td><td><\/td><\/tr><tr><td>is_home<\/td><td>1<\/td><td><\/td><\/tr><tr><td>is_404<\/td><td>1<\/td><td><\/td><\/tr><tr><td>is_attachment<\/td><td>1<\/td><td><\/td><\/tr><tr><td>is_singular<\/td><td>1<\/td><td><\/td><\/tr><tr><td>is_front_page<\/td><td>1<\/td><td><\/td><\/tr><tr><td>is_feed<\/td><td>1<\/td><td><\/td><\/tr><\/table><\/div><br><br><span style=\"color: red;\">Seu site usa HTTPS, mas o c\u00f3digo do an\u00fancio cont\u00e9m HTTP e pode n\u00e3o funcionar.<\/span>\t<br><br>\n\t<a style=\"color: green;\" href=\"https:\/\/wpadvancedads.com\/manual\/ad-debug-mode\/?utm_source=advanced-ads&utm_medium=link&utm_campaign=ad-debug-mode\" target=\"_blank\" rel=\"nofollow\">Encontre solu\u00e7\u00f5es no manual<\/a>\n<\/div>\n<\/li><\/ul><\/div><script>( window.advanced_ads_ready || jQuery( document ).ready ).call( null, function() {var $lavraslider2859223715 = jQuery( \".lavra-slider-2859223715\" );$lavraslider2859223715.on( \"unslider.ready\", function() { jQuery( \"div.custom-slider ul li\" ).css( \"display\", \"block\" ); });$lavraslider2859223715.unslider({ delay:4000, autoplay:true, nav:false, arrows:false, infinite:true });$lavraslider2859223715.on(\"mouseover\", function() {$lavraslider2859223715.unslider(\"stop\");}).on(\"mouseout\", function() {$lavraslider2859223715.unslider(\"start\");});});<\/script><\/div><p>A entrada em campo do senador Antonio Anastasia (PSDB) na disputa pelo Pal\u00e1cio da Liberdade tem potencial para esvaziar as pr\u00e9-candidaturas do time de oposi\u00e7\u00e3o ao governador Fernando Pimentel (PT) e poder\u00e1 levar o pleito deste ano a uma polariza\u00e7\u00e3o.<!--more--><br \/>\nAo menos oito partidos que caminhavam com algum dos postulantes ao Executivo mineiro j\u00e1 decidiram rever a posi\u00e7\u00e3o.<\/p>\n<p><img fetchpriority=\"high\" decoding=\"async\" class=\"alignnone size-full wp-image-4359 aligncenter\" src=\"http:\/\/lavras.tv\/site\/wp-content\/uploads\/2016\/11\/anastasia-e1480416841903.jpg\" alt=\"anastasia\" width=\"690\" height=\"591\" srcset=\"https:\/\/lavras.tv\/site\/wp-content\/uploads\/2016\/11\/anastasia-e1480416841903.jpg 690w, https:\/\/lavras.tv\/site\/wp-content\/uploads\/2016\/11\/anastasia-e1480416841903-150x128.jpg 150w, https:\/\/lavras.tv\/site\/wp-content\/uploads\/2016\/11\/anastasia-e1480416841903-300x257.jpg 300w\" sizes=\"(max-width: 690px) 100vw, 690px\" \/><\/p>\n<p>O presidente estadual do PSDB, deputado Domingos S\u00e1vio, informou que tratativas foram ou ser\u00e3o iniciadas com o PP, PTB, PSD, PV, Solidariedade, Avante e Democratas. \u201cEstamos avan\u00e7ando no di\u00e1logo com alguns partidos. Vamos nos esfor\u00e7ar para construir uma ampla alian\u00e7a\u201d, afirmou. Segundo ele, lideran\u00e7as de diversas legendas j\u00e1 haviam demonstrado disposi\u00e7\u00e3o em apoiar Anastasia, caso ele decidisse se candidatar.<\/p>\n<p>O deputado federal Luis Fernando Faria (PP) disse que o partido foi \u201cpego de surpresa\u201d com a defini\u00e7\u00e3o do senador, alterando assim o quadro eleitoral. \u201cAs portas do PP estar\u00e3o abertas para conversar\u201d, disse, ao ser questionado sobre a poss\u00edvel alian\u00e7a com o PSDB. Uma grande parte do PP caminhava para apoiar o pr\u00e9-candidato Rodrigo Pacheco, que filiou-se ontem ao Democratas. A postura do PP provocou a sa\u00edda da legenda dos ex-deputados Dinis Pinheiro e Alberto Pinto Coelho.<\/p>\n<p>Dinis, dizem aliados, j\u00e1 teria decidido desistir da candidatura para compor com Anastasia. Seria candidato ao Senado. \u201cTemos uma chapa com quatro vagas, ent\u00e3o, estaremos abertos para compor essa chapa, valorizando os partidos\u201d, contou S\u00e1vio.<\/p>\n<p>Os tucanos pediram a deputados de diversos partidos que conversem com as dire\u00e7\u00f5es estaduais para viabilizar uma ampla alian\u00e7a da oposi\u00e7\u00e3o. \u201cAssim como eu, muitos est\u00e3o com a miss\u00e3o de buscar, de forma un\u00edssona, trabalhar para essa candidatura. Meu partido n\u00e3o tem decis\u00e3o ainda, mas, como membro do diret\u00f3rio, vou trabalhar nessa dire\u00e7\u00e3o\u201d, afirmou o parlamentar Ant\u00f4nio Jorge, do PPS.<\/p>\n<p>O partido de Jorge estava dividido entre a alian\u00e7a com Pacheco ou o aval a Dinis. Os dois pr\u00e9-candidatos atuavam no mesmo espectro partid\u00e1rio que sustentou as duas gest\u00f5es de Anastasia, quando foi governador. Dinis foi procurado, mas n\u00e3o atendeu as liga\u00e7\u00f5es.<\/p>\n<p><strong>Manuten\u00e7\u00e3o<\/strong><\/p>\n<p>Ontem, Pacheco disse que n\u00e3o desistir\u00e1 da empreitada. Ex-prefeito de Belo Horizonte, Marcio Lacerda (PSB) tamb\u00e9m manteve a posi\u00e7\u00e3o. O socialista tem o apoio do PDT. Mas j\u00e1 come\u00e7a a perder espa\u00e7o. O deputado estadual Sargento Rodrigues deixou o partido para apoiar Anastasia. \u201cVamos aglutinar todas as for\u00e7as de oposi\u00e7\u00e3o\u201d, afirmou.<\/p>\n<p>O PTB tamb\u00e9m pretendia disputar a elei\u00e7\u00e3o unido a Lacerda ou a Pacheco, mas a pr\u00e9-candidatura de Anastasia pode mudar o jogo. \u201cTinha um grupo que queria apoiar o Lacerda. Agora, Anastasia \u00e9 um fator complicador, um fator novo. Tradicionalmente, apoiamos o Anastasia. Agora, teremos que nos reunir e tomar uma decis\u00e3o\u201d, afirmou o deputado estadual Dilzon Melo.<br \/>\n<strong>Rodrigo Pacheco troca o MDB pelo DEM e mant\u00e9m inten\u00e7\u00e3o de concorrer ao governo<\/strong><br \/>\nO deputado federal Rodrigo Pacheco filiou-se ontem ao Democratas garantindo a pr\u00e9-candidatura ao governo de Minas. Existe a expectativa de aliados de que ele possa formar chapa com o senador Antonio Anastasia (PSDB), que comunicou na \u00faltima semana a entrada na disputa.<\/p>\n<p>\u201cMantenho meu conceito em rela\u00e7\u00e3o ao senador Anastasia, que \u00e9 o melhor poss\u00edvel\u201d, disse o deputado federal, eleito para o cargo ainda pelo MDB. \u201cFoi um excelente governador, reconhe\u00e7o isso, mas tenho direito de dar a Minas Gerais uma alternativa, por isso coloco meu nome para governo do Estado\u201d, concluiu Pacheco, que assinou a filia\u00e7\u00e3o acompanhado pelo presidente da C\u00e2mara e\u00a0 pr\u00e9-candidato ao Planalto, Rodrigo Maia (DEM-RJ), e pelo presidente nacional do partido e prefeito de Salvador, Ant\u00f4nio Carlos Magalh\u00e3es Neto.<\/p>\n<p>O evento de filia\u00e7\u00e3o de Pacheco atraiu deputados e lideran\u00e7as de v\u00e1rios partidos do campo oposicionista. Dentre eles, estavam tucanos como o presidente do PSDB em Minas, deputado Domingos S\u00e1vio, e o prefeito de Contagem, Alex de Freitas.<\/p>\n<p>No palanque, Domingos S\u00e1vio elogiou a capacidade de di\u00e1logo de Pacheco. O Democratas \u00e9 um dos partidos que o PSDB ir\u00e1 procurar para tentar uma composi\u00e7\u00e3o.<\/p>\n<p>\u201cNo limite, v\u00e3o ser candidaturas que v\u00e3o propor coisas parecidas. Eles acreditam nas mesmas coisas e acho que, na minha aposta, vai haver um entendimento para que saiamos juntos\u201d, declarou Alex de Freitas.<\/p>\n<p>\u201cPacheco \u00e9 um candidato que tem total condi\u00e7\u00e3o de contribuir em qualquer espa\u00e7o, como vice, como senador da Rep\u00fablica. O importante \u00e9 que n\u00f3s consigamos estreitar o di\u00e1logo para que possamos fazer uma ampla frente para essa elei\u00e7\u00e3o\u201d, complementou o deputado Jo\u00e3o Vitor Xavier (PSDB).<\/p>\n<p>Representantes do Avante, PEN, PSD, PPS, PP, PMB, MDB, PTC e PSB tamb\u00e9m prestigiaram a filia\u00e7\u00e3o de Pacheco ao Democratas.<\/p>\n<p>&nbsp;<\/p>\n<p><strong>\u2018N\u00e3o posso me atirar de cabe\u00e7a em uma aventura\u2019, diz ex-prefeito Marcio Lacerda<\/strong><\/p>\n<p>O ex-prefeito de Belo Horizonte, Marcio Lacerda (PSB), declarou ontem que ir\u00e1 manter a pr\u00e9-candidatura ao Pal\u00e1cio da Liberdade. Por\u00e9m, afirmou que n\u00e3o sustentar\u00e1 uma campanha sem alian\u00e7as.<\/p>\n<p>Lacerda passou o dia conversando com aliados. At\u00e9 o presidente nacional do partido, Carlos Siqueira, esteve ontem na capital mineira avaliando o cen\u00e1rio, ap\u00f3s a entrada na disputa do senador Antonio Anastasia (PSDB).\u201c\u00c9 perfeitamente normal o PSDB lan\u00e7ar uma candidatura pr\u00f3pria. N\u00f3s mantemos a nossa candidatura e entendemos que ela ser\u00e1, e j\u00e1 \u00e9, muito competitiva\u201d, afirmou Lacerda.<\/p>\n<p>Entretanto, a poss\u00edvel perda do apoio de prefeitos e partidos, que passariam a se unir a Anastasia, pode fazer com que Lacerda repense os planos para a elei\u00e7\u00e3o. \u201cTenho o plano de ser candidato a governador, mas tamb\u00e9m n\u00e3o pode ser uma aventura. N\u00e3o posso me atirar de cabe\u00e7a em uma aventura. Temos que ter uma alian\u00e7a m\u00ednima\u201d, disse.<\/p>\n<p>Apesar do risco de enfraquecimento na sua base eleitoral, Lacerda descartou\u00a0 fazer uma alian\u00e7a com o PT, que deve lan\u00e7ar o atual governador Fernando Pimentel \u00e0 reelei\u00e7\u00e3o.\u201cEst\u00e1 descartada essa possibilidade j\u00e1 h\u00e1 algum tempo inclusive\u201d, declarou.<\/p>\n<p><strong>Dinis<\/strong><\/p>\n<p>O ex-prefeito de BH negociou apoio do PDT, que lan\u00e7ar\u00e1 Ciro Gomes candidato \u00e0 Presid\u00eancia da Rep\u00fablica. Ciro e Lacerda s\u00e3o amigos. Ele ainda espera pelo Solidariedade, partido que deve abrigar o ex-deputado Dinis Pinheiro.<\/p>\n<p>Contudo, com a entrada de Anastasia no processo eleitoral, j\u00e1 se fala na desist\u00eancia de Dinis. Ele deve disputar uma vaga ao Senado. Nesse contexto, Lacerda avalia o apoio ao ex-deputado.<\/p>\n<p>\u201cO Dinis tem uma bela carreira como deputado e presidente da Assembleia. Tem uma grande rede de apoiadores em todo o Estado. N\u00f3s temos uma combina\u00e7\u00e3o, desde mar\u00e7o do ano passado, de estarmos juntos e definirmos as posi\u00e7\u00f5es em fun\u00e7\u00e3o das pesquisas\u201d, disse Lacerda.<\/p>\n<p>Fonte: Hoje em Dia<\/p>\n","protected":false},"excerpt":{"rendered":"<p>A entrada em campo do senador Antonio Anastasia (PSDB) na disputa pelo Pal\u00e1cio da Liberdade tem potencial para esvaziar as pr\u00e9-candidaturas do time de oposi\u00e7\u00e3o ao governador Fernando Pimentel (PT) e poder\u00e1 levar o pleito deste ano a uma polariza\u00e7\u00e3o.<\/p>\n","protected":false},"author":2,"featured_media":4359,"comment_status":"closed","ping_status":"open","sticky":false,"template":"","format":"standard","meta":{"advgb_blocks_editor_width":"","advgb_blocks_columns_visual_guide":"","_exactmetrics_skip_tracking":false,"_exactmetrics_sitenote_active":false,"_exactmetrics_sitenote_note":"","_exactmetrics_sitenote_category":0,"footnotes":""},"categories":[7,12],"tags":[4625,2620,1015,4626],"class_list":["post-15320","post","type-post","status-publish","format-standard","has-post-thumbnail","hentry","category-destaques","category-politica","tag-antonio-anastasia","tag-governo","tag-mg","tag-pre-candidato"],"better_featured_image":{"id":4359,"alt_text":"","caption":"","description":"","media_type":"image","media_details":{"width":690,"height":591,"file":"2016\/11\/anastasia-e1480416841903.jpg","sizes":{"thumbnail":{"file":"anastasia-e1480416841903-150x128.jpg","width":150,"height":128,"mime-type":"image\/jpeg","source_url":"https:\/\/lavras.tv\/site\/wp-content\/uploads\/2016\/11\/anastasia-e1480416841903-150x128.jpg"},"medium":{"file":"anastasia-e1480416841903-300x257.jpg","width":300,"height":257,"mime-type":"image\/jpeg","source_url":"https:\/\/lavras.tv\/site\/wp-content\/uploads\/2016\/11\/anastasia-e1480416841903-300x257.jpg"},"large":{"file":"anastasia-1024x559.jpg","width":1024,"height":559,"mime-type":"image\/jpeg","source_url":"https:\/\/lavras.tv\/site\/wp-content\/uploads\/2016\/11\/anastasia-1024x559.jpg"},"featured-slider-img":{"file":"anastasia-e1480416841903-640x480.jpg","width":640,"height":480,"mime-type":"image\/jpeg","source_url":"https:\/\/lavras.tv\/site\/wp-content\/uploads\/2016\/11\/anastasia-e1480416841903-640x480.jpg"},"featured-post-img":{"file":"anastasia-e1480416841903-480x320.jpg","width":480,"height":320,"mime-type":"image\/jpeg","source_url":"https:\/\/lavras.tv\/site\/wp-content\/uploads\/2016\/11\/anastasia-e1480416841903-480x320.jpg"},"sow-carousel-default":{"file":"anastasia-e1480416841903-272x182.jpg","width":272,"height":182,"mime-type":"image\/jpeg","source_url":"https:\/\/lavras.tv\/site\/wp-content\/uploads\/2016\/11\/anastasia-e1480416841903-272x182.jpg"}},"image_meta":{"aperture":"0","credit":"","camera":"","caption":"","created_timestamp":"0","copyright":"","focal_length":"0","iso":"0","shutter_speed":"0","title":"","orientation":"0","keywords":[]}},"post":4358,"source_url":"https:\/\/lavras.tv\/site\/wp-content\/uploads\/2016\/11\/anastasia-e1480416841903.jpg"},"author_meta":{"display_name":"Lavras TV","author_link":"https:\/\/lavras.tv\/site\/author\/lavrastv\/"},"featured_img":"https:\/\/lavras.tv\/site\/wp-content\/uploads\/2016\/11\/anastasia-e1480416841903-300x257.jpg","coauthors":[],"tax_additional":{"categories":{"linked":["<a href=\"https:\/\/lavras.tv\/site\/category\/destaques\/\" class=\"advgb-post-tax-term\">Destaques<\/a>","<a href=\"https:\/\/lavras.tv\/site\/category\/politica\/\" class=\"advgb-post-tax-term\">Pol\u00edtica<\/a>"],"unlinked":["<span class=\"advgb-post-tax-term\">Destaques<\/span>","<span class=\"advgb-post-tax-term\">Pol\u00edtica<\/span>"]},"tags":{"linked":["<a href=\"https:\/\/lavras.tv\/site\/category\/politica\/\" class=\"advgb-post-tax-term\">Ant\u00f4nio Anastasia<\/a>","<a href=\"https:\/\/lavras.tv\/site\/category\/politica\/\" class=\"advgb-post-tax-term\">governo<\/a>","<a href=\"https:\/\/lavras.tv\/site\/category\/politica\/\" class=\"advgb-post-tax-term\">mg<\/a>","<a href=\"https:\/\/lavras.tv\/site\/category\/politica\/\" class=\"advgb-post-tax-term\">pr\u00e9-candidato<\/a>"],"unlinked":["<span class=\"advgb-post-tax-term\">Ant\u00f4nio Anastasia<\/span>","<span class=\"advgb-post-tax-term\">governo<\/span>","<span class=\"advgb-post-tax-term\">mg<\/span>","<span class=\"advgb-post-tax-term\">pr\u00e9-candidato<\/span>"]}},"comment_count":"0","relative_dates":{"created":"Publicado 8 anos atr\u00e1s","modified":"Atualizado 8 anos atr\u00e1s"},"absolute_dates":{"created":"Publicado em 20 de mar\u00e7o de 2018","modified":"Atualizado em 20 de mar\u00e7o de 2018"},"absolute_dates_time":{"created":"Publicado em 20 de mar\u00e7o de 2018 09:59","modified":"Atualizado em 20 de mar\u00e7o de 2018 09:59"},"featured_img_caption":"","series_order":"","_links":{"self":[{"href":"https:\/\/lavras.tv\/site\/wp-json\/wp\/v2\/posts\/15320","targetHints":{"allow":["GET"]}}],"collection":[{"href":"https:\/\/lavras.tv\/site\/wp-json\/wp\/v2\/posts"}],"about":[{"href":"https:\/\/lavras.tv\/site\/wp-json\/wp\/v2\/types\/post"}],"author":[{"embeddable":true,"href":"https:\/\/lavras.tv\/site\/wp-json\/wp\/v2\/users\/2"}],"replies":[{"embeddable":true,"href":"https:\/\/lavras.tv\/site\/wp-json\/wp\/v2\/comments?post=15320"}],"version-history":[{"count":1,"href":"https:\/\/lavras.tv\/site\/wp-json\/wp\/v2\/posts\/15320\/revisions"}],"predecessor-version":[{"id":15321,"href":"https:\/\/lavras.tv\/site\/wp-json\/wp\/v2\/posts\/15320\/revisions\/15321"}],"wp:featuredmedia":[{"embeddable":true,"href":"https:\/\/lavras.tv\/site\/wp-json\/wp\/v2\/media\/4359"}],"wp:attachment":[{"href":"https:\/\/lavras.tv\/site\/wp-json\/wp\/v2\/media?parent=15320"}],"wp:term":[{"taxonomy":"category","embeddable":true,"href":"https:\/\/lavras.tv\/site\/wp-json\/wp\/v2\/categories?post=15320"},{"taxonomy":"post_tag","embeddable":true,"href":"https:\/\/lavras.tv\/site\/wp-json\/wp\/v2\/tags?post=15320"}],"curies":[{"name":"wp","href":"https:\/\/api.w.org\/{rel}","templated":true}]}}