{"id":15427,"date":"2018-03-27T09:13:04","date_gmt":"2018-03-27T12:13:04","guid":{"rendered":"http:\/\/lavras.tv\/site\/?p=15427"},"modified":"2018-03-27T09:13:04","modified_gmt":"2018-03-27T12:13:04","slug":"informe-parlamentar-deputada-damina-participa-como-palestrante-de-evento-nacional-em-bh","status":"publish","type":"post","link":"https:\/\/lavras.tv\/site\/2018\/03\/27\/informe-parlamentar-deputada-damina-participa-como-palestrante-de-evento-nacional-em-bh\/","title":{"rendered":"[Informe Parlamentar] Deputada D\u00e2mina participa como palestrante de evento nacional em BH"},"content":{"rendered":"<div class=\"lavra-antes-do-conteudo_2\" id=\"lavra-409381100\"><div id=\"lavra-slider-27\" class=\"custom-slider lavra-slider-2860026482 lavra-slider\"><ul><li><div style=\"margin-left: auto;margin-right: auto;text-align: center;\" id=\"lavra-2030225793\"><a href=\"https:\/\/sistemas.lavras.mg.gov.br\/portalcidadao\/#df1b1a7c7b2a290bcb31e32771e610784662739a88807c0dacac58ede5f391a7530e299dc302d611ee73cb143fc22eaf93592e53e7b5bdb01b00a0b8d28dae460c141dd2ff83412e4dc1c31b16b25f33144a9e5620ea73b13f5bc1c59411d98439ad226e8af03840603796067d87afe130812cf3de24982d0e306f9e61e764e5\" aria-label=\"Lavras-TV&#8211;720x104px (1) (1)\"><img src=\"https:\/\/lavras.tv\/site\/wp-content\/uploads\/2025\/01\/Lavras-TV-720x104px-1-1.png\" alt=\"\"  srcset=\"https:\/\/lavras.tv\/site\/wp-content\/uploads\/2025\/01\/Lavras-TV-720x104px-1-1.png 720w, https:\/\/lavras.tv\/site\/wp-content\/uploads\/2025\/01\/Lavras-TV-720x104px-1-1-470x68.png 470w, https:\/\/lavras.tv\/site\/wp-content\/uploads\/2025\/01\/Lavras-TV-720x104px-1-1-170x25.png 170w, https:\/\/lavras.tv\/site\/wp-content\/uploads\/2025\/01\/Lavras-TV-720x104px-1-1-200x29.png 200w\" sizes=\"(max-width: 720px) 100vw, 720px\" width=\"720\" height=\"104\"  style=\"display: inline-block;\" \/><\/a><\/div><\/li><li><a href=\"https:\/\/sistemas.lavras.mg.gov.br\/portalcidadao\/#df1b1a7c7b2a290bcb31e32771e610784662739a88807c0dacac58ede5f391a7530e299dc302d611ee73cb143fc22eaf93592e53e7b5bdb01b00a0b8d28dae460c141dd2ff83412e4dc1c31b16b25f33144a9e5620ea73b13f5bc1c59411d98439ad226e8af03840603796067d87afe130812cf3de24982d0e306f9e61e764e5\" aria-label=\"Banner_Emprego_PortallavrasTV\"><img src=\"https:\/\/lavras.tv\/site\/wp-content\/uploads\/2025\/03\/Banner_Emprego_PortallavrasTV.png\" alt=\"\"  srcset=\"https:\/\/lavras.tv\/site\/wp-content\/uploads\/2025\/03\/Banner_Emprego_PortallavrasTV.png 720w, https:\/\/lavras.tv\/site\/wp-content\/uploads\/2025\/03\/Banner_Emprego_PortallavrasTV-470x68.png 470w, https:\/\/lavras.tv\/site\/wp-content\/uploads\/2025\/03\/Banner_Emprego_PortallavrasTV-170x25.png 170w, https:\/\/lavras.tv\/site\/wp-content\/uploads\/2025\/03\/Banner_Emprego_PortallavrasTV-200x29.png 200w\" sizes=\"(max-width: 720px) 100vw, 720px\" width=\"720\" height=\"104\"   \/><\/a><\/li><li><a href=\"https:\/\/sistemas.lavras.mg.gov.br\/portalcidadao\/#df1b1a7c7b2a290bcb31e32771e610784662739a88807c0dacac58ede5f391a7530e299dc302d611ee73cb143fc22eaf93592e53e7b5bdb01b00a0b8d28dae460c141dd2ff83412e4dc1c31b16b25f33144a9e5620ea73b13f5bc1c59411d98439ad226e8af03840603796067d87afe130812cf3de24982d0e306f9e61e764e5\" aria-label=\"Banner_Obras_PortallavrasTV\"><img src=\"https:\/\/lavras.tv\/site\/wp-content\/uploads\/2025\/03\/Banner_Obras_PortallavrasTV.png\" alt=\"\"  srcset=\"https:\/\/lavras.tv\/site\/wp-content\/uploads\/2025\/03\/Banner_Obras_PortallavrasTV.png 720w, https:\/\/lavras.tv\/site\/wp-content\/uploads\/2025\/03\/Banner_Obras_PortallavrasTV-470x68.png 470w, https:\/\/lavras.tv\/site\/wp-content\/uploads\/2025\/03\/Banner_Obras_PortallavrasTV-170x25.png 170w, https:\/\/lavras.tv\/site\/wp-content\/uploads\/2025\/03\/Banner_Obras_PortallavrasTV-200x29.png 200w\" sizes=\"(max-width: 720px) 100vw, 720px\" width=\"720\" height=\"104\"   \/><\/a><\/li><li><div style=\"margin-left: auto;margin-right: auto;text-align: center;\" id=\"lavra-3847613689\"><a href=\"https:\/\/sistemas.lavras.mg.gov.br\/portalcidadao\/#df1b1a7c7b2a290bcb31e32771e610784662739a88807c0dacac58ede5f391a7530e299dc302d611ee73cb143fc22eaf93592e53e7b5bdb01b00a0b8d28dae460c141dd2ff83412e4dc1c31b16b25f33144a9e5620ea73b13f5bc1c59411d98439ad226e8af03840603796067d87afe130812cf3de24982d0e306f9e61e764e5\" aria-label=\"Banner_Educa\u00e7\u00e3o_PortallavrasTV\"><img src=\"https:\/\/lavras.tv\/site\/wp-content\/uploads\/2025\/01\/Banner_Educacao_PortallavrasTV.png\" alt=\"\"  srcset=\"https:\/\/lavras.tv\/site\/wp-content\/uploads\/2025\/01\/Banner_Educacao_PortallavrasTV.png 720w, https:\/\/lavras.tv\/site\/wp-content\/uploads\/2025\/01\/Banner_Educacao_PortallavrasTV-470x68.png 470w, https:\/\/lavras.tv\/site\/wp-content\/uploads\/2025\/01\/Banner_Educacao_PortallavrasTV-170x25.png 170w, https:\/\/lavras.tv\/site\/wp-content\/uploads\/2025\/01\/Banner_Educacao_PortallavrasTV-200x29.png 200w\" sizes=\"(max-width: 720px) 100vw, 720px\" width=\"720\" height=\"104\"  style=\"display: inline-block;\" \/><\/a><\/div><\/li><li><a href=\"https:\/\/sistemas.lavras.mg.gov.br\/portalcidadao\/#df1b1a7c7b2a290bcb31e32771e610784662739a88807c0dacac58ede5f391a7530e299dc302d611ee73cb143fc22eaf93592e53e7b5bdb01b00a0b8d28dae460c141dd2ff83412e4dc1c31b16b25f33144a9e5620ea73b13f5bc1c59411d98439ad226e8af03840603796067d87afe130812cf3de24982d0e306f9e61e764e5\" aria-label=\"Banner_Sa\u00fade_PortallavrasTV\"><img src=\"https:\/\/lavras.tv\/site\/wp-content\/uploads\/2025\/03\/Banner_Saude_PortallavrasTV.png\" alt=\"\"  srcset=\"https:\/\/lavras.tv\/site\/wp-content\/uploads\/2025\/03\/Banner_Saude_PortallavrasTV.png 720w, https:\/\/lavras.tv\/site\/wp-content\/uploads\/2025\/03\/Banner_Saude_PortallavrasTV-470x68.png 470w, https:\/\/lavras.tv\/site\/wp-content\/uploads\/2025\/03\/Banner_Saude_PortallavrasTV-170x25.png 170w, https:\/\/lavras.tv\/site\/wp-content\/uploads\/2025\/03\/Banner_Saude_PortallavrasTV-200x29.png 200w\" sizes=\"(max-width: 720px) 100vw, 720px\" width=\"720\" height=\"104\"   \/><\/a><\/li><li><div id=\"lavra-2014090878\" style=\"width:720px;height:104px;background-color:#ddd;overflow:scroll;\">\n\t<strong>Sa\u00edda da depura\u00e7\u00e3o de an\u00fancios<\/strong>\n\t<br><br>\n\tO an\u00fancio n\u00e3o \u00e9 exibido na p\u00e1gina<br><br>post atual: [Informe Parlamentar] Deputada D\u00e2mina participa como palestrante de evento nacional em BH, ID: 15427<br><br><span style=\"color: red;\">O post atual n\u00e3o \u00e9 id\u00eantico ao post principal.<\/span><br><br>An\u00fancios: ROXO - TOPO INTERNA - ROTATIVO 2 (197)<br \/>Grupo de an\u00fancios: Princ_Meio01_720x104 (27)<br><br>Condi\u00e7\u00f5es de exibi\u00e7\u00e3o<div style=\"margin-bottom: 20px; white-space: pre-wrap; font-family: monospace; width: 100%; background: #ffe9e9;\"><strong>condi\u00e7\u00f5es gerais<\/strong><table border=\"1\"><thead><tr><th><\/th><th>An\u00fancios<\/th><th>wp_the_query<\/th><\/tr><\/thead><tr><td>is_main_query<\/td><td>1<\/td><td>1<\/td><\/tr><tr><td>is_rest_api<\/td><td>0<\/td><td>1<\/td><\/tr><tr><td>page<\/td><td>0<\/td><td>1<\/td><\/tr><tr><td>numpages<\/td><td>0<\/td><td>1<\/td><\/tr><tr><td>is_archive<\/td><td>1<\/td><td><\/td><\/tr><tr><td>is_search<\/td><td>1<\/td><td><\/td><\/tr><tr><td>is_home<\/td><td>1<\/td><td><\/td><\/tr><tr><td>is_404<\/td><td>1<\/td><td><\/td><\/tr><tr><td>is_attachment<\/td><td>1<\/td><td><\/td><\/tr><tr><td>is_singular<\/td><td>1<\/td><td><\/td><\/tr><tr><td>is_front_page<\/td><td>1<\/td><td><\/td><\/tr><tr><td>is_feed<\/td><td>1<\/td><td><\/td><\/tr><\/table><\/div><br><br><span style=\"color: red;\">Seu site usa HTTPS, mas o c\u00f3digo do an\u00fancio cont\u00e9m HTTP e pode n\u00e3o funcionar.<\/span>\t<br><br>\n\t<a style=\"color: green;\" href=\"https:\/\/wpadvancedads.com\/manual\/ad-debug-mode\/?utm_source=advanced-ads&utm_medium=link&utm_campaign=ad-debug-mode\" target=\"_blank\" rel=\"nofollow\">Encontre solu\u00e7\u00f5es no manual<\/a>\n<\/div>\n<\/li><\/ul><\/div><script>( window.advanced_ads_ready || jQuery( document ).ready ).call( null, function() {var $lavraslider2860026482 = jQuery( \".lavra-slider-2860026482\" );$lavraslider2860026482.on( \"unslider.ready\", function() { jQuery( \"div.custom-slider ul li\" ).css( \"display\", \"block\" ); });$lavraslider2860026482.unslider({ delay:4000, autoplay:true, nav:false, arrows:false, infinite:true });$lavraslider2860026482.on(\"mouseover\", function() {$lavraslider2860026482.unslider(\"stop\");}).on(\"mouseout\", function() {$lavraslider2860026482.unslider(\"start\");});});<\/script><\/div><p class=\"m_-6861299033980959569gmail-m_-8867911716855849066m_-7017092172614609216gmail-MsoNoSpacing\">A deputada federal D\u00e2mina Pereira foi uma das palestrantes no 12\u00ba Semin\u00e1rio Nacional VIVER Mulher, realizado pela Confedera\u00e7\u00e3o Nacional dos Trabalhadores em Turismo e Hospitalidade (CONTRATUH), com o tema \u201cRespeito, Dignidade e Igualdade \u2013 Diga N\u00e3o \u00e0 Viol\u00eancia\u201d.<\/p>\n<p class=\"m_-6861299033980959569gmail-m_-8867911716855849066m_-7017092172614609216gmail-MsoNoSpacing\">\u00a0<img fetchpriority=\"high\" decoding=\"async\" class=\"alignnone size-full wp-image-15428 aligncenter\" src=\"http:\/\/lavras.tv\/site\/wp-content\/uploads\/2018\/03\/IMG_6492.jpg\" alt=\"IMG_6492\" width=\"3825\" height=\"3157\" srcset=\"https:\/\/lavras.tv\/site\/wp-content\/uploads\/2018\/03\/IMG_6492.jpg 3825w, https:\/\/lavras.tv\/site\/wp-content\/uploads\/2018\/03\/IMG_6492-150x124.jpg 150w, https:\/\/lavras.tv\/site\/wp-content\/uploads\/2018\/03\/IMG_6492-300x248.jpg 300w, https:\/\/lavras.tv\/site\/wp-content\/uploads\/2018\/03\/IMG_6492-1024x845.jpg 1024w\" sizes=\"(max-width: 3825px) 100vw, 3825px\" \/><\/p>\n<p class=\"m_-6861299033980959569gmail-m_-8867911716855849066m_-7017092172614609216gmail-MsoNoSpacing\">Na ocasi\u00e3o, a parlamentar explicou sobre o trabalho que desenvolveu quando era Coordenadora da Secretaria da Mulher na C\u00e2mara dos Deputados. D\u00e2mina tamb\u00e9m falou dos Projetos de Lei que criou em defesa dos direitos da mulher.<\/p>\n<p class=\"m_-6861299033980959569gmail-m_-8867911716855849066m_-7017092172614609216gmail-MsoNoSpacing\">\u00a0<img decoding=\"async\" class=\"alignnone size-full wp-image-15429 aligncenter\" src=\"http:\/\/lavras.tv\/site\/wp-content\/uploads\/2018\/03\/IMG_6469.jpg\" alt=\"IMG_6469\" width=\"3047\" height=\"3153\" srcset=\"https:\/\/lavras.tv\/site\/wp-content\/uploads\/2018\/03\/IMG_6469.jpg 3047w, https:\/\/lavras.tv\/site\/wp-content\/uploads\/2018\/03\/IMG_6469-145x150.jpg 145w, https:\/\/lavras.tv\/site\/wp-content\/uploads\/2018\/03\/IMG_6469-290x300.jpg 290w, https:\/\/lavras.tv\/site\/wp-content\/uploads\/2018\/03\/IMG_6469-990x1024.jpg 990w\" sizes=\"(max-width: 3047px) 100vw, 3047px\" \/><\/p>\n<p class=\"m_-6861299033980959569gmail-m_-8867911716855849066m_-7017092172614609216gmail-MsoNoSpacing\">Um deles \u00e9 o PL 5452\/2016, que acrescenta dispositivo ao C\u00f3digo Penal para dispor sobre os casos de aumento de pena do estupro e estupro coletivo. De acordo com o texto, a pena ser\u00e1 aumentada em duas vezes em casos de estupros cometido por dois agentes, e em tr\u00eas vezes caso o ato criminoso seja cometido por tr\u00eas ou mais pessoas. O projeto est\u00e1 no Senado Federal para ser apreciado.<\/p>\n<p class=\"m_-6861299033980959569gmail-m_-8867911716855849066m_-7017092172614609216gmail-MsoNoSpacing\">\u00a0<img decoding=\"async\" class=\"alignnone size-full wp-image-15430 aligncenter\" src=\"http:\/\/lavras.tv\/site\/wp-content\/uploads\/2018\/03\/IMG_6437.jpg\" alt=\"IMG_6437\" width=\"3968\" height=\"3330\" srcset=\"https:\/\/lavras.tv\/site\/wp-content\/uploads\/2018\/03\/IMG_6437.jpg 3968w, https:\/\/lavras.tv\/site\/wp-content\/uploads\/2018\/03\/IMG_6437-150x126.jpg 150w, https:\/\/lavras.tv\/site\/wp-content\/uploads\/2018\/03\/IMG_6437-300x252.jpg 300w, https:\/\/lavras.tv\/site\/wp-content\/uploads\/2018\/03\/IMG_6437-1024x859.jpg 1024w\" sizes=\"(max-width: 3968px) 100vw, 3968px\" \/><\/p>\n<p class=\"m_-6861299033980959569gmail-m_-8867911716855849066m_-7017092172614609216gmail-MsoNoSpacing\">\u201cA igualdade de oportunidades entre homens e mulheres \u00e9 um desafio. Precisamos entender que essa equidade, acelera o crescimento, reduz a pobreza, melhora a governan\u00e7a e favorece o respeito pelos direitos fundamentais\u201d, disse D\u00e2mina ao concluir a palestra.<\/p>\n<p class=\"m_-6861299033980959569gmail-m_-8867911716855849066m_-7017092172614609216gmail-MsoNoSpacing\">\u00a0<img loading=\"lazy\" decoding=\"async\" class=\"alignnone size-full wp-image-15431 aligncenter\" src=\"http:\/\/lavras.tv\/site\/wp-content\/uploads\/2018\/03\/IMG_6432.jpg\" alt=\"IMG_6432\" width=\"5184\" height=\"3086\" srcset=\"https:\/\/lavras.tv\/site\/wp-content\/uploads\/2018\/03\/IMG_6432.jpg 5184w, https:\/\/lavras.tv\/site\/wp-content\/uploads\/2018\/03\/IMG_6432-150x89.jpg 150w, https:\/\/lavras.tv\/site\/wp-content\/uploads\/2018\/03\/IMG_6432-300x179.jpg 300w, https:\/\/lavras.tv\/site\/wp-content\/uploads\/2018\/03\/IMG_6432-1024x610.jpg 1024w\" sizes=\"(max-width: 5184px) 100vw, 5184px\" \/><\/p>\n<p class=\"m_-6861299033980959569gmail-m_-8867911716855849066m_-7017092172614609216gmail-MsoNoSpacing\">A CONTRATUH \u00e9 sediada em Bras\u00edlia e representa em dimens\u00e3o nacional aproximadamente 4 milh\u00f5es de trabalhadores do segmento de Turismo e Hospitalidade. O VIVER MULHER \u00e9 realizado anualmente pela entidade. A 12\u00ba edi\u00e7\u00e3o aconteceu entre os dias 21 e 23 de mar\u00e7o em Belo Horizonte (MG).<\/p>\n<p class=\"m_-6861299033980959569gmail-m_-8867911716855849066m_-7017092172614609216gmail-MsoNoSpacing\"><img loading=\"lazy\" decoding=\"async\" class=\"alignnone size-full wp-image-15432\" src=\"http:\/\/lavras.tv\/site\/wp-content\/uploads\/2018\/03\/IMG_6431.jpg\" alt=\"IMG_6431\" width=\"5184\" height=\"3456\" srcset=\"https:\/\/lavras.tv\/site\/wp-content\/uploads\/2018\/03\/IMG_6431.jpg 5184w, https:\/\/lavras.tv\/site\/wp-content\/uploads\/2018\/03\/IMG_6431-150x100.jpg 150w, https:\/\/lavras.tv\/site\/wp-content\/uploads\/2018\/03\/IMG_6431-300x200.jpg 300w, https:\/\/lavras.tv\/site\/wp-content\/uploads\/2018\/03\/IMG_6431-1024x683.jpg 1024w, https:\/\/lavras.tv\/site\/wp-content\/uploads\/2018\/03\/IMG_6431-480x320.jpg 480w, https:\/\/lavras.tv\/site\/wp-content\/uploads\/2018\/03\/IMG_6431-272x182.jpg 272w\" sizes=\"(max-width: 5184px) 100vw, 5184px\" \/><\/p>\n<p class=\"m_-6861299033980959569gmail-m_-8867911716855849066m_-7017092172614609216gmail-MsoNoSpacing\">Fonte: gabinete da deputada D\u00e2mina Pereira<\/p>\n","protected":false},"excerpt":{"rendered":"<p>A deputada federal D\u00e2mina Pereira foi uma das palestrantes no 12\u00ba Semin\u00e1rio Nacional VIVER Mulher, realizado pela Confedera\u00e7\u00e3o Nacional dos Trabalhadores em Turismo e Hospitalidade (CONTRATUH), com o tema \u201cRespeito, Dignidade e Igualdade \u2013 Diga N\u00e3o \u00e0 Viol\u00eancia\u201d. \u00a0 Na ocasi\u00e3o, a parlamentar explicou sobre o trabalho que desenvolveu quando era Coordenadora da Secretaria da [&hellip;]<\/p>\n","protected":false},"author":2,"featured_media":15432,"comment_status":"closed","ping_status":"open","sticky":false,"template":"","format":"standard","meta":{"advgb_blocks_editor_width":"","advgb_blocks_columns_visual_guide":"","_exactmetrics_skip_tracking":false,"_exactmetrics_sitenote_active":false,"_exactmetrics_sitenote_note":"","_exactmetrics_sitenote_category":0,"footnotes":""},"categories":[7,12],"tags":[4644,671],"class_list":["post-15427","post","type-post","status-publish","format-standard","has-post-thumbnail","hentry","category-destaques","category-politica","tag-contratuh","tag-damina-pereira"],"better_featured_image":{"id":15432,"alt_text":"","caption":"","description":"","media_type":"image","media_details":{"width":5184,"height":3456,"file":"2018\/03\/IMG_6431.jpg","sizes":{"thumbnail":{"file":"IMG_6431-150x100.jpg","width":150,"height":100,"mime-type":"image\/jpeg","source_url":"https:\/\/lavras.tv\/site\/wp-content\/uploads\/2018\/03\/IMG_6431-150x100.jpg"},"medium":{"file":"IMG_6431-300x200.jpg","width":300,"height":200,"mime-type":"image\/jpeg","source_url":"https:\/\/lavras.tv\/site\/wp-content\/uploads\/2018\/03\/IMG_6431-300x200.jpg"},"large":{"file":"IMG_6431-1024x683.jpg","width":1024,"height":683,"mime-type":"image\/jpeg","source_url":"https:\/\/lavras.tv\/site\/wp-content\/uploads\/2018\/03\/IMG_6431-1024x683.jpg"},"featured-slider-img":{"file":"IMG_6431-640x480.jpg","width":640,"height":480,"mime-type":"image\/jpeg","source_url":"https:\/\/lavras.tv\/site\/wp-content\/uploads\/2018\/03\/IMG_6431-640x480.jpg"},"featured-post-img":{"file":"IMG_6431-480x320.jpg","width":480,"height":320,"mime-type":"image\/jpeg","source_url":"https:\/\/lavras.tv\/site\/wp-content\/uploads\/2018\/03\/IMG_6431-480x320.jpg"},"sow-carousel-default":{"file":"IMG_6431-272x182.jpg","width":272,"height":182,"mime-type":"image\/jpeg","source_url":"https:\/\/lavras.tv\/site\/wp-content\/uploads\/2018\/03\/IMG_6431-272x182.jpg"}},"image_meta":{"aperture":"5","credit":"Andre Lima","camera":"Canon EOS 60D","caption":"","created_timestamp":"1521730370","copyright":"CONTRATUH","focal_length":"11","iso":"1600","shutter_speed":"0.02","title":"","orientation":"0","keywords":[]}},"post":15427,"source_url":"https:\/\/lavras.tv\/site\/wp-content\/uploads\/2018\/03\/IMG_6431.jpg"},"author_meta":{"display_name":"Lavras TV","author_link":"https:\/\/lavras.tv\/site\/author\/lavrastv\/"},"featured_img":"https:\/\/lavras.tv\/site\/wp-content\/uploads\/2018\/03\/IMG_6431-300x200.jpg","coauthors":[],"tax_additional":{"categories":{"linked":["<a href=\"https:\/\/lavras.tv\/site\/category\/destaques\/\" class=\"advgb-post-tax-term\">Destaques<\/a>","<a href=\"https:\/\/lavras.tv\/site\/category\/politica\/\" class=\"advgb-post-tax-term\">Pol\u00edtica<\/a>"],"unlinked":["<span class=\"advgb-post-tax-term\">Destaques<\/span>","<span class=\"advgb-post-tax-term\">Pol\u00edtica<\/span>"]},"tags":{"linked":["<a href=\"https:\/\/lavras.tv\/site\/category\/politica\/\" class=\"advgb-post-tax-term\">contratuh<\/a>","<a href=\"https:\/\/lavras.tv\/site\/category\/politica\/\" class=\"advgb-post-tax-term\">D\u00e2mina Pereira<\/a>"],"unlinked":["<span class=\"advgb-post-tax-term\">contratuh<\/span>","<span class=\"advgb-post-tax-term\">D\u00e2mina Pereira<\/span>"]}},"comment_count":"0","relative_dates":{"created":"Publicado 8 anos atr\u00e1s","modified":"Atualizado 8 anos atr\u00e1s"},"absolute_dates":{"created":"Publicado em 27 de mar\u00e7o de 2018","modified":"Atualizado em 27 de mar\u00e7o de 2018"},"absolute_dates_time":{"created":"Publicado em 27 de mar\u00e7o de 2018 09:13","modified":"Atualizado em 27 de mar\u00e7o de 2018 09:13"},"featured_img_caption":"","series_order":"","_links":{"self":[{"href":"https:\/\/lavras.tv\/site\/wp-json\/wp\/v2\/posts\/15427","targetHints":{"allow":["GET"]}}],"collection":[{"href":"https:\/\/lavras.tv\/site\/wp-json\/wp\/v2\/posts"}],"about":[{"href":"https:\/\/lavras.tv\/site\/wp-json\/wp\/v2\/types\/post"}],"author":[{"embeddable":true,"href":"https:\/\/lavras.tv\/site\/wp-json\/wp\/v2\/users\/2"}],"replies":[{"embeddable":true,"href":"https:\/\/lavras.tv\/site\/wp-json\/wp\/v2\/comments?post=15427"}],"version-history":[{"count":1,"href":"https:\/\/lavras.tv\/site\/wp-json\/wp\/v2\/posts\/15427\/revisions"}],"predecessor-version":[{"id":15433,"href":"https:\/\/lavras.tv\/site\/wp-json\/wp\/v2\/posts\/15427\/revisions\/15433"}],"wp:featuredmedia":[{"embeddable":true,"href":"https:\/\/lavras.tv\/site\/wp-json\/wp\/v2\/media\/15432"}],"wp:attachment":[{"href":"https:\/\/lavras.tv\/site\/wp-json\/wp\/v2\/media?parent=15427"}],"wp:term":[{"taxonomy":"category","embeddable":true,"href":"https:\/\/lavras.tv\/site\/wp-json\/wp\/v2\/categories?post=15427"},{"taxonomy":"post_tag","embeddable":true,"href":"https:\/\/lavras.tv\/site\/wp-json\/wp\/v2\/tags?post=15427"}],"curies":[{"name":"wp","href":"https:\/\/api.w.org\/{rel}","templated":true}]}}