{"id":1557,"date":"2016-08-15T11:42:00","date_gmt":"2016-08-15T11:42:00","guid":{"rendered":"http:\/\/lavras.tv\/site\/?p=1557"},"modified":"2016-08-15T11:42:00","modified_gmt":"2016-08-15T11:42:00","slug":"primeiro-e-unico-bolt-sobe-um-degrau-na-historia-com-o-tri-dos-100m-no-rio","status":"publish","type":"post","link":"https:\/\/lavras.tv\/site\/2016\/08\/15\/primeiro-e-unico-bolt-sobe-um-degrau-na-historia-com-o-tri-dos-100m-no-rio\/","title":{"rendered":"Primeiro e \u00fanico: Bolt sobe um degrau na hist\u00f3ria com o tri dos 100m no Rio"},"content":{"rendered":"<div class=\"lavra-antes-do-conteudo_2\" id=\"lavra-2141540131\"><div id=\"lavra-slider-27\" class=\"custom-slider lavra-slider-3275040080 lavra-slider\"><ul><li><div style=\"margin-left: auto;margin-right: auto;text-align: center;\" id=\"lavra-1171306002\"><a href=\"https:\/\/sistemas.lavras.mg.gov.br\/portalcidadao\/#df1b1a7c7b2a290bcb31e32771e610784662739a88807c0dacac58ede5f391a7530e299dc302d611ee73cb143fc22eaf93592e53e7b5bdb01b00a0b8d28dae460c141dd2ff83412e4dc1c31b16b25f33144a9e5620ea73b13f5bc1c59411d98439ad226e8af03840603796067d87afe130812cf3de24982d0e306f9e61e764e5\" aria-label=\"Lavras-TV&#8211;720x104px (1) (1)\"><img src=\"https:\/\/lavras.tv\/site\/wp-content\/uploads\/2025\/01\/Lavras-TV-720x104px-1-1.png\" alt=\"\"  srcset=\"https:\/\/lavras.tv\/site\/wp-content\/uploads\/2025\/01\/Lavras-TV-720x104px-1-1.png 720w, https:\/\/lavras.tv\/site\/wp-content\/uploads\/2025\/01\/Lavras-TV-720x104px-1-1-470x68.png 470w, https:\/\/lavras.tv\/site\/wp-content\/uploads\/2025\/01\/Lavras-TV-720x104px-1-1-170x25.png 170w, https:\/\/lavras.tv\/site\/wp-content\/uploads\/2025\/01\/Lavras-TV-720x104px-1-1-200x29.png 200w\" sizes=\"(max-width: 720px) 100vw, 720px\" width=\"720\" height=\"104\"  style=\"display: inline-block;\" \/><\/a><\/div><\/li><li><a href=\"https:\/\/sistemas.lavras.mg.gov.br\/portalcidadao\/#df1b1a7c7b2a290bcb31e32771e610784662739a88807c0dacac58ede5f391a7530e299dc302d611ee73cb143fc22eaf93592e53e7b5bdb01b00a0b8d28dae460c141dd2ff83412e4dc1c31b16b25f33144a9e5620ea73b13f5bc1c59411d98439ad226e8af03840603796067d87afe130812cf3de24982d0e306f9e61e764e5\" aria-label=\"Banner_Emprego_PortallavrasTV\"><img src=\"https:\/\/lavras.tv\/site\/wp-content\/uploads\/2025\/03\/Banner_Emprego_PortallavrasTV.png\" alt=\"\"  srcset=\"https:\/\/lavras.tv\/site\/wp-content\/uploads\/2025\/03\/Banner_Emprego_PortallavrasTV.png 720w, https:\/\/lavras.tv\/site\/wp-content\/uploads\/2025\/03\/Banner_Emprego_PortallavrasTV-470x68.png 470w, https:\/\/lavras.tv\/site\/wp-content\/uploads\/2025\/03\/Banner_Emprego_PortallavrasTV-170x25.png 170w, https:\/\/lavras.tv\/site\/wp-content\/uploads\/2025\/03\/Banner_Emprego_PortallavrasTV-200x29.png 200w\" sizes=\"(max-width: 720px) 100vw, 720px\" width=\"720\" height=\"104\"   \/><\/a><\/li><li><a href=\"https:\/\/sistemas.lavras.mg.gov.br\/portalcidadao\/#df1b1a7c7b2a290bcb31e32771e610784662739a88807c0dacac58ede5f391a7530e299dc302d611ee73cb143fc22eaf93592e53e7b5bdb01b00a0b8d28dae460c141dd2ff83412e4dc1c31b16b25f33144a9e5620ea73b13f5bc1c59411d98439ad226e8af03840603796067d87afe130812cf3de24982d0e306f9e61e764e5\" aria-label=\"Banner_Obras_PortallavrasTV\"><img src=\"https:\/\/lavras.tv\/site\/wp-content\/uploads\/2025\/03\/Banner_Obras_PortallavrasTV.png\" alt=\"\"  srcset=\"https:\/\/lavras.tv\/site\/wp-content\/uploads\/2025\/03\/Banner_Obras_PortallavrasTV.png 720w, https:\/\/lavras.tv\/site\/wp-content\/uploads\/2025\/03\/Banner_Obras_PortallavrasTV-470x68.png 470w, https:\/\/lavras.tv\/site\/wp-content\/uploads\/2025\/03\/Banner_Obras_PortallavrasTV-170x25.png 170w, https:\/\/lavras.tv\/site\/wp-content\/uploads\/2025\/03\/Banner_Obras_PortallavrasTV-200x29.png 200w\" sizes=\"(max-width: 720px) 100vw, 720px\" width=\"720\" height=\"104\"   \/><\/a><\/li><li><div style=\"margin-left: auto;margin-right: auto;text-align: center;\" id=\"lavra-1326448404\"><a href=\"https:\/\/sistemas.lavras.mg.gov.br\/portalcidadao\/#df1b1a7c7b2a290bcb31e32771e610784662739a88807c0dacac58ede5f391a7530e299dc302d611ee73cb143fc22eaf93592e53e7b5bdb01b00a0b8d28dae460c141dd2ff83412e4dc1c31b16b25f33144a9e5620ea73b13f5bc1c59411d98439ad226e8af03840603796067d87afe130812cf3de24982d0e306f9e61e764e5\" aria-label=\"Banner_Educa\u00e7\u00e3o_PortallavrasTV\"><img src=\"https:\/\/lavras.tv\/site\/wp-content\/uploads\/2025\/01\/Banner_Educacao_PortallavrasTV.png\" alt=\"\"  srcset=\"https:\/\/lavras.tv\/site\/wp-content\/uploads\/2025\/01\/Banner_Educacao_PortallavrasTV.png 720w, https:\/\/lavras.tv\/site\/wp-content\/uploads\/2025\/01\/Banner_Educacao_PortallavrasTV-470x68.png 470w, https:\/\/lavras.tv\/site\/wp-content\/uploads\/2025\/01\/Banner_Educacao_PortallavrasTV-170x25.png 170w, https:\/\/lavras.tv\/site\/wp-content\/uploads\/2025\/01\/Banner_Educacao_PortallavrasTV-200x29.png 200w\" sizes=\"(max-width: 720px) 100vw, 720px\" width=\"720\" height=\"104\"  style=\"display: inline-block;\" \/><\/a><\/div><\/li><li><a href=\"https:\/\/sistemas.lavras.mg.gov.br\/portalcidadao\/#df1b1a7c7b2a290bcb31e32771e610784662739a88807c0dacac58ede5f391a7530e299dc302d611ee73cb143fc22eaf93592e53e7b5bdb01b00a0b8d28dae460c141dd2ff83412e4dc1c31b16b25f33144a9e5620ea73b13f5bc1c59411d98439ad226e8af03840603796067d87afe130812cf3de24982d0e306f9e61e764e5\" aria-label=\"Banner_Sa\u00fade_PortallavrasTV\"><img src=\"https:\/\/lavras.tv\/site\/wp-content\/uploads\/2025\/03\/Banner_Saude_PortallavrasTV.png\" alt=\"\"  srcset=\"https:\/\/lavras.tv\/site\/wp-content\/uploads\/2025\/03\/Banner_Saude_PortallavrasTV.png 720w, https:\/\/lavras.tv\/site\/wp-content\/uploads\/2025\/03\/Banner_Saude_PortallavrasTV-470x68.png 470w, https:\/\/lavras.tv\/site\/wp-content\/uploads\/2025\/03\/Banner_Saude_PortallavrasTV-170x25.png 170w, https:\/\/lavras.tv\/site\/wp-content\/uploads\/2025\/03\/Banner_Saude_PortallavrasTV-200x29.png 200w\" sizes=\"(max-width: 720px) 100vw, 720px\" width=\"720\" height=\"104\"   \/><\/a><\/li><li><div id=\"lavra-1124283268\" style=\"width:720px;height:104px;background-color:#ddd;overflow:scroll;\">\n\t<strong>Sa\u00edda da depura\u00e7\u00e3o de an\u00fancios<\/strong>\n\t<br><br>\n\tO an\u00fancio n\u00e3o \u00e9 exibido na p\u00e1gina<br><br>post atual: Primeiro e \u00fanico: Bolt sobe um degrau na hist\u00f3ria com o tri dos 100m no Rio, ID: 1557<br><br><span style=\"color: red;\">O post atual n\u00e3o \u00e9 id\u00eantico ao post principal.<\/span><br><br>An\u00fancios: ROXO - TOPO INTERNA - ROTATIVO 2 (197)<br \/>Grupo de an\u00fancios: Princ_Meio01_720x104 (27)<br><br>Condi\u00e7\u00f5es de exibi\u00e7\u00e3o<div style=\"margin-bottom: 20px; white-space: pre-wrap; font-family: monospace; width: 100%; background: #ffe9e9;\"><strong>condi\u00e7\u00f5es gerais<\/strong><table border=\"1\"><thead><tr><th><\/th><th>An\u00fancios<\/th><th>wp_the_query<\/th><\/tr><\/thead><tr><td>is_main_query<\/td><td>1<\/td><td>1<\/td><\/tr><tr><td>is_rest_api<\/td><td>0<\/td><td>1<\/td><\/tr><tr><td>page<\/td><td>0<\/td><td>1<\/td><\/tr><tr><td>numpages<\/td><td>0<\/td><td>1<\/td><\/tr><tr><td>is_archive<\/td><td>1<\/td><td><\/td><\/tr><tr><td>is_search<\/td><td>1<\/td><td><\/td><\/tr><tr><td>is_home<\/td><td>1<\/td><td><\/td><\/tr><tr><td>is_404<\/td><td>1<\/td><td><\/td><\/tr><tr><td>is_attachment<\/td><td>1<\/td><td><\/td><\/tr><tr><td>is_singular<\/td><td>1<\/td><td><\/td><\/tr><tr><td>is_front_page<\/td><td>1<\/td><td><\/td><\/tr><tr><td>is_feed<\/td><td>1<\/td><td><\/td><\/tr><\/table><\/div><br><br><span style=\"color: red;\">Seu site usa HTTPS, mas o c\u00f3digo do an\u00fancio cont\u00e9m HTTP e pode n\u00e3o funcionar.<\/span>\t<br><br>\n\t<a style=\"color: green;\" href=\"https:\/\/wpadvancedads.com\/manual\/ad-debug-mode\/?utm_source=advanced-ads&utm_medium=link&utm_campaign=ad-debug-mode\" target=\"_blank\" rel=\"nofollow\">Encontre solu\u00e7\u00f5es no manual<\/a>\n<\/div>\n<\/li><\/ul><\/div><script>( window.advanced_ads_ready || jQuery( document ).ready ).call( null, function() {var $lavraslider3275040080 = jQuery( \".lavra-slider-3275040080\" );$lavraslider3275040080.on( \"unslider.ready\", function() { jQuery( \"div.custom-slider ul li\" ).css( \"display\", \"block\" ); });$lavraslider3275040080.unslider({ delay:4000, autoplay:true, nav:false, arrows:false, infinite:true });$lavraslider3275040080.on(\"mouseover\", function() {$lavraslider3275040080.unslider(\"stop\");}).on(\"mouseout\", function() {$lavraslider3275040080.unslider(\"start\");});});<\/script><\/div><p>Antes de dormir, conte uma hist\u00f3ria ao seu filho.<!--more--> Pode ser a do menino que desafiava o tempo, r\u00e1pido feito um raio e que colecionava ouros. Enquanto os outros corriam atr\u00e1s, ele corria na frente. E, mesmo j\u00e1 tendo vencido todos, seguia correndo. N\u00e3o bastava ser o homem mais r\u00e1pido de todos os tempos. Era preciso ter os tr\u00eas t\u00edtulos que ningu\u00e9m tinha. Na noite deste domingo, antes de dormir, conte ao seu filho \u2013 se \u00e9 que ele ainda n\u00e3o sabe &#8211; que s\u00f3 Usain Bolt \u00e9 tricampe\u00e3o na hist\u00f3ria dos 100m rasos, seja entre homens ou mulheres.<\/p>\n<p>Conte o qu\u00e3o aplaudido e reverenciado ele foi assim que pisou na pista do Engenh\u00e3o e como ele arrancou de forma espetacular para deixar o cron\u00f4metro parado em 9s81, sua melhor marca na temporada. Conte como ele venceu os limites de um corpo de 29 anos e como passou o americano Justin Gatlin (9s89) nos metros finais antes de celebrar com a torcida que o ovacionou a noite toda. O canadense Andre De Grasse (9s91), coadjuvante de luxo, completou o p\u00f3dio.<img fetchpriority=\"high\" decoding=\"async\" class=\" wp-image-1558 alignright\" src=\"http:\/\/lavras.tv\/site\/wp-content\/uploads\/2016\/08\/bolt.jpg\" alt=\"bolt\" width=\"446\" height=\"304\" srcset=\"https:\/\/lavras.tv\/site\/wp-content\/uploads\/2016\/08\/bolt.jpg 690w, https:\/\/lavras.tv\/site\/wp-content\/uploads\/2016\/08\/bolt-150x102.jpg 150w, https:\/\/lavras.tv\/site\/wp-content\/uploads\/2016\/08\/bolt-300x204.jpg 300w\" sizes=\"(max-width: 446px) 100vw, 446px\" \/><\/p>\n<p>&#8211; Eu j\u00e1 era uma lenda antes, isso n\u00e3o era uma d\u00favida. A quest\u00e3o era s\u00f3 melhorar, aumentar essas marcas. Eu precisava deste ouro para confirmar que sou um dos maiores. Estou orgulhoso de mim &#8211; disse Bolt, que com o tempo desta noite s\u00f3 perderia para ele mesmo na compara\u00e7\u00e3o entre todos os campe\u00f5es dos 100m na hist\u00f3ria ol\u00edmpica.<\/p>\n<p>A entrega do novo ouro ser\u00e1 nesta segunda-feira. A hist\u00f3ria ainda promete mais cap\u00edtulos. Bolt tenta agora o ouro nos 200m (quarta-feira) e no revezamento 4 x 100m (sexta) para fechar o tricampeonato completo.<\/p>\n<p>&#8211; \u00c9 s\u00f3 o come\u00e7o, tem mais duas por vir. A minha prova favorita, os 200m, est\u00e1 por vir. Vim aqui para isso. Esse \u00e9 o meu foco.<\/p>\n<p>O roteiro do terceiro ouro come\u00e7ou em julho e com mais drama do que o habitual. Na seletiva ol\u00edmpica jamaicana, Bolt sentiu uma les\u00e3o na coxa e abriu m\u00e3o de competir. Fez valer-se do regulamento, apresentou um atestado m\u00e9dico e correu contra o tempo para se recuperar e provar que teria condi\u00e7\u00f5es f\u00edsicas de defender a Jamaica e o pr\u00f3prio reinado no Rio. O fez com louvor.<\/p>\n<p>Na primeira oportunidade que teve de mostrar seu valor na pista, na manh\u00e3 de s\u00e1bado, passeou na fase classificat\u00f3ria. Soube que Gatlin mais uma vez foi mais r\u00e1pido, mas n\u00e3o se incomodou. Como de h\u00e1bito, seu potencial apareceria no momento certo.<\/p>\n<p>Neste domingo, a expectativa era toda sobre a final. As outras provas, mesmo valendo medalha, pareciam n\u00e3o importar. Ao chegar ao Engenh\u00e3o, a torcida via nos tel\u00f5es o hor\u00e1rio e uma contagem regressiva para a a decis\u00e3o dos 100m. Quando o momento chegou, o astro n\u00e3o decepcionou.<\/p>\n<p>Na semifinal, foi s\u00f3 pisar na pista para ser ovacionado. Cumprimentou o p\u00fablico de volta, bateu palmas e ouviu os gritos de &#8220;Bolt! Bolt! Bolt!&#8221;.<\/p>\n<p>&#8211; A energia do est\u00e1dio foi incr\u00edvel. N\u00e3o esperava que fosse t\u00e3o grande &#8211; comentou, j\u00e1 depois do ouro.<\/p>\n<p>Dado o tiro de partida da semi, um susto. Andrew Fisher, do Bahrein, que no aquecimento foi filmado batendo papo com o jamaicano, queimou a largada e deu adeus \u00e0 disputa. Bolt voltou ao bloco e fez sua parte. Venceu a bateria com 9s86, sua melhor marca no ano, o suficiente para avan\u00e7ar em primeiro lugar geral. Gatlin, o principal rival, foi apresentado num misto de vaias e aplausos. Venceu a terceira bateria com 9s94, o terceiro tempo geral.<\/p>\n<p>Quando a medalha entrou definitivamente em jogo, Bolt seguiu o script que o tornou lenda. Entrou de bra\u00e7os abertos, ovacionado. Gatlin foi ainda mais vaiado do que na semi, mas n\u00e3o deu import\u00e2ncia. Bolt, muito menos. Foi o primeiro a testar o bloco de partida. Uma vez dada a largada, saiu mal como sempre, arrancou como sempre &#8211; para passar Gatlin, que liderou at\u00e9 os 10 metros finais &#8211; e cruzou em primeiro, como sempre fez em Olimp\u00edadas desde que se tornou o homem mais r\u00e1pido do mundo. Completou a dist\u00e2ncia em 9s81 e bateu no peito.<\/p>\n<p>&#8211; Foi brilhante. O apoio que recebi da torcida brasileira foi simplesmente inacredit\u00e1vel. Sabia que ia ser demais, mas ficava arrepiado toda vez que sa\u00eda e eles me aplaudiam. N\u00e3o estava acreditando. Agrade\u00e7o &#8211; comentou o astro.<\/p>\n<p>O primeiro abra\u00e7o foi em um urso de pel\u00facia gigante do mascote Vin\u00edcius. Depois, rodou o est\u00e1dio e pegou uma bandeira da Jamaica. Abra\u00e7ou alguns compatriotas, posou para selfie e seguiu sua volta ol\u00edmpica ao som de um reggae tocado pelo sistema de som do Engenh\u00e3o. Tirou as sapatilhas douradas que o guiaram a mais um ouro, abra\u00e7ou mais jamaicanos na torcida e s\u00f3 ent\u00e3o fez a comemora\u00e7\u00e3o do arqueiro, ou do &#8220;Raio&#8221;, como a torcida costuma chamar.<\/p>\n<p>A essa altura, a classificat\u00f3ria do salto em altura masculino ainda rolava na pista, mas ningu\u00e9m prestava aten\u00e7\u00e3o &#8211; ela terminaria com o est\u00e1dio quase vazio. Todos os olhos seguiam vidrados em Bolt, que ria, posava para fotos e agradecia pelo carinho e gritos de &#8220;Bolt! Bolt! Bolt!&#8221;. Nada mais merecido. Ele \u00e9 o cara. Ele \u00e9 Usain Bolt. Ele \u00e9 tricampe\u00e3o ol\u00edmpico dos 100m. Antes de dormir, n\u00e3o se esque\u00e7a de contar isso ao seu filho.<\/p>\n<p>&nbsp;<\/p>\n<p>Fonte: Globo Esporte<\/p>\n","protected":false},"excerpt":{"rendered":"<p>Antes de dormir, conte uma hist\u00f3ria ao seu filho.<\/p>\n","protected":false},"author":2,"featured_media":1559,"comment_status":"closed","ping_status":"open","sticky":false,"template":"","format":"standard","meta":{"advgb_blocks_editor_width":"","advgb_blocks_columns_visual_guide":"","_exactmetrics_skip_tracking":false,"_exactmetrics_sitenote_active":false,"_exactmetrics_sitenote_note":"","_exactmetrics_sitenote_category":0,"footnotes":""},"categories":[3],"tags":[113,243,117,510],"class_list":["post-1557","post","type-post","status-publish","format-standard","has-post-thumbnail","hentry","category-esportes","tag-atletismo-rio-2016","tag-olimpiadas-rio","tag-rio-2016","tag-usain-bolt"],"better_featured_image":{"id":1559,"alt_text":"","caption":"","description":"","media_type":"image","media_details":{"width":690,"height":400,"file":"2016\/08\/bolt-capa.jpg","sizes":{"thumbnail":{"file":"bolt-capa-150x87.jpg","width":150,"height":87,"mime-type":"image\/jpeg","source_url":"https:\/\/lavras.tv\/site\/wp-content\/uploads\/2016\/08\/bolt-capa-150x87.jpg"},"medium":{"file":"bolt-capa-300x174.jpg","width":300,"height":174,"mime-type":"image\/jpeg","source_url":"https:\/\/lavras.tv\/site\/wp-content\/uploads\/2016\/08\/bolt-capa-300x174.jpg"},"featured-slider-img":{"file":"bolt-capa-640x400.jpg","width":640,"height":400,"mime-type":"image\/jpeg","source_url":"https:\/\/lavras.tv\/site\/wp-content\/uploads\/2016\/08\/bolt-capa-640x400.jpg"},"featured-post-img":{"file":"bolt-capa-480x320.jpg","width":480,"height":320,"mime-type":"image\/jpeg","source_url":"https:\/\/lavras.tv\/site\/wp-content\/uploads\/2016\/08\/bolt-capa-480x320.jpg"},"sow-carousel-default":{"file":"bolt-capa-272x182.jpg","width":272,"height":182,"mime-type":"image\/jpeg","source_url":"https:\/\/lavras.tv\/site\/wp-content\/uploads\/2016\/08\/bolt-capa-272x182.jpg"}},"image_meta":{"aperture":"0","credit":"","camera":"","caption":"","created_timestamp":"0","copyright":"","focal_length":"0","iso":"0","shutter_speed":"0","title":"","orientation":"0","keywords":[]}},"post":1557,"source_url":"https:\/\/lavras.tv\/site\/wp-content\/uploads\/2016\/08\/bolt-capa.jpg"},"author_meta":{"display_name":"Lavras TV","author_link":"https:\/\/lavras.tv\/site\/author\/lavrastv\/"},"featured_img":"https:\/\/lavras.tv\/site\/wp-content\/uploads\/2016\/08\/bolt-capa-300x174.jpg","coauthors":[],"tax_additional":{"categories":{"linked":["<a href=\"https:\/\/lavras.tv\/site\/category\/esportes\/\" class=\"advgb-post-tax-term\">Esportes<\/a>"],"unlinked":["<span class=\"advgb-post-tax-term\">Esportes<\/span>"]},"tags":{"linked":["<a href=\"https:\/\/lavras.tv\/site\/category\/esportes\/\" class=\"advgb-post-tax-term\">atletismo rio 2016<\/a>","<a href=\"https:\/\/lavras.tv\/site\/category\/esportes\/\" class=\"advgb-post-tax-term\">olimpiadas rio<\/a>","<a href=\"https:\/\/lavras.tv\/site\/category\/esportes\/\" class=\"advgb-post-tax-term\">rio 2016<\/a>","<a href=\"https:\/\/lavras.tv\/site\/category\/esportes\/\" class=\"advgb-post-tax-term\">usain bolt<\/a>"],"unlinked":["<span class=\"advgb-post-tax-term\">atletismo rio 2016<\/span>","<span class=\"advgb-post-tax-term\">olimpiadas rio<\/span>","<span class=\"advgb-post-tax-term\">rio 2016<\/span>","<span class=\"advgb-post-tax-term\">usain bolt<\/span>"]}},"comment_count":"0","relative_dates":{"created":"Publicado 10 anos atr\u00e1s","modified":"Atualizado 10 anos atr\u00e1s"},"absolute_dates":{"created":"Publicado em 15 de agosto de 2016","modified":"Atualizado em 15 de agosto de 2016"},"absolute_dates_time":{"created":"Publicado em 15 de agosto de 2016 11:42","modified":"Atualizado em 15 de agosto de 2016 11:42"},"featured_img_caption":"","series_order":"","_links":{"self":[{"href":"https:\/\/lavras.tv\/site\/wp-json\/wp\/v2\/posts\/1557","targetHints":{"allow":["GET"]}}],"collection":[{"href":"https:\/\/lavras.tv\/site\/wp-json\/wp\/v2\/posts"}],"about":[{"href":"https:\/\/lavras.tv\/site\/wp-json\/wp\/v2\/types\/post"}],"author":[{"embeddable":true,"href":"https:\/\/lavras.tv\/site\/wp-json\/wp\/v2\/users\/2"}],"replies":[{"embeddable":true,"href":"https:\/\/lavras.tv\/site\/wp-json\/wp\/v2\/comments?post=1557"}],"version-history":[{"count":1,"href":"https:\/\/lavras.tv\/site\/wp-json\/wp\/v2\/posts\/1557\/revisions"}],"predecessor-version":[{"id":1560,"href":"https:\/\/lavras.tv\/site\/wp-json\/wp\/v2\/posts\/1557\/revisions\/1560"}],"wp:featuredmedia":[{"embeddable":true,"href":"https:\/\/lavras.tv\/site\/wp-json\/wp\/v2\/media\/1559"}],"wp:attachment":[{"href":"https:\/\/lavras.tv\/site\/wp-json\/wp\/v2\/media?parent=1557"}],"wp:term":[{"taxonomy":"category","embeddable":true,"href":"https:\/\/lavras.tv\/site\/wp-json\/wp\/v2\/categories?post=1557"},{"taxonomy":"post_tag","embeddable":true,"href":"https:\/\/lavras.tv\/site\/wp-json\/wp\/v2\/tags?post=1557"}],"curies":[{"name":"wp","href":"https:\/\/api.w.org\/{rel}","templated":true}]}}