{"id":155760,"date":"2025-02-04T16:32:03","date_gmt":"2025-02-04T19:32:03","guid":{"rendered":"https:\/\/lavras.tv\/site\/?p=155760"},"modified":"2025-02-04T16:32:04","modified_gmt":"2025-02-04T19:32:04","slug":"gusttavo-lima-comemora-pesquisa-sobre-2026-e-diz-que-so-deus-pode-parar-sonho","status":"publish","type":"post","link":"https:\/\/lavras.tv\/site\/2025\/02\/04\/gusttavo-lima-comemora-pesquisa-sobre-2026-e-diz-que-so-deus-pode-parar-sonho\/","title":{"rendered":"Gusttavo Lima comemora pesquisa sobre 2026 e diz que &#8216;s\u00f3 Deus pode parar sonho&#8217;"},"content":{"rendered":"<div class=\"lavra-antes-do-conteudo_2\" id=\"lavra-3397694102\"><div id=\"lavra-slider-27\" class=\"custom-slider lavra-slider-2285568818 lavra-slider\"><ul><li><div style=\"margin-left: auto;margin-right: auto;text-align: center;\" id=\"lavra-3801118598\"><a href=\"https:\/\/sistemas.lavras.mg.gov.br\/portalcidadao\/#df1b1a7c7b2a290bcb31e32771e610784662739a88807c0dacac58ede5f391a7530e299dc302d611ee73cb143fc22eaf93592e53e7b5bdb01b00a0b8d28dae460c141dd2ff83412e4dc1c31b16b25f33144a9e5620ea73b13f5bc1c59411d98439ad226e8af03840603796067d87afe130812cf3de24982d0e306f9e61e764e5\" aria-label=\"Lavras-TV&#8211;720x104px (1) (1)\"><img src=\"https:\/\/lavras.tv\/site\/wp-content\/uploads\/2025\/01\/Lavras-TV-720x104px-1-1.png\" alt=\"\"  srcset=\"https:\/\/lavras.tv\/site\/wp-content\/uploads\/2025\/01\/Lavras-TV-720x104px-1-1.png 720w, https:\/\/lavras.tv\/site\/wp-content\/uploads\/2025\/01\/Lavras-TV-720x104px-1-1-470x68.png 470w, https:\/\/lavras.tv\/site\/wp-content\/uploads\/2025\/01\/Lavras-TV-720x104px-1-1-170x25.png 170w, https:\/\/lavras.tv\/site\/wp-content\/uploads\/2025\/01\/Lavras-TV-720x104px-1-1-200x29.png 200w\" sizes=\"(max-width: 720px) 100vw, 720px\" width=\"720\" height=\"104\"  style=\"display: inline-block;\" \/><\/a><\/div><\/li><li><a href=\"https:\/\/sistemas.lavras.mg.gov.br\/portalcidadao\/#df1b1a7c7b2a290bcb31e32771e610784662739a88807c0dacac58ede5f391a7530e299dc302d611ee73cb143fc22eaf93592e53e7b5bdb01b00a0b8d28dae460c141dd2ff83412e4dc1c31b16b25f33144a9e5620ea73b13f5bc1c59411d98439ad226e8af03840603796067d87afe130812cf3de24982d0e306f9e61e764e5\" aria-label=\"Banner_Emprego_PortallavrasTV\"><img src=\"https:\/\/lavras.tv\/site\/wp-content\/uploads\/2025\/03\/Banner_Emprego_PortallavrasTV.png\" alt=\"\"  srcset=\"https:\/\/lavras.tv\/site\/wp-content\/uploads\/2025\/03\/Banner_Emprego_PortallavrasTV.png 720w, https:\/\/lavras.tv\/site\/wp-content\/uploads\/2025\/03\/Banner_Emprego_PortallavrasTV-470x68.png 470w, https:\/\/lavras.tv\/site\/wp-content\/uploads\/2025\/03\/Banner_Emprego_PortallavrasTV-170x25.png 170w, https:\/\/lavras.tv\/site\/wp-content\/uploads\/2025\/03\/Banner_Emprego_PortallavrasTV-200x29.png 200w\" sizes=\"(max-width: 720px) 100vw, 720px\" width=\"720\" height=\"104\"   \/><\/a><\/li><li><a href=\"https:\/\/sistemas.lavras.mg.gov.br\/portalcidadao\/#df1b1a7c7b2a290bcb31e32771e610784662739a88807c0dacac58ede5f391a7530e299dc302d611ee73cb143fc22eaf93592e53e7b5bdb01b00a0b8d28dae460c141dd2ff83412e4dc1c31b16b25f33144a9e5620ea73b13f5bc1c59411d98439ad226e8af03840603796067d87afe130812cf3de24982d0e306f9e61e764e5\" aria-label=\"Banner_Obras_PortallavrasTV\"><img src=\"https:\/\/lavras.tv\/site\/wp-content\/uploads\/2025\/03\/Banner_Obras_PortallavrasTV.png\" alt=\"\"  srcset=\"https:\/\/lavras.tv\/site\/wp-content\/uploads\/2025\/03\/Banner_Obras_PortallavrasTV.png 720w, https:\/\/lavras.tv\/site\/wp-content\/uploads\/2025\/03\/Banner_Obras_PortallavrasTV-470x68.png 470w, https:\/\/lavras.tv\/site\/wp-content\/uploads\/2025\/03\/Banner_Obras_PortallavrasTV-170x25.png 170w, https:\/\/lavras.tv\/site\/wp-content\/uploads\/2025\/03\/Banner_Obras_PortallavrasTV-200x29.png 200w\" sizes=\"(max-width: 720px) 100vw, 720px\" width=\"720\" height=\"104\"   \/><\/a><\/li><li><div style=\"margin-left: auto;margin-right: auto;text-align: center;\" id=\"lavra-2166237946\"><a href=\"https:\/\/sistemas.lavras.mg.gov.br\/portalcidadao\/#df1b1a7c7b2a290bcb31e32771e610784662739a88807c0dacac58ede5f391a7530e299dc302d611ee73cb143fc22eaf93592e53e7b5bdb01b00a0b8d28dae460c141dd2ff83412e4dc1c31b16b25f33144a9e5620ea73b13f5bc1c59411d98439ad226e8af03840603796067d87afe130812cf3de24982d0e306f9e61e764e5\" aria-label=\"Banner_Educa\u00e7\u00e3o_PortallavrasTV\"><img src=\"https:\/\/lavras.tv\/site\/wp-content\/uploads\/2025\/01\/Banner_Educacao_PortallavrasTV.png\" alt=\"\"  srcset=\"https:\/\/lavras.tv\/site\/wp-content\/uploads\/2025\/01\/Banner_Educacao_PortallavrasTV.png 720w, https:\/\/lavras.tv\/site\/wp-content\/uploads\/2025\/01\/Banner_Educacao_PortallavrasTV-470x68.png 470w, https:\/\/lavras.tv\/site\/wp-content\/uploads\/2025\/01\/Banner_Educacao_PortallavrasTV-170x25.png 170w, https:\/\/lavras.tv\/site\/wp-content\/uploads\/2025\/01\/Banner_Educacao_PortallavrasTV-200x29.png 200w\" sizes=\"(max-width: 720px) 100vw, 720px\" width=\"720\" height=\"104\"  style=\"display: inline-block;\" \/><\/a><\/div><\/li><li><a href=\"https:\/\/sistemas.lavras.mg.gov.br\/portalcidadao\/#df1b1a7c7b2a290bcb31e32771e610784662739a88807c0dacac58ede5f391a7530e299dc302d611ee73cb143fc22eaf93592e53e7b5bdb01b00a0b8d28dae460c141dd2ff83412e4dc1c31b16b25f33144a9e5620ea73b13f5bc1c59411d98439ad226e8af03840603796067d87afe130812cf3de24982d0e306f9e61e764e5\" aria-label=\"Banner_Sa\u00fade_PortallavrasTV\"><img src=\"https:\/\/lavras.tv\/site\/wp-content\/uploads\/2025\/03\/Banner_Saude_PortallavrasTV.png\" alt=\"\"  srcset=\"https:\/\/lavras.tv\/site\/wp-content\/uploads\/2025\/03\/Banner_Saude_PortallavrasTV.png 720w, https:\/\/lavras.tv\/site\/wp-content\/uploads\/2025\/03\/Banner_Saude_PortallavrasTV-470x68.png 470w, https:\/\/lavras.tv\/site\/wp-content\/uploads\/2025\/03\/Banner_Saude_PortallavrasTV-170x25.png 170w, https:\/\/lavras.tv\/site\/wp-content\/uploads\/2025\/03\/Banner_Saude_PortallavrasTV-200x29.png 200w\" sizes=\"(max-width: 720px) 100vw, 720px\" width=\"720\" height=\"104\"   \/><\/a><\/li><li><div id=\"lavra-701553192\" style=\"width:720px;height:104px;background-color:#ddd;overflow:scroll;\">\n\t<strong>Sa\u00edda da depura\u00e7\u00e3o de an\u00fancios<\/strong>\n\t<br><br>\n\tO an\u00fancio n\u00e3o \u00e9 exibido na p\u00e1gina<br><br>post atual: Gusttavo Lima comemora pesquisa sobre 2026 e diz que 's\u00f3 Deus pode parar sonho', ID: 155760<br><br><span style=\"color: red;\">O post atual n\u00e3o \u00e9 id\u00eantico ao post principal.<\/span><br><br>An\u00fancios: ROXO - TOPO INTERNA - ROTATIVO 2 (197)<br \/>Grupo de an\u00fancios: Princ_Meio01_720x104 (27)<br><br>Condi\u00e7\u00f5es de exibi\u00e7\u00e3o<div style=\"margin-bottom: 20px; white-space: pre-wrap; font-family: monospace; width: 100%; background: #ffe9e9;\"><strong>condi\u00e7\u00f5es gerais<\/strong><table border=\"1\"><thead><tr><th><\/th><th>An\u00fancios<\/th><th>wp_the_query<\/th><\/tr><\/thead><tr><td>is_main_query<\/td><td>1<\/td><td>1<\/td><\/tr><tr><td>is_rest_api<\/td><td>0<\/td><td>1<\/td><\/tr><tr><td>page<\/td><td>0<\/td><td>1<\/td><\/tr><tr><td>numpages<\/td><td>0<\/td><td>1<\/td><\/tr><tr><td>is_archive<\/td><td>1<\/td><td><\/td><\/tr><tr><td>is_search<\/td><td>1<\/td><td><\/td><\/tr><tr><td>is_home<\/td><td>1<\/td><td><\/td><\/tr><tr><td>is_404<\/td><td>1<\/td><td><\/td><\/tr><tr><td>is_attachment<\/td><td>1<\/td><td><\/td><\/tr><tr><td>is_singular<\/td><td>1<\/td><td><\/td><\/tr><tr><td>is_front_page<\/td><td>1<\/td><td><\/td><\/tr><tr><td>is_feed<\/td><td>1<\/td><td><\/td><\/tr><\/table><\/div><br><br><span style=\"color: red;\">Seu site usa HTTPS, mas o c\u00f3digo do an\u00fancio cont\u00e9m HTTP e pode n\u00e3o funcionar.<\/span>\t<br><br>\n\t<a style=\"color: green;\" href=\"https:\/\/wpadvancedads.com\/manual\/ad-debug-mode\/?utm_source=advanced-ads&utm_medium=link&utm_campaign=ad-debug-mode\" target=\"_blank\" rel=\"nofollow\">Encontre solu\u00e7\u00f5es no manual<\/a>\n<\/div>\n<\/li><\/ul><\/div><script>( window.advanced_ads_ready || jQuery( document ).ready ).call( null, function() {var $lavraslider2285568818 = jQuery( \".lavra-slider-2285568818\" );$lavraslider2285568818.on( \"unslider.ready\", function() { jQuery( \"div.custom-slider ul li\" ).css( \"display\", \"block\" ); });$lavraslider2285568818.unslider({ delay:4000, autoplay:true, nav:false, arrows:false, infinite:true });$lavraslider2285568818.on(\"mouseover\", function() {$lavraslider2285568818.unslider(\"stop\");}).on(\"mouseout\", function() {$lavraslider2285568818.unslider(\"start\");});});<\/script><\/div>\n<p>Cantor teria 35% em uma segunda rodada contra o petista, que marcaria 41%, conforme o levantamento<\/p>\n\n\n\n<figure class=\"wp-block-image size-large\"><img fetchpriority=\"high\" decoding=\"async\" width=\"970\" height=\"582\" src=\"https:\/\/lavras.tv\/site\/wp-content\/uploads\/2025\/02\/1_captura_de_tela_2025_01_23_as_215117_990x557-45284362-970x582.png\" alt=\"\" class=\"wp-image-155761\" title=\"Gusttavo Lima: portas de Lula e Bolsonaro fechadas -  (cr\u00e9dito: Platobr)\" srcset=\"https:\/\/lavras.tv\/site\/wp-content\/uploads\/2025\/02\/1_captura_de_tela_2025_01_23_as_215117_990x557-45284362-970x582.png 970w, https:\/\/lavras.tv\/site\/wp-content\/uploads\/2025\/02\/1_captura_de_tela_2025_01_23_as_215117_990x557-45284362-470x282.png 470w, https:\/\/lavras.tv\/site\/wp-content\/uploads\/2025\/02\/1_captura_de_tela_2025_01_23_as_215117_990x557-45284362-170x102.png 170w, https:\/\/lavras.tv\/site\/wp-content\/uploads\/2025\/02\/1_captura_de_tela_2025_01_23_as_215117_990x557-45284362-200x120.png 200w, https:\/\/lavras.tv\/site\/wp-content\/uploads\/2025\/02\/1_captura_de_tela_2025_01_23_as_215117_990x557-45284362.png 1200w\" sizes=\"(max-width: 970px) 100vw, 970px\" \/><figcaption class=\"wp-element-caption\">Gusttavo Lima: portas de Lula e Bolsonaro fechadas<br>cr\u00e9dito: Platobr<\/figcaption><\/figure>\n\n\n\n<p>S\u00c3O PAULO, SP (FOLHAPRESS) &#8211; O cantor sertanejo Gusttavo Lima (sem partido) comemorou nesta segunda-feira (3) os resultados da pesquisa Genial\/Quaest sobre as elei\u00e7\u00f5es de 2026, que o apontou como o nome com<strong><a href=\"https:\/\/www.em.com.br\/politica\/2025\/02\/7050935-gusttavo-lima-se-aproxima-de-lula-em-cenario-para-2026-diz-quaest.html\">&nbsp;menor desvantagem ante Lula (PT)<\/a><\/strong>&nbsp;em cen\u00e1rios de segundo turno entre a direita para a Presid\u00eancia da Rep\u00fablica.<\/p>\n\n\n\n<p>Ele teria 35% em uma segunda rodada conta o petista, que marcaria 41%, conforme o levantamento. Outros nomes testados foram Tarc\u00edsio de Freitas (Republicanos), Pablo Mar\u00e7al (PRTB) e Eduardo Bolsonaro (PL), al\u00e9m de Romeu Zema (Novo) e Ronaldo Caiado (Uni\u00e3o Brasil).<\/p>\n\n\n\n<p>Esta foi a primeira pesquisa do instituto em que o nome dele foi citado como op\u00e7\u00e3o aos entrevistados, diante da manifesta\u00e7\u00e3o do cantor de que teria a inten\u00e7\u00e3o de concorrer \u00e0 chefia do Executivo federal.<\/p>\n\n\n\n<p>Em publica\u00e7\u00e3o nas redes sociais, o sertanejo disse que n\u00e3o esperava pelo resultado divulgado e agradeceu.<\/p>\n\n\n\n<p>&#8220;Eu vim aqui de cora\u00e7\u00e3o dizer a voc\u00eas que gostam de mim, que me acompanham, uma \u00fanica coisa: s\u00f3 Deus, s\u00f3 ele l\u00e1, pode parar um sonho. Ent\u00e3o, beb\u00ea, queria dizer dizer para voc\u00eas que estou aqui ouvindo voc\u00eas, independente de qualquer coisa. O Brasil tem jeito, n\u00e3o vamos desistir do Brasil&#8221;, afirmou.<\/p>\n\n\n\n<p>&#8220;Acho que a parte mais dif\u00edcil da minha vida foi sair de onde eu sai e chegar at\u00e9 aqui. De onde eu sa\u00ed existem milh\u00f5es, e de toda forma, a mim me importa. Nossa hist\u00f3ria est\u00e1 come\u00e7ando agora, viva o Brasil, vamos com tudo&#8221;, concluiu Gusttavo Lima.<\/p>\n\n\n\n<p>O cantor manifestou no come\u00e7o do ano a inten\u00e7\u00e3o de se candidatar \u00e0 Presid\u00eancia e disse estar \u00e0 procura de um partido. O governador de Goi\u00e1s, Ronaldo Caiado, convidou o cantor para que se filie ao Uni\u00e3o Brasil, e o ex-presidente Jair Bolsonaro (PL) disse consider\u00e1-lo como bom nome para disputa ao Senado.<\/p>\n\n\n\n<p>A Genial\/Quaest entrevistou presencialmente 4.500 brasileiros de 16 anos ou mais nos dias 23 a 26 de janeiro, com margem de erro de um ponto percentual para cima ou para baixo.<\/p>\n\n\n\n<p>O levantamento \u00e9 financiado pela corretora de investimentos digital Genial Investimentos, controlada pelo banco Genial.<\/p>\n","protected":false},"excerpt":{"rendered":"<p>Cantor teria 35% em uma segunda rodada contra o petista, que marcaria 41%, conforme o levantamento S\u00c3O PAULO, SP (FOLHAPRESS) &#8211; O cantor sertanejo Gusttavo Lima (sem partido) comemorou nesta segunda-feira (3) os resultados da pesquisa Genial\/Quaest sobre as elei\u00e7\u00f5es de 2026, que o apontou como o nome com&nbsp;menor desvantagem ante Lula (PT)&nbsp;em cen\u00e1rios de [&hellip;]<\/p>\n","protected":false},"author":5,"featured_media":155761,"comment_status":"closed","ping_status":"open","sticky":false,"template":"","format":"standard","meta":{"advgb_blocks_editor_width":"","advgb_blocks_columns_visual_guide":"","_exactmetrics_skip_tracking":false,"_exactmetrics_sitenote_active":false,"_exactmetrics_sitenote_note":"","_exactmetrics_sitenote_category":0,"footnotes":""},"categories":[7,2,12],"tags":[],"class_list":["post-155760","post","type-post","status-publish","format-standard","has-post-thumbnail","hentry","category-destaques","category-noticias","category-politica"],"better_featured_image":{"id":155761,"alt_text":"","caption":"","description":"","media_type":"image","media_details":{"width":1200,"height":720,"file":"2025\/02\/1_captura_de_tela_2025_01_23_as_215117_990x557-45284362.png","filesize":671487,"sizes":{"medium":{"file":"1_captura_de_tela_2025_01_23_as_215117_990x557-45284362-470x282.png","width":470,"height":282,"mime-type":"image\/png","filesize":162081,"source_url":"https:\/\/lavras.tv\/site\/wp-content\/uploads\/2025\/02\/1_captura_de_tela_2025_01_23_as_215117_990x557-45284362-470x282.png"},"large":{"file":"1_captura_de_tela_2025_01_23_as_215117_990x557-45284362-970x582.png","width":970,"height":582,"mime-type":"image\/png","filesize":483210,"source_url":"https:\/\/lavras.tv\/site\/wp-content\/uploads\/2025\/02\/1_captura_de_tela_2025_01_23_as_215117_990x557-45284362-970x582.png"},"thumbnail":{"file":"1_captura_de_tela_2025_01_23_as_215117_990x557-45284362-170x102.png","width":170,"height":102,"mime-type":"image\/png","filesize":31242,"source_url":"https:\/\/lavras.tv\/site\/wp-content\/uploads\/2025\/02\/1_captura_de_tela_2025_01_23_as_215117_990x557-45284362-170x102.png"},"lshowcase-thumb":{"file":"1_captura_de_tela_2025_01_23_as_215117_990x557-45284362-200x120.png","width":200,"height":120,"mime-type":"image\/png","filesize":40874,"source_url":"https:\/\/lavras.tv\/site\/wp-content\/uploads\/2025\/02\/1_captura_de_tela_2025_01_23_as_215117_990x557-45284362-200x120.png"},"alm-thumbnail":{"file":"1_captura_de_tela_2025_01_23_as_215117_990x557-45284362-150x150.png","width":150,"height":150,"mime-type":"image\/png","filesize":37946,"source_url":"https:\/\/lavras.tv\/site\/wp-content\/uploads\/2025\/02\/1_captura_de_tela_2025_01_23_as_215117_990x557-45284362-150x150.png"}},"image_meta":{"aperture":"0","credit":"","camera":"","caption":"","created_timestamp":"0","copyright":"","focal_length":"0","iso":"0","shutter_speed":"0","title":"","orientation":"0","keywords":[]}},"post":155760,"source_url":"https:\/\/lavras.tv\/site\/wp-content\/uploads\/2025\/02\/1_captura_de_tela_2025_01_23_as_215117_990x557-45284362.png"},"author_meta":{"display_name":"Vinicius Bustamante","author_link":"https:\/\/lavras.tv\/site\/author\/vinicius-bustamante\/"},"featured_img":"https:\/\/lavras.tv\/site\/wp-content\/uploads\/2025\/02\/1_captura_de_tela_2025_01_23_as_215117_990x557-45284362-470x282.png","coauthors":[],"tax_additional":{"categories":{"linked":["<a href=\"https:\/\/lavras.tv\/site\/category\/destaques\/\" class=\"advgb-post-tax-term\">Destaques<\/a>","<a href=\"https:\/\/lavras.tv\/site\/category\/noticias\/\" class=\"advgb-post-tax-term\">Not\u00edcias<\/a>","<a href=\"https:\/\/lavras.tv\/site\/category\/politica\/\" class=\"advgb-post-tax-term\">Pol\u00edtica<\/a>"],"unlinked":["<span class=\"advgb-post-tax-term\">Destaques<\/span>","<span class=\"advgb-post-tax-term\">Not\u00edcias<\/span>","<span class=\"advgb-post-tax-term\">Pol\u00edtica<\/span>"]}},"comment_count":"0","relative_dates":{"created":"Publicado 1 ano atr\u00e1s","modified":"Atualizado 1 ano atr\u00e1s"},"absolute_dates":{"created":"Publicado em 4 de fevereiro de 2025","modified":"Atualizado em 4 de fevereiro de 2025"},"absolute_dates_time":{"created":"Publicado em 4 de fevereiro de 2025 16:32","modified":"Atualizado em 4 de fevereiro de 2025 16:32"},"featured_img_caption":"","series_order":"","_links":{"self":[{"href":"https:\/\/lavras.tv\/site\/wp-json\/wp\/v2\/posts\/155760","targetHints":{"allow":["GET"]}}],"collection":[{"href":"https:\/\/lavras.tv\/site\/wp-json\/wp\/v2\/posts"}],"about":[{"href":"https:\/\/lavras.tv\/site\/wp-json\/wp\/v2\/types\/post"}],"author":[{"embeddable":true,"href":"https:\/\/lavras.tv\/site\/wp-json\/wp\/v2\/users\/5"}],"replies":[{"embeddable":true,"href":"https:\/\/lavras.tv\/site\/wp-json\/wp\/v2\/comments?post=155760"}],"version-history":[{"count":1,"href":"https:\/\/lavras.tv\/site\/wp-json\/wp\/v2\/posts\/155760\/revisions"}],"predecessor-version":[{"id":155762,"href":"https:\/\/lavras.tv\/site\/wp-json\/wp\/v2\/posts\/155760\/revisions\/155762"}],"wp:featuredmedia":[{"embeddable":true,"href":"https:\/\/lavras.tv\/site\/wp-json\/wp\/v2\/media\/155761"}],"wp:attachment":[{"href":"https:\/\/lavras.tv\/site\/wp-json\/wp\/v2\/media?parent=155760"}],"wp:term":[{"taxonomy":"category","embeddable":true,"href":"https:\/\/lavras.tv\/site\/wp-json\/wp\/v2\/categories?post=155760"},{"taxonomy":"post_tag","embeddable":true,"href":"https:\/\/lavras.tv\/site\/wp-json\/wp\/v2\/tags?post=155760"}],"curies":[{"name":"wp","href":"https:\/\/api.w.org\/{rel}","templated":true}]}}