{"id":15632,"date":"2018-04-10T09:13:56","date_gmt":"2018-04-10T12:13:56","guid":{"rendered":"http:\/\/lavras.tv\/site\/?p=15632"},"modified":"2018-04-10T09:13:56","modified_gmt":"2018-04-10T12:13:56","slug":"atleta-de-lavras-estreia-hoje-no-mundial-de-tae-kwondo-na-tunisia","status":"publish","type":"post","link":"https:\/\/lavras.tv\/site\/2018\/04\/10\/atleta-de-lavras-estreia-hoje-no-mundial-de-tae-kwondo-na-tunisia\/","title":{"rendered":"Atleta de Lavras estreia hoje no Mundial de Tae KwonDo na Tun\u00edsia"},"content":{"rendered":"<div class=\"lavra-antes-do-conteudo_2\" id=\"lavra-2766477484\"><div id=\"lavra-slider-27\" class=\"custom-slider lavra-slider-3150284849 lavra-slider\"><ul><li><div style=\"margin-left: auto;margin-right: auto;text-align: center;\" id=\"lavra-3585229285\"><a href=\"https:\/\/sistemas.lavras.mg.gov.br\/portalcidadao\/#df1b1a7c7b2a290bcb31e32771e610784662739a88807c0dacac58ede5f391a7530e299dc302d611ee73cb143fc22eaf93592e53e7b5bdb01b00a0b8d28dae460c141dd2ff83412e4dc1c31b16b25f33144a9e5620ea73b13f5bc1c59411d98439ad226e8af03840603796067d87afe130812cf3de24982d0e306f9e61e764e5\" aria-label=\"Lavras-TV&#8211;720x104px (1) (1)\"><img src=\"https:\/\/lavras.tv\/site\/wp-content\/uploads\/2025\/01\/Lavras-TV-720x104px-1-1.png\" alt=\"\"  srcset=\"https:\/\/lavras.tv\/site\/wp-content\/uploads\/2025\/01\/Lavras-TV-720x104px-1-1.png 720w, https:\/\/lavras.tv\/site\/wp-content\/uploads\/2025\/01\/Lavras-TV-720x104px-1-1-470x68.png 470w, https:\/\/lavras.tv\/site\/wp-content\/uploads\/2025\/01\/Lavras-TV-720x104px-1-1-170x25.png 170w, https:\/\/lavras.tv\/site\/wp-content\/uploads\/2025\/01\/Lavras-TV-720x104px-1-1-200x29.png 200w\" sizes=\"(max-width: 720px) 100vw, 720px\" width=\"720\" height=\"104\"  style=\"display: inline-block;\" \/><\/a><\/div><\/li><li><a href=\"https:\/\/sistemas.lavras.mg.gov.br\/portalcidadao\/#df1b1a7c7b2a290bcb31e32771e610784662739a88807c0dacac58ede5f391a7530e299dc302d611ee73cb143fc22eaf93592e53e7b5bdb01b00a0b8d28dae460c141dd2ff83412e4dc1c31b16b25f33144a9e5620ea73b13f5bc1c59411d98439ad226e8af03840603796067d87afe130812cf3de24982d0e306f9e61e764e5\" aria-label=\"Banner_Emprego_PortallavrasTV\"><img src=\"https:\/\/lavras.tv\/site\/wp-content\/uploads\/2025\/03\/Banner_Emprego_PortallavrasTV.png\" alt=\"\"  srcset=\"https:\/\/lavras.tv\/site\/wp-content\/uploads\/2025\/03\/Banner_Emprego_PortallavrasTV.png 720w, https:\/\/lavras.tv\/site\/wp-content\/uploads\/2025\/03\/Banner_Emprego_PortallavrasTV-470x68.png 470w, https:\/\/lavras.tv\/site\/wp-content\/uploads\/2025\/03\/Banner_Emprego_PortallavrasTV-170x25.png 170w, https:\/\/lavras.tv\/site\/wp-content\/uploads\/2025\/03\/Banner_Emprego_PortallavrasTV-200x29.png 200w\" sizes=\"(max-width: 720px) 100vw, 720px\" width=\"720\" height=\"104\"   \/><\/a><\/li><li><a href=\"https:\/\/sistemas.lavras.mg.gov.br\/portalcidadao\/#df1b1a7c7b2a290bcb31e32771e610784662739a88807c0dacac58ede5f391a7530e299dc302d611ee73cb143fc22eaf93592e53e7b5bdb01b00a0b8d28dae460c141dd2ff83412e4dc1c31b16b25f33144a9e5620ea73b13f5bc1c59411d98439ad226e8af03840603796067d87afe130812cf3de24982d0e306f9e61e764e5\" aria-label=\"Banner_Obras_PortallavrasTV\"><img src=\"https:\/\/lavras.tv\/site\/wp-content\/uploads\/2025\/03\/Banner_Obras_PortallavrasTV.png\" alt=\"\"  srcset=\"https:\/\/lavras.tv\/site\/wp-content\/uploads\/2025\/03\/Banner_Obras_PortallavrasTV.png 720w, https:\/\/lavras.tv\/site\/wp-content\/uploads\/2025\/03\/Banner_Obras_PortallavrasTV-470x68.png 470w, https:\/\/lavras.tv\/site\/wp-content\/uploads\/2025\/03\/Banner_Obras_PortallavrasTV-170x25.png 170w, https:\/\/lavras.tv\/site\/wp-content\/uploads\/2025\/03\/Banner_Obras_PortallavrasTV-200x29.png 200w\" sizes=\"(max-width: 720px) 100vw, 720px\" width=\"720\" height=\"104\"   \/><\/a><\/li><li><div style=\"margin-left: auto;margin-right: auto;text-align: center;\" id=\"lavra-886390030\"><a href=\"https:\/\/sistemas.lavras.mg.gov.br\/portalcidadao\/#df1b1a7c7b2a290bcb31e32771e610784662739a88807c0dacac58ede5f391a7530e299dc302d611ee73cb143fc22eaf93592e53e7b5bdb01b00a0b8d28dae460c141dd2ff83412e4dc1c31b16b25f33144a9e5620ea73b13f5bc1c59411d98439ad226e8af03840603796067d87afe130812cf3de24982d0e306f9e61e764e5\" aria-label=\"Banner_Educa\u00e7\u00e3o_PortallavrasTV\"><img src=\"https:\/\/lavras.tv\/site\/wp-content\/uploads\/2025\/01\/Banner_Educacao_PortallavrasTV.png\" alt=\"\"  srcset=\"https:\/\/lavras.tv\/site\/wp-content\/uploads\/2025\/01\/Banner_Educacao_PortallavrasTV.png 720w, https:\/\/lavras.tv\/site\/wp-content\/uploads\/2025\/01\/Banner_Educacao_PortallavrasTV-470x68.png 470w, https:\/\/lavras.tv\/site\/wp-content\/uploads\/2025\/01\/Banner_Educacao_PortallavrasTV-170x25.png 170w, https:\/\/lavras.tv\/site\/wp-content\/uploads\/2025\/01\/Banner_Educacao_PortallavrasTV-200x29.png 200w\" sizes=\"(max-width: 720px) 100vw, 720px\" width=\"720\" height=\"104\"  style=\"display: inline-block;\" \/><\/a><\/div><\/li><li><a href=\"https:\/\/sistemas.lavras.mg.gov.br\/portalcidadao\/#df1b1a7c7b2a290bcb31e32771e610784662739a88807c0dacac58ede5f391a7530e299dc302d611ee73cb143fc22eaf93592e53e7b5bdb01b00a0b8d28dae460c141dd2ff83412e4dc1c31b16b25f33144a9e5620ea73b13f5bc1c59411d98439ad226e8af03840603796067d87afe130812cf3de24982d0e306f9e61e764e5\" aria-label=\"Banner_Sa\u00fade_PortallavrasTV\"><img src=\"https:\/\/lavras.tv\/site\/wp-content\/uploads\/2025\/03\/Banner_Saude_PortallavrasTV.png\" alt=\"\"  srcset=\"https:\/\/lavras.tv\/site\/wp-content\/uploads\/2025\/03\/Banner_Saude_PortallavrasTV.png 720w, https:\/\/lavras.tv\/site\/wp-content\/uploads\/2025\/03\/Banner_Saude_PortallavrasTV-470x68.png 470w, https:\/\/lavras.tv\/site\/wp-content\/uploads\/2025\/03\/Banner_Saude_PortallavrasTV-170x25.png 170w, https:\/\/lavras.tv\/site\/wp-content\/uploads\/2025\/03\/Banner_Saude_PortallavrasTV-200x29.png 200w\" sizes=\"(max-width: 720px) 100vw, 720px\" width=\"720\" height=\"104\"   \/><\/a><\/li><li><div id=\"lavra-1152977489\" style=\"width:720px;height:104px;background-color:#ddd;overflow:scroll;\">\n\t<strong>Sa\u00edda da depura\u00e7\u00e3o de an\u00fancios<\/strong>\n\t<br><br>\n\tO an\u00fancio n\u00e3o \u00e9 exibido na p\u00e1gina<br><br>post atual: Atleta de Lavras estreia hoje no Mundial de Tae KwonDo na Tun\u00edsia, ID: 15632<br><br><span style=\"color: red;\">O post atual n\u00e3o \u00e9 id\u00eantico ao post principal.<\/span><br><br>An\u00fancios: ROXO - TOPO INTERNA - ROTATIVO 2 (197)<br \/>Grupo de an\u00fancios: Princ_Meio01_720x104 (27)<br><br>Condi\u00e7\u00f5es de exibi\u00e7\u00e3o<div style=\"margin-bottom: 20px; white-space: pre-wrap; font-family: monospace; width: 100%; background: #ffe9e9;\"><strong>condi\u00e7\u00f5es gerais<\/strong><table border=\"1\"><thead><tr><th><\/th><th>An\u00fancios<\/th><th>wp_the_query<\/th><\/tr><\/thead><tr><td>is_main_query<\/td><td>1<\/td><td>1<\/td><\/tr><tr><td>is_rest_api<\/td><td>0<\/td><td>1<\/td><\/tr><tr><td>page<\/td><td>0<\/td><td>1<\/td><\/tr><tr><td>numpages<\/td><td>0<\/td><td>1<\/td><\/tr><tr><td>is_archive<\/td><td>1<\/td><td><\/td><\/tr><tr><td>is_search<\/td><td>1<\/td><td><\/td><\/tr><tr><td>is_home<\/td><td>1<\/td><td><\/td><\/tr><tr><td>is_404<\/td><td>1<\/td><td><\/td><\/tr><tr><td>is_attachment<\/td><td>1<\/td><td><\/td><\/tr><tr><td>is_singular<\/td><td>1<\/td><td><\/td><\/tr><tr><td>is_front_page<\/td><td>1<\/td><td><\/td><\/tr><tr><td>is_feed<\/td><td>1<\/td><td><\/td><\/tr><\/table><\/div><br><br><span style=\"color: red;\">Seu site usa HTTPS, mas o c\u00f3digo do an\u00fancio cont\u00e9m HTTP e pode n\u00e3o funcionar.<\/span>\t<br><br>\n\t<a style=\"color: green;\" href=\"https:\/\/wpadvancedads.com\/manual\/ad-debug-mode\/?utm_source=advanced-ads&utm_medium=link&utm_campaign=ad-debug-mode\" target=\"_blank\" rel=\"nofollow\">Encontre solu\u00e7\u00f5es no manual<\/a>\n<\/div>\n<\/li><\/ul><\/div><script>( window.advanced_ads_ready || jQuery( document ).ready ).call( null, function() {var $lavraslider3150284849 = jQuery( \".lavra-slider-3150284849\" );$lavraslider3150284849.on( \"unslider.ready\", function() { jQuery( \"div.custom-slider ul li\" ).css( \"display\", \"block\" ); });$lavraslider3150284849.unslider({ delay:4000, autoplay:true, nav:false, arrows:false, infinite:true });$lavraslider3150284849.on(\"mouseover\", function() {$lavraslider3150284849.unslider(\"stop\");}).on(\"mouseout\", function() {$lavraslider3150284849.unslider(\"start\");});});<\/script><\/div><p>Nesta ter\u00e7a-feira, dia 10, o atleta de Tae KwonDo, Erick Luis, aqui de Lavras,\u00a0volta aos\u00a0tatames, sob a orienta\u00e7\u00e3o do mestre Valdeci Zampieri. <!--more-->Ele vai disputar o Campeonato Mundial Juvenil em Hammamet na Tun\u00edsia. Em sua primeira luta, Erick ir\u00e1 enfrentar o atleta da Gr\u00e3 Bretanha.<\/p>\n<p><img decoding=\"async\" class=\"alignnone size-full wp-image-15633 aligncenter\" src=\"http:\/\/lavras.tv\/site\/wp-content\/uploads\/2018\/04\/Screenshot_2018-04-05-22-50-57-1-1-e1523362144969.png\" alt=\"Screenshot_2018-04-05-22-50-57-1-1\" width=\"141\" height=\"110\" \/><\/p>\n<p>No \u00faltimo s\u00e1bado, tamb\u00e9m na Tun\u00edsia, Erick disputou a Seletiva para os Jogos Ol\u00edmpicos da Juventude, mas infelizmente foi derrotado pelo atleta da Cor\u00e9ia.<\/p>\n<p>Mesmo n\u00e3o subindo ao p\u00f3dio, a equipe do mestre Valdeci est\u00e1 orgulhosa, pois a participa\u00e7\u00e3o nessa seletiva \u00e9 muito restrita. Somente 3 atletas masculinos e 3 atletas femininos de cada pa\u00eds podem concorrer.<\/p>\n<p><img fetchpriority=\"high\" decoding=\"async\" class=\"alignnone size-full wp-image-15634 aligncenter\" src=\"http:\/\/lavras.tv\/site\/wp-content\/uploads\/2018\/04\/erick-valdeci-e1523362375121.jpg\" alt=\"erick valdeci\" width=\"499\" height=\"357\" srcset=\"https:\/\/lavras.tv\/site\/wp-content\/uploads\/2018\/04\/erick-valdeci-e1523362375121.jpg 499w, https:\/\/lavras.tv\/site\/wp-content\/uploads\/2018\/04\/erick-valdeci-e1523362375121-150x107.jpg 150w, https:\/\/lavras.tv\/site\/wp-content\/uploads\/2018\/04\/erick-valdeci-e1523362375121-300x215.jpg 300w\" sizes=\"(max-width: 499px) 100vw, 499px\" \/><\/p>\n<p>&nbsp;<\/p>\n","protected":false},"excerpt":{"rendered":"<p>Nesta ter\u00e7a-feira, dia 10, o atleta de Tae KwonDo, Erick Luis, aqui de Lavras,\u00a0volta aos\u00a0tatames, sob a orienta\u00e7\u00e3o do mestre Valdeci Zampieri.<\/p>\n","protected":false},"author":2,"featured_media":15634,"comment_status":"closed","ping_status":"open","sticky":false,"template":"","format":"standard","meta":{"advgb_blocks_editor_width":"","advgb_blocks_columns_visual_guide":"","_exactmetrics_skip_tracking":false,"_exactmetrics_sitenote_active":false,"_exactmetrics_sitenote_note":"","_exactmetrics_sitenote_category":0,"footnotes":""},"categories":[7,3],"tags":[4543,34,4680,1929,4679,4681,801],"class_list":["post-15632","post","type-post","status-publish","format-standard","has-post-thumbnail","hentry","category-destaques","category-esportes","tag-erick-luis","tag-lavras","tag-mundial","tag-selecao-brasileira","tag-tae-kwondo","tag-tunisia","tag-valdeci-zampieri"],"better_featured_image":{"id":15634,"alt_text":"","caption":"","description":"","media_type":"image","media_details":{"width":499,"height":357,"file":"2018\/04\/erick-valdeci-e1523362375121.jpg","sizes":{"thumbnail":{"file":"erick-valdeci-e1523362375121-150x107.jpg","width":150,"height":107,"mime-type":"image\/jpeg","source_url":"https:\/\/lavras.tv\/site\/wp-content\/uploads\/2018\/04\/erick-valdeci-e1523362375121-150x107.jpg"},"medium":{"file":"erick-valdeci-e1523362375121-300x215.jpg","width":300,"height":215,"mime-type":"image\/jpeg","source_url":"https:\/\/lavras.tv\/site\/wp-content\/uploads\/2018\/04\/erick-valdeci-e1523362375121-300x215.jpg"},"featured-slider-img":{"file":"erick-valdeci-640x480.jpg","width":640,"height":480,"mime-type":"image\/jpeg","source_url":"https:\/\/lavras.tv\/site\/wp-content\/uploads\/2018\/04\/erick-valdeci-640x480.jpg"},"featured-post-img":{"file":"erick-valdeci-e1523362375121-480x320.jpg","width":480,"height":320,"mime-type":"image\/jpeg","source_url":"https:\/\/lavras.tv\/site\/wp-content\/uploads\/2018\/04\/erick-valdeci-e1523362375121-480x320.jpg"},"sow-carousel-default":{"file":"erick-valdeci-e1523362375121-272x182.jpg","width":272,"height":182,"mime-type":"image\/jpeg","source_url":"https:\/\/lavras.tv\/site\/wp-content\/uploads\/2018\/04\/erick-valdeci-e1523362375121-272x182.jpg"}},"image_meta":{"aperture":"0","credit":"","camera":"","caption":"","created_timestamp":"0","copyright":"","focal_length":"0","iso":"0","shutter_speed":"0","title":"","orientation":"0","keywords":[]}},"post":15632,"source_url":"https:\/\/lavras.tv\/site\/wp-content\/uploads\/2018\/04\/erick-valdeci-e1523362375121.jpg"},"author_meta":{"display_name":"Lavras TV","author_link":"https:\/\/lavras.tv\/site\/author\/lavrastv\/"},"featured_img":"https:\/\/lavras.tv\/site\/wp-content\/uploads\/2018\/04\/erick-valdeci-e1523362375121-300x215.jpg","coauthors":[],"tax_additional":{"categories":{"linked":["<a href=\"https:\/\/lavras.tv\/site\/category\/destaques\/\" class=\"advgb-post-tax-term\">Destaques<\/a>","<a href=\"https:\/\/lavras.tv\/site\/category\/esportes\/\" class=\"advgb-post-tax-term\">Esportes<\/a>"],"unlinked":["<span class=\"advgb-post-tax-term\">Destaques<\/span>","<span class=\"advgb-post-tax-term\">Esportes<\/span>"]},"tags":{"linked":["<a href=\"https:\/\/lavras.tv\/site\/category\/esportes\/\" class=\"advgb-post-tax-term\">Erick Luis<\/a>","<a href=\"https:\/\/lavras.tv\/site\/category\/esportes\/\" class=\"advgb-post-tax-term\">lavras<\/a>","<a href=\"https:\/\/lavras.tv\/site\/category\/esportes\/\" class=\"advgb-post-tax-term\">mundial<\/a>","<a href=\"https:\/\/lavras.tv\/site\/category\/esportes\/\" class=\"advgb-post-tax-term\">sele\u00e7\u00e3o brasileira<\/a>","<a href=\"https:\/\/lavras.tv\/site\/category\/esportes\/\" class=\"advgb-post-tax-term\">tae kwondo<\/a>","<a href=\"https:\/\/lavras.tv\/site\/category\/esportes\/\" class=\"advgb-post-tax-term\">Tun\u00edsia<\/a>","<a href=\"https:\/\/lavras.tv\/site\/category\/esportes\/\" class=\"advgb-post-tax-term\">valdeci zampieri<\/a>"],"unlinked":["<span class=\"advgb-post-tax-term\">Erick Luis<\/span>","<span class=\"advgb-post-tax-term\">lavras<\/span>","<span class=\"advgb-post-tax-term\">mundial<\/span>","<span class=\"advgb-post-tax-term\">sele\u00e7\u00e3o brasileira<\/span>","<span class=\"advgb-post-tax-term\">tae kwondo<\/span>","<span class=\"advgb-post-tax-term\">Tun\u00edsia<\/span>","<span class=\"advgb-post-tax-term\">valdeci zampieri<\/span>"]}},"comment_count":"0","relative_dates":{"created":"Publicado 8 anos atr\u00e1s","modified":"Atualizado 8 anos atr\u00e1s"},"absolute_dates":{"created":"Publicado em 10 de abril de 2018","modified":"Atualizado em 10 de abril de 2018"},"absolute_dates_time":{"created":"Publicado em 10 de abril de 2018 09:13","modified":"Atualizado em 10 de abril de 2018 09:13"},"featured_img_caption":"","series_order":"","_links":{"self":[{"href":"https:\/\/lavras.tv\/site\/wp-json\/wp\/v2\/posts\/15632","targetHints":{"allow":["GET"]}}],"collection":[{"href":"https:\/\/lavras.tv\/site\/wp-json\/wp\/v2\/posts"}],"about":[{"href":"https:\/\/lavras.tv\/site\/wp-json\/wp\/v2\/types\/post"}],"author":[{"embeddable":true,"href":"https:\/\/lavras.tv\/site\/wp-json\/wp\/v2\/users\/2"}],"replies":[{"embeddable":true,"href":"https:\/\/lavras.tv\/site\/wp-json\/wp\/v2\/comments?post=15632"}],"version-history":[{"count":1,"href":"https:\/\/lavras.tv\/site\/wp-json\/wp\/v2\/posts\/15632\/revisions"}],"predecessor-version":[{"id":15635,"href":"https:\/\/lavras.tv\/site\/wp-json\/wp\/v2\/posts\/15632\/revisions\/15635"}],"wp:featuredmedia":[{"embeddable":true,"href":"https:\/\/lavras.tv\/site\/wp-json\/wp\/v2\/media\/15634"}],"wp:attachment":[{"href":"https:\/\/lavras.tv\/site\/wp-json\/wp\/v2\/media?parent=15632"}],"wp:term":[{"taxonomy":"category","embeddable":true,"href":"https:\/\/lavras.tv\/site\/wp-json\/wp\/v2\/categories?post=15632"},{"taxonomy":"post_tag","embeddable":true,"href":"https:\/\/lavras.tv\/site\/wp-json\/wp\/v2\/tags?post=15632"}],"curies":[{"name":"wp","href":"https:\/\/api.w.org\/{rel}","templated":true}]}}