{"id":1569,"date":"2016-08-16T10:49:20","date_gmt":"2016-08-16T10:49:20","guid":{"rendered":"http:\/\/lavras.tv\/site\/?p=1569"},"modified":"2016-08-16T10:49:20","modified_gmt":"2016-08-16T10:49:20","slug":"comeca-o-periodo-das-campanhas-eleitorais","status":"publish","type":"post","link":"https:\/\/lavras.tv\/site\/2016\/08\/16\/comeca-o-periodo-das-campanhas-eleitorais\/","title":{"rendered":"Come\u00e7a o per\u00edodo das campanhas eleitorais"},"content":{"rendered":"<div class=\"lavra-antes-do-conteudo_2\" id=\"lavra-610777224\"><div id=\"lavra-slider-27\" class=\"custom-slider lavra-slider-1273576603 lavra-slider\"><ul><li><div style=\"margin-left: auto;margin-right: auto;text-align: center;\" id=\"lavra-1632916473\"><a href=\"https:\/\/sistemas.lavras.mg.gov.br\/portalcidadao\/#df1b1a7c7b2a290bcb31e32771e610784662739a88807c0dacac58ede5f391a7530e299dc302d611ee73cb143fc22eaf93592e53e7b5bdb01b00a0b8d28dae460c141dd2ff83412e4dc1c31b16b25f33144a9e5620ea73b13f5bc1c59411d98439ad226e8af03840603796067d87afe130812cf3de24982d0e306f9e61e764e5\" aria-label=\"Lavras-TV&#8211;720x104px (1) (1)\"><img src=\"https:\/\/lavras.tv\/site\/wp-content\/uploads\/2025\/01\/Lavras-TV-720x104px-1-1.png\" alt=\"\"  srcset=\"https:\/\/lavras.tv\/site\/wp-content\/uploads\/2025\/01\/Lavras-TV-720x104px-1-1.png 720w, https:\/\/lavras.tv\/site\/wp-content\/uploads\/2025\/01\/Lavras-TV-720x104px-1-1-470x68.png 470w, https:\/\/lavras.tv\/site\/wp-content\/uploads\/2025\/01\/Lavras-TV-720x104px-1-1-170x25.png 170w, https:\/\/lavras.tv\/site\/wp-content\/uploads\/2025\/01\/Lavras-TV-720x104px-1-1-200x29.png 200w\" sizes=\"(max-width: 720px) 100vw, 720px\" width=\"720\" height=\"104\"  style=\"display: inline-block;\" \/><\/a><\/div><\/li><li><a href=\"https:\/\/sistemas.lavras.mg.gov.br\/portalcidadao\/#df1b1a7c7b2a290bcb31e32771e610784662739a88807c0dacac58ede5f391a7530e299dc302d611ee73cb143fc22eaf93592e53e7b5bdb01b00a0b8d28dae460c141dd2ff83412e4dc1c31b16b25f33144a9e5620ea73b13f5bc1c59411d98439ad226e8af03840603796067d87afe130812cf3de24982d0e306f9e61e764e5\" aria-label=\"Banner_Emprego_PortallavrasTV\"><img src=\"https:\/\/lavras.tv\/site\/wp-content\/uploads\/2025\/03\/Banner_Emprego_PortallavrasTV.png\" alt=\"\"  srcset=\"https:\/\/lavras.tv\/site\/wp-content\/uploads\/2025\/03\/Banner_Emprego_PortallavrasTV.png 720w, https:\/\/lavras.tv\/site\/wp-content\/uploads\/2025\/03\/Banner_Emprego_PortallavrasTV-470x68.png 470w, https:\/\/lavras.tv\/site\/wp-content\/uploads\/2025\/03\/Banner_Emprego_PortallavrasTV-170x25.png 170w, https:\/\/lavras.tv\/site\/wp-content\/uploads\/2025\/03\/Banner_Emprego_PortallavrasTV-200x29.png 200w\" sizes=\"(max-width: 720px) 100vw, 720px\" width=\"720\" height=\"104\"   \/><\/a><\/li><li><a href=\"https:\/\/sistemas.lavras.mg.gov.br\/portalcidadao\/#df1b1a7c7b2a290bcb31e32771e610784662739a88807c0dacac58ede5f391a7530e299dc302d611ee73cb143fc22eaf93592e53e7b5bdb01b00a0b8d28dae460c141dd2ff83412e4dc1c31b16b25f33144a9e5620ea73b13f5bc1c59411d98439ad226e8af03840603796067d87afe130812cf3de24982d0e306f9e61e764e5\" aria-label=\"Banner_Obras_PortallavrasTV\"><img src=\"https:\/\/lavras.tv\/site\/wp-content\/uploads\/2025\/03\/Banner_Obras_PortallavrasTV.png\" alt=\"\"  srcset=\"https:\/\/lavras.tv\/site\/wp-content\/uploads\/2025\/03\/Banner_Obras_PortallavrasTV.png 720w, https:\/\/lavras.tv\/site\/wp-content\/uploads\/2025\/03\/Banner_Obras_PortallavrasTV-470x68.png 470w, https:\/\/lavras.tv\/site\/wp-content\/uploads\/2025\/03\/Banner_Obras_PortallavrasTV-170x25.png 170w, https:\/\/lavras.tv\/site\/wp-content\/uploads\/2025\/03\/Banner_Obras_PortallavrasTV-200x29.png 200w\" sizes=\"(max-width: 720px) 100vw, 720px\" width=\"720\" height=\"104\"   \/><\/a><\/li><li><div style=\"margin-left: auto;margin-right: auto;text-align: center;\" id=\"lavra-1411474379\"><a href=\"https:\/\/sistemas.lavras.mg.gov.br\/portalcidadao\/#df1b1a7c7b2a290bcb31e32771e610784662739a88807c0dacac58ede5f391a7530e299dc302d611ee73cb143fc22eaf93592e53e7b5bdb01b00a0b8d28dae460c141dd2ff83412e4dc1c31b16b25f33144a9e5620ea73b13f5bc1c59411d98439ad226e8af03840603796067d87afe130812cf3de24982d0e306f9e61e764e5\" aria-label=\"Banner_Educa\u00e7\u00e3o_PortallavrasTV\"><img src=\"https:\/\/lavras.tv\/site\/wp-content\/uploads\/2025\/01\/Banner_Educacao_PortallavrasTV.png\" alt=\"\"  srcset=\"https:\/\/lavras.tv\/site\/wp-content\/uploads\/2025\/01\/Banner_Educacao_PortallavrasTV.png 720w, https:\/\/lavras.tv\/site\/wp-content\/uploads\/2025\/01\/Banner_Educacao_PortallavrasTV-470x68.png 470w, https:\/\/lavras.tv\/site\/wp-content\/uploads\/2025\/01\/Banner_Educacao_PortallavrasTV-170x25.png 170w, https:\/\/lavras.tv\/site\/wp-content\/uploads\/2025\/01\/Banner_Educacao_PortallavrasTV-200x29.png 200w\" sizes=\"(max-width: 720px) 100vw, 720px\" width=\"720\" height=\"104\"  style=\"display: inline-block;\" \/><\/a><\/div><\/li><li><a href=\"https:\/\/sistemas.lavras.mg.gov.br\/portalcidadao\/#df1b1a7c7b2a290bcb31e32771e610784662739a88807c0dacac58ede5f391a7530e299dc302d611ee73cb143fc22eaf93592e53e7b5bdb01b00a0b8d28dae460c141dd2ff83412e4dc1c31b16b25f33144a9e5620ea73b13f5bc1c59411d98439ad226e8af03840603796067d87afe130812cf3de24982d0e306f9e61e764e5\" aria-label=\"Banner_Sa\u00fade_PortallavrasTV\"><img src=\"https:\/\/lavras.tv\/site\/wp-content\/uploads\/2025\/03\/Banner_Saude_PortallavrasTV.png\" alt=\"\"  srcset=\"https:\/\/lavras.tv\/site\/wp-content\/uploads\/2025\/03\/Banner_Saude_PortallavrasTV.png 720w, https:\/\/lavras.tv\/site\/wp-content\/uploads\/2025\/03\/Banner_Saude_PortallavrasTV-470x68.png 470w, https:\/\/lavras.tv\/site\/wp-content\/uploads\/2025\/03\/Banner_Saude_PortallavrasTV-170x25.png 170w, https:\/\/lavras.tv\/site\/wp-content\/uploads\/2025\/03\/Banner_Saude_PortallavrasTV-200x29.png 200w\" sizes=\"(max-width: 720px) 100vw, 720px\" width=\"720\" height=\"104\"   \/><\/a><\/li><li><div id=\"lavra-3911794317\" style=\"width:720px;height:104px;background-color:#ddd;overflow:scroll;\">\n\t<strong>Sa\u00edda da depura\u00e7\u00e3o de an\u00fancios<\/strong>\n\t<br><br>\n\tO an\u00fancio n\u00e3o \u00e9 exibido na p\u00e1gina<br><br>post atual: Come\u00e7a o per\u00edodo das campanhas eleitorais, ID: 1569<br><br><span style=\"color: red;\">O post atual n\u00e3o \u00e9 id\u00eantico ao post principal.<\/span><br><br>An\u00fancios: ROXO - TOPO INTERNA - ROTATIVO 2 (197)<br \/>Grupo de an\u00fancios: Princ_Meio01_720x104 (27)<br><br>Condi\u00e7\u00f5es de exibi\u00e7\u00e3o<div style=\"margin-bottom: 20px; white-space: pre-wrap; font-family: monospace; width: 100%; background: #ffe9e9;\"><strong>condi\u00e7\u00f5es gerais<\/strong><table border=\"1\"><thead><tr><th><\/th><th>An\u00fancios<\/th><th>wp_the_query<\/th><\/tr><\/thead><tr><td>is_main_query<\/td><td>1<\/td><td>1<\/td><\/tr><tr><td>is_rest_api<\/td><td>0<\/td><td>1<\/td><\/tr><tr><td>page<\/td><td>0<\/td><td>1<\/td><\/tr><tr><td>numpages<\/td><td>0<\/td><td>1<\/td><\/tr><tr><td>is_archive<\/td><td>1<\/td><td><\/td><\/tr><tr><td>is_search<\/td><td>1<\/td><td><\/td><\/tr><tr><td>is_home<\/td><td>1<\/td><td><\/td><\/tr><tr><td>is_404<\/td><td>1<\/td><td><\/td><\/tr><tr><td>is_attachment<\/td><td>1<\/td><td><\/td><\/tr><tr><td>is_singular<\/td><td>1<\/td><td><\/td><\/tr><tr><td>is_front_page<\/td><td>1<\/td><td><\/td><\/tr><tr><td>is_feed<\/td><td>1<\/td><td><\/td><\/tr><\/table><\/div><br><br><span style=\"color: red;\">Seu site usa HTTPS, mas o c\u00f3digo do an\u00fancio cont\u00e9m HTTP e pode n\u00e3o funcionar.<\/span>\t<br><br>\n\t<a style=\"color: green;\" href=\"https:\/\/wpadvancedads.com\/manual\/ad-debug-mode\/?utm_source=advanced-ads&utm_medium=link&utm_campaign=ad-debug-mode\" target=\"_blank\" rel=\"nofollow\">Encontre solu\u00e7\u00f5es no manual<\/a>\n<\/div>\n<\/li><\/ul><\/div><script>( window.advanced_ads_ready || jQuery( document ).ready ).call( null, function() {var $lavraslider1273576603 = jQuery( \".lavra-slider-1273576603\" );$lavraslider1273576603.on( \"unslider.ready\", function() { jQuery( \"div.custom-slider ul li\" ).css( \"display\", \"block\" ); });$lavraslider1273576603.unslider({ delay:4000, autoplay:true, nav:false, arrows:false, infinite:true });$lavraslider1273576603.on(\"mouseover\", function() {$lavraslider1273576603.unslider(\"stop\");}).on(\"mouseout\", function() {$lavraslider1273576603.unslider(\"start\");});});<\/script><\/div><p>Com o prazo para o registro das candidaturas encerrado nesta segunda-feira (15), os candidatos a prefeito, vice-prefeito e vereador nos 5.568 munic\u00edpios brasileiros dar\u00e3o in\u00edcio nesta ter\u00e7a-feira, dia 16, \u00e0 campanha mais curta dos \u00faltimos 18 anos: 45 dias, em vez de 90.<\/p>\n<p>O primeiro turno est\u00e1 marcado para 2 de outubro, e os candidatos ter\u00e3o, a partir desta ter\u00e7a, 45 dias para realizar com\u00edcios, distribuir material gr\u00e1fico e organizar passeatas e carreatas.<\/p>\n<p>Ao longo dos \u00faltimos dois anos, mudan\u00e7as na lei eleitoral foram aprovadas pelo Congresso Nacional e sancionadas pelo governo.<\/p>\n<p>Com as modifica\u00e7\u00f5es, as campanhas, que antes come\u00e7avam ap\u00f3s 5 de julho (conforme a Lei 9.504\/97), tiveram o in\u00edcio adiado para depois de 15 de agosto (de acordo com a Lei 13.165\/15), o que reduziu o per\u00edodo de 90 para 45 dias.<\/p>\n<p>Antes da elei\u00e7\u00e3o de 1998, a lei n\u00e3o especificava a dura\u00e7\u00e3o das campanhas \u2013 apenas dizia que deveriam come\u00e7ar depois das conven\u00e7\u00f5es partid\u00e1rias, que definem os candidatos que disputar\u00e3o o pleito.<\/p>\n<p>Durante as discuss\u00f5es da chamada \u201cminirreforma eleitoral\u201d, nas comiss\u00f5es do Congresso Nacional, tanto deputados quanto senadores defenderam encurtar o per\u00edodo de campanha sob a argumenta\u00e7\u00e3o de que, para partidos e candidatos, as campanhas se tornar\u00e3o mais baratas.<\/p>\n<p>Para o coordenador da candidatura do prefeito de S\u00e3o Paulo Fernando Haddad (PT) \u00e0 reelei\u00e7\u00e3o, Paulo Fiorilo, a redu\u00e7\u00e3o pela metade do per\u00edodo de campanha se tornou um &#8220;problema&#8221; porque, na avalia\u00e7\u00e3o dele, os candidatos ter\u00e3o &#8220;dificuldades&#8221; em divulgar suas propostas em um per\u00edodo mais &#8220;curto&#8221; e os eleitores ter\u00e3o menos tempo para decidir em quem votar.<\/p>\n<p>&#8220;Acho que esse tempo de campanha ficou curto, e isso dificulta n\u00e3o s\u00f3 para o candidato, que vai ter pouco tempo para divulgar as propostas, mas tamb\u00e9m para o eleitor, que vai ter menos tempo para conhecer essas propostas. [&#8230;] \u00d3bvio que v\u00e3o ter os debates, o hor\u00e1rio eleitoral e a campanha de rua, mas, mesmo assim, a redu\u00e7\u00e3o do tempo geral de campanha vai dificultar&#8221;, avaliou Fiorilo ao G1.<\/p>\n<p>&nbsp;<\/p>\n<p><strong>Inser\u00e7\u00f5es<\/strong><\/p>\n<p>Outra mudan\u00e7a aprovada pelo Congresso e que passou a entrar em vigor na elei\u00e7\u00e3o municipal deste ano est\u00e1 relacionada ao tempo de propaganda gratuita na TV e no r\u00e1dio, que caiu de 45 dias para 35. Pelo calend\u00e1rio deste ano, definido pelo Tribunal Superior Eleitoral (TSE), as inser\u00e7\u00f5es come\u00e7ar\u00e3o no pr\u00f3ximo dia 26.<\/p>\n<p>Conforme o TSE, as emissoras de r\u00e1dio e TV ter\u00e3o que reservar, a partir dessa data, dois blocos de dez minutos cada, duas vezes por dia, de segunda a s\u00e1bado, para exibir as propagandas dos candidatos a prefeito \u2013 no r\u00e1dio, a propaganda ser\u00e1 veiculada das 7h \u00e0s 7h10 e das 12h \u00e0s 12h10; enquanto na TV a pe\u00e7a ser\u00e1 veiculada das 13h \u00e0s 13h10 e das 20h30 \u00e0s 20h40.<\/p>\n<p>No caso das inser\u00e7\u00f5es de 30 e 60 segundos, destinadas aos candidatos a prefeito e a vereador, o total di\u00e1rio ser\u00e1 de 70 minutos de exibi\u00e7\u00e3o, distribu\u00eddos ao longo da programa\u00e7\u00e3o entre 5h e 0h \u2013 a propor\u00e7\u00e3o das propagandas ser\u00e1 de 60% para candidato a prefeito e 40% para candidato a vereador.<\/p>\n<p><strong>\u00a0<\/strong><\/p>\n<p><strong>Doa\u00e7\u00e3o empresarial<\/strong><\/p>\n<p>Esta ser\u00e1 tamb\u00e9m a primeira elei\u00e7\u00e3o em que as empresas estar\u00e3o proibidas de fazer doa\u00e7\u00f5es para os candidatos a prefeito e vereador. As campanhas s\u00f3 poder\u00e3o contar com o financiamento de pessoas f\u00edsicas. Al\u00e9m disso, os candidatos ter\u00e3o de obedecer a um limite de gastos.<\/p>\n<p>At\u00e9 a elei\u00e7\u00e3o passada, n\u00e3o havia restri\u00e7\u00f5es para os gastos de campanha e o valor era uma decis\u00e3o dos pr\u00f3prios partidos pol\u00edticos. Em munic\u00edpios com at\u00e9 10 mil eleitores, o limite de gastos para campanha a prefeito nesta elei\u00e7\u00e3o ser\u00e1 de R$ 108 mil e para vereador, de R$ 10,8 mil.<\/p>\n<p>No caso das cidades maiores, os candidatos a prefeito poder\u00e3o gastar at\u00e9 70% do valor declarado pelo candidato que mais gastou no pleito anterior, se tiver havido s\u00f3 um turno, e at\u00e9 50% do gasto da elei\u00e7\u00e3o anterior se tiver havido dois turnos.<\/p>\n<p>Os limites podem ser consultados no site do TSE e s\u00e3o diferentes para cada cidade e cargo (vereador e prefeito).<\/p>\n<p>Na avalia\u00e7\u00e3o do secret\u00e1rio-geral do PSDB, deputado Silvio Torres (SP), a proibi\u00e7\u00e3o \u00e0 doa\u00e7\u00e3o empresarial foi \u201cpositiva\u201d por tornar as campanhas, no geral, mais baratas. Ao G1, ele disse, por\u00e9m, que a mudan\u00e7a nas regras no \u00faltimo ano foi \u201cabrupta\u201d e \u201cradical\u201d, e os candidatos dever\u00e3o ter \u201cdificuldade\u201d em arrecadar doa\u00e7\u00f5es dos militantes.<\/p>\n<p>\u201cAt\u00e9 porque, sem a doa\u00e7\u00e3o das empresas, acho que vai ser dif\u00edcil para os candidatos conseguir a ades\u00e3o dos militantes \u00e0s campanhas de doa\u00e7\u00e3o, especialmente em raz\u00e3o do clima que estamos vivendo com den\u00fancias de corrup\u00e7\u00e3o envolvendo a classe pol\u00edtica. Acredito que as pessoas estar\u00e3o refrat\u00e1rias a doar para as campanhas\u201d, disse Torres.<\/p>\n<p><strong>\u00a0<img fetchpriority=\"high\" decoding=\"async\" class=\" wp-image-1335 alignright\" src=\"http:\/\/lavras.tv\/site\/wp-content\/uploads\/2016\/08\/eleicoes2016.jpg\" alt=\"eleicoes2016\" width=\"405\" height=\"254\" srcset=\"https:\/\/lavras.tv\/site\/wp-content\/uploads\/2016\/08\/eleicoes2016.jpg 510w, https:\/\/lavras.tv\/site\/wp-content\/uploads\/2016\/08\/eleicoes2016-150x94.jpg 150w, https:\/\/lavras.tv\/site\/wp-content\/uploads\/2016\/08\/eleicoes2016-300x188.jpg 300w\" sizes=\"(max-width: 405px) 100vw, 405px\" \/><\/strong><\/p>\n<p><strong>Especialista<\/strong><\/p>\n<p>Para o cientista pol\u00edtico David Fleischer, professor em\u00e9rito da Universidade de Bras\u00edlia (UnB), as novas regras, como teto de gastos, campanha mais curta e proibi\u00e7\u00e3o de doa\u00e7\u00f5es empresariais, dever\u00e3o baratear a disputa.<\/p>\n<p>Na avalia\u00e7\u00e3o dele, os candidatos de partidos ligados a igrejas dever\u00e3o sair beneficiados desse processo por conta das doa\u00e7\u00f5es dos fi\u00e9is, que s\u00e3o um p\u00fablico \u201ccativo\u201d.<\/p>\n<p>\u201cPor ser uma campanha mais curta, eu acho que vai ser mais barata, mas os partidos que t\u00eam doadores cativos v\u00e3o se beneficiar e ser\u00e3o justamente os partidos ligados a igrejas, porque os fi\u00e9is podem doar\u201d, afirma.<\/p>\n<p>Ele cita como exemplo o deputado federal Celso Russomanno (PRB-SP), candidato \u00e0 Prefeitura de S\u00e3o Paulo, e o senador licenciado Marcelo Crivella (PRB-RJ), na corrida pela Prefeitura do Rio de Janeiro. Ambos s\u00e3o de um partido ligado \u00e0 Igreja Universal e lideram as pesquisas de inten\u00e7\u00e3o de votos. \u201cEles s\u00e3o um exemplo de como ter\u00e3o muita vantagem porque os fi\u00e9is que v\u00e3o doar\u201d, sustenta Fleischer.<\/p>\n<p>Por outro lado, Fleischer pondera que, at\u00e9 ent\u00e3o, as campanhas eram geralmente sustentadas pelas doa\u00e7\u00f5es de empresas e que agora os partidos ter\u00e3o que se desdobrar para conseguir dinheiro, o que poder\u00e1 estimular o caixa dois &#8211; quando os valores recebidos n\u00e3o s\u00e3o declarados \u00e0 Justi\u00e7a Eleitoral.<\/p>\n<p>O professor da UnB aponta ainda para a possibilidade de empresas usarem funcion\u00e1rios como laranjas para conseguir fazer as doa\u00e7\u00f5es. \u201cVai ter mais caixa dois e mais laranjas no caixa um. Ou seja, uma empresa que quer doar R$ 1 milh\u00e3o arruma 200 ou 300 pessoas com CPF para fazer as doa\u00e7\u00f5es\u201d, disse.<\/p>\n<p><strong>\u00a0<\/strong><\/p>\n<p><strong>Redes sociais<\/strong><\/p>\n<p>Conforme mostrou o G1, com o veto do STF \u00e0 doa\u00e7\u00e3o empresarial para campanhas eleitorais, partidos como PMDB, PT, PSDB, PP e PR \u2013 os cinco com maior n\u00famero de parlamentares no Congresso Nacional \u2013 decidiram priorizar o uso de redes sociais para incentivar doa\u00e7\u00f5es de militantes na disputa municipal.<\/p>\n<p>Dirigentes dessas legendas relataram, por exemplo, que utilizar\u00e3o perfis no Facebook, Twitter e YouTube para mobilizar os militantes e incentivar suas doa\u00e7\u00f5es. Na avalia\u00e7\u00e3o dos partidos, o custo de uma campanha que utilize essas ferramentas \u00e9 relativamente \u201cbaixo\u201d e, por terem inser\u00e7\u00e3o alta, podem incentivar as doa\u00e7\u00f5es.<\/p>\n<p>&nbsp;<\/p>\n<p>Fonte: G1<\/p>\n","protected":false},"excerpt":{"rendered":"<p>Com o prazo para o registro das candidaturas encerrado nesta segunda-feira (15), os candidatos a prefeito, vice-prefeito e vereador nos 5.568 munic\u00edpios brasileiros dar\u00e3o in\u00edcio nesta ter\u00e7a-feira, dia 16, \u00e0 campanha mais curta dos \u00faltimos 18 anos: 45 dias, em vez de 90. O primeiro turno est\u00e1 marcado para 2 de outubro, e os candidatos [&hellip;]<\/p>\n","protected":false},"author":2,"featured_media":951,"comment_status":"closed","ping_status":"open","sticky":false,"template":"","format":"standard","meta":{"advgb_blocks_editor_width":"","advgb_blocks_columns_visual_guide":"","_exactmetrics_skip_tracking":false,"_exactmetrics_sitenote_active":false,"_exactmetrics_sitenote_note":"","_exactmetrics_sitenote_category":0,"footnotes":""},"categories":[7,12],"tags":[418,313],"class_list":["post-1569","post","type-post","status-publish","format-standard","has-post-thumbnail","hentry","category-destaques","category-politica","tag-eleicoes-2016","tag-eleicoes-lavras-mg"],"better_featured_image":{"id":951,"alt_text":"","caption":"","description":"","media_type":"image","media_details":{"width":1181,"height":801,"file":"2016\/07\/urna.jpg","sizes":{"thumbnail":{"file":"urna-150x102.jpg","width":150,"height":102,"mime-type":"image\/jpeg","source_url":"https:\/\/lavras.tv\/site\/wp-content\/uploads\/2016\/07\/urna-150x102.jpg"},"medium":{"file":"urna-300x203.jpg","width":300,"height":203,"mime-type":"image\/jpeg","source_url":"https:\/\/lavras.tv\/site\/wp-content\/uploads\/2016\/07\/urna-300x203.jpg"},"large":{"file":"urna-1024x695.jpg","width":1024,"height":695,"mime-type":"image\/jpeg","source_url":"https:\/\/lavras.tv\/site\/wp-content\/uploads\/2016\/07\/urna-1024x695.jpg"},"featured-slider-img":{"file":"urna-640x480.jpg","width":640,"height":480,"mime-type":"image\/jpeg","source_url":"https:\/\/lavras.tv\/site\/wp-content\/uploads\/2016\/07\/urna-640x480.jpg"},"featured-post-img":{"file":"urna-480x320.jpg","width":480,"height":320,"mime-type":"image\/jpeg","source_url":"https:\/\/lavras.tv\/site\/wp-content\/uploads\/2016\/07\/urna-480x320.jpg"},"sow-carousel-default":{"file":"urna-272x182.jpg","width":272,"height":182,"mime-type":"image\/jpeg","source_url":"https:\/\/lavras.tv\/site\/wp-content\/uploads\/2016\/07\/urna-272x182.jpg"}},"image_meta":{"aperture":"0","credit":"","camera":"","caption":"","created_timestamp":"0","copyright":"","focal_length":"0","iso":"0","shutter_speed":"0","title":"","orientation":"0","keywords":[]}},"post":950,"source_url":"https:\/\/lavras.tv\/site\/wp-content\/uploads\/2016\/07\/urna.jpg"},"author_meta":{"display_name":"Lavras TV","author_link":"https:\/\/lavras.tv\/site\/author\/lavrastv\/"},"featured_img":"https:\/\/lavras.tv\/site\/wp-content\/uploads\/2016\/07\/urna-300x203.jpg","coauthors":[],"tax_additional":{"categories":{"linked":["<a href=\"https:\/\/lavras.tv\/site\/category\/destaques\/\" class=\"advgb-post-tax-term\">Destaques<\/a>","<a href=\"https:\/\/lavras.tv\/site\/category\/politica\/\" class=\"advgb-post-tax-term\">Pol\u00edtica<\/a>"],"unlinked":["<span class=\"advgb-post-tax-term\">Destaques<\/span>","<span class=\"advgb-post-tax-term\">Pol\u00edtica<\/span>"]},"tags":{"linked":["<a href=\"https:\/\/lavras.tv\/site\/category\/politica\/\" class=\"advgb-post-tax-term\">elei\u00e7\u00f5es 2016<\/a>","<a href=\"https:\/\/lavras.tv\/site\/category\/politica\/\" class=\"advgb-post-tax-term\">elei\u00e7\u00f5es lavras mg<\/a>"],"unlinked":["<span class=\"advgb-post-tax-term\">elei\u00e7\u00f5es 2016<\/span>","<span class=\"advgb-post-tax-term\">elei\u00e7\u00f5es lavras mg<\/span>"]}},"comment_count":"0","relative_dates":{"created":"Publicado 10 anos atr\u00e1s","modified":"Atualizado 10 anos atr\u00e1s"},"absolute_dates":{"created":"Publicado em 16 de agosto de 2016","modified":"Atualizado em 16 de agosto de 2016"},"absolute_dates_time":{"created":"Publicado em 16 de agosto de 2016 10:49","modified":"Atualizado em 16 de agosto de 2016 10:49"},"featured_img_caption":"","series_order":"","_links":{"self":[{"href":"https:\/\/lavras.tv\/site\/wp-json\/wp\/v2\/posts\/1569","targetHints":{"allow":["GET"]}}],"collection":[{"href":"https:\/\/lavras.tv\/site\/wp-json\/wp\/v2\/posts"}],"about":[{"href":"https:\/\/lavras.tv\/site\/wp-json\/wp\/v2\/types\/post"}],"author":[{"embeddable":true,"href":"https:\/\/lavras.tv\/site\/wp-json\/wp\/v2\/users\/2"}],"replies":[{"embeddable":true,"href":"https:\/\/lavras.tv\/site\/wp-json\/wp\/v2\/comments?post=1569"}],"version-history":[{"count":1,"href":"https:\/\/lavras.tv\/site\/wp-json\/wp\/v2\/posts\/1569\/revisions"}],"predecessor-version":[{"id":1570,"href":"https:\/\/lavras.tv\/site\/wp-json\/wp\/v2\/posts\/1569\/revisions\/1570"}],"wp:featuredmedia":[{"embeddable":true,"href":"https:\/\/lavras.tv\/site\/wp-json\/wp\/v2\/media\/951"}],"wp:attachment":[{"href":"https:\/\/lavras.tv\/site\/wp-json\/wp\/v2\/media?parent=1569"}],"wp:term":[{"taxonomy":"category","embeddable":true,"href":"https:\/\/lavras.tv\/site\/wp-json\/wp\/v2\/categories?post=1569"},{"taxonomy":"post_tag","embeddable":true,"href":"https:\/\/lavras.tv\/site\/wp-json\/wp\/v2\/tags?post=1569"}],"curies":[{"name":"wp","href":"https:\/\/api.w.org\/{rel}","templated":true}]}}