{"id":15719,"date":"2018-04-13T16:30:58","date_gmt":"2018-04-13T19:30:58","guid":{"rendered":"http:\/\/lavras.tv\/site\/?p=15719"},"modified":"2018-04-13T16:30:58","modified_gmt":"2018-04-13T19:30:58","slug":"informe-parlamentar-em-brasilia-deputada-damina-participa-de-primeira-reuniao-no-partido-podemos","status":"publish","type":"post","link":"https:\/\/lavras.tv\/site\/2018\/04\/13\/informe-parlamentar-em-brasilia-deputada-damina-participa-de-primeira-reuniao-no-partido-podemos\/","title":{"rendered":"[Informe Parlamentar] Em Bras\u00edlia, deputada D\u00e2mina participa de primeira reuni\u00e3o no partido Podemos"},"content":{"rendered":"<div class=\"lavra-antes-do-conteudo_2\" id=\"lavra-1625205343\"><div id=\"lavra-slider-27\" class=\"custom-slider lavra-slider-3174334613 lavra-slider\"><ul><li><div style=\"margin-left: auto;margin-right: auto;text-align: center;\" id=\"lavra-543614598\"><a href=\"https:\/\/sistemas.lavras.mg.gov.br\/portalcidadao\/#df1b1a7c7b2a290bcb31e32771e610784662739a88807c0dacac58ede5f391a7530e299dc302d611ee73cb143fc22eaf93592e53e7b5bdb01b00a0b8d28dae460c141dd2ff83412e4dc1c31b16b25f33144a9e5620ea73b13f5bc1c59411d98439ad226e8af03840603796067d87afe130812cf3de24982d0e306f9e61e764e5\" aria-label=\"Lavras-TV&#8211;720x104px (1) (1)\"><img src=\"https:\/\/lavras.tv\/site\/wp-content\/uploads\/2025\/01\/Lavras-TV-720x104px-1-1.png\" alt=\"\"  srcset=\"https:\/\/lavras.tv\/site\/wp-content\/uploads\/2025\/01\/Lavras-TV-720x104px-1-1.png 720w, https:\/\/lavras.tv\/site\/wp-content\/uploads\/2025\/01\/Lavras-TV-720x104px-1-1-470x68.png 470w, https:\/\/lavras.tv\/site\/wp-content\/uploads\/2025\/01\/Lavras-TV-720x104px-1-1-170x25.png 170w, https:\/\/lavras.tv\/site\/wp-content\/uploads\/2025\/01\/Lavras-TV-720x104px-1-1-200x29.png 200w\" sizes=\"(max-width: 720px) 100vw, 720px\" width=\"720\" height=\"104\"  style=\"display: inline-block;\" \/><\/a><\/div><\/li><li><a href=\"https:\/\/sistemas.lavras.mg.gov.br\/portalcidadao\/#df1b1a7c7b2a290bcb31e32771e610784662739a88807c0dacac58ede5f391a7530e299dc302d611ee73cb143fc22eaf93592e53e7b5bdb01b00a0b8d28dae460c141dd2ff83412e4dc1c31b16b25f33144a9e5620ea73b13f5bc1c59411d98439ad226e8af03840603796067d87afe130812cf3de24982d0e306f9e61e764e5\" aria-label=\"Banner_Emprego_PortallavrasTV\"><img src=\"https:\/\/lavras.tv\/site\/wp-content\/uploads\/2025\/03\/Banner_Emprego_PortallavrasTV.png\" alt=\"\"  srcset=\"https:\/\/lavras.tv\/site\/wp-content\/uploads\/2025\/03\/Banner_Emprego_PortallavrasTV.png 720w, https:\/\/lavras.tv\/site\/wp-content\/uploads\/2025\/03\/Banner_Emprego_PortallavrasTV-470x68.png 470w, https:\/\/lavras.tv\/site\/wp-content\/uploads\/2025\/03\/Banner_Emprego_PortallavrasTV-170x25.png 170w, https:\/\/lavras.tv\/site\/wp-content\/uploads\/2025\/03\/Banner_Emprego_PortallavrasTV-200x29.png 200w\" sizes=\"(max-width: 720px) 100vw, 720px\" width=\"720\" height=\"104\"   \/><\/a><\/li><li><a href=\"https:\/\/sistemas.lavras.mg.gov.br\/portalcidadao\/#df1b1a7c7b2a290bcb31e32771e610784662739a88807c0dacac58ede5f391a7530e299dc302d611ee73cb143fc22eaf93592e53e7b5bdb01b00a0b8d28dae460c141dd2ff83412e4dc1c31b16b25f33144a9e5620ea73b13f5bc1c59411d98439ad226e8af03840603796067d87afe130812cf3de24982d0e306f9e61e764e5\" aria-label=\"Banner_Obras_PortallavrasTV\"><img src=\"https:\/\/lavras.tv\/site\/wp-content\/uploads\/2025\/03\/Banner_Obras_PortallavrasTV.png\" alt=\"\"  srcset=\"https:\/\/lavras.tv\/site\/wp-content\/uploads\/2025\/03\/Banner_Obras_PortallavrasTV.png 720w, https:\/\/lavras.tv\/site\/wp-content\/uploads\/2025\/03\/Banner_Obras_PortallavrasTV-470x68.png 470w, https:\/\/lavras.tv\/site\/wp-content\/uploads\/2025\/03\/Banner_Obras_PortallavrasTV-170x25.png 170w, https:\/\/lavras.tv\/site\/wp-content\/uploads\/2025\/03\/Banner_Obras_PortallavrasTV-200x29.png 200w\" sizes=\"(max-width: 720px) 100vw, 720px\" width=\"720\" height=\"104\"   \/><\/a><\/li><li><div style=\"margin-left: auto;margin-right: auto;text-align: center;\" id=\"lavra-3906072286\"><a href=\"https:\/\/sistemas.lavras.mg.gov.br\/portalcidadao\/#df1b1a7c7b2a290bcb31e32771e610784662739a88807c0dacac58ede5f391a7530e299dc302d611ee73cb143fc22eaf93592e53e7b5bdb01b00a0b8d28dae460c141dd2ff83412e4dc1c31b16b25f33144a9e5620ea73b13f5bc1c59411d98439ad226e8af03840603796067d87afe130812cf3de24982d0e306f9e61e764e5\" aria-label=\"Banner_Educa\u00e7\u00e3o_PortallavrasTV\"><img src=\"https:\/\/lavras.tv\/site\/wp-content\/uploads\/2025\/01\/Banner_Educacao_PortallavrasTV.png\" alt=\"\"  srcset=\"https:\/\/lavras.tv\/site\/wp-content\/uploads\/2025\/01\/Banner_Educacao_PortallavrasTV.png 720w, https:\/\/lavras.tv\/site\/wp-content\/uploads\/2025\/01\/Banner_Educacao_PortallavrasTV-470x68.png 470w, https:\/\/lavras.tv\/site\/wp-content\/uploads\/2025\/01\/Banner_Educacao_PortallavrasTV-170x25.png 170w, https:\/\/lavras.tv\/site\/wp-content\/uploads\/2025\/01\/Banner_Educacao_PortallavrasTV-200x29.png 200w\" sizes=\"(max-width: 720px) 100vw, 720px\" width=\"720\" height=\"104\"  style=\"display: inline-block;\" \/><\/a><\/div><\/li><li><a href=\"https:\/\/sistemas.lavras.mg.gov.br\/portalcidadao\/#df1b1a7c7b2a290bcb31e32771e610784662739a88807c0dacac58ede5f391a7530e299dc302d611ee73cb143fc22eaf93592e53e7b5bdb01b00a0b8d28dae460c141dd2ff83412e4dc1c31b16b25f33144a9e5620ea73b13f5bc1c59411d98439ad226e8af03840603796067d87afe130812cf3de24982d0e306f9e61e764e5\" aria-label=\"Banner_Sa\u00fade_PortallavrasTV\"><img src=\"https:\/\/lavras.tv\/site\/wp-content\/uploads\/2025\/03\/Banner_Saude_PortallavrasTV.png\" alt=\"\"  srcset=\"https:\/\/lavras.tv\/site\/wp-content\/uploads\/2025\/03\/Banner_Saude_PortallavrasTV.png 720w, https:\/\/lavras.tv\/site\/wp-content\/uploads\/2025\/03\/Banner_Saude_PortallavrasTV-470x68.png 470w, https:\/\/lavras.tv\/site\/wp-content\/uploads\/2025\/03\/Banner_Saude_PortallavrasTV-170x25.png 170w, https:\/\/lavras.tv\/site\/wp-content\/uploads\/2025\/03\/Banner_Saude_PortallavrasTV-200x29.png 200w\" sizes=\"(max-width: 720px) 100vw, 720px\" width=\"720\" height=\"104\"   \/><\/a><\/li><li><div id=\"lavra-221218591\" style=\"width:720px;height:104px;background-color:#ddd;overflow:scroll;\">\n\t<strong>Sa\u00edda da depura\u00e7\u00e3o de an\u00fancios<\/strong>\n\t<br><br>\n\tO an\u00fancio n\u00e3o \u00e9 exibido na p\u00e1gina<br><br>post atual: [Informe Parlamentar] Em Bras\u00edlia, deputada D\u00e2mina participa de primeira reuni\u00e3o no partido Podemos, ID: 15719<br><br><span style=\"color: red;\">O post atual n\u00e3o \u00e9 id\u00eantico ao post principal.<\/span><br><br>An\u00fancios: ROXO - TOPO INTERNA - ROTATIVO 2 (197)<br \/>Grupo de an\u00fancios: Princ_Meio01_720x104 (27)<br><br>Condi\u00e7\u00f5es de exibi\u00e7\u00e3o<div style=\"margin-bottom: 20px; white-space: pre-wrap; font-family: monospace; width: 100%; background: #ffe9e9;\"><strong>condi\u00e7\u00f5es gerais<\/strong><table border=\"1\"><thead><tr><th><\/th><th>An\u00fancios<\/th><th>wp_the_query<\/th><\/tr><\/thead><tr><td>is_main_query<\/td><td>1<\/td><td>1<\/td><\/tr><tr><td>is_rest_api<\/td><td>0<\/td><td>1<\/td><\/tr><tr><td>page<\/td><td>0<\/td><td>1<\/td><\/tr><tr><td>numpages<\/td><td>0<\/td><td>1<\/td><\/tr><tr><td>is_archive<\/td><td>1<\/td><td><\/td><\/tr><tr><td>is_search<\/td><td>1<\/td><td><\/td><\/tr><tr><td>is_home<\/td><td>1<\/td><td><\/td><\/tr><tr><td>is_404<\/td><td>1<\/td><td><\/td><\/tr><tr><td>is_attachment<\/td><td>1<\/td><td><\/td><\/tr><tr><td>is_singular<\/td><td>1<\/td><td><\/td><\/tr><tr><td>is_front_page<\/td><td>1<\/td><td><\/td><\/tr><tr><td>is_feed<\/td><td>1<\/td><td><\/td><\/tr><\/table><\/div><br><br><span style=\"color: red;\">Seu site usa HTTPS, mas o c\u00f3digo do an\u00fancio cont\u00e9m HTTP e pode n\u00e3o funcionar.<\/span>\t<br><br>\n\t<a style=\"color: green;\" href=\"https:\/\/wpadvancedads.com\/manual\/ad-debug-mode\/?utm_source=advanced-ads&utm_medium=link&utm_campaign=ad-debug-mode\" target=\"_blank\" rel=\"nofollow\">Encontre solu\u00e7\u00f5es no manual<\/a>\n<\/div>\n<\/li><\/ul><\/div><script>( window.advanced_ads_ready || jQuery( document ).ready ).call( null, function() {var $lavraslider3174334613 = jQuery( \".lavra-slider-3174334613\" );$lavraslider3174334613.on( \"unslider.ready\", function() { jQuery( \"div.custom-slider ul li\" ).css( \"display\", \"block\" ); });$lavraslider3174334613.unslider({ delay:4000, autoplay:true, nav:false, arrows:false, infinite:true });$lavraslider3174334613.on(\"mouseover\", function() {$lavraslider3174334613.unslider(\"stop\");}).on(\"mouseout\", function() {$lavraslider3174334613.unslider(\"start\");});});<\/script><\/div><p class=\"m_1704594997966025978gmail-MsoNoSpacing\">A deputada federal D\u00e2mina Pereira (Pode\/MG) participou em Bras\u00edlia, da primeira reuni\u00e3o de bancada do Podemos, ap\u00f3s a filia\u00e7\u00e3o.<!--more--> No encontro os parlamentares conversaram sobre as pautas priorit\u00e1rias da legenda e sobre as elei\u00e7\u00f5es 2018.<\/p>\n<figure id=\"attachment_15720\" aria-describedby=\"caption-attachment-15720\" style=\"width: 1024px\" class=\"wp-caption aligncenter\"><img fetchpriority=\"high\" decoding=\"async\" class=\"size-full wp-image-15720\" src=\"http:\/\/lavras.tv\/site\/wp-content\/uploads\/2018\/04\/Reuni\u00e3o-de-Bancada-10.04.jpeg\" alt=\"Reuni\u00e3o da Bancada do Podemos\" width=\"1024\" height=\"768\" srcset=\"https:\/\/lavras.tv\/site\/wp-content\/uploads\/2018\/04\/Reuni\u00e3o-de-Bancada-10.04.jpeg 1024w, https:\/\/lavras.tv\/site\/wp-content\/uploads\/2018\/04\/Reuni\u00e3o-de-Bancada-10.04-150x113.jpeg 150w, https:\/\/lavras.tv\/site\/wp-content\/uploads\/2018\/04\/Reuni\u00e3o-de-Bancada-10.04-300x225.jpeg 300w, https:\/\/lavras.tv\/site\/wp-content\/uploads\/2018\/04\/Reuni\u00e3o-de-Bancada-10.04-640x480.jpeg 640w\" sizes=\"(max-width: 1024px) 100vw, 1024px\" \/><figcaption id=\"caption-attachment-15720\" class=\"wp-caption-text\">Reuni\u00e3o da Bancada do Podemos<\/figcaption><\/figure>\n<p class=\"m_1704594997966025978gmail-MsoNoSpacing\">Outra agenda que aconteceu na sede do partido na capital federal reuniu a bancada da C\u00e2mara e do Senado. O encontro comemorou o anivers\u00e1rio da presidente nacional do partido, deputada Renata Abreu (Pode\/RJ).<\/p>\n<figure id=\"attachment_15721\" aria-describedby=\"caption-attachment-15721\" style=\"width: 1280px\" class=\"wp-caption alignnone\"><img decoding=\"async\" class=\"size-full wp-image-15721\" src=\"http:\/\/lavras.tv\/site\/wp-content\/uploads\/2018\/04\/2018-04-11-PHOTO-00000078.jpg\" alt=\"Bancada do Podemos da C\u00e2mara e do Senado Federal.\" width=\"1280\" height=\"854\" srcset=\"https:\/\/lavras.tv\/site\/wp-content\/uploads\/2018\/04\/2018-04-11-PHOTO-00000078.jpg 1280w, https:\/\/lavras.tv\/site\/wp-content\/uploads\/2018\/04\/2018-04-11-PHOTO-00000078-150x100.jpg 150w, https:\/\/lavras.tv\/site\/wp-content\/uploads\/2018\/04\/2018-04-11-PHOTO-00000078-300x200.jpg 300w, https:\/\/lavras.tv\/site\/wp-content\/uploads\/2018\/04\/2018-04-11-PHOTO-00000078-1024x683.jpg 1024w, https:\/\/lavras.tv\/site\/wp-content\/uploads\/2018\/04\/2018-04-11-PHOTO-00000078-480x320.jpg 480w, https:\/\/lavras.tv\/site\/wp-content\/uploads\/2018\/04\/2018-04-11-PHOTO-00000078-272x182.jpg 272w\" sizes=\"(max-width: 1280px) 100vw, 1280px\" \/><figcaption id=\"caption-attachment-15721\" class=\"wp-caption-text\">Bancada do Podemos da C\u00e2mara e do Senado Federal.<\/figcaption><\/figure>\n<p class=\"m_1704594997966025978gmail-MsoNoSpacing\">\u201cFoi um prazer enorme prestigiar mais um ano de vida da Renata, por quem eu tenho um grande carinho e admira\u00e7\u00e3o. Ela acreditou e lutou pelo crescimento do partido. Hoje j\u00e1 somos 17 deputados e 5 senadores. Uma conquista em que todos os envolvidos merecem reconhecimento\u201d, concluiu D\u00e2mina.<\/p>\n<figure id=\"attachment_15722\" aria-describedby=\"caption-attachment-15722\" style=\"width: 3024px\" class=\"wp-caption alignnone\"><img decoding=\"async\" class=\"size-full wp-image-15722\" src=\"http:\/\/lavras.tv\/site\/wp-content\/uploads\/2018\/04\/IMG_7322.jpg\" alt=\"Deputada D\u00e2mina Pereira e deputada Renata Abreu. \" width=\"3024\" height=\"4032\" srcset=\"https:\/\/lavras.tv\/site\/wp-content\/uploads\/2018\/04\/IMG_7322.jpg 3024w, https:\/\/lavras.tv\/site\/wp-content\/uploads\/2018\/04\/IMG_7322-113x150.jpg 113w, https:\/\/lavras.tv\/site\/wp-content\/uploads\/2018\/04\/IMG_7322-225x300.jpg 225w, https:\/\/lavras.tv\/site\/wp-content\/uploads\/2018\/04\/IMG_7322-768x1024.jpg 768w\" sizes=\"(max-width: 3024px) 100vw, 3024px\" \/><figcaption id=\"caption-attachment-15722\" class=\"wp-caption-text\">Deputada D\u00e2mina Pereira e deputada Renata Abreu.<\/figcaption><\/figure>\n<figure id=\"attachment_15723\" aria-describedby=\"caption-attachment-15723\" style=\"width: 3024px\" class=\"wp-caption alignnone\"><img loading=\"lazy\" decoding=\"async\" class=\"size-full wp-image-15723\" src=\"http:\/\/lavras.tv\/site\/wp-content\/uploads\/2018\/04\/IMG_7324.jpg\" alt=\"Pr\u00e9-candidato a presid\u00eancia da Rep\u00fablica, senador \u00c1lvaro Dias e deptuada D\u00e2mina Pereira.\" width=\"3024\" height=\"4032\" srcset=\"https:\/\/lavras.tv\/site\/wp-content\/uploads\/2018\/04\/IMG_7324.jpg 3024w, https:\/\/lavras.tv\/site\/wp-content\/uploads\/2018\/04\/IMG_7324-113x150.jpg 113w, https:\/\/lavras.tv\/site\/wp-content\/uploads\/2018\/04\/IMG_7324-225x300.jpg 225w, https:\/\/lavras.tv\/site\/wp-content\/uploads\/2018\/04\/IMG_7324-768x1024.jpg 768w\" sizes=\"(max-width: 3024px) 100vw, 3024px\" \/><figcaption id=\"caption-attachment-15723\" class=\"wp-caption-text\">Pr\u00e9-candidato a presid\u00eancia da Rep\u00fablica, senador \u00c1lvaro Dias e deptuada D\u00e2mina Pereira.<\/figcaption><\/figure>\n<p>Fonte: gabinete da deputada D\u00e2mina Pereira<\/p>\n","protected":false},"excerpt":{"rendered":"<p>A deputada federal D\u00e2mina Pereira (Pode\/MG) participou em Bras\u00edlia, da primeira reuni\u00e3o de bancada do Podemos, ap\u00f3s a filia\u00e7\u00e3o.<\/p>\n","protected":false},"author":2,"featured_media":15721,"comment_status":"closed","ping_status":"open","sticky":false,"template":"","format":"standard","meta":{"advgb_blocks_editor_width":"","advgb_blocks_columns_visual_guide":"","_exactmetrics_skip_tracking":false,"_exactmetrics_sitenote_active":false,"_exactmetrics_sitenote_note":"","_exactmetrics_sitenote_category":0,"footnotes":""},"categories":[7,12],"tags":[],"class_list":["post-15719","post","type-post","status-publish","format-standard","has-post-thumbnail","hentry","category-destaques","category-politica"],"better_featured_image":{"id":15721,"alt_text":"","caption":"Bancada do Podemos da C\u00e2mara e do Senado Federal.","description":"","media_type":"image","media_details":{"width":1280,"height":854,"file":"2018\/04\/2018-04-11-PHOTO-00000078.jpg","sizes":{"thumbnail":{"file":"2018-04-11-PHOTO-00000078-150x100.jpg","width":150,"height":100,"mime-type":"image\/jpeg","source_url":"https:\/\/lavras.tv\/site\/wp-content\/uploads\/2018\/04\/2018-04-11-PHOTO-00000078-150x100.jpg"},"medium":{"file":"2018-04-11-PHOTO-00000078-300x200.jpg","width":300,"height":200,"mime-type":"image\/jpeg","source_url":"https:\/\/lavras.tv\/site\/wp-content\/uploads\/2018\/04\/2018-04-11-PHOTO-00000078-300x200.jpg"},"large":{"file":"2018-04-11-PHOTO-00000078-1024x683.jpg","width":1024,"height":683,"mime-type":"image\/jpeg","source_url":"https:\/\/lavras.tv\/site\/wp-content\/uploads\/2018\/04\/2018-04-11-PHOTO-00000078-1024x683.jpg"},"featured-slider-img":{"file":"2018-04-11-PHOTO-00000078-640x480.jpg","width":640,"height":480,"mime-type":"image\/jpeg","source_url":"https:\/\/lavras.tv\/site\/wp-content\/uploads\/2018\/04\/2018-04-11-PHOTO-00000078-640x480.jpg"},"featured-post-img":{"file":"2018-04-11-PHOTO-00000078-480x320.jpg","width":480,"height":320,"mime-type":"image\/jpeg","source_url":"https:\/\/lavras.tv\/site\/wp-content\/uploads\/2018\/04\/2018-04-11-PHOTO-00000078-480x320.jpg"},"sow-carousel-default":{"file":"2018-04-11-PHOTO-00000078-272x182.jpg","width":272,"height":182,"mime-type":"image\/jpeg","source_url":"https:\/\/lavras.tv\/site\/wp-content\/uploads\/2018\/04\/2018-04-11-PHOTO-00000078-272x182.jpg"}},"image_meta":{"aperture":"0","credit":"","camera":"","caption":"","created_timestamp":"0","copyright":"","focal_length":"0","iso":"0","shutter_speed":"0","title":"","orientation":"0","keywords":[]}},"post":15719,"source_url":"https:\/\/lavras.tv\/site\/wp-content\/uploads\/2018\/04\/2018-04-11-PHOTO-00000078.jpg"},"author_meta":{"display_name":"Lavras TV","author_link":"https:\/\/lavras.tv\/site\/author\/lavrastv\/"},"featured_img":"https:\/\/lavras.tv\/site\/wp-content\/uploads\/2018\/04\/2018-04-11-PHOTO-00000078-300x200.jpg","coauthors":[],"tax_additional":{"categories":{"linked":["<a href=\"https:\/\/lavras.tv\/site\/category\/destaques\/\" class=\"advgb-post-tax-term\">Destaques<\/a>","<a href=\"https:\/\/lavras.tv\/site\/category\/politica\/\" class=\"advgb-post-tax-term\">Pol\u00edtica<\/a>"],"unlinked":["<span class=\"advgb-post-tax-term\">Destaques<\/span>","<span class=\"advgb-post-tax-term\">Pol\u00edtica<\/span>"]}},"comment_count":"0","relative_dates":{"created":"Publicado 8 anos atr\u00e1s","modified":"Atualizado 8 anos atr\u00e1s"},"absolute_dates":{"created":"Publicado em 13 de abril de 2018","modified":"Atualizado em 13 de abril de 2018"},"absolute_dates_time":{"created":"Publicado em 13 de abril de 2018 16:30","modified":"Atualizado em 13 de abril de 2018 16:30"},"featured_img_caption":"Bancada do Podemos da C\u00e2mara e do Senado Federal.","series_order":"","_links":{"self":[{"href":"https:\/\/lavras.tv\/site\/wp-json\/wp\/v2\/posts\/15719","targetHints":{"allow":["GET"]}}],"collection":[{"href":"https:\/\/lavras.tv\/site\/wp-json\/wp\/v2\/posts"}],"about":[{"href":"https:\/\/lavras.tv\/site\/wp-json\/wp\/v2\/types\/post"}],"author":[{"embeddable":true,"href":"https:\/\/lavras.tv\/site\/wp-json\/wp\/v2\/users\/2"}],"replies":[{"embeddable":true,"href":"https:\/\/lavras.tv\/site\/wp-json\/wp\/v2\/comments?post=15719"}],"version-history":[{"count":1,"href":"https:\/\/lavras.tv\/site\/wp-json\/wp\/v2\/posts\/15719\/revisions"}],"predecessor-version":[{"id":15724,"href":"https:\/\/lavras.tv\/site\/wp-json\/wp\/v2\/posts\/15719\/revisions\/15724"}],"wp:featuredmedia":[{"embeddable":true,"href":"https:\/\/lavras.tv\/site\/wp-json\/wp\/v2\/media\/15721"}],"wp:attachment":[{"href":"https:\/\/lavras.tv\/site\/wp-json\/wp\/v2\/media?parent=15719"}],"wp:term":[{"taxonomy":"category","embeddable":true,"href":"https:\/\/lavras.tv\/site\/wp-json\/wp\/v2\/categories?post=15719"},{"taxonomy":"post_tag","embeddable":true,"href":"https:\/\/lavras.tv\/site\/wp-json\/wp\/v2\/tags?post=15719"}],"curies":[{"name":"wp","href":"https:\/\/api.w.org\/{rel}","templated":true}]}}