{"id":15755,"date":"2018-04-16T11:31:48","date_gmt":"2018-04-16T14:31:48","guid":{"rendered":"http:\/\/lavras.tv\/site\/?p=15755"},"modified":"2018-04-16T11:31:48","modified_gmt":"2018-04-16T14:31:48","slug":"morre-a-ex-prefeita-de-tres-pontas-adriene-andrade","status":"publish","type":"post","link":"https:\/\/lavras.tv\/site\/2018\/04\/16\/morre-a-ex-prefeita-de-tres-pontas-adriene-andrade\/","title":{"rendered":"Morre a ex-prefeita de Tr\u00eas Pontas, Adriene Andrade"},"content":{"rendered":"<div class=\"lavra-antes-do-conteudo_2\" id=\"lavra-2558160601\"><div id=\"lavra-slider-27\" class=\"custom-slider lavra-slider-3491600645 lavra-slider\"><ul><li><div style=\"margin-left: auto;margin-right: auto;text-align: center;\" id=\"lavra-751924620\"><a href=\"https:\/\/sistemas.lavras.mg.gov.br\/portalcidadao\/#df1b1a7c7b2a290bcb31e32771e610784662739a88807c0dacac58ede5f391a7530e299dc302d611ee73cb143fc22eaf93592e53e7b5bdb01b00a0b8d28dae460c141dd2ff83412e4dc1c31b16b25f33144a9e5620ea73b13f5bc1c59411d98439ad226e8af03840603796067d87afe130812cf3de24982d0e306f9e61e764e5\" aria-label=\"Lavras-TV&#8211;720x104px (1) (1)\"><img src=\"https:\/\/lavras.tv\/site\/wp-content\/uploads\/2025\/01\/Lavras-TV-720x104px-1-1.png\" alt=\"\"  srcset=\"https:\/\/lavras.tv\/site\/wp-content\/uploads\/2025\/01\/Lavras-TV-720x104px-1-1.png 720w, https:\/\/lavras.tv\/site\/wp-content\/uploads\/2025\/01\/Lavras-TV-720x104px-1-1-470x68.png 470w, https:\/\/lavras.tv\/site\/wp-content\/uploads\/2025\/01\/Lavras-TV-720x104px-1-1-170x25.png 170w, https:\/\/lavras.tv\/site\/wp-content\/uploads\/2025\/01\/Lavras-TV-720x104px-1-1-200x29.png 200w\" sizes=\"(max-width: 720px) 100vw, 720px\" width=\"720\" height=\"104\"  style=\"display: inline-block;\" \/><\/a><\/div><\/li><li><a href=\"https:\/\/sistemas.lavras.mg.gov.br\/portalcidadao\/#df1b1a7c7b2a290bcb31e32771e610784662739a88807c0dacac58ede5f391a7530e299dc302d611ee73cb143fc22eaf93592e53e7b5bdb01b00a0b8d28dae460c141dd2ff83412e4dc1c31b16b25f33144a9e5620ea73b13f5bc1c59411d98439ad226e8af03840603796067d87afe130812cf3de24982d0e306f9e61e764e5\" aria-label=\"Banner_Emprego_PortallavrasTV\"><img src=\"https:\/\/lavras.tv\/site\/wp-content\/uploads\/2025\/03\/Banner_Emprego_PortallavrasTV.png\" alt=\"\"  srcset=\"https:\/\/lavras.tv\/site\/wp-content\/uploads\/2025\/03\/Banner_Emprego_PortallavrasTV.png 720w, https:\/\/lavras.tv\/site\/wp-content\/uploads\/2025\/03\/Banner_Emprego_PortallavrasTV-470x68.png 470w, https:\/\/lavras.tv\/site\/wp-content\/uploads\/2025\/03\/Banner_Emprego_PortallavrasTV-170x25.png 170w, https:\/\/lavras.tv\/site\/wp-content\/uploads\/2025\/03\/Banner_Emprego_PortallavrasTV-200x29.png 200w\" sizes=\"(max-width: 720px) 100vw, 720px\" width=\"720\" height=\"104\"   \/><\/a><\/li><li><a href=\"https:\/\/sistemas.lavras.mg.gov.br\/portalcidadao\/#df1b1a7c7b2a290bcb31e32771e610784662739a88807c0dacac58ede5f391a7530e299dc302d611ee73cb143fc22eaf93592e53e7b5bdb01b00a0b8d28dae460c141dd2ff83412e4dc1c31b16b25f33144a9e5620ea73b13f5bc1c59411d98439ad226e8af03840603796067d87afe130812cf3de24982d0e306f9e61e764e5\" aria-label=\"Banner_Obras_PortallavrasTV\"><img src=\"https:\/\/lavras.tv\/site\/wp-content\/uploads\/2025\/03\/Banner_Obras_PortallavrasTV.png\" alt=\"\"  srcset=\"https:\/\/lavras.tv\/site\/wp-content\/uploads\/2025\/03\/Banner_Obras_PortallavrasTV.png 720w, https:\/\/lavras.tv\/site\/wp-content\/uploads\/2025\/03\/Banner_Obras_PortallavrasTV-470x68.png 470w, https:\/\/lavras.tv\/site\/wp-content\/uploads\/2025\/03\/Banner_Obras_PortallavrasTV-170x25.png 170w, https:\/\/lavras.tv\/site\/wp-content\/uploads\/2025\/03\/Banner_Obras_PortallavrasTV-200x29.png 200w\" sizes=\"(max-width: 720px) 100vw, 720px\" width=\"720\" height=\"104\"   \/><\/a><\/li><li><div style=\"margin-left: auto;margin-right: auto;text-align: center;\" id=\"lavra-1447482625\"><a href=\"https:\/\/sistemas.lavras.mg.gov.br\/portalcidadao\/#df1b1a7c7b2a290bcb31e32771e610784662739a88807c0dacac58ede5f391a7530e299dc302d611ee73cb143fc22eaf93592e53e7b5bdb01b00a0b8d28dae460c141dd2ff83412e4dc1c31b16b25f33144a9e5620ea73b13f5bc1c59411d98439ad226e8af03840603796067d87afe130812cf3de24982d0e306f9e61e764e5\" aria-label=\"Banner_Educa\u00e7\u00e3o_PortallavrasTV\"><img src=\"https:\/\/lavras.tv\/site\/wp-content\/uploads\/2025\/01\/Banner_Educacao_PortallavrasTV.png\" alt=\"\"  srcset=\"https:\/\/lavras.tv\/site\/wp-content\/uploads\/2025\/01\/Banner_Educacao_PortallavrasTV.png 720w, https:\/\/lavras.tv\/site\/wp-content\/uploads\/2025\/01\/Banner_Educacao_PortallavrasTV-470x68.png 470w, https:\/\/lavras.tv\/site\/wp-content\/uploads\/2025\/01\/Banner_Educacao_PortallavrasTV-170x25.png 170w, https:\/\/lavras.tv\/site\/wp-content\/uploads\/2025\/01\/Banner_Educacao_PortallavrasTV-200x29.png 200w\" sizes=\"(max-width: 720px) 100vw, 720px\" width=\"720\" height=\"104\"  style=\"display: inline-block;\" \/><\/a><\/div><\/li><li><a href=\"https:\/\/sistemas.lavras.mg.gov.br\/portalcidadao\/#df1b1a7c7b2a290bcb31e32771e610784662739a88807c0dacac58ede5f391a7530e299dc302d611ee73cb143fc22eaf93592e53e7b5bdb01b00a0b8d28dae460c141dd2ff83412e4dc1c31b16b25f33144a9e5620ea73b13f5bc1c59411d98439ad226e8af03840603796067d87afe130812cf3de24982d0e306f9e61e764e5\" aria-label=\"Banner_Sa\u00fade_PortallavrasTV\"><img src=\"https:\/\/lavras.tv\/site\/wp-content\/uploads\/2025\/03\/Banner_Saude_PortallavrasTV.png\" alt=\"\"  srcset=\"https:\/\/lavras.tv\/site\/wp-content\/uploads\/2025\/03\/Banner_Saude_PortallavrasTV.png 720w, https:\/\/lavras.tv\/site\/wp-content\/uploads\/2025\/03\/Banner_Saude_PortallavrasTV-470x68.png 470w, https:\/\/lavras.tv\/site\/wp-content\/uploads\/2025\/03\/Banner_Saude_PortallavrasTV-170x25.png 170w, https:\/\/lavras.tv\/site\/wp-content\/uploads\/2025\/03\/Banner_Saude_PortallavrasTV-200x29.png 200w\" sizes=\"(max-width: 720px) 100vw, 720px\" width=\"720\" height=\"104\"   \/><\/a><\/li><li><div id=\"lavra-1451343807\" style=\"width:720px;height:104px;background-color:#ddd;overflow:scroll;\">\n\t<strong>Sa\u00edda da depura\u00e7\u00e3o de an\u00fancios<\/strong>\n\t<br><br>\n\tO an\u00fancio n\u00e3o \u00e9 exibido na p\u00e1gina<br><br>post atual: Morre a ex-prefeita de Tr\u00eas Pontas, Adriene Andrade, ID: 15755<br><br><span style=\"color: red;\">O post atual n\u00e3o \u00e9 id\u00eantico ao post principal.<\/span><br><br>An\u00fancios: ROXO - TOPO INTERNA - ROTATIVO 2 (197)<br \/>Grupo de an\u00fancios: Princ_Meio01_720x104 (27)<br><br>Condi\u00e7\u00f5es de exibi\u00e7\u00e3o<div style=\"margin-bottom: 20px; white-space: pre-wrap; font-family: monospace; width: 100%; background: #ffe9e9;\"><strong>condi\u00e7\u00f5es gerais<\/strong><table border=\"1\"><thead><tr><th><\/th><th>An\u00fancios<\/th><th>wp_the_query<\/th><\/tr><\/thead><tr><td>is_main_query<\/td><td>1<\/td><td>1<\/td><\/tr><tr><td>is_rest_api<\/td><td>0<\/td><td>1<\/td><\/tr><tr><td>page<\/td><td>0<\/td><td>1<\/td><\/tr><tr><td>numpages<\/td><td>0<\/td><td>1<\/td><\/tr><tr><td>is_archive<\/td><td>1<\/td><td><\/td><\/tr><tr><td>is_search<\/td><td>1<\/td><td><\/td><\/tr><tr><td>is_home<\/td><td>1<\/td><td><\/td><\/tr><tr><td>is_404<\/td><td>1<\/td><td><\/td><\/tr><tr><td>is_attachment<\/td><td>1<\/td><td><\/td><\/tr><tr><td>is_singular<\/td><td>1<\/td><td><\/td><\/tr><tr><td>is_front_page<\/td><td>1<\/td><td><\/td><\/tr><tr><td>is_feed<\/td><td>1<\/td><td><\/td><\/tr><\/table><\/div><br><br><span style=\"color: red;\">Seu site usa HTTPS, mas o c\u00f3digo do an\u00fancio cont\u00e9m HTTP e pode n\u00e3o funcionar.<\/span>\t<br><br>\n\t<a style=\"color: green;\" href=\"https:\/\/wpadvancedads.com\/manual\/ad-debug-mode\/?utm_source=advanced-ads&utm_medium=link&utm_campaign=ad-debug-mode\" target=\"_blank\" rel=\"nofollow\">Encontre solu\u00e7\u00f5es no manual<\/a>\n<\/div>\n<\/li><\/ul><\/div><script>( window.advanced_ads_ready || jQuery( document ).ready ).call( null, function() {var $lavraslider3491600645 = jQuery( \".lavra-slider-3491600645\" );$lavraslider3491600645.on( \"unslider.ready\", function() { jQuery( \"div.custom-slider ul li\" ).css( \"display\", \"block\" ); });$lavraslider3491600645.unslider({ delay:4000, autoplay:true, nav:false, arrows:false, infinite:true });$lavraslider3491600645.on(\"mouseover\", function() {$lavraslider3491600645.unslider(\"stop\");}).on(\"mouseout\", function() {$lavraslider3491600645.unslider(\"start\");});});<\/script><\/div><p>Faleceu na manh\u00e3 desta segunda-feira em Belo Horizonte, a ex-prefeita de Tr\u00eas Pontas Adriene Barbosa de Faria Andrade. <!--more-->Ele sofria de um c\u00e2ncer, estava internada, n\u00e3o resistiu e morreu. As primeiras informa\u00e7\u00f5es \u00e9 de que o corpo dela ser\u00e1 velado em Tr\u00eas Pontas e depois sepultado em Boa Esperan\u00e7a.<\/p>\n<p>Adriene Barbosa \u00e9 natural de Boa Esperan\u00e7a, nascida em 24 de maio de 1964. Primeira de tr\u00eas filhos do casal Joel Neto Faria e Dalma Barbosa Faria, \u00e9 casada com Cl\u00e9sio Soares de Andrade e tem dois filhos: Diego Barbosa de Faria Brito e Bruna Barbosa de Faria Brito.<\/p>\n<p><img fetchpriority=\"high\" decoding=\"async\" class=\"alignnone size-full wp-image-15756 aligncenter\" src=\"http:\/\/lavras.tv\/site\/wp-content\/uploads\/2018\/04\/ADRIENE.jpg\" alt=\"ADRIENE\" width=\"800\" height=\"532\" srcset=\"https:\/\/lavras.tv\/site\/wp-content\/uploads\/2018\/04\/ADRIENE.jpg 800w, https:\/\/lavras.tv\/site\/wp-content\/uploads\/2018\/04\/ADRIENE-150x100.jpg 150w, https:\/\/lavras.tv\/site\/wp-content\/uploads\/2018\/04\/ADRIENE-300x200.jpg 300w, https:\/\/lavras.tv\/site\/wp-content\/uploads\/2018\/04\/ADRIENE-480x320.jpg 480w, https:\/\/lavras.tv\/site\/wp-content\/uploads\/2018\/04\/ADRIENE-272x182.jpg 272w\" sizes=\"(max-width: 800px) 100vw, 800px\" \/><\/p>\n<p>Graduada em Direito pela Faculdade de Direito Milton Campos, defendeu tese em monografia intitulada \u201cO Pacto Federativo Brasileiro e os Munic\u00edpios\u201d, tendo sido aprovada por unanimidade, com a nota m\u00e1xima, com louvor.<\/p>\n<p>Ocupou diversos cargos p\u00fablicos relevantes, dentre eles, a de Prefeita do munic\u00edpio de Tr\u00eas Pontas-MG e a de Presidente da Associa\u00e7\u00e3o Mineira de Munic\u00edpios (AMM), por dois mandatos. Foi presidente da Associa\u00e7\u00e3o de Pais e Amigos dos Excepcionais-APAE de Tr\u00eas Pontas, sendo ainda Delegada Regional Sul II de APAE\u2019s, atuando por 14 anos em defesa das pol\u00edticas p\u00fablicas voltadas aos portadores de necessidades especiais. Foi tamb\u00e9m membro do Conselho de Administra\u00e7\u00e3o da Federa\u00e7\u00e3o Estadual de APAE\u2019S e membro titular do Conselho do Servi\u00e7o volunt\u00e1rio de Assist\u00eancia Social (SERVAS). Teve participa\u00e7\u00e3o atuante como membro do Conselho Municipal de Assist\u00eancia Social por v\u00e1rios mandatos. Atuou ativamente, em sua juventude, junto a movimentos pol\u00edticos estudantis, tendo sido Presidente do Gr\u00eamio Estudantil por tr\u00eas mandatos.<\/p>\n<p><img decoding=\"async\" class=\"size-medium wp-image-4403 alignleft\" src=\"https:\/\/i1.wp.com\/www.equipepositiva.com\/wp-content\/uploads\/2014\/06\/DSC01376.jpg?resize=300%2C225\" sizes=\"(max-width: 300px) 100vw, 300px\" srcset=\"https:\/\/i1.wp.com\/www.equipepositiva.com\/wp-content\/uploads\/2014\/06\/DSC01376.jpg?resize=300%2C225 300w, https:\/\/i1.wp.com\/www.equipepositiva.com\/wp-content\/uploads\/2014\/06\/DSC01376.jpg?resize=80%2C60 80w, https:\/\/i1.wp.com\/www.equipepositiva.com\/wp-content\/uploads\/2014\/06\/DSC01376.jpg?resize=265%2C198 265w, https:\/\/i1.wp.com\/www.equipepositiva.com\/wp-content\/uploads\/2014\/06\/DSC01376.jpg?resize=696%2C522 696w, https:\/\/i1.wp.com\/www.equipepositiva.com\/wp-content\/uploads\/2014\/06\/DSC01376.jpg?resize=560%2C420 560w, https:\/\/i1.wp.com\/www.equipepositiva.com\/wp-content\/uploads\/2014\/06\/DSC01376.jpg?w=916 916w\" alt=\"\" width=\"300\" height=\"225\" data-attachment-id=\"4403\" data-permalink=\"http:\/\/www.equipepositiva.com\/autoridades-do-estado-inauguram-nova-vara-de-justica-em-tres-pontas\/dsc01376\/\" data-orig-file=\"https:\/\/i1.wp.com\/www.equipepositiva.com\/wp-content\/uploads\/2014\/06\/DSC01376.jpg?fit=916%2C687\" data-orig-size=\"916,687\" data-comments-opened=\"1\" data-image-meta=\"{&quot;aperture&quot;:&quot;0&quot;,&quot;credit&quot;:&quot;&quot;,&quot;camera&quot;:&quot;&quot;,&quot;caption&quot;:&quot;&quot;,&quot;created_timestamp&quot;:&quot;0&quot;,&quot;copyright&quot;:&quot;&quot;,&quot;focal_length&quot;:&quot;0&quot;,&quot;iso&quot;:&quot;0&quot;,&quot;shutter_speed&quot;:&quot;0&quot;,&quot;title&quot;:&quot;&quot;,&quot;orientation&quot;:&quot;0&quot;}\" data-image-title=\"DSC01376\" data-image-description=\"\" data-medium-file=\"https:\/\/i1.wp.com\/www.equipepositiva.com\/wp-content\/uploads\/2014\/06\/DSC01376.jpg?fit=300%2C225\" data-large-file=\"https:\/\/i1.wp.com\/www.equipepositiva.com\/wp-content\/uploads\/2014\/06\/DSC01376.jpg?fit=640%2C480\" \/>Primeira mulher eleita Prefeita de Tr\u00eas Pontas, para o mandato 2001-2004. \u00c0 frente do Executivo Municipal iniciou forte processo de industrializa\u00e7\u00e3o no munic\u00edpio. Participou ativamente de movimentos em prol da cafeicultura e implantou diversos programas de moderniza\u00e7\u00e3o administrativa. Em sua gest\u00e3o, Tr\u00eas Pontas foi um dos cinco primeiros munic\u00edpios do sudeste do Brasil a executar o PMAT-Programa de Moderniza\u00e7\u00e3o da Administra\u00e7\u00e3o Tribut\u00e1ria e tamb\u00e9m um dos primeiros munic\u00edpios mineiros a adotar o preg\u00e3o. Ele foi respons\u00e1vel por diversas obras<\/p>\n<p>Primeira mulher eleita Presidente da Associa\u00e7\u00e3o Mineira de Munic\u00edpios (AMM), atuando por dois mandatos. Como presidente da Associa\u00e7\u00e3o Mineira de Munic\u00edpios (AMM) implementou profunda reforma gerencial integrando, de forma inovadora, os 853 munic\u00edpios mineiros, aumentando sua representatividade. Em sua gest\u00e3o a Associa\u00e7\u00e3o Mineira adquiriu for\u00e7a pol\u00edtica e tornou-se p\u00f3lo disseminador de aperfei\u00e7oamento da gest\u00e3o p\u00fablica. \u00c0 frente da AMM, proporcionou aos servidores e agentes pol\u00edticos mineiros uma gama de cursos, semin\u00e1rios e palestras com temas afetos \u00e0 administra\u00e7\u00e3o p\u00fablica, atrav\u00e9s de parcerias com \u00f3rg\u00e3os governamentais, destacando-se, dentre todos, o Tribunal de Contas do Estado de Minas Gerais, atrav\u00e9s da Escola de Contas e Capacita\u00e7\u00e3o Professor Pedro Aleixo.<\/p>\n<p>Ao longo de sua vida p\u00fablica, foi condecorada com importantes ins\u00edgnias, das quais se destacam o \u201cColar do M\u00e9rito da Corte de Contas Ministro Jos\u00e9 Maria de Alkmim\u201d em 17 de setembro de 2003, alta condecora\u00e7\u00e3o que \u00e9 outorgada a pessoas ou institui\u00e7\u00f5es que tenham prestado relevantes servi\u00e7os ao Tribunal de Contas do Estado de Minas Gerais em reconhecimento de m\u00e9rito. Foi tamb\u00e9m condecorada com a \u201cMedalha da Ordem do M\u00e9rito Legislativo\u201d e com a \u201cMedalha do Grande M\u00e9rito Municipalista\u201d.<\/p>\n<p>Indicada pelo Governador A\u00e9cio Neves para ocupar o cargo de Conselheira do Tribunal de Contas do Estado de Minas Gerais, foi plenamente aprovada pelos Deputados da Assembl\u00e9ia Legislativa do Estado de Minas Gerais. Nomeada Conselheira do Tribunal de Contas do Estado de Minas Gerais pelo Governador A\u00e9cio Neves, Adriene Barbosa de Faria Andrade tomou posse no dia 10 de novembro de 2006.\u00a0Foi Corregedora da Corte de Contas no bi\u00eanio 2009\/2010 e Vice-Presidente no bi\u00eanio 2011\/2012.<\/p>\n<p>Fonte: Equipe Positiva<\/p>\n","protected":false},"excerpt":{"rendered":"<p>Faleceu na manh\u00e3 desta segunda-feira em Belo Horizonte, a ex-prefeita de Tr\u00eas Pontas Adriene Barbosa de Faria Andrade.<\/p>\n","protected":false},"author":2,"featured_media":15756,"comment_status":"closed","ping_status":"open","sticky":false,"template":"","format":"standard","meta":{"advgb_blocks_editor_width":"","advgb_blocks_columns_visual_guide":"","_exactmetrics_skip_tracking":false,"_exactmetrics_sitenote_active":false,"_exactmetrics_sitenote_note":"","_exactmetrics_sitenote_category":0,"footnotes":""},"categories":[7,12],"tags":[4715,4716,74,1169],"class_list":["post-15755","post","type-post","status-publish","format-standard","has-post-thumbnail","hentry","category-destaques","category-politica","tag-adriene-andrade","tag-ex-prefeita","tag-morte","tag-tres-pontas"],"better_featured_image":{"id":15756,"alt_text":"","caption":"","description":"","media_type":"image","media_details":{"width":800,"height":532,"file":"2018\/04\/ADRIENE.jpg","sizes":{"thumbnail":{"file":"ADRIENE-150x100.jpg","width":150,"height":100,"mime-type":"image\/jpeg","source_url":"https:\/\/lavras.tv\/site\/wp-content\/uploads\/2018\/04\/ADRIENE-150x100.jpg"},"medium":{"file":"ADRIENE-300x200.jpg","width":300,"height":200,"mime-type":"image\/jpeg","source_url":"https:\/\/lavras.tv\/site\/wp-content\/uploads\/2018\/04\/ADRIENE-300x200.jpg"},"featured-slider-img":{"file":"ADRIENE-640x480.jpg","width":640,"height":480,"mime-type":"image\/jpeg","source_url":"https:\/\/lavras.tv\/site\/wp-content\/uploads\/2018\/04\/ADRIENE-640x480.jpg"},"featured-post-img":{"file":"ADRIENE-480x320.jpg","width":480,"height":320,"mime-type":"image\/jpeg","source_url":"https:\/\/lavras.tv\/site\/wp-content\/uploads\/2018\/04\/ADRIENE-480x320.jpg"},"sow-carousel-default":{"file":"ADRIENE-272x182.jpg","width":272,"height":182,"mime-type":"image\/jpeg","source_url":"https:\/\/lavras.tv\/site\/wp-content\/uploads\/2018\/04\/ADRIENE-272x182.jpg"}},"image_meta":{"aperture":"0","credit":"","camera":"","caption":"","created_timestamp":"0","copyright":"","focal_length":"0","iso":"0","shutter_speed":"0","title":"","orientation":"0","keywords":[]}},"post":15755,"source_url":"https:\/\/lavras.tv\/site\/wp-content\/uploads\/2018\/04\/ADRIENE.jpg"},"author_meta":{"display_name":"Lavras TV","author_link":"https:\/\/lavras.tv\/site\/author\/lavrastv\/"},"featured_img":"https:\/\/lavras.tv\/site\/wp-content\/uploads\/2018\/04\/ADRIENE-300x200.jpg","coauthors":[],"tax_additional":{"categories":{"linked":["<a href=\"https:\/\/lavras.tv\/site\/category\/destaques\/\" class=\"advgb-post-tax-term\">Destaques<\/a>","<a href=\"https:\/\/lavras.tv\/site\/category\/politica\/\" class=\"advgb-post-tax-term\">Pol\u00edtica<\/a>"],"unlinked":["<span class=\"advgb-post-tax-term\">Destaques<\/span>","<span class=\"advgb-post-tax-term\">Pol\u00edtica<\/span>"]},"tags":{"linked":["<a href=\"https:\/\/lavras.tv\/site\/category\/politica\/\" class=\"advgb-post-tax-term\">Adriene Andrade<\/a>","<a href=\"https:\/\/lavras.tv\/site\/category\/politica\/\" class=\"advgb-post-tax-term\">ex-prefeita<\/a>","<a href=\"https:\/\/lavras.tv\/site\/category\/politica\/\" class=\"advgb-post-tax-term\">morte<\/a>","<a href=\"https:\/\/lavras.tv\/site\/category\/politica\/\" class=\"advgb-post-tax-term\">tr\u00eas pontas<\/a>"],"unlinked":["<span class=\"advgb-post-tax-term\">Adriene Andrade<\/span>","<span class=\"advgb-post-tax-term\">ex-prefeita<\/span>","<span class=\"advgb-post-tax-term\">morte<\/span>","<span class=\"advgb-post-tax-term\">tr\u00eas pontas<\/span>"]}},"comment_count":"0","relative_dates":{"created":"Publicado 8 anos atr\u00e1s","modified":"Atualizado 8 anos atr\u00e1s"},"absolute_dates":{"created":"Publicado em 16 de abril de 2018","modified":"Atualizado em 16 de abril de 2018"},"absolute_dates_time":{"created":"Publicado em 16 de abril de 2018 11:31","modified":"Atualizado em 16 de abril de 2018 11:31"},"featured_img_caption":"","series_order":"","_links":{"self":[{"href":"https:\/\/lavras.tv\/site\/wp-json\/wp\/v2\/posts\/15755","targetHints":{"allow":["GET"]}}],"collection":[{"href":"https:\/\/lavras.tv\/site\/wp-json\/wp\/v2\/posts"}],"about":[{"href":"https:\/\/lavras.tv\/site\/wp-json\/wp\/v2\/types\/post"}],"author":[{"embeddable":true,"href":"https:\/\/lavras.tv\/site\/wp-json\/wp\/v2\/users\/2"}],"replies":[{"embeddable":true,"href":"https:\/\/lavras.tv\/site\/wp-json\/wp\/v2\/comments?post=15755"}],"version-history":[{"count":1,"href":"https:\/\/lavras.tv\/site\/wp-json\/wp\/v2\/posts\/15755\/revisions"}],"predecessor-version":[{"id":15757,"href":"https:\/\/lavras.tv\/site\/wp-json\/wp\/v2\/posts\/15755\/revisions\/15757"}],"wp:featuredmedia":[{"embeddable":true,"href":"https:\/\/lavras.tv\/site\/wp-json\/wp\/v2\/media\/15756"}],"wp:attachment":[{"href":"https:\/\/lavras.tv\/site\/wp-json\/wp\/v2\/media?parent=15755"}],"wp:term":[{"taxonomy":"category","embeddable":true,"href":"https:\/\/lavras.tv\/site\/wp-json\/wp\/v2\/categories?post=15755"},{"taxonomy":"post_tag","embeddable":true,"href":"https:\/\/lavras.tv\/site\/wp-json\/wp\/v2\/tags?post=15755"}],"curies":[{"name":"wp","href":"https:\/\/api.w.org\/{rel}","templated":true}]}}