{"id":15780,"date":"2018-04-17T09:23:20","date_gmt":"2018-04-17T12:23:20","guid":{"rendered":"http:\/\/lavras.tv\/site\/?p=15780"},"modified":"2018-04-17T09:23:20","modified_gmt":"2018-04-17T12:23:20","slug":"stf-julga-nesta-terca-se-aecio-neves-vira-reu-com-base-em-delacao-da-jbs","status":"publish","type":"post","link":"https:\/\/lavras.tv\/site\/2018\/04\/17\/stf-julga-nesta-terca-se-aecio-neves-vira-reu-com-base-em-delacao-da-jbs\/","title":{"rendered":"STF julga nesta ter\u00e7a se A\u00e9cio Neves vira r\u00e9u com base em dela\u00e7\u00e3o da JBS"},"content":{"rendered":"<div class=\"lavra-antes-do-conteudo_2\" id=\"lavra-2093912957\"><div id=\"lavra-slider-27\" class=\"custom-slider lavra-slider-1422782482 lavra-slider\"><ul><li><div style=\"margin-left: auto;margin-right: auto;text-align: center;\" id=\"lavra-4256664259\"><a href=\"https:\/\/sistemas.lavras.mg.gov.br\/portalcidadao\/#df1b1a7c7b2a290bcb31e32771e610784662739a88807c0dacac58ede5f391a7530e299dc302d611ee73cb143fc22eaf93592e53e7b5bdb01b00a0b8d28dae460c141dd2ff83412e4dc1c31b16b25f33144a9e5620ea73b13f5bc1c59411d98439ad226e8af03840603796067d87afe130812cf3de24982d0e306f9e61e764e5\" aria-label=\"Lavras-TV&#8211;720x104px (1) (1)\"><img src=\"https:\/\/lavras.tv\/site\/wp-content\/uploads\/2025\/01\/Lavras-TV-720x104px-1-1.png\" alt=\"\"  srcset=\"https:\/\/lavras.tv\/site\/wp-content\/uploads\/2025\/01\/Lavras-TV-720x104px-1-1.png 720w, https:\/\/lavras.tv\/site\/wp-content\/uploads\/2025\/01\/Lavras-TV-720x104px-1-1-470x68.png 470w, https:\/\/lavras.tv\/site\/wp-content\/uploads\/2025\/01\/Lavras-TV-720x104px-1-1-170x25.png 170w, https:\/\/lavras.tv\/site\/wp-content\/uploads\/2025\/01\/Lavras-TV-720x104px-1-1-200x29.png 200w\" sizes=\"(max-width: 720px) 100vw, 720px\" width=\"720\" height=\"104\"  style=\"display: inline-block;\" \/><\/a><\/div><\/li><li><a href=\"https:\/\/sistemas.lavras.mg.gov.br\/portalcidadao\/#df1b1a7c7b2a290bcb31e32771e610784662739a88807c0dacac58ede5f391a7530e299dc302d611ee73cb143fc22eaf93592e53e7b5bdb01b00a0b8d28dae460c141dd2ff83412e4dc1c31b16b25f33144a9e5620ea73b13f5bc1c59411d98439ad226e8af03840603796067d87afe130812cf3de24982d0e306f9e61e764e5\" aria-label=\"Banner_Emprego_PortallavrasTV\"><img src=\"https:\/\/lavras.tv\/site\/wp-content\/uploads\/2025\/03\/Banner_Emprego_PortallavrasTV.png\" alt=\"\"  srcset=\"https:\/\/lavras.tv\/site\/wp-content\/uploads\/2025\/03\/Banner_Emprego_PortallavrasTV.png 720w, https:\/\/lavras.tv\/site\/wp-content\/uploads\/2025\/03\/Banner_Emprego_PortallavrasTV-470x68.png 470w, https:\/\/lavras.tv\/site\/wp-content\/uploads\/2025\/03\/Banner_Emprego_PortallavrasTV-170x25.png 170w, https:\/\/lavras.tv\/site\/wp-content\/uploads\/2025\/03\/Banner_Emprego_PortallavrasTV-200x29.png 200w\" sizes=\"(max-width: 720px) 100vw, 720px\" width=\"720\" height=\"104\"   \/><\/a><\/li><li><a href=\"https:\/\/sistemas.lavras.mg.gov.br\/portalcidadao\/#df1b1a7c7b2a290bcb31e32771e610784662739a88807c0dacac58ede5f391a7530e299dc302d611ee73cb143fc22eaf93592e53e7b5bdb01b00a0b8d28dae460c141dd2ff83412e4dc1c31b16b25f33144a9e5620ea73b13f5bc1c59411d98439ad226e8af03840603796067d87afe130812cf3de24982d0e306f9e61e764e5\" aria-label=\"Banner_Obras_PortallavrasTV\"><img src=\"https:\/\/lavras.tv\/site\/wp-content\/uploads\/2025\/03\/Banner_Obras_PortallavrasTV.png\" alt=\"\"  srcset=\"https:\/\/lavras.tv\/site\/wp-content\/uploads\/2025\/03\/Banner_Obras_PortallavrasTV.png 720w, https:\/\/lavras.tv\/site\/wp-content\/uploads\/2025\/03\/Banner_Obras_PortallavrasTV-470x68.png 470w, https:\/\/lavras.tv\/site\/wp-content\/uploads\/2025\/03\/Banner_Obras_PortallavrasTV-170x25.png 170w, https:\/\/lavras.tv\/site\/wp-content\/uploads\/2025\/03\/Banner_Obras_PortallavrasTV-200x29.png 200w\" sizes=\"(max-width: 720px) 100vw, 720px\" width=\"720\" height=\"104\"   \/><\/a><\/li><li><div style=\"margin-left: auto;margin-right: auto;text-align: center;\" id=\"lavra-2122294811\"><a href=\"https:\/\/sistemas.lavras.mg.gov.br\/portalcidadao\/#df1b1a7c7b2a290bcb31e32771e610784662739a88807c0dacac58ede5f391a7530e299dc302d611ee73cb143fc22eaf93592e53e7b5bdb01b00a0b8d28dae460c141dd2ff83412e4dc1c31b16b25f33144a9e5620ea73b13f5bc1c59411d98439ad226e8af03840603796067d87afe130812cf3de24982d0e306f9e61e764e5\" aria-label=\"Banner_Educa\u00e7\u00e3o_PortallavrasTV\"><img src=\"https:\/\/lavras.tv\/site\/wp-content\/uploads\/2025\/01\/Banner_Educacao_PortallavrasTV.png\" alt=\"\"  srcset=\"https:\/\/lavras.tv\/site\/wp-content\/uploads\/2025\/01\/Banner_Educacao_PortallavrasTV.png 720w, https:\/\/lavras.tv\/site\/wp-content\/uploads\/2025\/01\/Banner_Educacao_PortallavrasTV-470x68.png 470w, https:\/\/lavras.tv\/site\/wp-content\/uploads\/2025\/01\/Banner_Educacao_PortallavrasTV-170x25.png 170w, https:\/\/lavras.tv\/site\/wp-content\/uploads\/2025\/01\/Banner_Educacao_PortallavrasTV-200x29.png 200w\" sizes=\"(max-width: 720px) 100vw, 720px\" width=\"720\" height=\"104\"  style=\"display: inline-block;\" \/><\/a><\/div><\/li><li><a href=\"https:\/\/sistemas.lavras.mg.gov.br\/portalcidadao\/#df1b1a7c7b2a290bcb31e32771e610784662739a88807c0dacac58ede5f391a7530e299dc302d611ee73cb143fc22eaf93592e53e7b5bdb01b00a0b8d28dae460c141dd2ff83412e4dc1c31b16b25f33144a9e5620ea73b13f5bc1c59411d98439ad226e8af03840603796067d87afe130812cf3de24982d0e306f9e61e764e5\" aria-label=\"Banner_Sa\u00fade_PortallavrasTV\"><img src=\"https:\/\/lavras.tv\/site\/wp-content\/uploads\/2025\/03\/Banner_Saude_PortallavrasTV.png\" alt=\"\"  srcset=\"https:\/\/lavras.tv\/site\/wp-content\/uploads\/2025\/03\/Banner_Saude_PortallavrasTV.png 720w, https:\/\/lavras.tv\/site\/wp-content\/uploads\/2025\/03\/Banner_Saude_PortallavrasTV-470x68.png 470w, https:\/\/lavras.tv\/site\/wp-content\/uploads\/2025\/03\/Banner_Saude_PortallavrasTV-170x25.png 170w, https:\/\/lavras.tv\/site\/wp-content\/uploads\/2025\/03\/Banner_Saude_PortallavrasTV-200x29.png 200w\" sizes=\"(max-width: 720px) 100vw, 720px\" width=\"720\" height=\"104\"   \/><\/a><\/li><li><div id=\"lavra-1020329935\" style=\"width:720px;height:104px;background-color:#ddd;overflow:scroll;\">\n\t<strong>Sa\u00edda da depura\u00e7\u00e3o de an\u00fancios<\/strong>\n\t<br><br>\n\tO an\u00fancio n\u00e3o \u00e9 exibido na p\u00e1gina<br><br>post atual: STF julga nesta ter\u00e7a se A\u00e9cio Neves vira r\u00e9u com base em dela\u00e7\u00e3o da JBS, ID: 15780<br><br><span style=\"color: red;\">O post atual n\u00e3o \u00e9 id\u00eantico ao post principal.<\/span><br><br>An\u00fancios: ROXO - TOPO INTERNA - ROTATIVO 2 (197)<br \/>Grupo de an\u00fancios: Princ_Meio01_720x104 (27)<br><br>Condi\u00e7\u00f5es de exibi\u00e7\u00e3o<div style=\"margin-bottom: 20px; white-space: pre-wrap; font-family: monospace; width: 100%; background: #ffe9e9;\"><strong>condi\u00e7\u00f5es gerais<\/strong><table border=\"1\"><thead><tr><th><\/th><th>An\u00fancios<\/th><th>wp_the_query<\/th><\/tr><\/thead><tr><td>is_main_query<\/td><td>1<\/td><td>1<\/td><\/tr><tr><td>is_rest_api<\/td><td>0<\/td><td>1<\/td><\/tr><tr><td>page<\/td><td>0<\/td><td>1<\/td><\/tr><tr><td>numpages<\/td><td>0<\/td><td>1<\/td><\/tr><tr><td>is_archive<\/td><td>1<\/td><td><\/td><\/tr><tr><td>is_search<\/td><td>1<\/td><td><\/td><\/tr><tr><td>is_home<\/td><td>1<\/td><td><\/td><\/tr><tr><td>is_404<\/td><td>1<\/td><td><\/td><\/tr><tr><td>is_attachment<\/td><td>1<\/td><td><\/td><\/tr><tr><td>is_singular<\/td><td>1<\/td><td><\/td><\/tr><tr><td>is_front_page<\/td><td>1<\/td><td><\/td><\/tr><tr><td>is_feed<\/td><td>1<\/td><td><\/td><\/tr><\/table><\/div><br><br><span style=\"color: red;\">Seu site usa HTTPS, mas o c\u00f3digo do an\u00fancio cont\u00e9m HTTP e pode n\u00e3o funcionar.<\/span>\t<br><br>\n\t<a style=\"color: green;\" href=\"https:\/\/wpadvancedads.com\/manual\/ad-debug-mode\/?utm_source=advanced-ads&utm_medium=link&utm_campaign=ad-debug-mode\" target=\"_blank\" rel=\"nofollow\">Encontre solu\u00e7\u00f5es no manual<\/a>\n<\/div>\n<\/li><\/ul><\/div><script>( window.advanced_ads_ready || jQuery( document ).ready ).call( null, function() {var $lavraslider1422782482 = jQuery( \".lavra-slider-1422782482\" );$lavraslider1422782482.on( \"unslider.ready\", function() { jQuery( \"div.custom-slider ul li\" ).css( \"display\", \"block\" ); });$lavraslider1422782482.unslider({ delay:4000, autoplay:true, nav:false, arrows:false, infinite:true });$lavraslider1422782482.on(\"mouseover\", function() {$lavraslider1422782482.unslider(\"stop\");}).on(\"mouseout\", function() {$lavraslider1422782482.unslider(\"start\");});});<\/script><\/div><p>A procuradora geral da Rep\u00fablica, Raquel Dodge, voltou a pedir que o Supremo Tribunal Federal (STF) receba integralmente a den\u00fancia contra o senador A\u00e9cio Neves (PSDB-MG) e outras tr\u00eas pessoas.<!--more--> O posicionamento consta em um memorial enviado aos ministros da Corte nesta segunda-feira (16). A Primeira Turma do STF, composta pelos ministros Alexandre de Moraes, Marco Aur\u00e9lio Mello, Luiz Fux, Rosa Weber e Lu\u00eds Roberto Barroso, julga nesta ter\u00e7a-feira (17) se recebe a den\u00fancia oferecida pela PGR contra o senador pelos supostos crimes de corrup\u00e7\u00e3o passiva e obstru\u00e7\u00e3o de Justi\u00e7a, instaurado em maio de 2017, com base na dela\u00e7\u00e3o da JBS. Em 14 meses, a Primeira Turma, respons\u00e1vel pela an\u00e1lise do caso, concordou com cinco a\u00e7\u00f5es e rejeitou um.<\/p>\n<p>O relator do inqu\u00e9rito \u00e9 Marco Aur\u00e9lio Mello. A\u00e9cio aparece em uma grava\u00e7\u00e3o em que pede R$ 2 milh\u00f5es ao empres\u00e1rio Joesley Batista, um dos donos da J&amp;F, que administra a JBS, sob a justificativa de que precisava pagar despesas com sua defesa na Lava Jato. Al\u00e9m de A\u00e9cio, foram denunciados Andrea Neves, irm\u00e3 do senador; Frederico Pacheco, primo deles; e Mendherson Souza Lima, ex-assessor parlamentar do senador Zez\u00e9 Perrella (MDB-MG).<\/p>\n<p><img fetchpriority=\"high\" decoding=\"async\" class=\"alignnone size-full wp-image-15781 aligncenter\" src=\"http:\/\/lavras.tv\/site\/wp-content\/uploads\/2018\/04\/aecio.jpg\" alt=\"aecio\" width=\"620\" height=\"413\" srcset=\"https:\/\/lavras.tv\/site\/wp-content\/uploads\/2018\/04\/aecio.jpg 620w, https:\/\/lavras.tv\/site\/wp-content\/uploads\/2018\/04\/aecio-150x100.jpg 150w, https:\/\/lavras.tv\/site\/wp-content\/uploads\/2018\/04\/aecio-300x200.jpg 300w, https:\/\/lavras.tv\/site\/wp-content\/uploads\/2018\/04\/aecio-480x320.jpg 480w, https:\/\/lavras.tv\/site\/wp-content\/uploads\/2018\/04\/aecio-272x182.jpg 272w\" sizes=\"(max-width: 620px) 100vw, 620px\" \/><\/p>\n<p>No documento enviado na segunda-feira ao STF, Dodge rebate os argumentos apresentados pelos advogados dos denunciados com o prop\u00f3sito de impedir a continuidade do processo. \u201cAs imputa\u00e7\u00f5es de crimes feitas a cada acusado baseiam-se em prova robusta, tais como \u00e1udios de grava\u00e7\u00e3o ambiental admitida por lei e pela jurisprud\u00eancia do STF; e \u00e1udios e v\u00eddeos coligidos em a\u00e7\u00f5es controladas autorizadas pelo STF\u201d, escreveu Dodge.<\/p>\n<p>Em nota divulgada nesta segunda-feira e assinada pelo advogado Alberto Zacharias Toron, a defesa de A\u00e9cio afirma que \u201cformulou reiterados pedidos desde que a den\u00fancia foi oferecida, requerendo acesso \u00e0s provas j\u00e1 produzidas em torno das investiga\u00e7\u00f5es sobre as irregularidades da dela\u00e7\u00e3o da JBS,\u201d diz a nota. \u201cO STF j\u00e1 garantiu que Joesley Batista e Marcelo Miller tenham acesso a v\u00e1rios documentos, n\u00e3o sendo razo\u00e1vel que se aja de forma diversa com o senador. As graves irregularidades que envolvem a dela\u00e7\u00e3o da JBS, que levaram ao pedido de rescis\u00e3o do acordo pela PGR \u2013 pedido que aguarda h\u00e1 sete meses para ser pautado \u2013 justificam toda a cautela com as provas da\u00ed oriundas. O amplo direito de defesa \u00e9 garantia dada pela Constitui\u00e7\u00e3o a todos os brasileiros\u201d, finaliza a nota.<\/p>\n<p>A\u00e9cio concedeu entrevista coletiva em Bras\u00edlia na segunda-feira. Alvo de nove inqu\u00e9ritos no Supremo, ele se diz v\u00edtima de um \u201ctsunami de vers\u00f5es\u201d que, na avalia\u00e7\u00e3o dele, foram criadas PGR para prejudic\u00e1-lo. Ao lado dos advogados, o senador disse que receber\u00e1 a decis\u00e3o do Supremo com serenidade e afirmou que ir\u00e1 lutar no processo com as armas que tem: \u201cfatos e a verdade\u201d.<\/p>\n<p>Raquel Dodge assegura que as provas que integram a den\u00fancia s\u00e3o plenamente v\u00e1lidas: \u201cDiversamente, e como \u00fanicas defesas poss\u00edveis, os acusados tentam invalidar as provas; ou reinterpretar os fatos provados (dizendo, por exemplo, que os R$ 2 milh\u00f5es recebidos consistiam em empr\u00e9stimo, e n\u00e3o em vantagem indevida)\u201d. E prossegue: \u201cPercebe-se claramente que a defesa usa argumentos inconsistentes para introduzir conclus\u00e3o equivocada, que lhe beneficia\u201d.<\/p>\n<p>Ela diz que as articula\u00e7\u00f5es feitas por A\u00e9cio \u201cmostram que sua conduta incluiu todas as formas que estavam a seu alcance para livrar a si mesmo e a seus colegas das investiga\u00e7\u00f5es, desbordando de seu leg\u00edtimo exerc\u00edcio da atividade parlamentar\u201d. \u201cAo contr\u00e1rio, o senador n\u00e3o poupou esfor\u00e7os para, valendo-se do cargo p\u00fablico, atingir seus objetivos\u201d, diz Dodge.<\/p>\n<p><strong>Investiga\u00e7\u00e3o<\/strong><\/p>\n<p><strong>Dela\u00e7\u00e3o.\u00a0<\/strong>Embora a investiga\u00e7\u00e3o contra A\u00e9cio Neves tenha surgido a partir da dela\u00e7\u00e3o de executivos da JBS, o caso n\u00e3o \u00e9 considerado parte da Lava Jato, por n\u00e3o tratar de desvios da Petrobras.<\/p>\n<p><u><strong>Dois lados<\/strong><\/u><\/p>\n<p>\u201cAs imputa\u00e7\u00f5es de crimes feitas a cada acusado baseiam-se em prova robusta, tais como \u00e1udios de grava\u00e7\u00e3o ambiental admitida por lei e pela jurisprud\u00eancia do STF; e \u00e1udios e v\u00eddeos coligidos em a\u00e7\u00f5es controladas autorizadas pelo STF.\u201d<\/p>\n<p><strong>Raquel Dodge<br \/>\nProcuradora geral da Rep\u00fablica<\/strong><\/p>\n<p>\u201cConsiderando que se trata de direito constitucionalmente previsto, \u00e9 imprescind\u00edvel que o acesso (\u00e0s provas j\u00e1 produzidas) seja deferido antes da vota\u00e7\u00e3o do recebimento da den\u00fancia, uma vez que esses elementos podem comprovar a ilegalidade de provas e das armadilhas arquitetadas contra o senador com a participa\u00e7\u00e3o de membros do MPF.\u201d<\/p>\n<p><strong>Alberto Zacharias Toron<br \/>\nAdvogado de A\u00e9cio<\/strong><\/p>\n<p>Fonte: O Tempo<\/p>\n","protected":false},"excerpt":{"rendered":"<p>A procuradora geral da Rep\u00fablica, Raquel Dodge, voltou a pedir que o Supremo Tribunal Federal (STF) receba integralmente a den\u00fancia contra o senador A\u00e9cio Neves (PSDB-MG) e outras tr\u00eas pessoas.<\/p>\n","protected":false},"author":2,"featured_media":15781,"comment_status":"closed","ping_status":"open","sticky":false,"template":"","format":"standard","meta":{"advgb_blocks_editor_width":"","advgb_blocks_columns_visual_guide":"","_exactmetrics_skip_tracking":false,"_exactmetrics_sitenote_active":false,"_exactmetrics_sitenote_note":"","_exactmetrics_sitenote_category":0,"footnotes":""},"categories":[7,12],"tags":[2023,3399,4043,2661,2484],"class_list":["post-15780","post","type-post","status-publish","format-standard","has-post-thumbnail","hentry","category-destaques","category-politica","tag-aecio-neves","tag-jbs","tag-julgamento","tag-reu","tag-stf"],"better_featured_image":{"id":15781,"alt_text":"","caption":"","description":"","media_type":"image","media_details":{"width":620,"height":413,"file":"2018\/04\/aecio.jpg","sizes":{"thumbnail":{"file":"aecio-150x100.jpg","width":150,"height":100,"mime-type":"image\/jpeg","source_url":"https:\/\/lavras.tv\/site\/wp-content\/uploads\/2018\/04\/aecio-150x100.jpg"},"medium":{"file":"aecio-300x200.jpg","width":300,"height":200,"mime-type":"image\/jpeg","source_url":"https:\/\/lavras.tv\/site\/wp-content\/uploads\/2018\/04\/aecio-300x200.jpg"},"featured-post-img":{"file":"aecio-480x320.jpg","width":480,"height":320,"mime-type":"image\/jpeg","source_url":"https:\/\/lavras.tv\/site\/wp-content\/uploads\/2018\/04\/aecio-480x320.jpg"},"sow-carousel-default":{"file":"aecio-272x182.jpg","width":272,"height":182,"mime-type":"image\/jpeg","source_url":"https:\/\/lavras.tv\/site\/wp-content\/uploads\/2018\/04\/aecio-272x182.jpg"}},"image_meta":{"aperture":"0","credit":"","camera":"","caption":"","created_timestamp":"0","copyright":"","focal_length":"0","iso":"0","shutter_speed":"0","title":"","orientation":"0","keywords":[]}},"post":15780,"source_url":"https:\/\/lavras.tv\/site\/wp-content\/uploads\/2018\/04\/aecio.jpg"},"author_meta":{"display_name":"Lavras TV","author_link":"https:\/\/lavras.tv\/site\/author\/lavrastv\/"},"featured_img":"https:\/\/lavras.tv\/site\/wp-content\/uploads\/2018\/04\/aecio-300x200.jpg","coauthors":[],"tax_additional":{"categories":{"linked":["<a href=\"https:\/\/lavras.tv\/site\/category\/destaques\/\" class=\"advgb-post-tax-term\">Destaques<\/a>","<a href=\"https:\/\/lavras.tv\/site\/category\/politica\/\" class=\"advgb-post-tax-term\">Pol\u00edtica<\/a>"],"unlinked":["<span class=\"advgb-post-tax-term\">Destaques<\/span>","<span class=\"advgb-post-tax-term\">Pol\u00edtica<\/span>"]},"tags":{"linked":["<a href=\"https:\/\/lavras.tv\/site\/category\/politica\/\" class=\"advgb-post-tax-term\">a\u00e9cio neves<\/a>","<a href=\"https:\/\/lavras.tv\/site\/category\/politica\/\" class=\"advgb-post-tax-term\">JBS<\/a>","<a href=\"https:\/\/lavras.tv\/site\/category\/politica\/\" class=\"advgb-post-tax-term\">julgamento<\/a>","<a href=\"https:\/\/lavras.tv\/site\/category\/politica\/\" class=\"advgb-post-tax-term\">r\u00e9u<\/a>","<a href=\"https:\/\/lavras.tv\/site\/category\/politica\/\" class=\"advgb-post-tax-term\">stf<\/a>"],"unlinked":["<span class=\"advgb-post-tax-term\">a\u00e9cio neves<\/span>","<span class=\"advgb-post-tax-term\">JBS<\/span>","<span class=\"advgb-post-tax-term\">julgamento<\/span>","<span class=\"advgb-post-tax-term\">r\u00e9u<\/span>","<span class=\"advgb-post-tax-term\">stf<\/span>"]}},"comment_count":"0","relative_dates":{"created":"Publicado 8 anos atr\u00e1s","modified":"Atualizado 8 anos atr\u00e1s"},"absolute_dates":{"created":"Publicado em 17 de abril de 2018","modified":"Atualizado em 17 de abril de 2018"},"absolute_dates_time":{"created":"Publicado em 17 de abril de 2018 09:23","modified":"Atualizado em 17 de abril de 2018 09:23"},"featured_img_caption":"","series_order":"","_links":{"self":[{"href":"https:\/\/lavras.tv\/site\/wp-json\/wp\/v2\/posts\/15780","targetHints":{"allow":["GET"]}}],"collection":[{"href":"https:\/\/lavras.tv\/site\/wp-json\/wp\/v2\/posts"}],"about":[{"href":"https:\/\/lavras.tv\/site\/wp-json\/wp\/v2\/types\/post"}],"author":[{"embeddable":true,"href":"https:\/\/lavras.tv\/site\/wp-json\/wp\/v2\/users\/2"}],"replies":[{"embeddable":true,"href":"https:\/\/lavras.tv\/site\/wp-json\/wp\/v2\/comments?post=15780"}],"version-history":[{"count":1,"href":"https:\/\/lavras.tv\/site\/wp-json\/wp\/v2\/posts\/15780\/revisions"}],"predecessor-version":[{"id":15782,"href":"https:\/\/lavras.tv\/site\/wp-json\/wp\/v2\/posts\/15780\/revisions\/15782"}],"wp:featuredmedia":[{"embeddable":true,"href":"https:\/\/lavras.tv\/site\/wp-json\/wp\/v2\/media\/15781"}],"wp:attachment":[{"href":"https:\/\/lavras.tv\/site\/wp-json\/wp\/v2\/media?parent=15780"}],"wp:term":[{"taxonomy":"category","embeddable":true,"href":"https:\/\/lavras.tv\/site\/wp-json\/wp\/v2\/categories?post=15780"},{"taxonomy":"post_tag","embeddable":true,"href":"https:\/\/lavras.tv\/site\/wp-json\/wp\/v2\/tags?post=15780"}],"curies":[{"name":"wp","href":"https:\/\/api.w.org\/{rel}","templated":true}]}}