{"id":1585,"date":"2016-08-16T14:14:28","date_gmt":"2016-08-16T14:14:28","guid":{"rendered":"http:\/\/lavras.tv\/site\/?p=1585"},"modified":"2016-08-16T14:33:24","modified_gmt":"2016-08-16T14:33:24","slug":"justica-eleitoral-realiza-reuniao-com-candidatos-a-prefeito","status":"publish","type":"post","link":"https:\/\/lavras.tv\/site\/2016\/08\/16\/justica-eleitoral-realiza-reuniao-com-candidatos-a-prefeito\/","title":{"rendered":"Justi\u00e7a Eleitoral realiza reuni\u00e3o com candidatos a Prefeito"},"content":{"rendered":"<div class=\"lavra-antes-do-conteudo_2\" id=\"lavra-217830138\"><div id=\"lavra-slider-27\" class=\"custom-slider lavra-slider-4012256125 lavra-slider\"><ul><li><div style=\"margin-left: auto;margin-right: auto;text-align: center;\" id=\"lavra-3409361201\"><a href=\"https:\/\/sistemas.lavras.mg.gov.br\/portalcidadao\/#df1b1a7c7b2a290bcb31e32771e610784662739a88807c0dacac58ede5f391a7530e299dc302d611ee73cb143fc22eaf93592e53e7b5bdb01b00a0b8d28dae460c141dd2ff83412e4dc1c31b16b25f33144a9e5620ea73b13f5bc1c59411d98439ad226e8af03840603796067d87afe130812cf3de24982d0e306f9e61e764e5\" aria-label=\"Lavras-TV&#8211;720x104px (1) (1)\"><img src=\"https:\/\/lavras.tv\/site\/wp-content\/uploads\/2025\/01\/Lavras-TV-720x104px-1-1.png\" alt=\"\"  srcset=\"https:\/\/lavras.tv\/site\/wp-content\/uploads\/2025\/01\/Lavras-TV-720x104px-1-1.png 720w, https:\/\/lavras.tv\/site\/wp-content\/uploads\/2025\/01\/Lavras-TV-720x104px-1-1-470x68.png 470w, https:\/\/lavras.tv\/site\/wp-content\/uploads\/2025\/01\/Lavras-TV-720x104px-1-1-170x25.png 170w, https:\/\/lavras.tv\/site\/wp-content\/uploads\/2025\/01\/Lavras-TV-720x104px-1-1-200x29.png 200w\" sizes=\"(max-width: 720px) 100vw, 720px\" width=\"720\" height=\"104\"  style=\"display: inline-block;\" \/><\/a><\/div><\/li><li><a href=\"https:\/\/sistemas.lavras.mg.gov.br\/portalcidadao\/#df1b1a7c7b2a290bcb31e32771e610784662739a88807c0dacac58ede5f391a7530e299dc302d611ee73cb143fc22eaf93592e53e7b5bdb01b00a0b8d28dae460c141dd2ff83412e4dc1c31b16b25f33144a9e5620ea73b13f5bc1c59411d98439ad226e8af03840603796067d87afe130812cf3de24982d0e306f9e61e764e5\" aria-label=\"Banner_Emprego_PortallavrasTV\"><img src=\"https:\/\/lavras.tv\/site\/wp-content\/uploads\/2025\/03\/Banner_Emprego_PortallavrasTV.png\" alt=\"\"  srcset=\"https:\/\/lavras.tv\/site\/wp-content\/uploads\/2025\/03\/Banner_Emprego_PortallavrasTV.png 720w, https:\/\/lavras.tv\/site\/wp-content\/uploads\/2025\/03\/Banner_Emprego_PortallavrasTV-470x68.png 470w, https:\/\/lavras.tv\/site\/wp-content\/uploads\/2025\/03\/Banner_Emprego_PortallavrasTV-170x25.png 170w, https:\/\/lavras.tv\/site\/wp-content\/uploads\/2025\/03\/Banner_Emprego_PortallavrasTV-200x29.png 200w\" sizes=\"(max-width: 720px) 100vw, 720px\" width=\"720\" height=\"104\"   \/><\/a><\/li><li><a href=\"https:\/\/sistemas.lavras.mg.gov.br\/portalcidadao\/#df1b1a7c7b2a290bcb31e32771e610784662739a88807c0dacac58ede5f391a7530e299dc302d611ee73cb143fc22eaf93592e53e7b5bdb01b00a0b8d28dae460c141dd2ff83412e4dc1c31b16b25f33144a9e5620ea73b13f5bc1c59411d98439ad226e8af03840603796067d87afe130812cf3de24982d0e306f9e61e764e5\" aria-label=\"Banner_Obras_PortallavrasTV\"><img src=\"https:\/\/lavras.tv\/site\/wp-content\/uploads\/2025\/03\/Banner_Obras_PortallavrasTV.png\" alt=\"\"  srcset=\"https:\/\/lavras.tv\/site\/wp-content\/uploads\/2025\/03\/Banner_Obras_PortallavrasTV.png 720w, https:\/\/lavras.tv\/site\/wp-content\/uploads\/2025\/03\/Banner_Obras_PortallavrasTV-470x68.png 470w, https:\/\/lavras.tv\/site\/wp-content\/uploads\/2025\/03\/Banner_Obras_PortallavrasTV-170x25.png 170w, https:\/\/lavras.tv\/site\/wp-content\/uploads\/2025\/03\/Banner_Obras_PortallavrasTV-200x29.png 200w\" sizes=\"(max-width: 720px) 100vw, 720px\" width=\"720\" height=\"104\"   \/><\/a><\/li><li><div style=\"margin-left: auto;margin-right: auto;text-align: center;\" id=\"lavra-2262432626\"><a href=\"https:\/\/sistemas.lavras.mg.gov.br\/portalcidadao\/#df1b1a7c7b2a290bcb31e32771e610784662739a88807c0dacac58ede5f391a7530e299dc302d611ee73cb143fc22eaf93592e53e7b5bdb01b00a0b8d28dae460c141dd2ff83412e4dc1c31b16b25f33144a9e5620ea73b13f5bc1c59411d98439ad226e8af03840603796067d87afe130812cf3de24982d0e306f9e61e764e5\" aria-label=\"Banner_Educa\u00e7\u00e3o_PortallavrasTV\"><img src=\"https:\/\/lavras.tv\/site\/wp-content\/uploads\/2025\/01\/Banner_Educacao_PortallavrasTV.png\" alt=\"\"  srcset=\"https:\/\/lavras.tv\/site\/wp-content\/uploads\/2025\/01\/Banner_Educacao_PortallavrasTV.png 720w, https:\/\/lavras.tv\/site\/wp-content\/uploads\/2025\/01\/Banner_Educacao_PortallavrasTV-470x68.png 470w, https:\/\/lavras.tv\/site\/wp-content\/uploads\/2025\/01\/Banner_Educacao_PortallavrasTV-170x25.png 170w, https:\/\/lavras.tv\/site\/wp-content\/uploads\/2025\/01\/Banner_Educacao_PortallavrasTV-200x29.png 200w\" sizes=\"(max-width: 720px) 100vw, 720px\" width=\"720\" height=\"104\"  style=\"display: inline-block;\" \/><\/a><\/div><\/li><li><a href=\"https:\/\/sistemas.lavras.mg.gov.br\/portalcidadao\/#df1b1a7c7b2a290bcb31e32771e610784662739a88807c0dacac58ede5f391a7530e299dc302d611ee73cb143fc22eaf93592e53e7b5bdb01b00a0b8d28dae460c141dd2ff83412e4dc1c31b16b25f33144a9e5620ea73b13f5bc1c59411d98439ad226e8af03840603796067d87afe130812cf3de24982d0e306f9e61e764e5\" aria-label=\"Banner_Sa\u00fade_PortallavrasTV\"><img src=\"https:\/\/lavras.tv\/site\/wp-content\/uploads\/2025\/03\/Banner_Saude_PortallavrasTV.png\" alt=\"\"  srcset=\"https:\/\/lavras.tv\/site\/wp-content\/uploads\/2025\/03\/Banner_Saude_PortallavrasTV.png 720w, https:\/\/lavras.tv\/site\/wp-content\/uploads\/2025\/03\/Banner_Saude_PortallavrasTV-470x68.png 470w, https:\/\/lavras.tv\/site\/wp-content\/uploads\/2025\/03\/Banner_Saude_PortallavrasTV-170x25.png 170w, https:\/\/lavras.tv\/site\/wp-content\/uploads\/2025\/03\/Banner_Saude_PortallavrasTV-200x29.png 200w\" sizes=\"(max-width: 720px) 100vw, 720px\" width=\"720\" height=\"104\"   \/><\/a><\/li><li><div id=\"lavra-3627304584\" style=\"width:720px;height:104px;background-color:#ddd;overflow:scroll;\">\n\t<strong>Sa\u00edda da depura\u00e7\u00e3o de an\u00fancios<\/strong>\n\t<br><br>\n\tO an\u00fancio n\u00e3o \u00e9 exibido na p\u00e1gina<br><br>post atual: Justi\u00e7a Eleitoral realiza reuni\u00e3o com candidatos a Prefeito, ID: 1585<br><br><span style=\"color: red;\">O post atual n\u00e3o \u00e9 id\u00eantico ao post principal.<\/span><br><br>An\u00fancios: ROXO - TOPO INTERNA - ROTATIVO 2 (197)<br \/>Grupo de an\u00fancios: Princ_Meio01_720x104 (27)<br><br>Condi\u00e7\u00f5es de exibi\u00e7\u00e3o<div style=\"margin-bottom: 20px; white-space: pre-wrap; font-family: monospace; width: 100%; background: #ffe9e9;\"><strong>condi\u00e7\u00f5es gerais<\/strong><table border=\"1\"><thead><tr><th><\/th><th>An\u00fancios<\/th><th>wp_the_query<\/th><\/tr><\/thead><tr><td>is_main_query<\/td><td>1<\/td><td>1<\/td><\/tr><tr><td>is_rest_api<\/td><td>0<\/td><td>1<\/td><\/tr><tr><td>page<\/td><td>0<\/td><td>1<\/td><\/tr><tr><td>numpages<\/td><td>0<\/td><td>1<\/td><\/tr><tr><td>is_archive<\/td><td>1<\/td><td><\/td><\/tr><tr><td>is_search<\/td><td>1<\/td><td><\/td><\/tr><tr><td>is_home<\/td><td>1<\/td><td><\/td><\/tr><tr><td>is_404<\/td><td>1<\/td><td><\/td><\/tr><tr><td>is_attachment<\/td><td>1<\/td><td><\/td><\/tr><tr><td>is_singular<\/td><td>1<\/td><td><\/td><\/tr><tr><td>is_front_page<\/td><td>1<\/td><td><\/td><\/tr><tr><td>is_feed<\/td><td>1<\/td><td><\/td><\/tr><\/table><\/div><br><br><span style=\"color: red;\">Seu site usa HTTPS, mas o c\u00f3digo do an\u00fancio cont\u00e9m HTTP e pode n\u00e3o funcionar.<\/span>\t<br><br>\n\t<a style=\"color: green;\" href=\"https:\/\/wpadvancedads.com\/manual\/ad-debug-mode\/?utm_source=advanced-ads&utm_medium=link&utm_campaign=ad-debug-mode\" target=\"_blank\" rel=\"nofollow\">Encontre solu\u00e7\u00f5es no manual<\/a>\n<\/div>\n<\/li><\/ul><\/div><script>( window.advanced_ads_ready || jQuery( document ).ready ).call( null, function() {var $lavraslider4012256125 = jQuery( \".lavra-slider-4012256125\" );$lavraslider4012256125.on( \"unslider.ready\", function() { jQuery( \"div.custom-slider ul li\" ).css( \"display\", \"block\" ); });$lavraslider4012256125.unslider({ delay:4000, autoplay:true, nav:false, arrows:false, infinite:true });$lavraslider4012256125.on(\"mouseover\", function() {$lavraslider4012256125.unslider(\"stop\");}).on(\"mouseout\", function() {$lavraslider4012256125.unslider(\"start\");});});<\/script><\/div><p>O per\u00edodo das campanhas eleitorais come\u00e7ou hoje, dia 16, com uma reuni\u00e3o no F\u00f3rum de Lavras. O encontro reuniu representantes da Justi\u00e7a Eleitoral, Minist\u00e9rio P\u00fablico, Cart\u00f3rio Eleitoral e os candidatos nas elei\u00e7\u00f5es majorit\u00e1rias, para prefeito e vice, de quatro munic\u00edpios: Ijaci, Lavras, Lumin\u00e1rias e Ribeir\u00e3o Vermelho, al\u00e9m de representantes das coliga\u00e7\u00f5es.<img fetchpriority=\"high\" decoding=\"async\" class=\" wp-image-1586 alignright\" src=\"http:\/\/lavras.tv\/site\/wp-content\/uploads\/2016\/08\/reuniao-prefeitos-01.jpg\" alt=\"reuniao prefeitos 01\" width=\"450\" height=\"338\" srcset=\"https:\/\/lavras.tv\/site\/wp-content\/uploads\/2016\/08\/reuniao-prefeitos-01.jpg 1920w, https:\/\/lavras.tv\/site\/wp-content\/uploads\/2016\/08\/reuniao-prefeitos-01-150x113.jpg 150w, https:\/\/lavras.tv\/site\/wp-content\/uploads\/2016\/08\/reuniao-prefeitos-01-300x225.jpg 300w, https:\/\/lavras.tv\/site\/wp-content\/uploads\/2016\/08\/reuniao-prefeitos-01-1024x768.jpg 1024w, https:\/\/lavras.tv\/site\/wp-content\/uploads\/2016\/08\/reuniao-prefeitos-01-640x480.jpg 640w\" sizes=\"(max-width: 450px) 100vw, 450px\" \/><\/p>\n<p>Segundo o Juiz eleitoral, M\u00e1rio Paulo de Moura Campos Montoro, o objetivo \u00e9 de que as campanhas deste ano sejam limpas, com custos mais baixos e sempre respeitando as leis e os eleitores. Ele prop\u00f4s um pacto com os candidatos e os itens ser\u00e3o fiscalizados ao longo dos pr\u00f3ximos 45 dias por equipes do Tribunal Regional Eleitoral. \u201cQuest\u00f5es como carro de som e bandeiristas precisam de bom senso dos candidatos para que n\u00e3o extrapolem os limites trazendo problemas futuros aos candidatos\u201d, explicou o Juiz.<\/p>\n<p>A comarca de Lavras segue com uma intensa programa\u00e7\u00e3o eleitoral esta semana e amanh\u00e3, dia 17, j\u00e1 acontece uma audi\u00eancia onde ser\u00e1 feito o sorteio da ordem de apresenta\u00e7\u00e3o dos candidatos nos programas gratuitos do r\u00e1dio e da TV. O chefe do Cart\u00f3rio Eleitoral, Rafael Rom\u00e3o C\u00e2mpara, lembra que os eleitores podem e devem ajudar na fiscaliza\u00e7\u00e3o das campanhas deste ano. \u201c\u00c9 um papel de todos n\u00f3s, inclusive dos candidatos, fiscalizar os abusos e denunciar aos \u00f3rg\u00e3os competentes\u201d, finalizou.<\/p>\n<p>&nbsp;<\/p>\n<p>Foto: Lavras.tv<\/p>\n","protected":false},"excerpt":{"rendered":"<p>O per\u00edodo das campanhas eleitorais come\u00e7ou hoje, dia 16, com uma reuni\u00e3o no F\u00f3rum de Lavras. O encontro reuniu representantes da Justi\u00e7a Eleitoral, Minist\u00e9rio P\u00fablico, Cart\u00f3rio Eleitoral e os candidatos nas elei\u00e7\u00f5es majorit\u00e1rias, para prefeito e vice, de quatro munic\u00edpios: Ijaci, Lavras, Lumin\u00e1rias e Ribeir\u00e3o Vermelho, al\u00e9m de representantes das coliga\u00e7\u00f5es. Segundo o Juiz eleitoral, [&hellip;]<\/p>\n","protected":false},"author":2,"featured_media":1587,"comment_status":"closed","ping_status":"open","sticky":false,"template":"","format":"standard","meta":{"advgb_blocks_editor_width":"","advgb_blocks_columns_visual_guide":"","_exactmetrics_skip_tracking":false,"_exactmetrics_sitenote_active":false,"_exactmetrics_sitenote_note":"","_exactmetrics_sitenote_category":0,"footnotes":""},"categories":[7,12],"tags":[418,312,128,44,138,515],"class_list":["post-1585","post","type-post","status-publish","format-standard","has-post-thumbnail","hentry","category-destaques","category-politica","tag-eleicoes-2016","tag-eleicoes-2016-lavras-mg","tag-ijaci","tag-lavras-mg","tag-luminarias-mg","tag-ribeirao-vermelho"],"better_featured_image":{"id":1587,"alt_text":"","caption":"","description":"","media_type":"image","media_details":{"width":1920,"height":1440,"file":"2016\/08\/reuniao-prefeitos-02.jpg","sizes":{"thumbnail":{"file":"reuniao-prefeitos-02-150x113.jpg","width":150,"height":113,"mime-type":"image\/jpeg","source_url":"https:\/\/lavras.tv\/site\/wp-content\/uploads\/2016\/08\/reuniao-prefeitos-02-150x113.jpg"},"medium":{"file":"reuniao-prefeitos-02-300x225.jpg","width":300,"height":225,"mime-type":"image\/jpeg","source_url":"https:\/\/lavras.tv\/site\/wp-content\/uploads\/2016\/08\/reuniao-prefeitos-02-300x225.jpg"},"large":{"file":"reuniao-prefeitos-02-1024x768.jpg","width":1024,"height":768,"mime-type":"image\/jpeg","source_url":"https:\/\/lavras.tv\/site\/wp-content\/uploads\/2016\/08\/reuniao-prefeitos-02-1024x768.jpg"},"featured-slider-img":{"file":"reuniao-prefeitos-02-640x480.jpg","width":640,"height":480,"mime-type":"image\/jpeg","source_url":"https:\/\/lavras.tv\/site\/wp-content\/uploads\/2016\/08\/reuniao-prefeitos-02-640x480.jpg"},"featured-post-img":{"file":"reuniao-prefeitos-02-480x320.jpg","width":480,"height":320,"mime-type":"image\/jpeg","source_url":"https:\/\/lavras.tv\/site\/wp-content\/uploads\/2016\/08\/reuniao-prefeitos-02-480x320.jpg"},"sow-carousel-default":{"file":"reuniao-prefeitos-02-272x182.jpg","width":272,"height":182,"mime-type":"image\/jpeg","source_url":"https:\/\/lavras.tv\/site\/wp-content\/uploads\/2016\/08\/reuniao-prefeitos-02-272x182.jpg"}},"image_meta":{"aperture":"0","credit":"","camera":"","caption":"","created_timestamp":"0","copyright":"","focal_length":"0","iso":"0","shutter_speed":"0","title":"","orientation":"0","keywords":[]}},"post":1585,"source_url":"https:\/\/lavras.tv\/site\/wp-content\/uploads\/2016\/08\/reuniao-prefeitos-02.jpg"},"author_meta":{"display_name":"Lavras TV","author_link":"https:\/\/lavras.tv\/site\/author\/lavrastv\/"},"featured_img":"https:\/\/lavras.tv\/site\/wp-content\/uploads\/2016\/08\/reuniao-prefeitos-02-300x225.jpg","coauthors":[],"tax_additional":{"categories":{"linked":["<a href=\"https:\/\/lavras.tv\/site\/category\/destaques\/\" class=\"advgb-post-tax-term\">Destaques<\/a>","<a href=\"https:\/\/lavras.tv\/site\/category\/politica\/\" class=\"advgb-post-tax-term\">Pol\u00edtica<\/a>"],"unlinked":["<span class=\"advgb-post-tax-term\">Destaques<\/span>","<span class=\"advgb-post-tax-term\">Pol\u00edtica<\/span>"]},"tags":{"linked":["<a href=\"https:\/\/lavras.tv\/site\/category\/politica\/\" class=\"advgb-post-tax-term\">elei\u00e7\u00f5es 2016<\/a>","<a href=\"https:\/\/lavras.tv\/site\/category\/politica\/\" class=\"advgb-post-tax-term\">elei\u00e7\u00f5es 2016 lavras mg<\/a>","<a href=\"https:\/\/lavras.tv\/site\/category\/politica\/\" class=\"advgb-post-tax-term\">ijaci<\/a>","<a href=\"https:\/\/lavras.tv\/site\/category\/politica\/\" class=\"advgb-post-tax-term\">lavras mg<\/a>","<a href=\"https:\/\/lavras.tv\/site\/category\/politica\/\" class=\"advgb-post-tax-term\">lumin\u00e1rias mg<\/a>","<a href=\"https:\/\/lavras.tv\/site\/category\/politica\/\" class=\"advgb-post-tax-term\">ribeir\u00e3o vermelho<\/a>"],"unlinked":["<span class=\"advgb-post-tax-term\">elei\u00e7\u00f5es 2016<\/span>","<span class=\"advgb-post-tax-term\">elei\u00e7\u00f5es 2016 lavras mg<\/span>","<span class=\"advgb-post-tax-term\">ijaci<\/span>","<span class=\"advgb-post-tax-term\">lavras mg<\/span>","<span class=\"advgb-post-tax-term\">lumin\u00e1rias mg<\/span>","<span class=\"advgb-post-tax-term\">ribeir\u00e3o vermelho<\/span>"]}},"comment_count":"0","relative_dates":{"created":"Publicado 10 anos atr\u00e1s","modified":"Atualizado 10 anos atr\u00e1s"},"absolute_dates":{"created":"Publicado em 16 de agosto de 2016","modified":"Atualizado em 16 de agosto de 2016"},"absolute_dates_time":{"created":"Publicado em 16 de agosto de 2016 14:14","modified":"Atualizado em 16 de agosto de 2016 14:33"},"featured_img_caption":"","series_order":"","_links":{"self":[{"href":"https:\/\/lavras.tv\/site\/wp-json\/wp\/v2\/posts\/1585","targetHints":{"allow":["GET"]}}],"collection":[{"href":"https:\/\/lavras.tv\/site\/wp-json\/wp\/v2\/posts"}],"about":[{"href":"https:\/\/lavras.tv\/site\/wp-json\/wp\/v2\/types\/post"}],"author":[{"embeddable":true,"href":"https:\/\/lavras.tv\/site\/wp-json\/wp\/v2\/users\/2"}],"replies":[{"embeddable":true,"href":"https:\/\/lavras.tv\/site\/wp-json\/wp\/v2\/comments?post=1585"}],"version-history":[{"count":2,"href":"https:\/\/lavras.tv\/site\/wp-json\/wp\/v2\/posts\/1585\/revisions"}],"predecessor-version":[{"id":1589,"href":"https:\/\/lavras.tv\/site\/wp-json\/wp\/v2\/posts\/1585\/revisions\/1589"}],"wp:featuredmedia":[{"embeddable":true,"href":"https:\/\/lavras.tv\/site\/wp-json\/wp\/v2\/media\/1587"}],"wp:attachment":[{"href":"https:\/\/lavras.tv\/site\/wp-json\/wp\/v2\/media?parent=1585"}],"wp:term":[{"taxonomy":"category","embeddable":true,"href":"https:\/\/lavras.tv\/site\/wp-json\/wp\/v2\/categories?post=1585"},{"taxonomy":"post_tag","embeddable":true,"href":"https:\/\/lavras.tv\/site\/wp-json\/wp\/v2\/tags?post=1585"}],"curies":[{"name":"wp","href":"https:\/\/api.w.org\/{rel}","templated":true}]}}