{"id":158727,"date":"2025-02-17T14:39:44","date_gmt":"2025-02-17T17:39:44","guid":{"rendered":"https:\/\/lavras.tv\/site\/?p=158727"},"modified":"2025-02-17T14:39:45","modified_gmt":"2025-02-17T17:39:45","slug":"pautas-conservadoras-invadem-agenda-da-assembleia-legislativa-de-minas","status":"publish","type":"post","link":"https:\/\/lavras.tv\/site\/2025\/02\/17\/pautas-conservadoras-invadem-agenda-da-assembleia-legislativa-de-minas\/","title":{"rendered":"Pautas conservadoras invadem agenda da Assembleia Legislativa de Minas"},"content":{"rendered":"<div class=\"lavra-antes-do-conteudo_2\" id=\"lavra-1480112441\"><div id=\"lavra-slider-27\" class=\"custom-slider lavra-slider-179888330 lavra-slider\"><ul><li><div style=\"margin-left: auto;margin-right: auto;text-align: center;\" id=\"lavra-2381016080\"><a href=\"https:\/\/sistemas.lavras.mg.gov.br\/portalcidadao\/#df1b1a7c7b2a290bcb31e32771e610784662739a88807c0dacac58ede5f391a7530e299dc302d611ee73cb143fc22eaf93592e53e7b5bdb01b00a0b8d28dae460c141dd2ff83412e4dc1c31b16b25f33144a9e5620ea73b13f5bc1c59411d98439ad226e8af03840603796067d87afe130812cf3de24982d0e306f9e61e764e5\" aria-label=\"Lavras-TV&#8211;720x104px (1) (1)\"><img src=\"https:\/\/lavras.tv\/site\/wp-content\/uploads\/2025\/01\/Lavras-TV-720x104px-1-1.png\" alt=\"\"  srcset=\"https:\/\/lavras.tv\/site\/wp-content\/uploads\/2025\/01\/Lavras-TV-720x104px-1-1.png 720w, https:\/\/lavras.tv\/site\/wp-content\/uploads\/2025\/01\/Lavras-TV-720x104px-1-1-470x68.png 470w, https:\/\/lavras.tv\/site\/wp-content\/uploads\/2025\/01\/Lavras-TV-720x104px-1-1-170x25.png 170w, https:\/\/lavras.tv\/site\/wp-content\/uploads\/2025\/01\/Lavras-TV-720x104px-1-1-200x29.png 200w\" sizes=\"(max-width: 720px) 100vw, 720px\" width=\"720\" height=\"104\"  style=\"display: inline-block;\" \/><\/a><\/div><\/li><li><a href=\"https:\/\/sistemas.lavras.mg.gov.br\/portalcidadao\/#df1b1a7c7b2a290bcb31e32771e610784662739a88807c0dacac58ede5f391a7530e299dc302d611ee73cb143fc22eaf93592e53e7b5bdb01b00a0b8d28dae460c141dd2ff83412e4dc1c31b16b25f33144a9e5620ea73b13f5bc1c59411d98439ad226e8af03840603796067d87afe130812cf3de24982d0e306f9e61e764e5\" aria-label=\"Banner_Emprego_PortallavrasTV\"><img src=\"https:\/\/lavras.tv\/site\/wp-content\/uploads\/2025\/03\/Banner_Emprego_PortallavrasTV.png\" alt=\"\"  srcset=\"https:\/\/lavras.tv\/site\/wp-content\/uploads\/2025\/03\/Banner_Emprego_PortallavrasTV.png 720w, https:\/\/lavras.tv\/site\/wp-content\/uploads\/2025\/03\/Banner_Emprego_PortallavrasTV-470x68.png 470w, https:\/\/lavras.tv\/site\/wp-content\/uploads\/2025\/03\/Banner_Emprego_PortallavrasTV-170x25.png 170w, https:\/\/lavras.tv\/site\/wp-content\/uploads\/2025\/03\/Banner_Emprego_PortallavrasTV-200x29.png 200w\" sizes=\"(max-width: 720px) 100vw, 720px\" width=\"720\" height=\"104\"   \/><\/a><\/li><li><a href=\"https:\/\/sistemas.lavras.mg.gov.br\/portalcidadao\/#df1b1a7c7b2a290bcb31e32771e610784662739a88807c0dacac58ede5f391a7530e299dc302d611ee73cb143fc22eaf93592e53e7b5bdb01b00a0b8d28dae460c141dd2ff83412e4dc1c31b16b25f33144a9e5620ea73b13f5bc1c59411d98439ad226e8af03840603796067d87afe130812cf3de24982d0e306f9e61e764e5\" aria-label=\"Banner_Obras_PortallavrasTV\"><img src=\"https:\/\/lavras.tv\/site\/wp-content\/uploads\/2025\/03\/Banner_Obras_PortallavrasTV.png\" alt=\"\"  srcset=\"https:\/\/lavras.tv\/site\/wp-content\/uploads\/2025\/03\/Banner_Obras_PortallavrasTV.png 720w, https:\/\/lavras.tv\/site\/wp-content\/uploads\/2025\/03\/Banner_Obras_PortallavrasTV-470x68.png 470w, https:\/\/lavras.tv\/site\/wp-content\/uploads\/2025\/03\/Banner_Obras_PortallavrasTV-170x25.png 170w, https:\/\/lavras.tv\/site\/wp-content\/uploads\/2025\/03\/Banner_Obras_PortallavrasTV-200x29.png 200w\" sizes=\"(max-width: 720px) 100vw, 720px\" width=\"720\" height=\"104\"   \/><\/a><\/li><li><div style=\"margin-left: auto;margin-right: auto;text-align: center;\" id=\"lavra-793621794\"><a href=\"https:\/\/sistemas.lavras.mg.gov.br\/portalcidadao\/#df1b1a7c7b2a290bcb31e32771e610784662739a88807c0dacac58ede5f391a7530e299dc302d611ee73cb143fc22eaf93592e53e7b5bdb01b00a0b8d28dae460c141dd2ff83412e4dc1c31b16b25f33144a9e5620ea73b13f5bc1c59411d98439ad226e8af03840603796067d87afe130812cf3de24982d0e306f9e61e764e5\" aria-label=\"Banner_Educa\u00e7\u00e3o_PortallavrasTV\"><img src=\"https:\/\/lavras.tv\/site\/wp-content\/uploads\/2025\/01\/Banner_Educacao_PortallavrasTV.png\" alt=\"\"  srcset=\"https:\/\/lavras.tv\/site\/wp-content\/uploads\/2025\/01\/Banner_Educacao_PortallavrasTV.png 720w, https:\/\/lavras.tv\/site\/wp-content\/uploads\/2025\/01\/Banner_Educacao_PortallavrasTV-470x68.png 470w, https:\/\/lavras.tv\/site\/wp-content\/uploads\/2025\/01\/Banner_Educacao_PortallavrasTV-170x25.png 170w, https:\/\/lavras.tv\/site\/wp-content\/uploads\/2025\/01\/Banner_Educacao_PortallavrasTV-200x29.png 200w\" sizes=\"(max-width: 720px) 100vw, 720px\" width=\"720\" height=\"104\"  style=\"display: inline-block;\" \/><\/a><\/div><\/li><li><a href=\"https:\/\/sistemas.lavras.mg.gov.br\/portalcidadao\/#df1b1a7c7b2a290bcb31e32771e610784662739a88807c0dacac58ede5f391a7530e299dc302d611ee73cb143fc22eaf93592e53e7b5bdb01b00a0b8d28dae460c141dd2ff83412e4dc1c31b16b25f33144a9e5620ea73b13f5bc1c59411d98439ad226e8af03840603796067d87afe130812cf3de24982d0e306f9e61e764e5\" aria-label=\"Banner_Sa\u00fade_PortallavrasTV\"><img src=\"https:\/\/lavras.tv\/site\/wp-content\/uploads\/2025\/03\/Banner_Saude_PortallavrasTV.png\" alt=\"\"  srcset=\"https:\/\/lavras.tv\/site\/wp-content\/uploads\/2025\/03\/Banner_Saude_PortallavrasTV.png 720w, https:\/\/lavras.tv\/site\/wp-content\/uploads\/2025\/03\/Banner_Saude_PortallavrasTV-470x68.png 470w, https:\/\/lavras.tv\/site\/wp-content\/uploads\/2025\/03\/Banner_Saude_PortallavrasTV-170x25.png 170w, https:\/\/lavras.tv\/site\/wp-content\/uploads\/2025\/03\/Banner_Saude_PortallavrasTV-200x29.png 200w\" sizes=\"(max-width: 720px) 100vw, 720px\" width=\"720\" height=\"104\"   \/><\/a><\/li><li><div id=\"lavra-3177876993\" style=\"width:720px;height:104px;background-color:#ddd;overflow:scroll;\">\n\t<strong>Sa\u00edda da depura\u00e7\u00e3o de an\u00fancios<\/strong>\n\t<br><br>\n\tO an\u00fancio n\u00e3o \u00e9 exibido na p\u00e1gina<br><br>post atual: Pautas conservadoras invadem agenda da Assembleia Legislativa de Minas, ID: 158727<br><br><span style=\"color: red;\">O post atual n\u00e3o \u00e9 id\u00eantico ao post principal.<\/span><br><br>An\u00fancios: ROXO - TOPO INTERNA - ROTATIVO 2 (197)<br \/>Grupo de an\u00fancios: Princ_Meio01_720x104 (27)<br><br>Condi\u00e7\u00f5es de exibi\u00e7\u00e3o<div style=\"margin-bottom: 20px; white-space: pre-wrap; font-family: monospace; width: 100%; background: #ffe9e9;\"><strong>condi\u00e7\u00f5es gerais<\/strong><table border=\"1\"><thead><tr><th><\/th><th>An\u00fancios<\/th><th>wp_the_query<\/th><\/tr><\/thead><tr><td>is_main_query<\/td><td>1<\/td><td>1<\/td><\/tr><tr><td>is_rest_api<\/td><td>0<\/td><td>1<\/td><\/tr><tr><td>page<\/td><td>0<\/td><td>1<\/td><\/tr><tr><td>numpages<\/td><td>0<\/td><td>1<\/td><\/tr><tr><td>is_archive<\/td><td>1<\/td><td><\/td><\/tr><tr><td>is_search<\/td><td>1<\/td><td><\/td><\/tr><tr><td>is_home<\/td><td>1<\/td><td><\/td><\/tr><tr><td>is_404<\/td><td>1<\/td><td><\/td><\/tr><tr><td>is_attachment<\/td><td>1<\/td><td><\/td><\/tr><tr><td>is_singular<\/td><td>1<\/td><td><\/td><\/tr><tr><td>is_front_page<\/td><td>1<\/td><td><\/td><\/tr><tr><td>is_feed<\/td><td>1<\/td><td><\/td><\/tr><\/table><\/div><br><br><span style=\"color: red;\">Seu site usa HTTPS, mas o c\u00f3digo do an\u00fancio cont\u00e9m HTTP e pode n\u00e3o funcionar.<\/span>\t<br><br>\n\t<a style=\"color: green;\" href=\"https:\/\/wpadvancedads.com\/manual\/ad-debug-mode\/?utm_source=advanced-ads&utm_medium=link&utm_campaign=ad-debug-mode\" target=\"_blank\" rel=\"nofollow\">Encontre solu\u00e7\u00f5es no manual<\/a>\n<\/div>\n<\/li><\/ul><\/div><script>( window.advanced_ads_ready || jQuery( document ).ready ).call( null, function() {var $lavraslider179888330 = jQuery( \".lavra-slider-179888330\" );$lavraslider179888330.on( \"unslider.ready\", function() { jQuery( \"div.custom-slider ul li\" ).css( \"display\", \"block\" ); });$lavraslider179888330.unslider({ delay:4000, autoplay:true, nav:false, arrows:false, infinite:true });$lavraslider179888330.on(\"mouseover\", function() {$lavraslider179888330.unslider(\"stop\");}).on(\"mouseout\", function() {$lavraslider179888330.unslider(\"start\");});});<\/script><\/div>\n<p>Deputados estaduais iniciam semestre com s\u00e9rie de propostas de controle de eventos p\u00fablicos e regulamenta\u00e7\u00e3o de quest\u00f5es relacionadas \u00e0 identidade de g\u00eanero<\/p>\n\n\n\n<figure class=\"wp-block-image size-large\"><img fetchpriority=\"high\" decoding=\"async\" width=\"970\" height=\"581\" src=\"https:\/\/lavras.tv\/site\/wp-content\/uploads\/2025\/02\/1_assembleia_legislativa_minas-46625401-970x581.jpg\" alt=\"\" class=\"wp-image-158728\" srcset=\"https:\/\/lavras.tv\/site\/wp-content\/uploads\/2025\/02\/1_assembleia_legislativa_minas-46625401-970x581.jpg 970w, https:\/\/lavras.tv\/site\/wp-content\/uploads\/2025\/02\/1_assembleia_legislativa_minas-46625401-470x282.jpg 470w, https:\/\/lavras.tv\/site\/wp-content\/uploads\/2025\/02\/1_assembleia_legislativa_minas-46625401-170x102.jpg 170w, https:\/\/lavras.tv\/site\/wp-content\/uploads\/2025\/02\/1_assembleia_legislativa_minas-46625401-200x120.jpg 200w, https:\/\/lavras.tv\/site\/wp-content\/uploads\/2025\/02\/1_assembleia_legislativa_minas-46625401.jpg 1200w\" sizes=\"(max-width: 970px) 100vw, 970px\" \/><\/figure>\n\n\n\n<p>A\u00a0<strong><a href=\"https:\/\/www.em.com.br\/politica\/2025\/02\/7058274-almg-forma-comissoes-e-indica-presidencias-para-o-proximo-bienio.html\" target=\"_blank\" rel=\"noreferrer noopener\">Assembleia Legislativa de Minas Gerais (ALMG)<\/a><\/strong>\u00a0iniciou o semestre com uma s\u00e9rie de projetos de lei voltados a pautas conservadoras, defendidas como medidas \u201cem prol da fam\u00edlia\u201d e dos \u201cvalores tradicionais\u201d. Entre as propostas apresentadas at\u00e9 a sexta-feira passada, dia 14, cinco tratam do controle de eventos p\u00fablicos e da regulamenta\u00e7\u00e3o de quest\u00f5es relacionadas \u00e0 identidade de g\u00eanero.<\/p>\n\n\n\n<p>Os projetos, todos de autoria de deputados do Partido Liberal (PL), incluem restri\u00e7\u00f5es ao financiamento p\u00fablico de eventos culturais que fa\u00e7am refer\u00eancia ao crime organizado, drogas e sexualiza\u00e7\u00e3o precoce; proibi\u00e7\u00e3o da execu\u00e7\u00e3o de m\u00fasicas com conte\u00fado considerado impr\u00f3prio em escolas; e a veda\u00e7\u00e3o de tratamentos hormonais e cir\u00fargicos para transi\u00e7\u00e3o de g\u00eanero em menores de idade.<\/p>\n\n\n\n<p>Os autores defendem que as medidas t\u00eam como objetivo proteger crian\u00e7as e adolescentes e garantir o uso adequado dos recursos p\u00fablicos. No entanto, as propostas tamb\u00e9m refor\u00e7am a linha ideol\u00f3gica adotada pela sigla. Na<a href=\"https:\/\/www.em.com.br\/politica\/2025\/02\/7056123-projetos-sobre-costumes-tem-prioridade-na-camara-de-bh.html\" target=\"_blank\" rel=\"noreferrer noopener\">\u00a0edi\u00e7\u00e3o de 9 de fevereiro, o\u00a0<strong>Estado de Minas<\/strong>\u00a0mostrou que um movimento semelhante<\/a>\u00a0tem sido observado na C\u00e2mara Municipal de Belo Horizonte (CMBH), onde vereadores da direita t\u00eam apresentado projetos que, em sua maioria, esbarram na Constitui\u00e7\u00e3o. A argumenta\u00e7\u00e3o que permeia as propostas toca diretamente nas preocupa\u00e7\u00f5es da base mais conservadora que elegeu boa parte desses deputados.<\/p>\n\n\n\n<p>Na ALMG, um dos textos mais pol\u00eamicos \u00e9 o PL 3.261\/2025, de autoria do deputado Eduardo Azevedo (PL), que pro\u00edbe a realiza\u00e7\u00e3o de hormonioterapia, cirurgias e outros tratamentos voltados \u00e0 transi\u00e7\u00e3o de g\u00eanero em menores de idade no estado, mesmo com autoriza\u00e7\u00e3o dos pais. A proposta prev\u00ea penalidades para quem descumprir a norma e abre exce\u00e7\u00e3o apenas para casos de \u201canomalias cromoss\u00f4micas\u201d diagnosticadas clinicamente.<\/p>\n\n\n\n<p>A regulamenta\u00e7\u00e3o do Conselho Federal de Medicina (CFM) j\u00e1 pro\u00edbe a cirurgia de redesigna\u00e7\u00e3o de sexo para menores de idade. Azevedo argumenta que o objetivo \u00e9 proteger a integridade f\u00edsica e emocional de crian\u00e7as e adolescentes, impedindo que sejam submetidos a \u201cprocedimentos irrevers\u00edveis\u201d sem a maturidade necess\u00e1ria para essa decis\u00e3o. \u201cN\u00e3o existem crian\u00e7as trans\u201d, declarou o parlamentar, acrescentando que menores \u201cprecisam de prote\u00e7\u00e3o, n\u00e3o de ideologias\u201d.<\/p>\n\n\n\n<h2 class=\"wp-block-heading\">Press\u00e3o na \u00e1rea de eventos culturais<\/h2>\n\n\n\n<p>Os outros quatro projetos seguem a mesma linha e buscam restringir o uso de recursos p\u00fablicos no financiamento de eventos culturais que fa\u00e7am apologia ao crime, \u00e0 viol\u00eancia e \u00e0s drogas. Al\u00e9m disso, uma das propostas prev\u00ea a proibi\u00e7\u00e3o da reprodu\u00e7\u00e3o de m\u00fasicas com esse tipo de conte\u00fado em espa\u00e7os frequentados por crian\u00e7as e adolescentes, como escolas.<\/p>\n\n\n\n<p>Tem\u00e1tica similar tamb\u00e9m est\u00e1 em debate no cen\u00e1rio nacional. No Congresso, foi apresentado o<a href=\"https:\/\/www.em.com.br\/cultura\/2024\/03\/6825741-saiba-quem-e-oruam-trapper-filho-de-marcinho-vp-do-comando-vermelho.html\" target=\"_blank\" rel=\"noreferrer noopener\">&nbsp;projeto de lei conhecido como \u201cAnti-Oruam\u201d<\/a>, que impede a apologia ao crime organizado e ao consumo de drogas em shows e eventos financiados pelo governo federal.<\/p>\n\n\n\n<p>O PL 3.263\/2025, do deputado Bruno Engler (PL), estabelece que shows, festivais e apresenta\u00e7\u00f5es abertas ao p\u00fablico n\u00e3o poder\u00e3o receber verbas do Estado caso promovam apologia ao crime organizado, ao tr\u00e1fico de drogas ou apresentem teor sexual expl\u00edcito. Na justificativa, o parlamentar argumenta que eventos desse tipo podem influenciar negativamente os jovens e refor\u00e7ar uma cultura de viol\u00eancia.<\/p>\n\n\n\n<p>J\u00e1 o PL 3.262\/2025, de Eduardo Azevedo (PL), tem uma abordagem mais espec\u00edfica ao proibir o financiamento e a realiza\u00e7\u00e3o de eventos abertos ao p\u00fablico infantojuvenil que contenham refer\u00eancias a crimes, consumo de drogas ou conte\u00fados de teor sexual.<\/p>\n\n\n\n<p>A proposta prev\u00ea san\u00e7\u00f5es para organizadores que descumprirem as regras, incluindo multa de 100% do valor do contrato, revertida para a rede estadual de ensino. Al\u00e9m disso, estabelece que pais sejam respons\u00e1veis por levar menores a eventos que violem a norma e permite que qualquer cidad\u00e3o denuncie infra\u00e7\u00f5es ao governo.<\/p>\n\n\n\n<h2 class=\"wp-block-heading\">Fiscaliza\u00e7\u00e3o antes de liberar recursos<\/h2>\n\n\n\n<p>Na mesma linha, a deputada Amanda Teixeira Dias (PL) apresentou o PL 3.254\/2025, que tamb\u00e9m estabelece regras para impedir que recursos estaduais financiem eventos que promovam ou fa\u00e7am apologia ao crime organizado. O diferencial \u00e9 que a proposta estabelece diretrizes de fiscaliza\u00e7\u00e3o, com an\u00e1lise pr\u00e9via do conte\u00fado dos eventos antes da libera\u00e7\u00e3o de recursos.<\/p>\n\n\n\n<p>De acordo com o texto, o Tribunal de Contas do Estado (TCE-MG) ser\u00e1 o respons\u00e1vel por monitorar a aplica\u00e7\u00e3o dos repasses. Se forem identificadas infra\u00e7\u00f5es, os recursos poder\u00e3o ser suspensos imediatamente, e os respons\u00e1veis ter\u00e3o que devolver os valores recebidos, al\u00e9m de pagar uma multa de 50% sobre o montante utilizado.<\/p>\n\n\n\n<p>Na justificativa, a parlamentar defende que a medida busca evitar a normaliza\u00e7\u00e3o da criminalidade entre os jovens e cita dados do Anu\u00e1rio Brasileiro de Seguran\u00e7a P\u00fablica, que registrou 3.921 homic\u00eddios em Minas Gerais no \u00faltimo ano, muitos deles relacionados ao crime organizado.<\/p>\n\n\n\n<p>Em outra frente, o PL 3.252\/2025, tamb\u00e9m de Eduardo Azevedo, foca na proibi\u00e7\u00e3o da reprodu\u00e7\u00e3o de m\u00fasicas com conte\u00fado inadequado em escolas e outros espa\u00e7os p\u00fablicos frequentados por crian\u00e7as e adolescentes. A medida veda a execu\u00e7\u00e3o de letras com teor pornogr\u00e1fico, obsceno ou que fa\u00e7am apologia ao crime e \u00e0 automutila\u00e7\u00e3o.<\/p>\n\n\n\n<p>Tamb\u00e9m impede a exibi\u00e7\u00e3o de videoclipes com essas tem\u00e1ticas, mesmo que a m\u00fasica n\u00e3o contenha tais refer\u00eancias explicitamente. A justificativa de Azevedo ressalta a necessidade de proteger crian\u00e7as e adolescentes da exposi\u00e7\u00e3o a conte\u00fados que possam comprometer seu desenvolvimento, \u201catendendo a demandas de pais que buscam um ambiente mais seguro nas institui\u00e7\u00f5es de ensino\u201d.<\/p>\n\n\n\n<p>Conforme levantamento realizado pelo&nbsp;<strong>Estado de Minas<\/strong>, 90 propostas foram apresentadas at\u00e9 a manh\u00e3 de sexta-feira (14). Destas, 21 buscam conceder o reconhecimento de \u201crelevante interesse cultural\u201d e 14 t\u00eam como objetivo conferir o t\u00edtulo de \u201cutilidade p\u00fablica\u201d a entidades e organiza\u00e7\u00f5es. Propostas desse tipo s\u00e3o comuns no Legislativo estadual, uma vez que s\u00e3o analisadas de forma conclusiva pelas comiss\u00f5es permanentes, n\u00e3o precisando ser submetidas \u00e0 vota\u00e7\u00e3o no plen\u00e1rio, tramitando em turno \u00fanico.<\/p>\n\n\n\n<p>O reconhecimento, muito buscado pelas entidades, garante benef\u00edcios como isen\u00e7\u00e3o de contribui\u00e7\u00f5es \u00e0 seguridade social e imunidade fiscal. Al\u00e9m disso, 16 dos projetos apresentados at\u00e9 o momento tratam da doa\u00e7\u00e3o de im\u00f3veis p\u00fablicos.<\/p>\n","protected":false},"excerpt":{"rendered":"<p>Deputados estaduais iniciam semestre com s\u00e9rie de propostas de controle de eventos p\u00fablicos e regulamenta\u00e7\u00e3o de quest\u00f5es relacionadas \u00e0 identidade de g\u00eanero A\u00a0Assembleia Legislativa de Minas Gerais (ALMG)\u00a0iniciou o semestre com uma s\u00e9rie de projetos de lei voltados a pautas conservadoras, defendidas como medidas \u201cem prol da fam\u00edlia\u201d e dos \u201cvalores tradicionais\u201d. Entre as propostas [&hellip;]<\/p>\n","protected":false},"author":5,"featured_media":158728,"comment_status":"closed","ping_status":"open","sticky":false,"template":"","format":"standard","meta":{"advgb_blocks_editor_width":"","advgb_blocks_columns_visual_guide":"","_exactmetrics_skip_tracking":false,"_exactmetrics_sitenote_active":false,"_exactmetrics_sitenote_note":"","_exactmetrics_sitenote_category":0,"footnotes":""},"categories":[7,2,12],"tags":[],"class_list":["post-158727","post","type-post","status-publish","format-standard","has-post-thumbnail","hentry","category-destaques","category-noticias","category-politica"],"better_featured_image":{"id":158728,"alt_text":"","caption":"","description":"","media_type":"image","media_details":{"width":1200,"height":719,"file":"2025\/02\/1_assembleia_legislativa_minas-46625401.jpg","filesize":220946,"sizes":{"medium":{"file":"1_assembleia_legislativa_minas-46625401-470x282.jpg","width":470,"height":282,"mime-type":"image\/jpeg","filesize":32563,"source_url":"https:\/\/lavras.tv\/site\/wp-content\/uploads\/2025\/02\/1_assembleia_legislativa_minas-46625401-470x282.jpg"},"large":{"file":"1_assembleia_legislativa_minas-46625401-970x581.jpg","width":970,"height":581,"mime-type":"image\/jpeg","filesize":107821,"source_url":"https:\/\/lavras.tv\/site\/wp-content\/uploads\/2025\/02\/1_assembleia_legislativa_minas-46625401-970x581.jpg"},"thumbnail":{"file":"1_assembleia_legislativa_minas-46625401-170x102.jpg","width":170,"height":102,"mime-type":"image\/jpeg","filesize":6271,"source_url":"https:\/\/lavras.tv\/site\/wp-content\/uploads\/2025\/02\/1_assembleia_legislativa_minas-46625401-170x102.jpg"},"lshowcase-thumb":{"file":"1_assembleia_legislativa_minas-46625401-200x120.jpg","width":200,"height":120,"mime-type":"image\/jpeg","filesize":8005,"source_url":"https:\/\/lavras.tv\/site\/wp-content\/uploads\/2025\/02\/1_assembleia_legislativa_minas-46625401-200x120.jpg"},"alm-thumbnail":{"file":"1_assembleia_legislativa_minas-46625401-150x150.jpg","width":150,"height":150,"mime-type":"image\/jpeg","filesize":7602,"source_url":"https:\/\/lavras.tv\/site\/wp-content\/uploads\/2025\/02\/1_assembleia_legislativa_minas-46625401-150x150.jpg"}},"image_meta":{"aperture":"0","credit":"","camera":"","caption":"","created_timestamp":"0","copyright":"","focal_length":"0","iso":"0","shutter_speed":"0","title":"","orientation":"0","keywords":[]}},"post":158727,"source_url":"https:\/\/lavras.tv\/site\/wp-content\/uploads\/2025\/02\/1_assembleia_legislativa_minas-46625401.jpg"},"author_meta":{"display_name":"Vinicius Bustamante","author_link":"https:\/\/lavras.tv\/site\/author\/vinicius-bustamante\/"},"featured_img":"https:\/\/lavras.tv\/site\/wp-content\/uploads\/2025\/02\/1_assembleia_legislativa_minas-46625401-470x282.jpg","coauthors":[],"tax_additional":{"categories":{"linked":["<a href=\"https:\/\/lavras.tv\/site\/category\/destaques\/\" class=\"advgb-post-tax-term\">Destaques<\/a>","<a href=\"https:\/\/lavras.tv\/site\/category\/noticias\/\" class=\"advgb-post-tax-term\">Not\u00edcias<\/a>","<a href=\"https:\/\/lavras.tv\/site\/category\/politica\/\" class=\"advgb-post-tax-term\">Pol\u00edtica<\/a>"],"unlinked":["<span class=\"advgb-post-tax-term\">Destaques<\/span>","<span class=\"advgb-post-tax-term\">Not\u00edcias<\/span>","<span class=\"advgb-post-tax-term\">Pol\u00edtica<\/span>"]}},"comment_count":"0","relative_dates":{"created":"Publicado 1 ano atr\u00e1s","modified":"Atualizado 1 ano atr\u00e1s"},"absolute_dates":{"created":"Publicado em 17 de fevereiro de 2025","modified":"Atualizado em 17 de fevereiro de 2025"},"absolute_dates_time":{"created":"Publicado em 17 de fevereiro de 2025 14:39","modified":"Atualizado em 17 de fevereiro de 2025 14:39"},"featured_img_caption":"","series_order":"","_links":{"self":[{"href":"https:\/\/lavras.tv\/site\/wp-json\/wp\/v2\/posts\/158727","targetHints":{"allow":["GET"]}}],"collection":[{"href":"https:\/\/lavras.tv\/site\/wp-json\/wp\/v2\/posts"}],"about":[{"href":"https:\/\/lavras.tv\/site\/wp-json\/wp\/v2\/types\/post"}],"author":[{"embeddable":true,"href":"https:\/\/lavras.tv\/site\/wp-json\/wp\/v2\/users\/5"}],"replies":[{"embeddable":true,"href":"https:\/\/lavras.tv\/site\/wp-json\/wp\/v2\/comments?post=158727"}],"version-history":[{"count":1,"href":"https:\/\/lavras.tv\/site\/wp-json\/wp\/v2\/posts\/158727\/revisions"}],"predecessor-version":[{"id":158729,"href":"https:\/\/lavras.tv\/site\/wp-json\/wp\/v2\/posts\/158727\/revisions\/158729"}],"wp:featuredmedia":[{"embeddable":true,"href":"https:\/\/lavras.tv\/site\/wp-json\/wp\/v2\/media\/158728"}],"wp:attachment":[{"href":"https:\/\/lavras.tv\/site\/wp-json\/wp\/v2\/media?parent=158727"}],"wp:term":[{"taxonomy":"category","embeddable":true,"href":"https:\/\/lavras.tv\/site\/wp-json\/wp\/v2\/categories?post=158727"},{"taxonomy":"post_tag","embeddable":true,"href":"https:\/\/lavras.tv\/site\/wp-json\/wp\/v2\/tags?post=158727"}],"curies":[{"name":"wp","href":"https:\/\/api.w.org\/{rel}","templated":true}]}}