{"id":15921,"date":"2018-04-26T10:41:45","date_gmt":"2018-04-26T13:41:45","guid":{"rendered":"http:\/\/lavras.tv\/site\/?p=15921"},"modified":"2018-04-26T10:41:45","modified_gmt":"2018-04-26T13:41:45","slug":"fhc-diz-que-escandalo-de-aecio-neves-pode-abalar-alckmin-na-corrida-ao-planalto","status":"publish","type":"post","link":"https:\/\/lavras.tv\/site\/2018\/04\/26\/fhc-diz-que-escandalo-de-aecio-neves-pode-abalar-alckmin-na-corrida-ao-planalto\/","title":{"rendered":"FHC diz que esc\u00e2ndalo de A\u00e9cio Neves pode abalar Alckmin na corrida ao Planalto"},"content":{"rendered":"<div class=\"lavra-antes-do-conteudo_2\" id=\"lavra-531071323\"><div id=\"lavra-slider-27\" class=\"custom-slider lavra-slider-2929548845 lavra-slider\"><ul><li><div style=\"margin-left: auto;margin-right: auto;text-align: center;\" id=\"lavra-841342923\"><a href=\"https:\/\/sistemas.lavras.mg.gov.br\/portalcidadao\/#df1b1a7c7b2a290bcb31e32771e610784662739a88807c0dacac58ede5f391a7530e299dc302d611ee73cb143fc22eaf93592e53e7b5bdb01b00a0b8d28dae460c141dd2ff83412e4dc1c31b16b25f33144a9e5620ea73b13f5bc1c59411d98439ad226e8af03840603796067d87afe130812cf3de24982d0e306f9e61e764e5\" aria-label=\"Lavras-TV&#8211;720x104px (1) (1)\"><img src=\"https:\/\/lavras.tv\/site\/wp-content\/uploads\/2025\/01\/Lavras-TV-720x104px-1-1.png\" alt=\"\"  srcset=\"https:\/\/lavras.tv\/site\/wp-content\/uploads\/2025\/01\/Lavras-TV-720x104px-1-1.png 720w, https:\/\/lavras.tv\/site\/wp-content\/uploads\/2025\/01\/Lavras-TV-720x104px-1-1-470x68.png 470w, https:\/\/lavras.tv\/site\/wp-content\/uploads\/2025\/01\/Lavras-TV-720x104px-1-1-170x25.png 170w, https:\/\/lavras.tv\/site\/wp-content\/uploads\/2025\/01\/Lavras-TV-720x104px-1-1-200x29.png 200w\" sizes=\"(max-width: 720px) 100vw, 720px\" width=\"720\" height=\"104\"  style=\"display: inline-block;\" \/><\/a><\/div><\/li><li><a href=\"https:\/\/sistemas.lavras.mg.gov.br\/portalcidadao\/#df1b1a7c7b2a290bcb31e32771e610784662739a88807c0dacac58ede5f391a7530e299dc302d611ee73cb143fc22eaf93592e53e7b5bdb01b00a0b8d28dae460c141dd2ff83412e4dc1c31b16b25f33144a9e5620ea73b13f5bc1c59411d98439ad226e8af03840603796067d87afe130812cf3de24982d0e306f9e61e764e5\" aria-label=\"Banner_Emprego_PortallavrasTV\"><img src=\"https:\/\/lavras.tv\/site\/wp-content\/uploads\/2025\/03\/Banner_Emprego_PortallavrasTV.png\" alt=\"\"  srcset=\"https:\/\/lavras.tv\/site\/wp-content\/uploads\/2025\/03\/Banner_Emprego_PortallavrasTV.png 720w, https:\/\/lavras.tv\/site\/wp-content\/uploads\/2025\/03\/Banner_Emprego_PortallavrasTV-470x68.png 470w, https:\/\/lavras.tv\/site\/wp-content\/uploads\/2025\/03\/Banner_Emprego_PortallavrasTV-170x25.png 170w, https:\/\/lavras.tv\/site\/wp-content\/uploads\/2025\/03\/Banner_Emprego_PortallavrasTV-200x29.png 200w\" sizes=\"(max-width: 720px) 100vw, 720px\" width=\"720\" height=\"104\"   \/><\/a><\/li><li><a href=\"https:\/\/sistemas.lavras.mg.gov.br\/portalcidadao\/#df1b1a7c7b2a290bcb31e32771e610784662739a88807c0dacac58ede5f391a7530e299dc302d611ee73cb143fc22eaf93592e53e7b5bdb01b00a0b8d28dae460c141dd2ff83412e4dc1c31b16b25f33144a9e5620ea73b13f5bc1c59411d98439ad226e8af03840603796067d87afe130812cf3de24982d0e306f9e61e764e5\" aria-label=\"Banner_Obras_PortallavrasTV\"><img src=\"https:\/\/lavras.tv\/site\/wp-content\/uploads\/2025\/03\/Banner_Obras_PortallavrasTV.png\" alt=\"\"  srcset=\"https:\/\/lavras.tv\/site\/wp-content\/uploads\/2025\/03\/Banner_Obras_PortallavrasTV.png 720w, https:\/\/lavras.tv\/site\/wp-content\/uploads\/2025\/03\/Banner_Obras_PortallavrasTV-470x68.png 470w, https:\/\/lavras.tv\/site\/wp-content\/uploads\/2025\/03\/Banner_Obras_PortallavrasTV-170x25.png 170w, https:\/\/lavras.tv\/site\/wp-content\/uploads\/2025\/03\/Banner_Obras_PortallavrasTV-200x29.png 200w\" sizes=\"(max-width: 720px) 100vw, 720px\" width=\"720\" height=\"104\"   \/><\/a><\/li><li><div style=\"margin-left: auto;margin-right: auto;text-align: center;\" id=\"lavra-400794782\"><a href=\"https:\/\/sistemas.lavras.mg.gov.br\/portalcidadao\/#df1b1a7c7b2a290bcb31e32771e610784662739a88807c0dacac58ede5f391a7530e299dc302d611ee73cb143fc22eaf93592e53e7b5bdb01b00a0b8d28dae460c141dd2ff83412e4dc1c31b16b25f33144a9e5620ea73b13f5bc1c59411d98439ad226e8af03840603796067d87afe130812cf3de24982d0e306f9e61e764e5\" aria-label=\"Banner_Educa\u00e7\u00e3o_PortallavrasTV\"><img src=\"https:\/\/lavras.tv\/site\/wp-content\/uploads\/2025\/01\/Banner_Educacao_PortallavrasTV.png\" alt=\"\"  srcset=\"https:\/\/lavras.tv\/site\/wp-content\/uploads\/2025\/01\/Banner_Educacao_PortallavrasTV.png 720w, https:\/\/lavras.tv\/site\/wp-content\/uploads\/2025\/01\/Banner_Educacao_PortallavrasTV-470x68.png 470w, https:\/\/lavras.tv\/site\/wp-content\/uploads\/2025\/01\/Banner_Educacao_PortallavrasTV-170x25.png 170w, https:\/\/lavras.tv\/site\/wp-content\/uploads\/2025\/01\/Banner_Educacao_PortallavrasTV-200x29.png 200w\" sizes=\"(max-width: 720px) 100vw, 720px\" width=\"720\" height=\"104\"  style=\"display: inline-block;\" \/><\/a><\/div><\/li><li><a href=\"https:\/\/sistemas.lavras.mg.gov.br\/portalcidadao\/#df1b1a7c7b2a290bcb31e32771e610784662739a88807c0dacac58ede5f391a7530e299dc302d611ee73cb143fc22eaf93592e53e7b5bdb01b00a0b8d28dae460c141dd2ff83412e4dc1c31b16b25f33144a9e5620ea73b13f5bc1c59411d98439ad226e8af03840603796067d87afe130812cf3de24982d0e306f9e61e764e5\" aria-label=\"Banner_Sa\u00fade_PortallavrasTV\"><img src=\"https:\/\/lavras.tv\/site\/wp-content\/uploads\/2025\/03\/Banner_Saude_PortallavrasTV.png\" alt=\"\"  srcset=\"https:\/\/lavras.tv\/site\/wp-content\/uploads\/2025\/03\/Banner_Saude_PortallavrasTV.png 720w, https:\/\/lavras.tv\/site\/wp-content\/uploads\/2025\/03\/Banner_Saude_PortallavrasTV-470x68.png 470w, https:\/\/lavras.tv\/site\/wp-content\/uploads\/2025\/03\/Banner_Saude_PortallavrasTV-170x25.png 170w, https:\/\/lavras.tv\/site\/wp-content\/uploads\/2025\/03\/Banner_Saude_PortallavrasTV-200x29.png 200w\" sizes=\"(max-width: 720px) 100vw, 720px\" width=\"720\" height=\"104\"   \/><\/a><\/li><li><div id=\"lavra-1962202700\" style=\"width:720px;height:104px;background-color:#ddd;overflow:scroll;\">\n\t<strong>Sa\u00edda da depura\u00e7\u00e3o de an\u00fancios<\/strong>\n\t<br><br>\n\tO an\u00fancio n\u00e3o \u00e9 exibido na p\u00e1gina<br><br>post atual: FHC diz que esc\u00e2ndalo de A\u00e9cio Neves pode abalar Alckmin na corrida ao Planalto, ID: 15921<br><br><span style=\"color: red;\">O post atual n\u00e3o \u00e9 id\u00eantico ao post principal.<\/span><br><br>An\u00fancios: ROXO - TOPO INTERNA - ROTATIVO 2 (197)<br \/>Grupo de an\u00fancios: Princ_Meio01_720x104 (27)<br><br>Condi\u00e7\u00f5es de exibi\u00e7\u00e3o<div style=\"margin-bottom: 20px; white-space: pre-wrap; font-family: monospace; width: 100%; background: #ffe9e9;\"><strong>condi\u00e7\u00f5es gerais<\/strong><table border=\"1\"><thead><tr><th><\/th><th>An\u00fancios<\/th><th>wp_the_query<\/th><\/tr><\/thead><tr><td>is_main_query<\/td><td>1<\/td><td>1<\/td><\/tr><tr><td>is_rest_api<\/td><td>0<\/td><td>1<\/td><\/tr><tr><td>page<\/td><td>0<\/td><td>1<\/td><\/tr><tr><td>numpages<\/td><td>0<\/td><td>1<\/td><\/tr><tr><td>is_archive<\/td><td>1<\/td><td><\/td><\/tr><tr><td>is_search<\/td><td>1<\/td><td><\/td><\/tr><tr><td>is_home<\/td><td>1<\/td><td><\/td><\/tr><tr><td>is_404<\/td><td>1<\/td><td><\/td><\/tr><tr><td>is_attachment<\/td><td>1<\/td><td><\/td><\/tr><tr><td>is_singular<\/td><td>1<\/td><td><\/td><\/tr><tr><td>is_front_page<\/td><td>1<\/td><td><\/td><\/tr><tr><td>is_feed<\/td><td>1<\/td><td><\/td><\/tr><\/table><\/div><br><br><span style=\"color: red;\">Seu site usa HTTPS, mas o c\u00f3digo do an\u00fancio cont\u00e9m HTTP e pode n\u00e3o funcionar.<\/span>\t<br><br>\n\t<a style=\"color: green;\" href=\"https:\/\/wpadvancedads.com\/manual\/ad-debug-mode\/?utm_source=advanced-ads&utm_medium=link&utm_campaign=ad-debug-mode\" target=\"_blank\" rel=\"nofollow\">Encontre solu\u00e7\u00f5es no manual<\/a>\n<\/div>\n<\/li><\/ul><\/div><script>( window.advanced_ads_ready || jQuery( document ).ready ).call( null, function() {var $lavraslider2929548845 = jQuery( \".lavra-slider-2929548845\" );$lavraslider2929548845.on( \"unslider.ready\", function() { jQuery( \"div.custom-slider ul li\" ).css( \"display\", \"block\" ); });$lavraslider2929548845.unslider({ delay:4000, autoplay:true, nav:false, arrows:false, infinite:true });$lavraslider2929548845.on(\"mouseover\", function() {$lavraslider2929548845.unslider(\"stop\");}).on(\"mouseout\", function() {$lavraslider2929548845.unslider(\"start\");});});<\/script><\/div><p>O ex-presidente Fernando Henrique Cardoso reconheceu que a candidatura de Geraldo Alckmin (PSDB) ao Planalto neste ano pode ser abalada pelos esc\u00e2ndalos envolvendo A\u00e9cio Neves, senador por Minas e ex-presidente nacional do PSDB.<!--more--> &#8220;Que abala, abala. Pode abalar. Se vai minar, vamos ver, dependendo da energia do maratonista e da capacidade que ele tem de conseguir apoio&#8221;, disse, em entrevista ao programa Conversa Com Bial, da Rede Globo, transmitido na madrugada desta quinta-feira (26).<\/p>\n<p><img fetchpriority=\"high\" decoding=\"async\" class=\"alignnone size-full wp-image-15922 aligncenter\" src=\"http:\/\/lavras.tv\/site\/wp-content\/uploads\/2018\/04\/aecio-alckmin.jpg\" alt=\"aecio alckmin\" width=\"3543\" height=\"2362\" srcset=\"https:\/\/lavras.tv\/site\/wp-content\/uploads\/2018\/04\/aecio-alckmin.jpg 3543w, https:\/\/lavras.tv\/site\/wp-content\/uploads\/2018\/04\/aecio-alckmin-150x100.jpg 150w, https:\/\/lavras.tv\/site\/wp-content\/uploads\/2018\/04\/aecio-alckmin-300x200.jpg 300w, https:\/\/lavras.tv\/site\/wp-content\/uploads\/2018\/04\/aecio-alckmin-1024x683.jpg 1024w, https:\/\/lavras.tv\/site\/wp-content\/uploads\/2018\/04\/aecio-alckmin-480x320.jpg 480w, https:\/\/lavras.tv\/site\/wp-content\/uploads\/2018\/04\/aecio-alckmin-272x182.jpg 272w\" sizes=\"(max-width: 3543px) 100vw, 3543px\" \/><\/p>\n<p>FHC foi questionado sobre sua declara\u00e7\u00e3o ao jornal O Estado de S.Paulo, publicada no dia 19, em que definiu Alckmin como &#8220;corredor de maratona, n\u00e3o de 100 metros&#8221;, como forma de minimizar os baixos \u00edndices de inten\u00e7\u00e3o de votos nas pesquisas do ex-governador paulista. Sobre os efeitos nas pretens\u00f5es tucanas ap\u00f3s A\u00e9cio ter se tornado r\u00e9u no Supremo Tribunal Federal por corrup\u00e7\u00e3o e obstru\u00e7\u00e3o da Justi\u00e7a, o ex-presidente defendeu que \u00e9 preciso aguardar. &#8220;Temos de ser prudentes em olhar quais v\u00e3o ser as consequ\u00eancias, depende da resposta pol\u00edtica que as pessoas derem&#8221;, disse.<\/p>\n<p>O ex-presidente foi confrontado se, ap\u00f3s o caso A\u00e9cio, n\u00e3o ficaria imposs\u00edvel sustentar que a corrup\u00e7\u00e3o do PSDB n\u00e3o tenha sido t\u00e3o sist\u00eamica quanto a do PT. &#8220;Quando se diz sist\u00eamica, quer dizer o que? N\u00e3o \u00e9 que foi muitas pessoas. Quer dizer que foi uma organiza\u00e7\u00e3o que beneficiou partidos que est\u00e3o no poder e que utilizou empresas p\u00fablicas para aumentar o valor dos contratos, passar para empresas privadas e para os partidos&#8221;, disse. &#8220;O que foi dito sobre o A\u00e9cio n\u00e3o tem nenhum tesoureiro envolvido. No caso do mensal\u00e3o e do petrol\u00e3o \u00e9 o contr\u00e1rio. Os dois s\u00e3o ruins, mas s\u00e3o diferentes. Por enquanto s\u00e3o atos individuais (de A\u00e9cio).&#8221;<\/p>\n<p>FHC disse que espera ver Alckmin no segundo turno. Mas, caso o tucano n\u00e3o chegue l\u00e1, vai &#8220;tentar ver quem \u00e9 o melhor para o Brasil&#8221;.<\/p>\n<p>Fonte: Itatiaia<\/p>\n","protected":false},"excerpt":{"rendered":"<p>O ex-presidente Fernando Henrique Cardoso reconheceu que a candidatura de Geraldo Alckmin (PSDB) ao Planalto neste ano pode ser abalada pelos esc\u00e2ndalos envolvendo A\u00e9cio Neves, senador por Minas e ex-presidente nacional do PSDB.<\/p>\n","protected":false},"author":2,"featured_media":15922,"comment_status":"closed","ping_status":"open","sticky":false,"template":"","format":"standard","meta":{"advgb_blocks_editor_width":"","advgb_blocks_columns_visual_guide":"","_exactmetrics_skip_tracking":false,"_exactmetrics_sitenote_active":false,"_exactmetrics_sitenote_note":"","_exactmetrics_sitenote_category":0,"footnotes":""},"categories":[7,12],"tags":[2023,4760,4761],"class_list":["post-15921","post","type-post","status-publish","format-standard","has-post-thumbnail","hentry","category-destaques","category-politica","tag-aecio-neves","tag-fhc","tag-geraldo-alckmin"],"better_featured_image":{"id":15922,"alt_text":"","caption":"","description":"","media_type":"image","media_details":{"width":3543,"height":2362,"file":"2018\/04\/aecio-alckmin.jpg","sizes":{"thumbnail":{"file":"aecio-alckmin-150x100.jpg","width":150,"height":100,"mime-type":"image\/jpeg","source_url":"https:\/\/lavras.tv\/site\/wp-content\/uploads\/2018\/04\/aecio-alckmin-150x100.jpg"},"medium":{"file":"aecio-alckmin-300x200.jpg","width":300,"height":200,"mime-type":"image\/jpeg","source_url":"https:\/\/lavras.tv\/site\/wp-content\/uploads\/2018\/04\/aecio-alckmin-300x200.jpg"},"large":{"file":"aecio-alckmin-1024x683.jpg","width":1024,"height":683,"mime-type":"image\/jpeg","source_url":"https:\/\/lavras.tv\/site\/wp-content\/uploads\/2018\/04\/aecio-alckmin-1024x683.jpg"},"featured-slider-img":{"file":"aecio-alckmin-640x480.jpg","width":640,"height":480,"mime-type":"image\/jpeg","source_url":"https:\/\/lavras.tv\/site\/wp-content\/uploads\/2018\/04\/aecio-alckmin-640x480.jpg"},"featured-post-img":{"file":"aecio-alckmin-480x320.jpg","width":480,"height":320,"mime-type":"image\/jpeg","source_url":"https:\/\/lavras.tv\/site\/wp-content\/uploads\/2018\/04\/aecio-alckmin-480x320.jpg"},"sow-carousel-default":{"file":"aecio-alckmin-272x182.jpg","width":272,"height":182,"mime-type":"image\/jpeg","source_url":"https:\/\/lavras.tv\/site\/wp-content\/uploads\/2018\/04\/aecio-alckmin-272x182.jpg"}},"image_meta":{"aperture":"0","credit":"GeorgeGianni","camera":"","caption":"","created_timestamp":"0","copyright":"","focal_length":"0","iso":"0","shutter_speed":"0","title":"","orientation":"0","keywords":[]}},"post":15921,"source_url":"https:\/\/lavras.tv\/site\/wp-content\/uploads\/2018\/04\/aecio-alckmin.jpg"},"author_meta":{"display_name":"Lavras TV","author_link":"https:\/\/lavras.tv\/site\/author\/lavrastv\/"},"featured_img":"https:\/\/lavras.tv\/site\/wp-content\/uploads\/2018\/04\/aecio-alckmin-300x200.jpg","coauthors":[],"tax_additional":{"categories":{"linked":["<a href=\"https:\/\/lavras.tv\/site\/category\/destaques\/\" class=\"advgb-post-tax-term\">Destaques<\/a>","<a href=\"https:\/\/lavras.tv\/site\/category\/politica\/\" class=\"advgb-post-tax-term\">Pol\u00edtica<\/a>"],"unlinked":["<span class=\"advgb-post-tax-term\">Destaques<\/span>","<span class=\"advgb-post-tax-term\">Pol\u00edtica<\/span>"]},"tags":{"linked":["<a href=\"https:\/\/lavras.tv\/site\/category\/politica\/\" class=\"advgb-post-tax-term\">a\u00e9cio neves<\/a>","<a href=\"https:\/\/lavras.tv\/site\/category\/politica\/\" class=\"advgb-post-tax-term\">FHC<\/a>","<a href=\"https:\/\/lavras.tv\/site\/category\/politica\/\" class=\"advgb-post-tax-term\">Geraldo Alckmin<\/a>"],"unlinked":["<span class=\"advgb-post-tax-term\">a\u00e9cio neves<\/span>","<span class=\"advgb-post-tax-term\">FHC<\/span>","<span class=\"advgb-post-tax-term\">Geraldo Alckmin<\/span>"]}},"comment_count":"0","relative_dates":{"created":"Publicado 8 anos atr\u00e1s","modified":"Atualizado 8 anos atr\u00e1s"},"absolute_dates":{"created":"Publicado em 26 de abril de 2018","modified":"Atualizado em 26 de abril de 2018"},"absolute_dates_time":{"created":"Publicado em 26 de abril de 2018 10:41","modified":"Atualizado em 26 de abril de 2018 10:41"},"featured_img_caption":"","series_order":"","_links":{"self":[{"href":"https:\/\/lavras.tv\/site\/wp-json\/wp\/v2\/posts\/15921","targetHints":{"allow":["GET"]}}],"collection":[{"href":"https:\/\/lavras.tv\/site\/wp-json\/wp\/v2\/posts"}],"about":[{"href":"https:\/\/lavras.tv\/site\/wp-json\/wp\/v2\/types\/post"}],"author":[{"embeddable":true,"href":"https:\/\/lavras.tv\/site\/wp-json\/wp\/v2\/users\/2"}],"replies":[{"embeddable":true,"href":"https:\/\/lavras.tv\/site\/wp-json\/wp\/v2\/comments?post=15921"}],"version-history":[{"count":1,"href":"https:\/\/lavras.tv\/site\/wp-json\/wp\/v2\/posts\/15921\/revisions"}],"predecessor-version":[{"id":15923,"href":"https:\/\/lavras.tv\/site\/wp-json\/wp\/v2\/posts\/15921\/revisions\/15923"}],"wp:featuredmedia":[{"embeddable":true,"href":"https:\/\/lavras.tv\/site\/wp-json\/wp\/v2\/media\/15922"}],"wp:attachment":[{"href":"https:\/\/lavras.tv\/site\/wp-json\/wp\/v2\/media?parent=15921"}],"wp:term":[{"taxonomy":"category","embeddable":true,"href":"https:\/\/lavras.tv\/site\/wp-json\/wp\/v2\/categories?post=15921"},{"taxonomy":"post_tag","embeddable":true,"href":"https:\/\/lavras.tv\/site\/wp-json\/wp\/v2\/tags?post=15921"}],"curies":[{"name":"wp","href":"https:\/\/api.w.org\/{rel}","templated":true}]}}