{"id":15934,"date":"2018-04-27T09:46:22","date_gmt":"2018-04-27T12:46:22","guid":{"rendered":"http:\/\/lavras.tv\/site\/?p=15934"},"modified":"2018-04-27T09:46:22","modified_gmt":"2018-04-27T12:46:22","slug":"informe-parlamentar-aprovado-projeto-da-deputada-damina-pereira-que-preve-reducao-de-tributos-para-empresas-que-contratarem-beneficiarios-do-bolsa-familia","status":"publish","type":"post","link":"https:\/\/lavras.tv\/site\/2018\/04\/27\/informe-parlamentar-aprovado-projeto-da-deputada-damina-pereira-que-preve-reducao-de-tributos-para-empresas-que-contratarem-beneficiarios-do-bolsa-familia\/","title":{"rendered":"[Informe Parlamentar] Aprovado projeto da deputada D\u00e2mina Pereira que prev\u00ea redu\u00e7\u00e3o de tributos para empresas que contratarem benefici\u00e1rios do Bolsa Fam\u00edlia"},"content":{"rendered":"<div class=\"lavra-antes-do-conteudo_2\" id=\"lavra-2931823381\"><div id=\"lavra-slider-27\" class=\"custom-slider lavra-slider-679420239 lavra-slider\"><ul><li><div style=\"margin-left: auto;margin-right: auto;text-align: center;\" id=\"lavra-4004439130\"><a href=\"https:\/\/sistemas.lavras.mg.gov.br\/portalcidadao\/#df1b1a7c7b2a290bcb31e32771e610784662739a88807c0dacac58ede5f391a7530e299dc302d611ee73cb143fc22eaf93592e53e7b5bdb01b00a0b8d28dae460c141dd2ff83412e4dc1c31b16b25f33144a9e5620ea73b13f5bc1c59411d98439ad226e8af03840603796067d87afe130812cf3de24982d0e306f9e61e764e5\" aria-label=\"Lavras-TV&#8211;720x104px (1) (1)\"><img src=\"https:\/\/lavras.tv\/site\/wp-content\/uploads\/2025\/01\/Lavras-TV-720x104px-1-1.png\" alt=\"\"  srcset=\"https:\/\/lavras.tv\/site\/wp-content\/uploads\/2025\/01\/Lavras-TV-720x104px-1-1.png 720w, https:\/\/lavras.tv\/site\/wp-content\/uploads\/2025\/01\/Lavras-TV-720x104px-1-1-470x68.png 470w, https:\/\/lavras.tv\/site\/wp-content\/uploads\/2025\/01\/Lavras-TV-720x104px-1-1-170x25.png 170w, https:\/\/lavras.tv\/site\/wp-content\/uploads\/2025\/01\/Lavras-TV-720x104px-1-1-200x29.png 200w\" sizes=\"(max-width: 720px) 100vw, 720px\" width=\"720\" height=\"104\"  style=\"display: inline-block;\" \/><\/a><\/div><\/li><li><a href=\"https:\/\/sistemas.lavras.mg.gov.br\/portalcidadao\/#df1b1a7c7b2a290bcb31e32771e610784662739a88807c0dacac58ede5f391a7530e299dc302d611ee73cb143fc22eaf93592e53e7b5bdb01b00a0b8d28dae460c141dd2ff83412e4dc1c31b16b25f33144a9e5620ea73b13f5bc1c59411d98439ad226e8af03840603796067d87afe130812cf3de24982d0e306f9e61e764e5\" aria-label=\"Banner_Emprego_PortallavrasTV\"><img src=\"https:\/\/lavras.tv\/site\/wp-content\/uploads\/2025\/03\/Banner_Emprego_PortallavrasTV.png\" alt=\"\"  srcset=\"https:\/\/lavras.tv\/site\/wp-content\/uploads\/2025\/03\/Banner_Emprego_PortallavrasTV.png 720w, https:\/\/lavras.tv\/site\/wp-content\/uploads\/2025\/03\/Banner_Emprego_PortallavrasTV-470x68.png 470w, https:\/\/lavras.tv\/site\/wp-content\/uploads\/2025\/03\/Banner_Emprego_PortallavrasTV-170x25.png 170w, https:\/\/lavras.tv\/site\/wp-content\/uploads\/2025\/03\/Banner_Emprego_PortallavrasTV-200x29.png 200w\" sizes=\"(max-width: 720px) 100vw, 720px\" width=\"720\" height=\"104\"   \/><\/a><\/li><li><a href=\"https:\/\/sistemas.lavras.mg.gov.br\/portalcidadao\/#df1b1a7c7b2a290bcb31e32771e610784662739a88807c0dacac58ede5f391a7530e299dc302d611ee73cb143fc22eaf93592e53e7b5bdb01b00a0b8d28dae460c141dd2ff83412e4dc1c31b16b25f33144a9e5620ea73b13f5bc1c59411d98439ad226e8af03840603796067d87afe130812cf3de24982d0e306f9e61e764e5\" aria-label=\"Banner_Obras_PortallavrasTV\"><img src=\"https:\/\/lavras.tv\/site\/wp-content\/uploads\/2025\/03\/Banner_Obras_PortallavrasTV.png\" alt=\"\"  srcset=\"https:\/\/lavras.tv\/site\/wp-content\/uploads\/2025\/03\/Banner_Obras_PortallavrasTV.png 720w, https:\/\/lavras.tv\/site\/wp-content\/uploads\/2025\/03\/Banner_Obras_PortallavrasTV-470x68.png 470w, https:\/\/lavras.tv\/site\/wp-content\/uploads\/2025\/03\/Banner_Obras_PortallavrasTV-170x25.png 170w, https:\/\/lavras.tv\/site\/wp-content\/uploads\/2025\/03\/Banner_Obras_PortallavrasTV-200x29.png 200w\" sizes=\"(max-width: 720px) 100vw, 720px\" width=\"720\" height=\"104\"   \/><\/a><\/li><li><div style=\"margin-left: auto;margin-right: auto;text-align: center;\" id=\"lavra-2491318502\"><a href=\"https:\/\/sistemas.lavras.mg.gov.br\/portalcidadao\/#df1b1a7c7b2a290bcb31e32771e610784662739a88807c0dacac58ede5f391a7530e299dc302d611ee73cb143fc22eaf93592e53e7b5bdb01b00a0b8d28dae460c141dd2ff83412e4dc1c31b16b25f33144a9e5620ea73b13f5bc1c59411d98439ad226e8af03840603796067d87afe130812cf3de24982d0e306f9e61e764e5\" aria-label=\"Banner_Educa\u00e7\u00e3o_PortallavrasTV\"><img src=\"https:\/\/lavras.tv\/site\/wp-content\/uploads\/2025\/01\/Banner_Educacao_PortallavrasTV.png\" alt=\"\"  srcset=\"https:\/\/lavras.tv\/site\/wp-content\/uploads\/2025\/01\/Banner_Educacao_PortallavrasTV.png 720w, https:\/\/lavras.tv\/site\/wp-content\/uploads\/2025\/01\/Banner_Educacao_PortallavrasTV-470x68.png 470w, https:\/\/lavras.tv\/site\/wp-content\/uploads\/2025\/01\/Banner_Educacao_PortallavrasTV-170x25.png 170w, https:\/\/lavras.tv\/site\/wp-content\/uploads\/2025\/01\/Banner_Educacao_PortallavrasTV-200x29.png 200w\" sizes=\"(max-width: 720px) 100vw, 720px\" width=\"720\" height=\"104\"  style=\"display: inline-block;\" \/><\/a><\/div><\/li><li><a href=\"https:\/\/sistemas.lavras.mg.gov.br\/portalcidadao\/#df1b1a7c7b2a290bcb31e32771e610784662739a88807c0dacac58ede5f391a7530e299dc302d611ee73cb143fc22eaf93592e53e7b5bdb01b00a0b8d28dae460c141dd2ff83412e4dc1c31b16b25f33144a9e5620ea73b13f5bc1c59411d98439ad226e8af03840603796067d87afe130812cf3de24982d0e306f9e61e764e5\" aria-label=\"Banner_Sa\u00fade_PortallavrasTV\"><img src=\"https:\/\/lavras.tv\/site\/wp-content\/uploads\/2025\/03\/Banner_Saude_PortallavrasTV.png\" alt=\"\"  srcset=\"https:\/\/lavras.tv\/site\/wp-content\/uploads\/2025\/03\/Banner_Saude_PortallavrasTV.png 720w, https:\/\/lavras.tv\/site\/wp-content\/uploads\/2025\/03\/Banner_Saude_PortallavrasTV-470x68.png 470w, https:\/\/lavras.tv\/site\/wp-content\/uploads\/2025\/03\/Banner_Saude_PortallavrasTV-170x25.png 170w, https:\/\/lavras.tv\/site\/wp-content\/uploads\/2025\/03\/Banner_Saude_PortallavrasTV-200x29.png 200w\" sizes=\"(max-width: 720px) 100vw, 720px\" width=\"720\" height=\"104\"   \/><\/a><\/li><li><div id=\"lavra-2633389632\" style=\"width:720px;height:104px;background-color:#ddd;overflow:scroll;\">\n\t<strong>Sa\u00edda da depura\u00e7\u00e3o de an\u00fancios<\/strong>\n\t<br><br>\n\tO an\u00fancio n\u00e3o \u00e9 exibido na p\u00e1gina<br><br>post atual: [Informe Parlamentar] Aprovado projeto da deputada D\u00e2mina Pereira que prev\u00ea redu\u00e7\u00e3o de tributos para empresas que contratarem benefici\u00e1rios do Bolsa Fam\u00edlia, ID: 15934<br><br><span style=\"color: red;\">O post atual n\u00e3o \u00e9 id\u00eantico ao post principal.<\/span><br><br>An\u00fancios: ROXO - TOPO INTERNA - ROTATIVO 2 (197)<br \/>Grupo de an\u00fancios: Princ_Meio01_720x104 (27)<br><br>Condi\u00e7\u00f5es de exibi\u00e7\u00e3o<div style=\"margin-bottom: 20px; white-space: pre-wrap; font-family: monospace; width: 100%; background: #ffe9e9;\"><strong>condi\u00e7\u00f5es gerais<\/strong><table border=\"1\"><thead><tr><th><\/th><th>An\u00fancios<\/th><th>wp_the_query<\/th><\/tr><\/thead><tr><td>is_main_query<\/td><td>1<\/td><td>1<\/td><\/tr><tr><td>is_rest_api<\/td><td>0<\/td><td>1<\/td><\/tr><tr><td>page<\/td><td>0<\/td><td>1<\/td><\/tr><tr><td>numpages<\/td><td>0<\/td><td>1<\/td><\/tr><tr><td>is_archive<\/td><td>1<\/td><td><\/td><\/tr><tr><td>is_search<\/td><td>1<\/td><td><\/td><\/tr><tr><td>is_home<\/td><td>1<\/td><td><\/td><\/tr><tr><td>is_404<\/td><td>1<\/td><td><\/td><\/tr><tr><td>is_attachment<\/td><td>1<\/td><td><\/td><\/tr><tr><td>is_singular<\/td><td>1<\/td><td><\/td><\/tr><tr><td>is_front_page<\/td><td>1<\/td><td><\/td><\/tr><tr><td>is_feed<\/td><td>1<\/td><td><\/td><\/tr><\/table><\/div><br><br><span style=\"color: red;\">Seu site usa HTTPS, mas o c\u00f3digo do an\u00fancio cont\u00e9m HTTP e pode n\u00e3o funcionar.<\/span>\t<br><br>\n\t<a style=\"color: green;\" href=\"https:\/\/wpadvancedads.com\/manual\/ad-debug-mode\/?utm_source=advanced-ads&utm_medium=link&utm_campaign=ad-debug-mode\" target=\"_blank\" rel=\"nofollow\">Encontre solu\u00e7\u00f5es no manual<\/a>\n<\/div>\n<\/li><\/ul><\/div><script>( window.advanced_ads_ready || jQuery( document ).ready ).call( null, function() {var $lavraslider679420239 = jQuery( \".lavra-slider-679420239\" );$lavraslider679420239.on( \"unslider.ready\", function() { jQuery( \"div.custom-slider ul li\" ).css( \"display\", \"block\" ); });$lavraslider679420239.unslider({ delay:4000, autoplay:true, nav:false, arrows:false, infinite:true });$lavraslider679420239.on(\"mouseover\", function() {$lavraslider679420239.unslider(\"stop\");}).on(\"mouseout\", function() {$lavraslider679420239.unslider(\"start\");});});<\/script><\/div><p class=\"m_6416004766002438418gmail-MsoNoSpacing\">Em Bras\u00edlia, a Comiss\u00e3o de Desenvolvimento Econ\u00f4mico, Ind\u00fastria, Com\u00e9rcio e Servi\u00e7os (<a href=\"https:\/\/www.facebook.com\/hashtag\/cdeics?source=feed_text\" target=\"_blank\" data-saferedirecturl=\"https:\/\/www.google.com\/url?hl=pt-BR&amp;q=https:\/\/www.facebook.com\/hashtag\/cdeics?source%3Dfeed_text&amp;source=gmail&amp;ust=1524919167487000&amp;usg=AFQjCNFouWq1vXj99s_FBkAr-YL83ZaKEQ\"><span class=\"m_6416004766002438418gmail-58cm\">CDEICS<\/span><\/a>)\u00a0aprovou o Projeto de Lei 7563\/2017 da deputada federal D\u00e2mina Pereira (<a href=\"https:\/\/www.facebook.com\/hashtag\/podemos?source=feed_text\" target=\"_blank\" data-saferedirecturl=\"https:\/\/www.google.com\/url?hl=pt-BR&amp;q=https:\/\/www.facebook.com\/hashtag\/podemos?source%3Dfeed_text&amp;source=gmail&amp;ust=1524919167487000&amp;usg=AFQjCNEzvSMn2ZclAlngvHy0Faym69B8dw\"><span class=\"m_6416004766002438418gmail-58cm\">Podemos<\/span><\/a>\/MG). O\u00a0<a href=\"https:\/\/www.facebook.com\/hashtag\/pl?source=feed_text\" target=\"_blank\" data-saferedirecturl=\"https:\/\/www.google.com\/url?hl=pt-BR&amp;q=https:\/\/www.facebook.com\/hashtag\/pl?source%3Dfeed_text&amp;source=gmail&amp;ust=1524919167487000&amp;usg=AFQjCNEWRdZNzrC5qgLztaMuNWO0jWxgOg\"><span class=\"m_6416004766002438418gmail-58cl\">PL<\/span><\/a>\u00a0cria o regime especial de tributa\u00e7\u00e3o aplic\u00e1vel \u00e0 pessoa jur\u00eddica que contrate empregado benefici\u00e1rio do Programa\u00a0Bolsa Fam\u00edlia. O texto prev\u00ea que as fam\u00edlias brasileiras mais carentes tenham melhores condi\u00e7\u00f5es de conseguir um trabalho.<\/p>\n<p class=\"m_6416004766002438418gmail-MsoNoSpacing\">\u00a0<img fetchpriority=\"high\" decoding=\"async\" class=\"alignnone size-full wp-image-15935 aligncenter\" src=\"http:\/\/lavras.tv\/site\/wp-content\/uploads\/2018\/04\/10-Anos-Maria-da-Penha-Ok.jpg\" alt=\"10 Anos Maria da Penha Ok\" width=\"1800\" height=\"1201\" srcset=\"https:\/\/lavras.tv\/site\/wp-content\/uploads\/2018\/04\/10-Anos-Maria-da-Penha-Ok.jpg 1800w, https:\/\/lavras.tv\/site\/wp-content\/uploads\/2018\/04\/10-Anos-Maria-da-Penha-Ok-150x100.jpg 150w, https:\/\/lavras.tv\/site\/wp-content\/uploads\/2018\/04\/10-Anos-Maria-da-Penha-Ok-300x200.jpg 300w, https:\/\/lavras.tv\/site\/wp-content\/uploads\/2018\/04\/10-Anos-Maria-da-Penha-Ok-1024x683.jpg 1024w, https:\/\/lavras.tv\/site\/wp-content\/uploads\/2018\/04\/10-Anos-Maria-da-Penha-Ok-480x320.jpg 480w, https:\/\/lavras.tv\/site\/wp-content\/uploads\/2018\/04\/10-Anos-Maria-da-Penha-Ok-272x182.jpg 272w\" sizes=\"(max-width: 1800px) 100vw, 1800px\" \/><\/p>\n<p class=\"m_6416004766002438418gmail-MsoNoSpacing\">Nos \u00faltimos anos, a economia brasileira vem passando por uma grave crise. Um dos efeitos mais danosos \u00e9 o alto n\u00edvel de desemprego. De acordo com o Instituto Brasileiro de Geografia e Estat\u00edstica (IBGE), o n\u00famero de pessoas sem trabalho no Brasil entre novembro e janeiro de 2018 foi de 12,7 milh\u00f5es.<\/p>\n<p class=\"m_6416004766002438418gmail-MsoNoSpacing\">\u00a0A parlamentar lembra que dentro desse contexto \u00e9 necess\u00e1rio criar incentivos para que as empresas contratem mais trabalhadores. \u201cEsse projeto visa reduzir os custos tribut\u00e1rios das pessoas jur\u00eddicas, criando condi\u00e7\u00f5es mais favor\u00e1veis para que elas possam recompor os n\u00edveis de m\u00e3o de obra anteriores \u00e0 crise atual. Al\u00e9m disso, \u00e9 importante capacitar esses profissionais para que eles consigam uma inclus\u00e3o social e profissional\u201d, explicou D\u00e2mina.<\/p>\n<p class=\"m_6416004766002438418gmail-MsoNoSpacing\"><b>\u00a0<\/b><\/p>\n<p class=\"m_6416004766002438418gmail-MsoNoSpacing\"><b>Proposta<\/b><\/p>\n<p class=\"m_6416004766002438418gmail-MsoNoSpacing\">A proposta consiste em instituir um regime especial de tributa\u00e7\u00e3o em que as empresas benefici\u00e1rias recolheriam quatro tributos com redu\u00e7\u00e3o. Os tributos reduzidos seriam; Imposto sobre a Renda da Pessoa Jur\u00eddica (IRPJ); Contribui\u00e7\u00e3o Social sobre o Lucro L\u00edquido (CSLL); Contribui\u00e7\u00e3o para o0s Programas de Integra\u00e7\u00e3o Social e para Forma\u00e7\u00e3o do Patrim\u00f4nio do Servidor P\u00fablico (PIS\/Pasep); e Contribui\u00e7\u00e3o para o Financiamento da Seguridade Social (Cofins). As redu\u00e7\u00f5es variariam de 40% a 100% desses tributos.<\/p>\n<p class=\"m_6416004766002438418gmail-MsoNoSpacing\">Fonte: gabinete da deputada D\u00e2mina Pereira<\/p>\n","protected":false},"excerpt":{"rendered":"<p>Em Bras\u00edlia, a Comiss\u00e3o de Desenvolvimento Econ\u00f4mico, Ind\u00fastria, Com\u00e9rcio e Servi\u00e7os (CDEICS)\u00a0aprovou o Projeto de Lei 7563\/2017 da deputada federal D\u00e2mina Pereira (Podemos\/MG). O\u00a0PL\u00a0cria o regime especial de tributa\u00e7\u00e3o aplic\u00e1vel \u00e0 pessoa jur\u00eddica que contrate empregado benefici\u00e1rio do Programa\u00a0Bolsa Fam\u00edlia. O texto prev\u00ea que as fam\u00edlias brasileiras mais carentes tenham melhores condi\u00e7\u00f5es de conseguir um [&hellip;]<\/p>\n","protected":false},"author":2,"featured_media":15935,"comment_status":"closed","ping_status":"open","sticky":false,"template":"","format":"standard","meta":{"advgb_blocks_editor_width":"","advgb_blocks_columns_visual_guide":"","_exactmetrics_skip_tracking":false,"_exactmetrics_sitenote_active":false,"_exactmetrics_sitenote_note":"","_exactmetrics_sitenote_category":0,"footnotes":""},"categories":[7,12],"tags":[1004,671],"class_list":["post-15934","post","type-post","status-publish","format-standard","has-post-thumbnail","hentry","category-destaques","category-politica","tag-bolsa-familia","tag-damina-pereira"],"better_featured_image":{"id":15935,"alt_text":"","caption":"","description":"","media_type":"image","media_details":{"width":1800,"height":1201,"file":"2018\/04\/10-Anos-Maria-da-Penha-Ok.jpg","sizes":{"thumbnail":{"file":"10-Anos-Maria-da-Penha-Ok-150x100.jpg","width":150,"height":100,"mime-type":"image\/jpeg","source_url":"https:\/\/lavras.tv\/site\/wp-content\/uploads\/2018\/04\/10-Anos-Maria-da-Penha-Ok-150x100.jpg"},"medium":{"file":"10-Anos-Maria-da-Penha-Ok-300x200.jpg","width":300,"height":200,"mime-type":"image\/jpeg","source_url":"https:\/\/lavras.tv\/site\/wp-content\/uploads\/2018\/04\/10-Anos-Maria-da-Penha-Ok-300x200.jpg"},"large":{"file":"10-Anos-Maria-da-Penha-Ok-1024x683.jpg","width":1024,"height":683,"mime-type":"image\/jpeg","source_url":"https:\/\/lavras.tv\/site\/wp-content\/uploads\/2018\/04\/10-Anos-Maria-da-Penha-Ok-1024x683.jpg"},"featured-slider-img":{"file":"10-Anos-Maria-da-Penha-Ok-640x480.jpg","width":640,"height":480,"mime-type":"image\/jpeg","source_url":"https:\/\/lavras.tv\/site\/wp-content\/uploads\/2018\/04\/10-Anos-Maria-da-Penha-Ok-640x480.jpg"},"featured-post-img":{"file":"10-Anos-Maria-da-Penha-Ok-480x320.jpg","width":480,"height":320,"mime-type":"image\/jpeg","source_url":"https:\/\/lavras.tv\/site\/wp-content\/uploads\/2018\/04\/10-Anos-Maria-da-Penha-Ok-480x320.jpg"},"sow-carousel-default":{"file":"10-Anos-Maria-da-Penha-Ok-272x182.jpg","width":272,"height":182,"mime-type":"image\/jpeg","source_url":"https:\/\/lavras.tv\/site\/wp-content\/uploads\/2018\/04\/10-Anos-Maria-da-Penha-Ok-272x182.jpg"}},"image_meta":{"aperture":"4","credit":"GUSTAVO LIMA","camera":"NIKON D800E","caption":"","created_timestamp":"1459343731","copyright":"GUSTAVO LIMA","focal_length":"145","iso":"2500","shutter_speed":"0.01","title":"","orientation":"1","keywords":[]}},"post":15934,"source_url":"https:\/\/lavras.tv\/site\/wp-content\/uploads\/2018\/04\/10-Anos-Maria-da-Penha-Ok.jpg"},"author_meta":{"display_name":"Lavras TV","author_link":"https:\/\/lavras.tv\/site\/author\/lavrastv\/"},"featured_img":"https:\/\/lavras.tv\/site\/wp-content\/uploads\/2018\/04\/10-Anos-Maria-da-Penha-Ok-300x200.jpg","coauthors":[],"tax_additional":{"categories":{"linked":["<a href=\"https:\/\/lavras.tv\/site\/category\/destaques\/\" class=\"advgb-post-tax-term\">Destaques<\/a>","<a href=\"https:\/\/lavras.tv\/site\/category\/politica\/\" class=\"advgb-post-tax-term\">Pol\u00edtica<\/a>"],"unlinked":["<span class=\"advgb-post-tax-term\">Destaques<\/span>","<span class=\"advgb-post-tax-term\">Pol\u00edtica<\/span>"]},"tags":{"linked":["<a href=\"https:\/\/lavras.tv\/site\/category\/politica\/\" class=\"advgb-post-tax-term\">bolsa fam\u00edlia<\/a>","<a href=\"https:\/\/lavras.tv\/site\/category\/politica\/\" class=\"advgb-post-tax-term\">D\u00e2mina Pereira<\/a>"],"unlinked":["<span class=\"advgb-post-tax-term\">bolsa fam\u00edlia<\/span>","<span class=\"advgb-post-tax-term\">D\u00e2mina Pereira<\/span>"]}},"comment_count":"0","relative_dates":{"created":"Publicado 8 anos atr\u00e1s","modified":"Atualizado 8 anos atr\u00e1s"},"absolute_dates":{"created":"Publicado em 27 de abril de 2018","modified":"Atualizado em 27 de abril de 2018"},"absolute_dates_time":{"created":"Publicado em 27 de abril de 2018 09:46","modified":"Atualizado em 27 de abril de 2018 09:46"},"featured_img_caption":"","series_order":"","_links":{"self":[{"href":"https:\/\/lavras.tv\/site\/wp-json\/wp\/v2\/posts\/15934","targetHints":{"allow":["GET"]}}],"collection":[{"href":"https:\/\/lavras.tv\/site\/wp-json\/wp\/v2\/posts"}],"about":[{"href":"https:\/\/lavras.tv\/site\/wp-json\/wp\/v2\/types\/post"}],"author":[{"embeddable":true,"href":"https:\/\/lavras.tv\/site\/wp-json\/wp\/v2\/users\/2"}],"replies":[{"embeddable":true,"href":"https:\/\/lavras.tv\/site\/wp-json\/wp\/v2\/comments?post=15934"}],"version-history":[{"count":1,"href":"https:\/\/lavras.tv\/site\/wp-json\/wp\/v2\/posts\/15934\/revisions"}],"predecessor-version":[{"id":15936,"href":"https:\/\/lavras.tv\/site\/wp-json\/wp\/v2\/posts\/15934\/revisions\/15936"}],"wp:featuredmedia":[{"embeddable":true,"href":"https:\/\/lavras.tv\/site\/wp-json\/wp\/v2\/media\/15935"}],"wp:attachment":[{"href":"https:\/\/lavras.tv\/site\/wp-json\/wp\/v2\/media?parent=15934"}],"wp:term":[{"taxonomy":"category","embeddable":true,"href":"https:\/\/lavras.tv\/site\/wp-json\/wp\/v2\/categories?post=15934"},{"taxonomy":"post_tag","embeddable":true,"href":"https:\/\/lavras.tv\/site\/wp-json\/wp\/v2\/tags?post=15934"}],"curies":[{"name":"wp","href":"https:\/\/api.w.org\/{rel}","templated":true}]}}