{"id":1596,"date":"2016-08-16T19:16:00","date_gmt":"2016-08-16T19:16:00","guid":{"rendered":"http:\/\/lavras.tv\/site\/?p=1596"},"modified":"2016-08-16T19:16:00","modified_gmt":"2016-08-16T19:16:00","slug":"ufla-abre-inscricoes-para-o-pas","status":"publish","type":"post","link":"https:\/\/lavras.tv\/site\/2016\/08\/16\/ufla-abre-inscricoes-para-o-pas\/","title":{"rendered":"UFLA abre inscri\u00e7\u00f5es para o PAS"},"content":{"rendered":"<div class=\"lavra-antes-do-conteudo_2\" id=\"lavra-4050305875\"><div id=\"lavra-slider-27\" class=\"custom-slider lavra-slider-78444826 lavra-slider\"><ul><li><div style=\"margin-left: auto;margin-right: auto;text-align: center;\" id=\"lavra-872165048\"><a href=\"https:\/\/sistemas.lavras.mg.gov.br\/portalcidadao\/#df1b1a7c7b2a290bcb31e32771e610784662739a88807c0dacac58ede5f391a7530e299dc302d611ee73cb143fc22eaf93592e53e7b5bdb01b00a0b8d28dae460c141dd2ff83412e4dc1c31b16b25f33144a9e5620ea73b13f5bc1c59411d98439ad226e8af03840603796067d87afe130812cf3de24982d0e306f9e61e764e5\" aria-label=\"Lavras-TV&#8211;720x104px (1) (1)\"><img src=\"https:\/\/lavras.tv\/site\/wp-content\/uploads\/2025\/01\/Lavras-TV-720x104px-1-1.png\" alt=\"\"  srcset=\"https:\/\/lavras.tv\/site\/wp-content\/uploads\/2025\/01\/Lavras-TV-720x104px-1-1.png 720w, https:\/\/lavras.tv\/site\/wp-content\/uploads\/2025\/01\/Lavras-TV-720x104px-1-1-470x68.png 470w, https:\/\/lavras.tv\/site\/wp-content\/uploads\/2025\/01\/Lavras-TV-720x104px-1-1-170x25.png 170w, https:\/\/lavras.tv\/site\/wp-content\/uploads\/2025\/01\/Lavras-TV-720x104px-1-1-200x29.png 200w\" sizes=\"(max-width: 720px) 100vw, 720px\" width=\"720\" height=\"104\"  style=\"display: inline-block;\" \/><\/a><\/div><\/li><li><a href=\"https:\/\/sistemas.lavras.mg.gov.br\/portalcidadao\/#df1b1a7c7b2a290bcb31e32771e610784662739a88807c0dacac58ede5f391a7530e299dc302d611ee73cb143fc22eaf93592e53e7b5bdb01b00a0b8d28dae460c141dd2ff83412e4dc1c31b16b25f33144a9e5620ea73b13f5bc1c59411d98439ad226e8af03840603796067d87afe130812cf3de24982d0e306f9e61e764e5\" aria-label=\"Banner_Emprego_PortallavrasTV\"><img src=\"https:\/\/lavras.tv\/site\/wp-content\/uploads\/2025\/03\/Banner_Emprego_PortallavrasTV.png\" alt=\"\"  srcset=\"https:\/\/lavras.tv\/site\/wp-content\/uploads\/2025\/03\/Banner_Emprego_PortallavrasTV.png 720w, https:\/\/lavras.tv\/site\/wp-content\/uploads\/2025\/03\/Banner_Emprego_PortallavrasTV-470x68.png 470w, https:\/\/lavras.tv\/site\/wp-content\/uploads\/2025\/03\/Banner_Emprego_PortallavrasTV-170x25.png 170w, https:\/\/lavras.tv\/site\/wp-content\/uploads\/2025\/03\/Banner_Emprego_PortallavrasTV-200x29.png 200w\" sizes=\"(max-width: 720px) 100vw, 720px\" width=\"720\" height=\"104\"   \/><\/a><\/li><li><a href=\"https:\/\/sistemas.lavras.mg.gov.br\/portalcidadao\/#df1b1a7c7b2a290bcb31e32771e610784662739a88807c0dacac58ede5f391a7530e299dc302d611ee73cb143fc22eaf93592e53e7b5bdb01b00a0b8d28dae460c141dd2ff83412e4dc1c31b16b25f33144a9e5620ea73b13f5bc1c59411d98439ad226e8af03840603796067d87afe130812cf3de24982d0e306f9e61e764e5\" aria-label=\"Banner_Obras_PortallavrasTV\"><img src=\"https:\/\/lavras.tv\/site\/wp-content\/uploads\/2025\/03\/Banner_Obras_PortallavrasTV.png\" alt=\"\"  srcset=\"https:\/\/lavras.tv\/site\/wp-content\/uploads\/2025\/03\/Banner_Obras_PortallavrasTV.png 720w, https:\/\/lavras.tv\/site\/wp-content\/uploads\/2025\/03\/Banner_Obras_PortallavrasTV-470x68.png 470w, https:\/\/lavras.tv\/site\/wp-content\/uploads\/2025\/03\/Banner_Obras_PortallavrasTV-170x25.png 170w, https:\/\/lavras.tv\/site\/wp-content\/uploads\/2025\/03\/Banner_Obras_PortallavrasTV-200x29.png 200w\" sizes=\"(max-width: 720px) 100vw, 720px\" width=\"720\" height=\"104\"   \/><\/a><\/li><li><div style=\"margin-left: auto;margin-right: auto;text-align: center;\" id=\"lavra-2183234370\"><a href=\"https:\/\/sistemas.lavras.mg.gov.br\/portalcidadao\/#df1b1a7c7b2a290bcb31e32771e610784662739a88807c0dacac58ede5f391a7530e299dc302d611ee73cb143fc22eaf93592e53e7b5bdb01b00a0b8d28dae460c141dd2ff83412e4dc1c31b16b25f33144a9e5620ea73b13f5bc1c59411d98439ad226e8af03840603796067d87afe130812cf3de24982d0e306f9e61e764e5\" aria-label=\"Banner_Educa\u00e7\u00e3o_PortallavrasTV\"><img src=\"https:\/\/lavras.tv\/site\/wp-content\/uploads\/2025\/01\/Banner_Educacao_PortallavrasTV.png\" alt=\"\"  srcset=\"https:\/\/lavras.tv\/site\/wp-content\/uploads\/2025\/01\/Banner_Educacao_PortallavrasTV.png 720w, https:\/\/lavras.tv\/site\/wp-content\/uploads\/2025\/01\/Banner_Educacao_PortallavrasTV-470x68.png 470w, https:\/\/lavras.tv\/site\/wp-content\/uploads\/2025\/01\/Banner_Educacao_PortallavrasTV-170x25.png 170w, https:\/\/lavras.tv\/site\/wp-content\/uploads\/2025\/01\/Banner_Educacao_PortallavrasTV-200x29.png 200w\" sizes=\"(max-width: 720px) 100vw, 720px\" width=\"720\" height=\"104\"  style=\"display: inline-block;\" \/><\/a><\/div><\/li><li><a href=\"https:\/\/sistemas.lavras.mg.gov.br\/portalcidadao\/#df1b1a7c7b2a290bcb31e32771e610784662739a88807c0dacac58ede5f391a7530e299dc302d611ee73cb143fc22eaf93592e53e7b5bdb01b00a0b8d28dae460c141dd2ff83412e4dc1c31b16b25f33144a9e5620ea73b13f5bc1c59411d98439ad226e8af03840603796067d87afe130812cf3de24982d0e306f9e61e764e5\" aria-label=\"Banner_Sa\u00fade_PortallavrasTV\"><img src=\"https:\/\/lavras.tv\/site\/wp-content\/uploads\/2025\/03\/Banner_Saude_PortallavrasTV.png\" alt=\"\"  srcset=\"https:\/\/lavras.tv\/site\/wp-content\/uploads\/2025\/03\/Banner_Saude_PortallavrasTV.png 720w, https:\/\/lavras.tv\/site\/wp-content\/uploads\/2025\/03\/Banner_Saude_PortallavrasTV-470x68.png 470w, https:\/\/lavras.tv\/site\/wp-content\/uploads\/2025\/03\/Banner_Saude_PortallavrasTV-170x25.png 170w, https:\/\/lavras.tv\/site\/wp-content\/uploads\/2025\/03\/Banner_Saude_PortallavrasTV-200x29.png 200w\" sizes=\"(max-width: 720px) 100vw, 720px\" width=\"720\" height=\"104\"   \/><\/a><\/li><li><div id=\"lavra-2835870296\" style=\"width:720px;height:104px;background-color:#ddd;overflow:scroll;\">\n\t<strong>Sa\u00edda da depura\u00e7\u00e3o de an\u00fancios<\/strong>\n\t<br><br>\n\tO an\u00fancio n\u00e3o \u00e9 exibido na p\u00e1gina<br><br>post atual: UFLA abre inscri\u00e7\u00f5es para o PAS, ID: 1596<br><br><span style=\"color: red;\">O post atual n\u00e3o \u00e9 id\u00eantico ao post principal.<\/span><br><br>An\u00fancios: ROXO - TOPO INTERNA - ROTATIVO 2 (197)<br \/>Grupo de an\u00fancios: Princ_Meio01_720x104 (27)<br><br>Condi\u00e7\u00f5es de exibi\u00e7\u00e3o<div style=\"margin-bottom: 20px; white-space: pre-wrap; font-family: monospace; width: 100%; background: #ffe9e9;\"><strong>condi\u00e7\u00f5es gerais<\/strong><table border=\"1\"><thead><tr><th><\/th><th>An\u00fancios<\/th><th>wp_the_query<\/th><\/tr><\/thead><tr><td>is_main_query<\/td><td>1<\/td><td>1<\/td><\/tr><tr><td>is_rest_api<\/td><td>0<\/td><td>1<\/td><\/tr><tr><td>page<\/td><td>0<\/td><td>1<\/td><\/tr><tr><td>numpages<\/td><td>0<\/td><td>1<\/td><\/tr><tr><td>is_archive<\/td><td>1<\/td><td><\/td><\/tr><tr><td>is_search<\/td><td>1<\/td><td><\/td><\/tr><tr><td>is_home<\/td><td>1<\/td><td><\/td><\/tr><tr><td>is_404<\/td><td>1<\/td><td><\/td><\/tr><tr><td>is_attachment<\/td><td>1<\/td><td><\/td><\/tr><tr><td>is_singular<\/td><td>1<\/td><td><\/td><\/tr><tr><td>is_front_page<\/td><td>1<\/td><td><\/td><\/tr><tr><td>is_feed<\/td><td>1<\/td><td><\/td><\/tr><\/table><\/div><br><br><span style=\"color: red;\">Seu site usa HTTPS, mas o c\u00f3digo do an\u00fancio cont\u00e9m HTTP e pode n\u00e3o funcionar.<\/span>\t<br><br>\n\t<a style=\"color: green;\" href=\"https:\/\/wpadvancedads.com\/manual\/ad-debug-mode\/?utm_source=advanced-ads&utm_medium=link&utm_campaign=ad-debug-mode\" target=\"_blank\" rel=\"nofollow\">Encontre solu\u00e7\u00f5es no manual<\/a>\n<\/div>\n<\/li><\/ul><\/div><script>( window.advanced_ads_ready || jQuery( document ).ready ).call( null, function() {var $lavraslider78444826 = jQuery( \".lavra-slider-78444826\" );$lavraslider78444826.on( \"unslider.ready\", function() { jQuery( \"div.custom-slider ul li\" ).css( \"display\", \"block\" ); });$lavraslider78444826.unslider({ delay:4000, autoplay:true, nav:false, arrows:false, infinite:true });$lavraslider78444826.on(\"mouseover\", function() {$lavraslider78444826.unslider(\"stop\");}).on(\"mouseout\", function() {$lavraslider78444826.unslider(\"start\");});});<\/script><\/div><p>Est\u00e1 aberto, de 16 de agosto a 19 de setembro, o per\u00edodo de inscri\u00e7\u00f5es para as etapas de 2016 do Processo de Avalia\u00e7\u00e3o Seriada da UFLA (PAS). Esse prazo vai das 9 horas do dia inicial at\u00e9 as 23h59 da data final. Os interessados em se inscrever, em qualquer uma das tr\u00eas etapas, devem faz\u00ea-lo exclusivamente no endere\u00e7o www.ufla.br\/pas. Para se inscrever, o estudante deve possuir CPF e documento de identidade. A taxa de inscri\u00e7\u00e3o \u00e9 de R$110,00 (cento e dez reais) para a primeira ou a segunda etapa e de R$55,00 (cinquenta e cinco reais) para a terceira etapa.<\/p>\n<p>As provas da primeira e segunda etapas est\u00e3o previstas para ocorrerem em 19 e 20 de novembro de 2016. J\u00e1 a avalia\u00e7\u00e3o dos candidatos da terceira etapa ser\u00e1 feita por meio do Exame Nacional do Ensino M\u00e9dio (Enem 2016, aplicado em 5 e 6 de novembro). Neste ano, os editais do PAS tamb\u00e9m podem ser consultados por meio de v\u00eddeo elaborado em L\u00edngua Nacional de Sinais (Libras).<\/p>\n<p>&nbsp;<\/p>\n<p><strong>Procedimentos de inscri\u00e7\u00e3o<\/strong><\/p>\n<p>Ap\u00f3s acessar a p\u00e1gina de inscri\u00e7\u00f5es, no endere\u00e7o www.ufla.br\/pas, o candidato dever\u00e1 digitar o CPF e preencher os campos do requerimento. Para a 1\u00aa e 2\u00aa\u00a0 etapas, indicar a op\u00e7\u00e3o de l\u00edngua estrangeira, a cidade de realiza\u00e7\u00e3o das provas, se necessitar\u00e1 de atendimento especial durante as provas, e se \u00e9 sabatista. Para a 3\u00aa etapa, indicar o curso que ir\u00e1 concorrer, a op\u00e7\u00e3o de vaga (se ampla concorr\u00eancia ou vaga reservada: cotas), e o seu n\u00famero de inscri\u00e7\u00e3o no Enem 2016. Em todas as etapas \u00e9 necess\u00e1rio responder ao Question\u00e1rio de Informa\u00e7\u00f5es S\u00f3cio-econ\u00f4mico-cultural.<\/p>\n<p>Em seguida, o candidato dever\u00e1 gerar e imprimir o Requerimento de Inscri\u00e7\u00e3o, com o Boleto Banc\u00e1rio e a Via do Candidato. Antes de efetuar o pagamento do boleto, \u00e9 preciso conferir, em sua via, se as informa\u00e7\u00f5es prestadas no ato de inscri\u00e7\u00e3o est\u00e3o corretas. Em caso afirmativo, a taxa do boleto dever\u00e1 ser paga (at\u00e9 20\/9\/2016), procedimento que conclui o processo de inscri\u00e7\u00e3o.<\/p>\n<p>Mas se o candidato constatar algum dado incorreto em sua via, dever\u00e1 desconsiderar o requerimento com erro (via do candidato e boleto banc\u00e1rio) e fazer uma nova inscri\u00e7\u00e3o, at\u00e9 o dia 20\/9\/2016, repetindo os mesmos procedimentos.<\/p>\n<p>&nbsp;<\/p>\n<p><strong>Provas<\/strong><\/p>\n<p>As provas referentes \u00e0 1\u00aa e 2\u00aa etapas ser\u00e3o realizadas nos dias 19 e 20 de novembro, nas seguintes cidades: Lavras, Alfenas, Contagem, Divin\u00f3polis, Itajub\u00e1, Juiz de Fora, Varginha e Uberl\u00e2ndia. J\u00e1 a terceira etapa \u00e9 correspondente ao Exame Nacional do Ensino M\u00e9dio (Enem). Por isso, ao se inscrever na terceira fase do PAS, o candidato dever\u00e1 fornecer o seu n\u00famero de inscri\u00e7\u00e3o no Enem 2016.<\/p>\n<p>&nbsp;<\/p>\n<p><strong>Renova\u00e7\u00e3o de inscri\u00e7\u00e3o<\/strong><\/p>\n<p>O candidato do PAS dever\u00e1 renovar sua inscri\u00e7\u00e3o no ano em que far\u00e1 cada uma das etapas, em datas divulgadas pela Diretoria de Processos Seletivos (Dips). A n\u00e3o renova\u00e7\u00e3o da inscri\u00e7\u00e3o acarretar\u00e1 a sua autom\u00e1tica exclus\u00e3o do grupo no qual estiver inscrito. O candidato da terceira etapa, al\u00e9m de renovar sua inscri\u00e7\u00e3o nessa \u00faltima etapa, precisa estar inscrito no Enem.<\/p>\n<p>Ao se inscrever para a primeira etapa do PAS, o candidato dever\u00e1 estar matriculado ou j\u00e1 ter conclu\u00eddo, no m\u00ednimo, a 1\u00aa s\u00e9rie do Ensino M\u00e9dio cuja modalidade de ensino seja regular (de tr\u00eas anos), ou a 2\u00aa s\u00e9rie do Ensino M\u00e9dio cuja modalidade de ensino seja de quatro anos. Durante a inscri\u00e7\u00e3o, o candidato que estiver cursando o Ensino M\u00e9dio cadastrar\u00e1 a escola na qual estiver matriculado, fornecendo seus dados no requerimento de inscri\u00e7\u00e3o.<\/p>\n<p>&nbsp;<\/p>\n<p><strong>Processo de Avalia\u00e7\u00e3o Seriada da UFLA<\/strong><\/p>\n<p>O PAS \u00e9 um processo aplicado em tr\u00eas etapas consecutivas, sendo cada uma delas realizada ao final de cada ano do Ensino M\u00e9dio. A UFLA destina 40% das vagas dos cursos de gradua\u00e7\u00e3o presenciais, ofertadas no primeiro semestre letivo de cada ano, aos candidatos provenientes do PAS.<\/p>\n<p>As provas das duas primeiras etapas s\u00e3o de m\u00faltipla escolha e reda\u00e7\u00e3o; na primeira, \u00e9 cobrado o programa da 1\u00aa s\u00e9rie do Ensino M\u00e9dio, e na segunda, s\u00e3o cobrados os programas da 1\u00aa e 2\u00aa s\u00e9ries do Ensino M\u00e9dio. Na terceira etapa do processo ser\u00e1 considerada a nota do Enem.<\/p>\n<p>&nbsp;<\/p>\n<p>A pontua\u00e7\u00e3o geral do candidato \u00e9 obtida pelo somat\u00f3rio das tr\u00eas etapas, com os seguintes pesos: 25% para a primeira; 35% para a segunda; e 40% para a terceira.<\/p>\n<p>Os candidatos que j\u00e1 realizaram as duas primeiras etapas dever\u00e3o fazer a inscri\u00e7\u00e3o para a terceira, como previsto no Edital. Nessa fase, o candidato far\u00e1 a op\u00e7\u00e3o pelo curso no qual pretende ingressar.<\/p>\n<p>&nbsp;<\/p>\n<p><strong>Vagas reservadas<\/strong><\/p>\n<p>Em cumprimento \u00e0 Lei n\u00ba 12.711, de 29\/8\/2012 (Lei de Cotas), regulamentada pelo Decreto n\u00ba 7.824, de 11\/10\/2012 e pela Portaria Normativa n\u00ba 18, de 11\/10\/2012, do Ministro de Estado da Educa\u00e7\u00e3o, \u00e9 feita reserva de vagas, por curso, para os estudantes que tenham cursado integralmente o ensino m\u00e9dio em escolas p\u00fablicas.<\/p>\n<p>&nbsp;<\/p>\n<p>Fonte: ASCOM &#8211; UFLA<\/p>\n","protected":false},"excerpt":{"rendered":"<p>Est\u00e1 aberto, de 16 de agosto a 19 de setembro, o per\u00edodo de inscri\u00e7\u00f5es para as etapas de 2016 do Processo de Avalia\u00e7\u00e3o Seriada da UFLA (PAS). Esse prazo vai das 9 horas do dia inicial at\u00e9 as 23h59 da data final. Os interessados em se inscrever, em qualquer uma das tr\u00eas etapas, devem faz\u00ea-lo [&hellip;]<\/p>\n","protected":false},"author":2,"featured_media":1402,"comment_status":"closed","ping_status":"open","sticky":false,"template":"","format":"standard","meta":{"advgb_blocks_editor_width":"","advgb_blocks_columns_visual_guide":"","_exactmetrics_skip_tracking":false,"_exactmetrics_sitenote_active":false,"_exactmetrics_sitenote_note":"","_exactmetrics_sitenote_category":0,"footnotes":""},"categories":[7,2],"tags":[50,445,520,56],"class_list":["post-1596","post","type-post","status-publish","format-standard","has-post-thumbnail","hentry","category-destaques","category-noticias","tag-lavras-tv","tag-pas-ufla","tag-processo-de-avaliacao-seriada-ufla","tag-ufla"],"better_featured_image":{"id":1402,"alt_text":"","caption":"","description":"","media_type":"image","media_details":{"width":804,"height":517,"file":"2016\/08\/pas-ufla.jpg","sizes":{"thumbnail":{"file":"pas-ufla-150x96.jpg","width":150,"height":96,"mime-type":"image\/jpeg","source_url":"https:\/\/lavras.tv\/site\/wp-content\/uploads\/2016\/08\/pas-ufla-150x96.jpg"},"medium":{"file":"pas-ufla-300x193.jpg","width":300,"height":193,"mime-type":"image\/jpeg","source_url":"https:\/\/lavras.tv\/site\/wp-content\/uploads\/2016\/08\/pas-ufla-300x193.jpg"},"featured-slider-img":{"file":"pas-ufla-640x480.jpg","width":640,"height":480,"mime-type":"image\/jpeg","source_url":"https:\/\/lavras.tv\/site\/wp-content\/uploads\/2016\/08\/pas-ufla-640x480.jpg"},"featured-post-img":{"file":"pas-ufla-480x320.jpg","width":480,"height":320,"mime-type":"image\/jpeg","source_url":"https:\/\/lavras.tv\/site\/wp-content\/uploads\/2016\/08\/pas-ufla-480x320.jpg"},"sow-carousel-default":{"file":"pas-ufla-272x182.jpg","width":272,"height":182,"mime-type":"image\/jpeg","source_url":"https:\/\/lavras.tv\/site\/wp-content\/uploads\/2016\/08\/pas-ufla-272x182.jpg"}},"image_meta":{"aperture":"0","credit":"","camera":"","caption":"","created_timestamp":"0","copyright":"","focal_length":"0","iso":"0","shutter_speed":"0","title":"","orientation":"0","keywords":[]}},"post":1401,"source_url":"https:\/\/lavras.tv\/site\/wp-content\/uploads\/2016\/08\/pas-ufla.jpg"},"author_meta":{"display_name":"Lavras TV","author_link":"https:\/\/lavras.tv\/site\/author\/lavrastv\/"},"featured_img":"https:\/\/lavras.tv\/site\/wp-content\/uploads\/2016\/08\/pas-ufla-300x193.jpg","coauthors":[],"tax_additional":{"categories":{"linked":["<a href=\"https:\/\/lavras.tv\/site\/category\/destaques\/\" class=\"advgb-post-tax-term\">Destaques<\/a>","<a href=\"https:\/\/lavras.tv\/site\/category\/noticias\/\" class=\"advgb-post-tax-term\">Not\u00edcias<\/a>"],"unlinked":["<span class=\"advgb-post-tax-term\">Destaques<\/span>","<span class=\"advgb-post-tax-term\">Not\u00edcias<\/span>"]},"tags":{"linked":["<a href=\"https:\/\/lavras.tv\/site\/category\/noticias\/\" class=\"advgb-post-tax-term\">lavras.tv<\/a>","<a href=\"https:\/\/lavras.tv\/site\/category\/noticias\/\" class=\"advgb-post-tax-term\">pas ufla<\/a>","<a href=\"https:\/\/lavras.tv\/site\/category\/noticias\/\" class=\"advgb-post-tax-term\">processo de avalia\u00e7\u00e3o seriada ufla<\/a>","<a href=\"https:\/\/lavras.tv\/site\/category\/noticias\/\" class=\"advgb-post-tax-term\">ufla<\/a>"],"unlinked":["<span class=\"advgb-post-tax-term\">lavras.tv<\/span>","<span class=\"advgb-post-tax-term\">pas ufla<\/span>","<span class=\"advgb-post-tax-term\">processo de avalia\u00e7\u00e3o seriada ufla<\/span>","<span class=\"advgb-post-tax-term\">ufla<\/span>"]}},"comment_count":"0","relative_dates":{"created":"Publicado 10 anos atr\u00e1s","modified":"Atualizado 10 anos atr\u00e1s"},"absolute_dates":{"created":"Publicado em 16 de agosto de 2016","modified":"Atualizado em 16 de agosto de 2016"},"absolute_dates_time":{"created":"Publicado em 16 de agosto de 2016 19:16","modified":"Atualizado em 16 de agosto de 2016 19:16"},"featured_img_caption":"","series_order":"","_links":{"self":[{"href":"https:\/\/lavras.tv\/site\/wp-json\/wp\/v2\/posts\/1596","targetHints":{"allow":["GET"]}}],"collection":[{"href":"https:\/\/lavras.tv\/site\/wp-json\/wp\/v2\/posts"}],"about":[{"href":"https:\/\/lavras.tv\/site\/wp-json\/wp\/v2\/types\/post"}],"author":[{"embeddable":true,"href":"https:\/\/lavras.tv\/site\/wp-json\/wp\/v2\/users\/2"}],"replies":[{"embeddable":true,"href":"https:\/\/lavras.tv\/site\/wp-json\/wp\/v2\/comments?post=1596"}],"version-history":[{"count":1,"href":"https:\/\/lavras.tv\/site\/wp-json\/wp\/v2\/posts\/1596\/revisions"}],"predecessor-version":[{"id":1597,"href":"https:\/\/lavras.tv\/site\/wp-json\/wp\/v2\/posts\/1596\/revisions\/1597"}],"wp:featuredmedia":[{"embeddable":true,"href":"https:\/\/lavras.tv\/site\/wp-json\/wp\/v2\/media\/1402"}],"wp:attachment":[{"href":"https:\/\/lavras.tv\/site\/wp-json\/wp\/v2\/media?parent=1596"}],"wp:term":[{"taxonomy":"category","embeddable":true,"href":"https:\/\/lavras.tv\/site\/wp-json\/wp\/v2\/categories?post=1596"},{"taxonomy":"post_tag","embeddable":true,"href":"https:\/\/lavras.tv\/site\/wp-json\/wp\/v2\/tags?post=1596"}],"curies":[{"name":"wp","href":"https:\/\/api.w.org\/{rel}","templated":true}]}}