{"id":16065,"date":"2018-05-08T09:54:04","date_gmt":"2018-05-08T12:54:04","guid":{"rendered":"http:\/\/lavras.tv\/site\/?p=16065"},"modified":"2018-05-08T09:54:04","modified_gmt":"2018-05-08T12:54:04","slug":"tunico-maciel-e-dario-julio-pilotos-de-lavras-se-destacam-no-enduro-dos-ipes-2018","status":"publish","type":"post","link":"https:\/\/lavras.tv\/site\/2018\/05\/08\/tunico-maciel-e-dario-julio-pilotos-de-lavras-se-destacam-no-enduro-dos-ipes-2018\/","title":{"rendered":"Tunico Maciel e D\u00e1rio J\u00falio, pilotos de Lavras, se destacam no Enduro dos Ip\u00eas 2018"},"content":{"rendered":"<div class=\"lavra-antes-do-conteudo_2\" id=\"lavra-192347824\"><div id=\"lavra-slider-27\" class=\"custom-slider lavra-slider-3809404965 lavra-slider\"><ul><li><div style=\"margin-left: auto;margin-right: auto;text-align: center;\" id=\"lavra-1153084074\"><a href=\"https:\/\/sistemas.lavras.mg.gov.br\/portalcidadao\/#df1b1a7c7b2a290bcb31e32771e610784662739a88807c0dacac58ede5f391a7530e299dc302d611ee73cb143fc22eaf93592e53e7b5bdb01b00a0b8d28dae460c141dd2ff83412e4dc1c31b16b25f33144a9e5620ea73b13f5bc1c59411d98439ad226e8af03840603796067d87afe130812cf3de24982d0e306f9e61e764e5\" aria-label=\"Lavras-TV&#8211;720x104px (1) (1)\"><img src=\"https:\/\/lavras.tv\/site\/wp-content\/uploads\/2025\/01\/Lavras-TV-720x104px-1-1.png\" alt=\"\"  srcset=\"https:\/\/lavras.tv\/site\/wp-content\/uploads\/2025\/01\/Lavras-TV-720x104px-1-1.png 720w, https:\/\/lavras.tv\/site\/wp-content\/uploads\/2025\/01\/Lavras-TV-720x104px-1-1-470x68.png 470w, https:\/\/lavras.tv\/site\/wp-content\/uploads\/2025\/01\/Lavras-TV-720x104px-1-1-170x25.png 170w, https:\/\/lavras.tv\/site\/wp-content\/uploads\/2025\/01\/Lavras-TV-720x104px-1-1-200x29.png 200w\" sizes=\"(max-width: 720px) 100vw, 720px\" width=\"720\" height=\"104\"  style=\"display: inline-block;\" \/><\/a><\/div><\/li><li><a href=\"https:\/\/sistemas.lavras.mg.gov.br\/portalcidadao\/#df1b1a7c7b2a290bcb31e32771e610784662739a88807c0dacac58ede5f391a7530e299dc302d611ee73cb143fc22eaf93592e53e7b5bdb01b00a0b8d28dae460c141dd2ff83412e4dc1c31b16b25f33144a9e5620ea73b13f5bc1c59411d98439ad226e8af03840603796067d87afe130812cf3de24982d0e306f9e61e764e5\" aria-label=\"Banner_Emprego_PortallavrasTV\"><img src=\"https:\/\/lavras.tv\/site\/wp-content\/uploads\/2025\/03\/Banner_Emprego_PortallavrasTV.png\" alt=\"\"  srcset=\"https:\/\/lavras.tv\/site\/wp-content\/uploads\/2025\/03\/Banner_Emprego_PortallavrasTV.png 720w, https:\/\/lavras.tv\/site\/wp-content\/uploads\/2025\/03\/Banner_Emprego_PortallavrasTV-470x68.png 470w, https:\/\/lavras.tv\/site\/wp-content\/uploads\/2025\/03\/Banner_Emprego_PortallavrasTV-170x25.png 170w, https:\/\/lavras.tv\/site\/wp-content\/uploads\/2025\/03\/Banner_Emprego_PortallavrasTV-200x29.png 200w\" sizes=\"(max-width: 720px) 100vw, 720px\" width=\"720\" height=\"104\"   \/><\/a><\/li><li><a href=\"https:\/\/sistemas.lavras.mg.gov.br\/portalcidadao\/#df1b1a7c7b2a290bcb31e32771e610784662739a88807c0dacac58ede5f391a7530e299dc302d611ee73cb143fc22eaf93592e53e7b5bdb01b00a0b8d28dae460c141dd2ff83412e4dc1c31b16b25f33144a9e5620ea73b13f5bc1c59411d98439ad226e8af03840603796067d87afe130812cf3de24982d0e306f9e61e764e5\" aria-label=\"Banner_Obras_PortallavrasTV\"><img src=\"https:\/\/lavras.tv\/site\/wp-content\/uploads\/2025\/03\/Banner_Obras_PortallavrasTV.png\" alt=\"\"  srcset=\"https:\/\/lavras.tv\/site\/wp-content\/uploads\/2025\/03\/Banner_Obras_PortallavrasTV.png 720w, https:\/\/lavras.tv\/site\/wp-content\/uploads\/2025\/03\/Banner_Obras_PortallavrasTV-470x68.png 470w, https:\/\/lavras.tv\/site\/wp-content\/uploads\/2025\/03\/Banner_Obras_PortallavrasTV-170x25.png 170w, https:\/\/lavras.tv\/site\/wp-content\/uploads\/2025\/03\/Banner_Obras_PortallavrasTV-200x29.png 200w\" sizes=\"(max-width: 720px) 100vw, 720px\" width=\"720\" height=\"104\"   \/><\/a><\/li><li><div style=\"margin-left: auto;margin-right: auto;text-align: center;\" id=\"lavra-207941908\"><a href=\"https:\/\/sistemas.lavras.mg.gov.br\/portalcidadao\/#df1b1a7c7b2a290bcb31e32771e610784662739a88807c0dacac58ede5f391a7530e299dc302d611ee73cb143fc22eaf93592e53e7b5bdb01b00a0b8d28dae460c141dd2ff83412e4dc1c31b16b25f33144a9e5620ea73b13f5bc1c59411d98439ad226e8af03840603796067d87afe130812cf3de24982d0e306f9e61e764e5\" aria-label=\"Banner_Educa\u00e7\u00e3o_PortallavrasTV\"><img src=\"https:\/\/lavras.tv\/site\/wp-content\/uploads\/2025\/01\/Banner_Educacao_PortallavrasTV.png\" alt=\"\"  srcset=\"https:\/\/lavras.tv\/site\/wp-content\/uploads\/2025\/01\/Banner_Educacao_PortallavrasTV.png 720w, https:\/\/lavras.tv\/site\/wp-content\/uploads\/2025\/01\/Banner_Educacao_PortallavrasTV-470x68.png 470w, https:\/\/lavras.tv\/site\/wp-content\/uploads\/2025\/01\/Banner_Educacao_PortallavrasTV-170x25.png 170w, https:\/\/lavras.tv\/site\/wp-content\/uploads\/2025\/01\/Banner_Educacao_PortallavrasTV-200x29.png 200w\" sizes=\"(max-width: 720px) 100vw, 720px\" width=\"720\" height=\"104\"  style=\"display: inline-block;\" \/><\/a><\/div><\/li><li><a href=\"https:\/\/sistemas.lavras.mg.gov.br\/portalcidadao\/#df1b1a7c7b2a290bcb31e32771e610784662739a88807c0dacac58ede5f391a7530e299dc302d611ee73cb143fc22eaf93592e53e7b5bdb01b00a0b8d28dae460c141dd2ff83412e4dc1c31b16b25f33144a9e5620ea73b13f5bc1c59411d98439ad226e8af03840603796067d87afe130812cf3de24982d0e306f9e61e764e5\" aria-label=\"Banner_Sa\u00fade_PortallavrasTV\"><img src=\"https:\/\/lavras.tv\/site\/wp-content\/uploads\/2025\/03\/Banner_Saude_PortallavrasTV.png\" alt=\"\"  srcset=\"https:\/\/lavras.tv\/site\/wp-content\/uploads\/2025\/03\/Banner_Saude_PortallavrasTV.png 720w, https:\/\/lavras.tv\/site\/wp-content\/uploads\/2025\/03\/Banner_Saude_PortallavrasTV-470x68.png 470w, https:\/\/lavras.tv\/site\/wp-content\/uploads\/2025\/03\/Banner_Saude_PortallavrasTV-170x25.png 170w, https:\/\/lavras.tv\/site\/wp-content\/uploads\/2025\/03\/Banner_Saude_PortallavrasTV-200x29.png 200w\" sizes=\"(max-width: 720px) 100vw, 720px\" width=\"720\" height=\"104\"   \/><\/a><\/li><li><div id=\"lavra-2386121571\" style=\"width:720px;height:104px;background-color:#ddd;overflow:scroll;\">\n\t<strong>Sa\u00edda da depura\u00e7\u00e3o de an\u00fancios<\/strong>\n\t<br><br>\n\tO an\u00fancio n\u00e3o \u00e9 exibido na p\u00e1gina<br><br>post atual: Tunico Maciel e D\u00e1rio J\u00falio, pilotos de Lavras, se destacam no Enduro dos Ip\u00eas 2018, ID: 16065<br><br><span style=\"color: red;\">O post atual n\u00e3o \u00e9 id\u00eantico ao post principal.<\/span><br><br>An\u00fancios: ROXO - TOPO INTERNA - ROTATIVO 2 (197)<br \/>Grupo de an\u00fancios: Princ_Meio01_720x104 (27)<br><br>Condi\u00e7\u00f5es de exibi\u00e7\u00e3o<div style=\"margin-bottom: 20px; white-space: pre-wrap; font-family: monospace; width: 100%; background: #ffe9e9;\"><strong>condi\u00e7\u00f5es gerais<\/strong><table border=\"1\"><thead><tr><th><\/th><th>An\u00fancios<\/th><th>wp_the_query<\/th><\/tr><\/thead><tr><td>is_main_query<\/td><td>1<\/td><td>1<\/td><\/tr><tr><td>is_rest_api<\/td><td>0<\/td><td>1<\/td><\/tr><tr><td>page<\/td><td>0<\/td><td>1<\/td><\/tr><tr><td>numpages<\/td><td>0<\/td><td>1<\/td><\/tr><tr><td>is_archive<\/td><td>1<\/td><td><\/td><\/tr><tr><td>is_search<\/td><td>1<\/td><td><\/td><\/tr><tr><td>is_home<\/td><td>1<\/td><td><\/td><\/tr><tr><td>is_404<\/td><td>1<\/td><td><\/td><\/tr><tr><td>is_attachment<\/td><td>1<\/td><td><\/td><\/tr><tr><td>is_singular<\/td><td>1<\/td><td><\/td><\/tr><tr><td>is_front_page<\/td><td>1<\/td><td><\/td><\/tr><tr><td>is_feed<\/td><td>1<\/td><td><\/td><\/tr><\/table><\/div><br><br><span style=\"color: red;\">Seu site usa HTTPS, mas o c\u00f3digo do an\u00fancio cont\u00e9m HTTP e pode n\u00e3o funcionar.<\/span>\t<br><br>\n\t<a style=\"color: green;\" href=\"https:\/\/wpadvancedads.com\/manual\/ad-debug-mode\/?utm_source=advanced-ads&utm_medium=link&utm_campaign=ad-debug-mode\" target=\"_blank\" rel=\"nofollow\">Encontre solu\u00e7\u00f5es no manual<\/a>\n<\/div>\n<\/li><\/ul><\/div><script>( window.advanced_ads_ready || jQuery( document ).ready ).call( null, function() {var $lavraslider3809404965 = jQuery( \".lavra-slider-3809404965\" );$lavraslider3809404965.on( \"unslider.ready\", function() { jQuery( \"div.custom-slider ul li\" ).css( \"display\", \"block\" ); });$lavraslider3809404965.unslider({ delay:4000, autoplay:true, nav:false, arrows:false, infinite:true });$lavraslider3809404965.on(\"mouseover\", function() {$lavraslider3809404965.unslider(\"stop\");}).on(\"mouseout\", function() {$lavraslider3809404965.unslider(\"start\");});});<\/script><\/div><p>Com 126 pilotos presentes, o Enduro Ip\u00eas Off Road 2018, ficou marcado por trilhas impec\u00e1veis e boa navega\u00e7\u00e3o em uma prova bruta que agradou a maioria dos presentes no evento.<!--more--><\/p>\n<p><img fetchpriority=\"high\" decoding=\"async\" class=\"alignnone size-full wp-image-16066 aligncenter\" src=\"http:\/\/lavras.tv\/site\/wp-content\/uploads\/2018\/05\/enduro.jpg\" alt=\"enduro\" width=\"960\" height=\"720\" srcset=\"https:\/\/lavras.tv\/site\/wp-content\/uploads\/2018\/05\/enduro.jpg 960w, https:\/\/lavras.tv\/site\/wp-content\/uploads\/2018\/05\/enduro-150x113.jpg 150w, https:\/\/lavras.tv\/site\/wp-content\/uploads\/2018\/05\/enduro-300x225.jpg 300w, https:\/\/lavras.tv\/site\/wp-content\/uploads\/2018\/05\/enduro-640x480.jpg 640w\" sizes=\"(max-width: 960px) 100vw, 960px\" \/><\/p>\n<p>Os pilotos D\u00e1rio J\u00falio e Tunico Maciel fizeram valer o fator casa no Enduro Ip\u00ea Off-Road, que teve fim neste domingo (6) em Lavras (MG). Ap\u00f3s dois dias de disputas, os competidores da Honda Racing comemoraram vit\u00f3rias ao lado da torcida local nas categorias Over 40 e Master, respectivamente. O desafio tamb\u00e9m somou importantes pontos para o Campeonato Brasileiro de Enduro de Regularidade.<\/p>\n<figure id=\"attachment_16067\" aria-describedby=\"caption-attachment-16067\" style=\"width: 960px\" class=\"wp-caption aligncenter\"><img decoding=\"async\" class=\"size-full wp-image-16067\" src=\"http:\/\/lavras.tv\/site\/wp-content\/uploads\/2018\/05\/tunico.jpg\" alt=\"Tunico Maciel\" width=\"960\" height=\"960\" srcset=\"https:\/\/lavras.tv\/site\/wp-content\/uploads\/2018\/05\/tunico.jpg 960w, https:\/\/lavras.tv\/site\/wp-content\/uploads\/2018\/05\/tunico-150x150.jpg 150w, https:\/\/lavras.tv\/site\/wp-content\/uploads\/2018\/05\/tunico-300x300.jpg 300w\" sizes=\"(max-width: 960px) 100vw, 960px\" \/><figcaption id=\"caption-attachment-16067\" class=\"wp-caption-text\">Tunico Maciel<\/figcaption><\/figure>\n<p>Maciel teve 100% de rendimento e venceu as quatro etapas da prova com a nova motocicleta Honda CRF 450 RX. \u201cFoi um fim de semana perfeito. Venci todas as etapas e certamente consegui alavancar a minha posi\u00e7\u00e3o na classifica\u00e7\u00e3o do Brasileiro\u201d, disse o piloto. Ele estava em quarto lugar na tabela da Master e aguarda a divulga\u00e7\u00e3o da classifica\u00e7\u00e3o oficial pela Confedera\u00e7\u00e3o Brasileira de Motociclismo (CBM), respons\u00e1vel pelo campeonato nacional.<\/p>\n<p>L\u00edder da categoria Over 40, D\u00e1rio J\u00falio soube usar a larga experi\u00eancia para driblar as dificuldades. \u201cNo primeiro dia de prova, ca\u00ed em uma \u2018pegadinha\u2019 do roteiro e acabei na quinta posi\u00e7\u00e3o. Eu n\u00e3o desisti e neste domingo consegui me recuperar e virar o jogo. Foi muito bacana estar ao lado dos nossos amigos e familiares, que sempre torcem por n\u00f3s \u2013 mesmo quando estamos longe\u201d, concluiu o lavrense. Ele compete com a Honda CRF 230F.<\/p>\n<figure id=\"attachment_16068\" aria-describedby=\"caption-attachment-16068\" style=\"width: 960px\" class=\"wp-caption aligncenter\"><img decoding=\"async\" class=\"size-full wp-image-16068\" src=\"http:\/\/lavras.tv\/site\/wp-content\/uploads\/2018\/05\/darinho.jpg\" alt=\"D\u00e1rio J\u00falio\" width=\"960\" height=\"960\" srcset=\"https:\/\/lavras.tv\/site\/wp-content\/uploads\/2018\/05\/darinho.jpg 960w, https:\/\/lavras.tv\/site\/wp-content\/uploads\/2018\/05\/darinho-150x150.jpg 150w, https:\/\/lavras.tv\/site\/wp-content\/uploads\/2018\/05\/darinho-300x300.jpg 300w\" sizes=\"(max-width: 960px) 100vw, 960px\" \/><figcaption id=\"caption-attachment-16068\" class=\"wp-caption-text\">D\u00e1rio J\u00falio<\/figcaption><\/figure>\n<p>F\u00e1bio Coelho de Divin\u00f3polis\/MG ( Equipe Yamaha O2BH Racing) e sua TT-R 230, com terceira vit\u00f3ria consecutiva, confirma o favoritismo e segue firme na lideran\u00e7a da categoria Brasil.<\/p>\n<p>No\u00e9 de Oliveira, de Formiga\/MG continua l\u00edder no Mineiro e Sul Mineiro na Categoria Over 50, o mestre das trilhas foi destaque em um prova bruta em trilhas e navega\u00e7\u00e3o.<\/p>\n<p>Andr\u00e9 Rezende, de Lumin\u00e1rias dispara na lideran\u00e7a do Sul Mineiro com 90% de aproveitamento no campeonato, sendo destaque na categoria Novatos.<\/p>\n<p>Confira os Campe\u00f4es do Enduro dos Ip\u00eas Off Road 2018 :<\/p>\n<p>MASTER : Tunico Maciel \u2013 Lavras\/MG;<\/p>\n<p>SENIOR : Sandro Hoffmann \u2013 Venda Nova Imigrante\/ES;<\/p>\n<p>OVER 40 : D\u00e1rio J\u00falio \u2013 Lavras\/MG;<\/p>\n<p>OVER 45 : Weuler Caixeta Piau \u2013 Patos de Minas\/MG;<\/p>\n<p>JUNIOR : Daniel Folador \u2013 Erechim\/RS;<\/p>\n<p>BRASIL : F\u00e1bio Coelho Amaral \u2013 Divin\u00f3polis\/MG;<\/p>\n<p>OVER 50 : No\u00e9 de Oliveira \u2013 Formiga\/MG;<\/p>\n<p>FEMININA : K\u00e9ssia Trist\u00e3o Pires \u2013 Venda Nova Imigrantes\/ES;<\/p>\n<p>OVER 55 : George Parick \u2013 Jandira\/SP;<\/p>\n<p>NOVATOS : Andr\u00e9 Rezende \u2013 Lumin\u00e1rias\/MG ;<\/p>\n<p>Resultados Completos :\u00a0<a title=\"RESULTADOS E PERFORMANCES CLIQUE AQUI\" href=\"http:\/\/rallyvirtual.com.br\/sitenovo\/index.php\/component\/content\/article\/35-resultados\/2949-06maio-enduro-dos-ipes-dia-2\">RESULTADOS E PERFORMANCES CLIQUE AQUI<\/a><\/p>\n<p>Colabora\u00e7\u00e3o : Mundo Press e Lu Anjos<\/p>\n<p>Fotos : Lu Anjos<\/p>\n<p>Fotos e videos do evento :<\/p>\n<p><a title=\"MOTORAID CLIQUE AQUI\" href=\"http:\/\/www.motoraid.com.br\/\">MOTORAID CLIQUE AQUI<\/a><\/p>\n<p><a title=\"FOTOS ANGELO SAVASTANO CLIQUE AQUI\" href=\"https:\/\/www.facebook.com\/AngeloSavastanoPhotoSports\/\">FOTOS ENDURO DOS IPES OFF ROAD<\/a><\/p>\n<p><a title=\"FOTOS ANGELO SAVASTANO CLIQUE AQUI\" href=\"https:\/\/www.facebook.com\/AngeloSavastanoPhotoSports\/\">FOTOS ANGELO SAVASTANO CLIQUE AQUI<\/a><\/p>\n<p><a title=\"VIDEOS E IMAGENS MARCELO DIAS CLIQUE AQUI\" href=\"https:\/\/www.facebook.com\/marceloestudioarbex\">VIDEOS E IMAGENS MARCELO DIAS CLIQUE AQUI<\/a><\/p>\n<p>Fonte:\u00a0Federa\u00e7\u00e3o de Motociclismo do Estado de Minas Gerais<\/p>\n","protected":false},"excerpt":{"rendered":"<p>Com 126 pilotos presentes, o Enduro Ip\u00eas Off Road 2018, ficou marcado por trilhas impec\u00e1veis e boa navega\u00e7\u00e3o em uma prova bruta que agradou a maioria dos presentes no evento.<\/p>\n","protected":false},"author":2,"featured_media":16066,"comment_status":"closed","ping_status":"open","sticky":false,"template":"","format":"standard","meta":{"advgb_blocks_editor_width":"","advgb_blocks_columns_visual_guide":"","_exactmetrics_skip_tracking":false,"_exactmetrics_sitenote_active":false,"_exactmetrics_sitenote_note":"","_exactmetrics_sitenote_category":0,"footnotes":""},"categories":[7,3],"tags":[4785,3310,2364,2361,3334,34,3438,4786,3309],"class_list":["post-16065","post","type-post","status-publish","format-standard","has-post-thumbnail","hentry","category-destaques","category-esportes","tag-brasileiro","tag-dario-julio","tag-enduro","tag-enduro-dos-ipes","tag-ipes-off-road","tag-lavras","tag-off-road","tag-sul-mineiro","tag-tunico-maciel"],"better_featured_image":{"id":16066,"alt_text":"","caption":"","description":"","media_type":"image","media_details":{"width":960,"height":720,"file":"2018\/05\/enduro.jpg","sizes":{"thumbnail":{"file":"enduro-150x113.jpg","width":150,"height":113,"mime-type":"image\/jpeg","source_url":"https:\/\/lavras.tv\/site\/wp-content\/uploads\/2018\/05\/enduro-150x113.jpg"},"medium":{"file":"enduro-300x225.jpg","width":300,"height":225,"mime-type":"image\/jpeg","source_url":"https:\/\/lavras.tv\/site\/wp-content\/uploads\/2018\/05\/enduro-300x225.jpg"},"featured-slider-img":{"file":"enduro-640x480.jpg","width":640,"height":480,"mime-type":"image\/jpeg","source_url":"https:\/\/lavras.tv\/site\/wp-content\/uploads\/2018\/05\/enduro-640x480.jpg"},"featured-post-img":{"file":"enduro-480x320.jpg","width":480,"height":320,"mime-type":"image\/jpeg","source_url":"https:\/\/lavras.tv\/site\/wp-content\/uploads\/2018\/05\/enduro-480x320.jpg"},"sow-carousel-default":{"file":"enduro-272x182.jpg","width":272,"height":182,"mime-type":"image\/jpeg","source_url":"https:\/\/lavras.tv\/site\/wp-content\/uploads\/2018\/05\/enduro-272x182.jpg"}},"image_meta":{"aperture":"0","credit":"","camera":"","caption":"","created_timestamp":"0","copyright":"","focal_length":"0","iso":"0","shutter_speed":"0","title":"","orientation":"0","keywords":[]}},"post":16065,"source_url":"https:\/\/lavras.tv\/site\/wp-content\/uploads\/2018\/05\/enduro.jpg"},"author_meta":{"display_name":"Lavras TV","author_link":"https:\/\/lavras.tv\/site\/author\/lavrastv\/"},"featured_img":"https:\/\/lavras.tv\/site\/wp-content\/uploads\/2018\/05\/enduro-300x225.jpg","coauthors":[],"tax_additional":{"categories":{"linked":["<a href=\"https:\/\/lavras.tv\/site\/category\/destaques\/\" class=\"advgb-post-tax-term\">Destaques<\/a>","<a href=\"https:\/\/lavras.tv\/site\/category\/esportes\/\" class=\"advgb-post-tax-term\">Esportes<\/a>"],"unlinked":["<span class=\"advgb-post-tax-term\">Destaques<\/span>","<span class=\"advgb-post-tax-term\">Esportes<\/span>"]},"tags":{"linked":["<a href=\"https:\/\/lavras.tv\/site\/category\/esportes\/\" class=\"advgb-post-tax-term\">brasileiro<\/a>","<a href=\"https:\/\/lavras.tv\/site\/category\/esportes\/\" class=\"advgb-post-tax-term\">dario julio<\/a>","<a href=\"https:\/\/lavras.tv\/site\/category\/esportes\/\" class=\"advgb-post-tax-term\">enduro<\/a>","<a href=\"https:\/\/lavras.tv\/site\/category\/esportes\/\" class=\"advgb-post-tax-term\">enduro dos ip\u00eas<\/a>","<a href=\"https:\/\/lavras.tv\/site\/category\/esportes\/\" class=\"advgb-post-tax-term\">Ip\u00eas Off Road<\/a>","<a href=\"https:\/\/lavras.tv\/site\/category\/esportes\/\" class=\"advgb-post-tax-term\">lavras<\/a>","<a href=\"https:\/\/lavras.tv\/site\/category\/esportes\/\" class=\"advgb-post-tax-term\">off road<\/a>","<a href=\"https:\/\/lavras.tv\/site\/category\/esportes\/\" class=\"advgb-post-tax-term\">sul mineiro<\/a>","<a href=\"https:\/\/lavras.tv\/site\/category\/esportes\/\" class=\"advgb-post-tax-term\">tunico maciel<\/a>"],"unlinked":["<span class=\"advgb-post-tax-term\">brasileiro<\/span>","<span class=\"advgb-post-tax-term\">dario julio<\/span>","<span class=\"advgb-post-tax-term\">enduro<\/span>","<span class=\"advgb-post-tax-term\">enduro dos ip\u00eas<\/span>","<span class=\"advgb-post-tax-term\">Ip\u00eas Off Road<\/span>","<span class=\"advgb-post-tax-term\">lavras<\/span>","<span class=\"advgb-post-tax-term\">off road<\/span>","<span class=\"advgb-post-tax-term\">sul mineiro<\/span>","<span class=\"advgb-post-tax-term\">tunico maciel<\/span>"]}},"comment_count":"0","relative_dates":{"created":"Publicado 8 anos atr\u00e1s","modified":"Atualizado 8 anos atr\u00e1s"},"absolute_dates":{"created":"Publicado em 8 de maio de 2018","modified":"Atualizado em 8 de maio de 2018"},"absolute_dates_time":{"created":"Publicado em 8 de maio de 2018 09:54","modified":"Atualizado em 8 de maio de 2018 09:54"},"featured_img_caption":"","series_order":"","_links":{"self":[{"href":"https:\/\/lavras.tv\/site\/wp-json\/wp\/v2\/posts\/16065","targetHints":{"allow":["GET"]}}],"collection":[{"href":"https:\/\/lavras.tv\/site\/wp-json\/wp\/v2\/posts"}],"about":[{"href":"https:\/\/lavras.tv\/site\/wp-json\/wp\/v2\/types\/post"}],"author":[{"embeddable":true,"href":"https:\/\/lavras.tv\/site\/wp-json\/wp\/v2\/users\/2"}],"replies":[{"embeddable":true,"href":"https:\/\/lavras.tv\/site\/wp-json\/wp\/v2\/comments?post=16065"}],"version-history":[{"count":1,"href":"https:\/\/lavras.tv\/site\/wp-json\/wp\/v2\/posts\/16065\/revisions"}],"predecessor-version":[{"id":16069,"href":"https:\/\/lavras.tv\/site\/wp-json\/wp\/v2\/posts\/16065\/revisions\/16069"}],"wp:featuredmedia":[{"embeddable":true,"href":"https:\/\/lavras.tv\/site\/wp-json\/wp\/v2\/media\/16066"}],"wp:attachment":[{"href":"https:\/\/lavras.tv\/site\/wp-json\/wp\/v2\/media?parent=16065"}],"wp:term":[{"taxonomy":"category","embeddable":true,"href":"https:\/\/lavras.tv\/site\/wp-json\/wp\/v2\/categories?post=16065"},{"taxonomy":"post_tag","embeddable":true,"href":"https:\/\/lavras.tv\/site\/wp-json\/wp\/v2\/tags?post=16065"}],"curies":[{"name":"wp","href":"https:\/\/api.w.org\/{rel}","templated":true}]}}