{"id":16070,"date":"2018-05-08T09:59:08","date_gmt":"2018-05-08T12:59:08","guid":{"rendered":"http:\/\/lavras.tv\/site\/?p=16070"},"modified":"2018-05-08T09:59:08","modified_gmt":"2018-05-08T12:59:08","slug":"informe-parlamentar-projeto-de-fabio-cherem-auxilia-pacientes-que-aguardam-por-transplante-de-medula","status":"publish","type":"post","link":"https:\/\/lavras.tv\/site\/2018\/05\/08\/informe-parlamentar-projeto-de-fabio-cherem-auxilia-pacientes-que-aguardam-por-transplante-de-medula\/","title":{"rendered":"[Informe Parlamentar] Projeto de F\u00e1bio Cherem auxilia pacientes que aguardam por transplante de medula"},"content":{"rendered":"<div class=\"lavra-antes-do-conteudo_2\" id=\"lavra-4195211946\"><div id=\"lavra-slider-27\" class=\"custom-slider lavra-slider-1197087472 lavra-slider\"><ul><li><div style=\"margin-left: auto;margin-right: auto;text-align: center;\" id=\"lavra-1724053163\"><a href=\"https:\/\/sistemas.lavras.mg.gov.br\/portalcidadao\/#df1b1a7c7b2a290bcb31e32771e610784662739a88807c0dacac58ede5f391a7530e299dc302d611ee73cb143fc22eaf93592e53e7b5bdb01b00a0b8d28dae460c141dd2ff83412e4dc1c31b16b25f33144a9e5620ea73b13f5bc1c59411d98439ad226e8af03840603796067d87afe130812cf3de24982d0e306f9e61e764e5\" aria-label=\"Lavras-TV&#8211;720x104px (1) (1)\"><img src=\"https:\/\/lavras.tv\/site\/wp-content\/uploads\/2025\/01\/Lavras-TV-720x104px-1-1.png\" alt=\"\"  srcset=\"https:\/\/lavras.tv\/site\/wp-content\/uploads\/2025\/01\/Lavras-TV-720x104px-1-1.png 720w, https:\/\/lavras.tv\/site\/wp-content\/uploads\/2025\/01\/Lavras-TV-720x104px-1-1-470x68.png 470w, https:\/\/lavras.tv\/site\/wp-content\/uploads\/2025\/01\/Lavras-TV-720x104px-1-1-170x25.png 170w, https:\/\/lavras.tv\/site\/wp-content\/uploads\/2025\/01\/Lavras-TV-720x104px-1-1-200x29.png 200w\" sizes=\"(max-width: 720px) 100vw, 720px\" width=\"720\" height=\"104\"  style=\"display: inline-block;\" \/><\/a><\/div><\/li><li><a href=\"https:\/\/sistemas.lavras.mg.gov.br\/portalcidadao\/#df1b1a7c7b2a290bcb31e32771e610784662739a88807c0dacac58ede5f391a7530e299dc302d611ee73cb143fc22eaf93592e53e7b5bdb01b00a0b8d28dae460c141dd2ff83412e4dc1c31b16b25f33144a9e5620ea73b13f5bc1c59411d98439ad226e8af03840603796067d87afe130812cf3de24982d0e306f9e61e764e5\" aria-label=\"Banner_Emprego_PortallavrasTV\"><img src=\"https:\/\/lavras.tv\/site\/wp-content\/uploads\/2025\/03\/Banner_Emprego_PortallavrasTV.png\" alt=\"\"  srcset=\"https:\/\/lavras.tv\/site\/wp-content\/uploads\/2025\/03\/Banner_Emprego_PortallavrasTV.png 720w, https:\/\/lavras.tv\/site\/wp-content\/uploads\/2025\/03\/Banner_Emprego_PortallavrasTV-470x68.png 470w, https:\/\/lavras.tv\/site\/wp-content\/uploads\/2025\/03\/Banner_Emprego_PortallavrasTV-170x25.png 170w, https:\/\/lavras.tv\/site\/wp-content\/uploads\/2025\/03\/Banner_Emprego_PortallavrasTV-200x29.png 200w\" sizes=\"(max-width: 720px) 100vw, 720px\" width=\"720\" height=\"104\"   \/><\/a><\/li><li><a href=\"https:\/\/sistemas.lavras.mg.gov.br\/portalcidadao\/#df1b1a7c7b2a290bcb31e32771e610784662739a88807c0dacac58ede5f391a7530e299dc302d611ee73cb143fc22eaf93592e53e7b5bdb01b00a0b8d28dae460c141dd2ff83412e4dc1c31b16b25f33144a9e5620ea73b13f5bc1c59411d98439ad226e8af03840603796067d87afe130812cf3de24982d0e306f9e61e764e5\" aria-label=\"Banner_Obras_PortallavrasTV\"><img src=\"https:\/\/lavras.tv\/site\/wp-content\/uploads\/2025\/03\/Banner_Obras_PortallavrasTV.png\" alt=\"\"  srcset=\"https:\/\/lavras.tv\/site\/wp-content\/uploads\/2025\/03\/Banner_Obras_PortallavrasTV.png 720w, https:\/\/lavras.tv\/site\/wp-content\/uploads\/2025\/03\/Banner_Obras_PortallavrasTV-470x68.png 470w, https:\/\/lavras.tv\/site\/wp-content\/uploads\/2025\/03\/Banner_Obras_PortallavrasTV-170x25.png 170w, https:\/\/lavras.tv\/site\/wp-content\/uploads\/2025\/03\/Banner_Obras_PortallavrasTV-200x29.png 200w\" sizes=\"(max-width: 720px) 100vw, 720px\" width=\"720\" height=\"104\"   \/><\/a><\/li><li><div style=\"margin-left: auto;margin-right: auto;text-align: center;\" id=\"lavra-2453499007\"><a href=\"https:\/\/sistemas.lavras.mg.gov.br\/portalcidadao\/#df1b1a7c7b2a290bcb31e32771e610784662739a88807c0dacac58ede5f391a7530e299dc302d611ee73cb143fc22eaf93592e53e7b5bdb01b00a0b8d28dae460c141dd2ff83412e4dc1c31b16b25f33144a9e5620ea73b13f5bc1c59411d98439ad226e8af03840603796067d87afe130812cf3de24982d0e306f9e61e764e5\" aria-label=\"Banner_Educa\u00e7\u00e3o_PortallavrasTV\"><img src=\"https:\/\/lavras.tv\/site\/wp-content\/uploads\/2025\/01\/Banner_Educacao_PortallavrasTV.png\" alt=\"\"  srcset=\"https:\/\/lavras.tv\/site\/wp-content\/uploads\/2025\/01\/Banner_Educacao_PortallavrasTV.png 720w, https:\/\/lavras.tv\/site\/wp-content\/uploads\/2025\/01\/Banner_Educacao_PortallavrasTV-470x68.png 470w, https:\/\/lavras.tv\/site\/wp-content\/uploads\/2025\/01\/Banner_Educacao_PortallavrasTV-170x25.png 170w, https:\/\/lavras.tv\/site\/wp-content\/uploads\/2025\/01\/Banner_Educacao_PortallavrasTV-200x29.png 200w\" sizes=\"(max-width: 720px) 100vw, 720px\" width=\"720\" height=\"104\"  style=\"display: inline-block;\" \/><\/a><\/div><\/li><li><a href=\"https:\/\/sistemas.lavras.mg.gov.br\/portalcidadao\/#df1b1a7c7b2a290bcb31e32771e610784662739a88807c0dacac58ede5f391a7530e299dc302d611ee73cb143fc22eaf93592e53e7b5bdb01b00a0b8d28dae460c141dd2ff83412e4dc1c31b16b25f33144a9e5620ea73b13f5bc1c59411d98439ad226e8af03840603796067d87afe130812cf3de24982d0e306f9e61e764e5\" aria-label=\"Banner_Sa\u00fade_PortallavrasTV\"><img src=\"https:\/\/lavras.tv\/site\/wp-content\/uploads\/2025\/03\/Banner_Saude_PortallavrasTV.png\" alt=\"\"  srcset=\"https:\/\/lavras.tv\/site\/wp-content\/uploads\/2025\/03\/Banner_Saude_PortallavrasTV.png 720w, https:\/\/lavras.tv\/site\/wp-content\/uploads\/2025\/03\/Banner_Saude_PortallavrasTV-470x68.png 470w, https:\/\/lavras.tv\/site\/wp-content\/uploads\/2025\/03\/Banner_Saude_PortallavrasTV-170x25.png 170w, https:\/\/lavras.tv\/site\/wp-content\/uploads\/2025\/03\/Banner_Saude_PortallavrasTV-200x29.png 200w\" sizes=\"(max-width: 720px) 100vw, 720px\" width=\"720\" height=\"104\"   \/><\/a><\/li><li><div id=\"lavra-400756838\" style=\"width:720px;height:104px;background-color:#ddd;overflow:scroll;\">\n\t<strong>Sa\u00edda da depura\u00e7\u00e3o de an\u00fancios<\/strong>\n\t<br><br>\n\tO an\u00fancio n\u00e3o \u00e9 exibido na p\u00e1gina<br><br>post atual: [Informe Parlamentar] Projeto de F\u00e1bio Cherem auxilia pacientes que aguardam por transplante de medula, ID: 16070<br><br><span style=\"color: red;\">O post atual n\u00e3o \u00e9 id\u00eantico ao post principal.<\/span><br><br>An\u00fancios: ROXO - TOPO INTERNA - ROTATIVO 2 (197)<br \/>Grupo de an\u00fancios: Princ_Meio01_720x104 (27)<br><br>Condi\u00e7\u00f5es de exibi\u00e7\u00e3o<div style=\"margin-bottom: 20px; white-space: pre-wrap; font-family: monospace; width: 100%; background: #ffe9e9;\"><strong>condi\u00e7\u00f5es gerais<\/strong><table border=\"1\"><thead><tr><th><\/th><th>An\u00fancios<\/th><th>wp_the_query<\/th><\/tr><\/thead><tr><td>is_main_query<\/td><td>1<\/td><td>1<\/td><\/tr><tr><td>is_rest_api<\/td><td>0<\/td><td>1<\/td><\/tr><tr><td>page<\/td><td>0<\/td><td>1<\/td><\/tr><tr><td>numpages<\/td><td>0<\/td><td>1<\/td><\/tr><tr><td>is_archive<\/td><td>1<\/td><td><\/td><\/tr><tr><td>is_search<\/td><td>1<\/td><td><\/td><\/tr><tr><td>is_home<\/td><td>1<\/td><td><\/td><\/tr><tr><td>is_404<\/td><td>1<\/td><td><\/td><\/tr><tr><td>is_attachment<\/td><td>1<\/td><td><\/td><\/tr><tr><td>is_singular<\/td><td>1<\/td><td><\/td><\/tr><tr><td>is_front_page<\/td><td>1<\/td><td><\/td><\/tr><tr><td>is_feed<\/td><td>1<\/td><td><\/td><\/tr><\/table><\/div><br><br><span style=\"color: red;\">Seu site usa HTTPS, mas o c\u00f3digo do an\u00fancio cont\u00e9m HTTP e pode n\u00e3o funcionar.<\/span>\t<br><br>\n\t<a style=\"color: green;\" href=\"https:\/\/wpadvancedads.com\/manual\/ad-debug-mode\/?utm_source=advanced-ads&utm_medium=link&utm_campaign=ad-debug-mode\" target=\"_blank\" rel=\"nofollow\">Encontre solu\u00e7\u00f5es no manual<\/a>\n<\/div>\n<\/li><\/ul><\/div><script>( window.advanced_ads_ready || jQuery( document ).ready ).call( null, function() {var $lavraslider1197087472 = jQuery( \".lavra-slider-1197087472\" );$lavraslider1197087472.on( \"unslider.ready\", function() { jQuery( \"div.custom-slider ul li\" ).css( \"display\", \"block\" ); });$lavraslider1197087472.unslider({ delay:4000, autoplay:true, nav:false, arrows:false, infinite:true });$lavraslider1197087472.on(\"mouseover\", function() {$lavraslider1197087472.unslider(\"stop\");}).on(\"mouseout\", function() {$lavraslider1197087472.unslider(\"start\");});});<\/script><\/div><p>Projeto de lei do deputado F\u00e1bio Cherem \u00e9 implementado e se torna Lei Estadual que incentiva a doa\u00e7\u00e3o de medula \u00f3ssea em Minas Gerais. <!--more-->O projeto aprovado pela Assembleia Legislativa obriga todos os estabelecimentos que fazem parte da Rede Estadual de Servi\u00e7os de Hematologia e Hemoterapia orientarem os doadores sobre a import\u00e2ncia dos mesmos se cadastrarem no Registro Nacional dos Doadores de Medula (Redome), banco de dados criado pelo Governo Federal em 1993 que cruza as informa\u00e7\u00f5es dos pacientes \u00e0 espera de transplante com aquelas dos doadores, auxiliando na identifica\u00e7\u00e3o de compatibilidade.<\/p>\n<p><img fetchpriority=\"high\" decoding=\"async\" class=\"alignnone size-full wp-image-16071 aligncenter\" src=\"http:\/\/lavras.tv\/site\/wp-content\/uploads\/2018\/05\/31344564_1339643152802489_3724912616267579392_o.jpg\" alt=\"31344564_1339643152802489_3724912616267579392_o\" width=\"1077\" height=\"680\" srcset=\"https:\/\/lavras.tv\/site\/wp-content\/uploads\/2018\/05\/31344564_1339643152802489_3724912616267579392_o.jpg 1077w, https:\/\/lavras.tv\/site\/wp-content\/uploads\/2018\/05\/31344564_1339643152802489_3724912616267579392_o-150x95.jpg 150w, https:\/\/lavras.tv\/site\/wp-content\/uploads\/2018\/05\/31344564_1339643152802489_3724912616267579392_o-300x189.jpg 300w, https:\/\/lavras.tv\/site\/wp-content\/uploads\/2018\/05\/31344564_1339643152802489_3724912616267579392_o-1024x647.jpg 1024w\" sizes=\"(max-width: 1077px) 100vw, 1077px\" \/><\/p>\n<p>As chances para quem aguarda por um transplante de medula \u00f3ssea em localizar um doador compat\u00edvel que n\u00e3o seja membro da fam\u00edlia \u00e9 de 1 para 1000.\u00a0 Para se ter uma ideia da dificuldade, o Instituto Nacional de C\u00e2ncer acredita que as chances de se encontrar um doador de medula entre familiares chegam at\u00e9 35%, muito al\u00e9m dos 0,1% de doadores que n\u00e3o s\u00e3o parentes, da\u00ed a import\u00e2ncia do cadastro no Redome.<\/p>\n<p>O transplante de medula \u00f3ssea \u00e9 um dos tipos de tratamentos propostos para as doen\u00e7as que afetam o sangue, auxiliando na reconstitui\u00e7\u00e3o dos gl\u00f3bulos vermelhos e brancos e tamb\u00e9m das plaquetas dos pacientes. \u00c9 uma interven\u00e7\u00e3o indicada para pacientes com leucemia, que \u00e9 um tipo de c\u00e2ncer que acomete a corrente sangu\u00ednea, e tamb\u00e9m para pacientes com linfoma, que afeta as c\u00e9lulas do sistema imunol\u00f3gico.<\/p>\n<p><img decoding=\"async\" class=\"alignnone size-full wp-image-16072 aligncenter\" src=\"http:\/\/lavras.tv\/site\/wp-content\/uploads\/2018\/05\/31239298_1339643166135821_8751909465273401344_o.jpg\" alt=\"31239298_1339643166135821_8751909465273401344_o\" width=\"1944\" height=\"1296\" srcset=\"https:\/\/lavras.tv\/site\/wp-content\/uploads\/2018\/05\/31239298_1339643166135821_8751909465273401344_o.jpg 1944w, https:\/\/lavras.tv\/site\/wp-content\/uploads\/2018\/05\/31239298_1339643166135821_8751909465273401344_o-150x100.jpg 150w, https:\/\/lavras.tv\/site\/wp-content\/uploads\/2018\/05\/31239298_1339643166135821_8751909465273401344_o-300x200.jpg 300w, https:\/\/lavras.tv\/site\/wp-content\/uploads\/2018\/05\/31239298_1339643166135821_8751909465273401344_o-1024x683.jpg 1024w, https:\/\/lavras.tv\/site\/wp-content\/uploads\/2018\/05\/31239298_1339643166135821_8751909465273401344_o-480x320.jpg 480w, https:\/\/lavras.tv\/site\/wp-content\/uploads\/2018\/05\/31239298_1339643166135821_8751909465273401344_o-272x182.jpg 272w\" sizes=\"(max-width: 1944px) 100vw, 1944px\" \/><\/p>\n<p>O deputado F\u00e1bio Cherem acredita que este projeto ir\u00e1 aumentar as chances para aqueles pacientes na fila de transplante em localizar um doador. \u201cA medida faz com que os estabelecimentos da rede estadual divulguem e incentivem o cadastro dos doadores no Redome. As chances de que se consiga a compatibilidade desejada entre pacientes e doadores s\u00e3o reduzidas, mas, como muitas pessoas doam sangue, n\u00f3s vamos incrementar consideravelmente o nosso banco de dados, aumentando as chances de localizar aquele doador compat\u00edvel. Acredito que assim estamos ajudando muita gente\u201d, resumiu F\u00e1bio Cherem.<\/p>\n<p>Fonte: gabinete do deputado F\u00e1bio Cherem<\/p>\n","protected":false},"excerpt":{"rendered":"<p>Projeto de lei do deputado F\u00e1bio Cherem \u00e9 implementado e se torna Lei Estadual que incentiva a doa\u00e7\u00e3o de medula \u00f3ssea em Minas Gerais.<\/p>\n","protected":false},"author":2,"featured_media":16071,"comment_status":"closed","ping_status":"open","sticky":false,"template":"","format":"standard","meta":{"advgb_blocks_editor_width":"","advgb_blocks_columns_visual_guide":"","_exactmetrics_skip_tracking":false,"_exactmetrics_sitenote_active":false,"_exactmetrics_sitenote_note":"","_exactmetrics_sitenote_category":0,"footnotes":""},"categories":[7,12],"tags":[2173,672,4787],"class_list":["post-16070","post","type-post","status-publish","format-standard","has-post-thumbnail","hentry","category-destaques","category-politica","tag-deputado-fabio-cherem","tag-fabio-cherem","tag-transplante-de-medula"],"better_featured_image":{"id":16071,"alt_text":"","caption":"","description":"","media_type":"image","media_details":{"width":1077,"height":680,"file":"2018\/05\/31344564_1339643152802489_3724912616267579392_o.jpg","sizes":{"thumbnail":{"file":"31344564_1339643152802489_3724912616267579392_o-150x95.jpg","width":150,"height":95,"mime-type":"image\/jpeg","source_url":"https:\/\/lavras.tv\/site\/wp-content\/uploads\/2018\/05\/31344564_1339643152802489_3724912616267579392_o-150x95.jpg"},"medium":{"file":"31344564_1339643152802489_3724912616267579392_o-300x189.jpg","width":300,"height":189,"mime-type":"image\/jpeg","source_url":"https:\/\/lavras.tv\/site\/wp-content\/uploads\/2018\/05\/31344564_1339643152802489_3724912616267579392_o-300x189.jpg"},"large":{"file":"31344564_1339643152802489_3724912616267579392_o-1024x647.jpg","width":1024,"height":647,"mime-type":"image\/jpeg","source_url":"https:\/\/lavras.tv\/site\/wp-content\/uploads\/2018\/05\/31344564_1339643152802489_3724912616267579392_o-1024x647.jpg"},"featured-slider-img":{"file":"31344564_1339643152802489_3724912616267579392_o-640x480.jpg","width":640,"height":480,"mime-type":"image\/jpeg","source_url":"https:\/\/lavras.tv\/site\/wp-content\/uploads\/2018\/05\/31344564_1339643152802489_3724912616267579392_o-640x480.jpg"},"featured-post-img":{"file":"31344564_1339643152802489_3724912616267579392_o-480x320.jpg","width":480,"height":320,"mime-type":"image\/jpeg","source_url":"https:\/\/lavras.tv\/site\/wp-content\/uploads\/2018\/05\/31344564_1339643152802489_3724912616267579392_o-480x320.jpg"},"sow-carousel-default":{"file":"31344564_1339643152802489_3724912616267579392_o-272x182.jpg","width":272,"height":182,"mime-type":"image\/jpeg","source_url":"https:\/\/lavras.tv\/site\/wp-content\/uploads\/2018\/05\/31344564_1339643152802489_3724912616267579392_o-272x182.jpg"}},"image_meta":{"aperture":"0","credit":"","camera":"","caption":"","created_timestamp":"0","copyright":"","focal_length":"0","iso":"0","shutter_speed":"0","title":"","orientation":"0","keywords":[]}},"post":16070,"source_url":"https:\/\/lavras.tv\/site\/wp-content\/uploads\/2018\/05\/31344564_1339643152802489_3724912616267579392_o.jpg"},"author_meta":{"display_name":"Lavras TV","author_link":"https:\/\/lavras.tv\/site\/author\/lavrastv\/"},"featured_img":"https:\/\/lavras.tv\/site\/wp-content\/uploads\/2018\/05\/31344564_1339643152802489_3724912616267579392_o-300x189.jpg","coauthors":[],"tax_additional":{"categories":{"linked":["<a href=\"https:\/\/lavras.tv\/site\/category\/destaques\/\" class=\"advgb-post-tax-term\">Destaques<\/a>","<a href=\"https:\/\/lavras.tv\/site\/category\/politica\/\" class=\"advgb-post-tax-term\">Pol\u00edtica<\/a>"],"unlinked":["<span class=\"advgb-post-tax-term\">Destaques<\/span>","<span class=\"advgb-post-tax-term\">Pol\u00edtica<\/span>"]},"tags":{"linked":["<a href=\"https:\/\/lavras.tv\/site\/category\/politica\/\" class=\"advgb-post-tax-term\">deputado F\u00e1bio Cherem<\/a>","<a href=\"https:\/\/lavras.tv\/site\/category\/politica\/\" class=\"advgb-post-tax-term\">fabio cherem<\/a>","<a href=\"https:\/\/lavras.tv\/site\/category\/politica\/\" class=\"advgb-post-tax-term\">transplante de medula<\/a>"],"unlinked":["<span class=\"advgb-post-tax-term\">deputado F\u00e1bio Cherem<\/span>","<span class=\"advgb-post-tax-term\">fabio cherem<\/span>","<span class=\"advgb-post-tax-term\">transplante de medula<\/span>"]}},"comment_count":"0","relative_dates":{"created":"Publicado 8 anos atr\u00e1s","modified":"Atualizado 8 anos atr\u00e1s"},"absolute_dates":{"created":"Publicado em 8 de maio de 2018","modified":"Atualizado em 8 de maio de 2018"},"absolute_dates_time":{"created":"Publicado em 8 de maio de 2018 09:59","modified":"Atualizado em 8 de maio de 2018 09:59"},"featured_img_caption":"","series_order":"","_links":{"self":[{"href":"https:\/\/lavras.tv\/site\/wp-json\/wp\/v2\/posts\/16070","targetHints":{"allow":["GET"]}}],"collection":[{"href":"https:\/\/lavras.tv\/site\/wp-json\/wp\/v2\/posts"}],"about":[{"href":"https:\/\/lavras.tv\/site\/wp-json\/wp\/v2\/types\/post"}],"author":[{"embeddable":true,"href":"https:\/\/lavras.tv\/site\/wp-json\/wp\/v2\/users\/2"}],"replies":[{"embeddable":true,"href":"https:\/\/lavras.tv\/site\/wp-json\/wp\/v2\/comments?post=16070"}],"version-history":[{"count":1,"href":"https:\/\/lavras.tv\/site\/wp-json\/wp\/v2\/posts\/16070\/revisions"}],"predecessor-version":[{"id":16073,"href":"https:\/\/lavras.tv\/site\/wp-json\/wp\/v2\/posts\/16070\/revisions\/16073"}],"wp:featuredmedia":[{"embeddable":true,"href":"https:\/\/lavras.tv\/site\/wp-json\/wp\/v2\/media\/16071"}],"wp:attachment":[{"href":"https:\/\/lavras.tv\/site\/wp-json\/wp\/v2\/media?parent=16070"}],"wp:term":[{"taxonomy":"category","embeddable":true,"href":"https:\/\/lavras.tv\/site\/wp-json\/wp\/v2\/categories?post=16070"},{"taxonomy":"post_tag","embeddable":true,"href":"https:\/\/lavras.tv\/site\/wp-json\/wp\/v2\/tags?post=16070"}],"curies":[{"name":"wp","href":"https:\/\/api.w.org\/{rel}","templated":true}]}}