{"id":161182,"date":"2025-03-13T15:11:01","date_gmt":"2025-03-13T18:11:01","guid":{"rendered":"https:\/\/lavras.tv\/site\/?p=161182"},"modified":"2025-03-13T15:11:02","modified_gmt":"2025-03-13T18:11:02","slug":"diante-do-america-atletico-persegue-feito-que-so-alcancou-tres-vezes-no-seculo","status":"publish","type":"post","link":"https:\/\/lavras.tv\/site\/2025\/03\/13\/diante-do-america-atletico-persegue-feito-que-so-alcancou-tres-vezes-no-seculo\/","title":{"rendered":"Diante do Am\u00e9rica, Atl\u00e9tico persegue feito que s\u00f3 alcan\u00e7ou tr\u00eas vezes no s\u00e9culo"},"content":{"rendered":"<div class=\"lavra-antes-do-conteudo_2\" id=\"lavra-2528109345\"><div id=\"lavra-slider-27\" class=\"custom-slider lavra-slider-1588450717 lavra-slider\"><ul><li><div style=\"margin-left: auto;margin-right: auto;text-align: center;\" id=\"lavra-619163788\"><a href=\"https:\/\/sistemas.lavras.mg.gov.br\/portalcidadao\/#df1b1a7c7b2a290bcb31e32771e610784662739a88807c0dacac58ede5f391a7530e299dc302d611ee73cb143fc22eaf93592e53e7b5bdb01b00a0b8d28dae460c141dd2ff83412e4dc1c31b16b25f33144a9e5620ea73b13f5bc1c59411d98439ad226e8af03840603796067d87afe130812cf3de24982d0e306f9e61e764e5\" aria-label=\"Lavras-TV&#8211;720x104px (1) (1)\"><img src=\"https:\/\/lavras.tv\/site\/wp-content\/uploads\/2025\/01\/Lavras-TV-720x104px-1-1.png\" alt=\"\"  srcset=\"https:\/\/lavras.tv\/site\/wp-content\/uploads\/2025\/01\/Lavras-TV-720x104px-1-1.png 720w, https:\/\/lavras.tv\/site\/wp-content\/uploads\/2025\/01\/Lavras-TV-720x104px-1-1-470x68.png 470w, https:\/\/lavras.tv\/site\/wp-content\/uploads\/2025\/01\/Lavras-TV-720x104px-1-1-170x25.png 170w, https:\/\/lavras.tv\/site\/wp-content\/uploads\/2025\/01\/Lavras-TV-720x104px-1-1-200x29.png 200w\" sizes=\"(max-width: 720px) 100vw, 720px\" width=\"720\" height=\"104\"  style=\"display: inline-block;\" \/><\/a><\/div><\/li><li><a href=\"https:\/\/sistemas.lavras.mg.gov.br\/portalcidadao\/#df1b1a7c7b2a290bcb31e32771e610784662739a88807c0dacac58ede5f391a7530e299dc302d611ee73cb143fc22eaf93592e53e7b5bdb01b00a0b8d28dae460c141dd2ff83412e4dc1c31b16b25f33144a9e5620ea73b13f5bc1c59411d98439ad226e8af03840603796067d87afe130812cf3de24982d0e306f9e61e764e5\" aria-label=\"Banner_Emprego_PortallavrasTV\"><img src=\"https:\/\/lavras.tv\/site\/wp-content\/uploads\/2025\/03\/Banner_Emprego_PortallavrasTV.png\" alt=\"\"  srcset=\"https:\/\/lavras.tv\/site\/wp-content\/uploads\/2025\/03\/Banner_Emprego_PortallavrasTV.png 720w, https:\/\/lavras.tv\/site\/wp-content\/uploads\/2025\/03\/Banner_Emprego_PortallavrasTV-470x68.png 470w, https:\/\/lavras.tv\/site\/wp-content\/uploads\/2025\/03\/Banner_Emprego_PortallavrasTV-170x25.png 170w, https:\/\/lavras.tv\/site\/wp-content\/uploads\/2025\/03\/Banner_Emprego_PortallavrasTV-200x29.png 200w\" sizes=\"(max-width: 720px) 100vw, 720px\" width=\"720\" height=\"104\"   \/><\/a><\/li><li><a href=\"https:\/\/sistemas.lavras.mg.gov.br\/portalcidadao\/#df1b1a7c7b2a290bcb31e32771e610784662739a88807c0dacac58ede5f391a7530e299dc302d611ee73cb143fc22eaf93592e53e7b5bdb01b00a0b8d28dae460c141dd2ff83412e4dc1c31b16b25f33144a9e5620ea73b13f5bc1c59411d98439ad226e8af03840603796067d87afe130812cf3de24982d0e306f9e61e764e5\" aria-label=\"Banner_Obras_PortallavrasTV\"><img src=\"https:\/\/lavras.tv\/site\/wp-content\/uploads\/2025\/03\/Banner_Obras_PortallavrasTV.png\" alt=\"\"  srcset=\"https:\/\/lavras.tv\/site\/wp-content\/uploads\/2025\/03\/Banner_Obras_PortallavrasTV.png 720w, https:\/\/lavras.tv\/site\/wp-content\/uploads\/2025\/03\/Banner_Obras_PortallavrasTV-470x68.png 470w, https:\/\/lavras.tv\/site\/wp-content\/uploads\/2025\/03\/Banner_Obras_PortallavrasTV-170x25.png 170w, https:\/\/lavras.tv\/site\/wp-content\/uploads\/2025\/03\/Banner_Obras_PortallavrasTV-200x29.png 200w\" sizes=\"(max-width: 720px) 100vw, 720px\" width=\"720\" height=\"104\"   \/><\/a><\/li><li><div style=\"margin-left: auto;margin-right: auto;text-align: center;\" id=\"lavra-2676906912\"><a href=\"https:\/\/sistemas.lavras.mg.gov.br\/portalcidadao\/#df1b1a7c7b2a290bcb31e32771e610784662739a88807c0dacac58ede5f391a7530e299dc302d611ee73cb143fc22eaf93592e53e7b5bdb01b00a0b8d28dae460c141dd2ff83412e4dc1c31b16b25f33144a9e5620ea73b13f5bc1c59411d98439ad226e8af03840603796067d87afe130812cf3de24982d0e306f9e61e764e5\" aria-label=\"Banner_Educa\u00e7\u00e3o_PortallavrasTV\"><img src=\"https:\/\/lavras.tv\/site\/wp-content\/uploads\/2025\/01\/Banner_Educacao_PortallavrasTV.png\" alt=\"\"  srcset=\"https:\/\/lavras.tv\/site\/wp-content\/uploads\/2025\/01\/Banner_Educacao_PortallavrasTV.png 720w, https:\/\/lavras.tv\/site\/wp-content\/uploads\/2025\/01\/Banner_Educacao_PortallavrasTV-470x68.png 470w, https:\/\/lavras.tv\/site\/wp-content\/uploads\/2025\/01\/Banner_Educacao_PortallavrasTV-170x25.png 170w, https:\/\/lavras.tv\/site\/wp-content\/uploads\/2025\/01\/Banner_Educacao_PortallavrasTV-200x29.png 200w\" sizes=\"(max-width: 720px) 100vw, 720px\" width=\"720\" height=\"104\"  style=\"display: inline-block;\" \/><\/a><\/div><\/li><li><a href=\"https:\/\/sistemas.lavras.mg.gov.br\/portalcidadao\/#df1b1a7c7b2a290bcb31e32771e610784662739a88807c0dacac58ede5f391a7530e299dc302d611ee73cb143fc22eaf93592e53e7b5bdb01b00a0b8d28dae460c141dd2ff83412e4dc1c31b16b25f33144a9e5620ea73b13f5bc1c59411d98439ad226e8af03840603796067d87afe130812cf3de24982d0e306f9e61e764e5\" aria-label=\"Banner_Sa\u00fade_PortallavrasTV\"><img src=\"https:\/\/lavras.tv\/site\/wp-content\/uploads\/2025\/03\/Banner_Saude_PortallavrasTV.png\" alt=\"\"  srcset=\"https:\/\/lavras.tv\/site\/wp-content\/uploads\/2025\/03\/Banner_Saude_PortallavrasTV.png 720w, https:\/\/lavras.tv\/site\/wp-content\/uploads\/2025\/03\/Banner_Saude_PortallavrasTV-470x68.png 470w, https:\/\/lavras.tv\/site\/wp-content\/uploads\/2025\/03\/Banner_Saude_PortallavrasTV-170x25.png 170w, https:\/\/lavras.tv\/site\/wp-content\/uploads\/2025\/03\/Banner_Saude_PortallavrasTV-200x29.png 200w\" sizes=\"(max-width: 720px) 100vw, 720px\" width=\"720\" height=\"104\"   \/><\/a><\/li><li><div id=\"lavra-2660436506\" style=\"width:720px;height:104px;background-color:#ddd;overflow:scroll;\">\n\t<strong>Sa\u00edda da depura\u00e7\u00e3o de an\u00fancios<\/strong>\n\t<br><br>\n\tO an\u00fancio n\u00e3o \u00e9 exibido na p\u00e1gina<br><br>post atual: Diante do Am\u00e9rica, Atl\u00e9tico persegue feito que s\u00f3 alcan\u00e7ou tr\u00eas vezes no s\u00e9culo, ID: 161182<br><br><span style=\"color: red;\">O post atual n\u00e3o \u00e9 id\u00eantico ao post principal.<\/span><br><br>An\u00fancios: ROXO - TOPO INTERNA - ROTATIVO 2 (197)<br \/>Grupo de an\u00fancios: Princ_Meio01_720x104 (27)<br><br>Condi\u00e7\u00f5es de exibi\u00e7\u00e3o<div style=\"margin-bottom: 20px; white-space: pre-wrap; font-family: monospace; width: 100%; background: #ffe9e9;\"><strong>condi\u00e7\u00f5es gerais<\/strong><table border=\"1\"><thead><tr><th><\/th><th>An\u00fancios<\/th><th>wp_the_query<\/th><\/tr><\/thead><tr><td>is_main_query<\/td><td>1<\/td><td>1<\/td><\/tr><tr><td>is_rest_api<\/td><td>0<\/td><td>1<\/td><\/tr><tr><td>page<\/td><td>0<\/td><td>1<\/td><\/tr><tr><td>numpages<\/td><td>0<\/td><td>1<\/td><\/tr><tr><td>is_archive<\/td><td>1<\/td><td><\/td><\/tr><tr><td>is_search<\/td><td>1<\/td><td><\/td><\/tr><tr><td>is_home<\/td><td>1<\/td><td><\/td><\/tr><tr><td>is_404<\/td><td>1<\/td><td><\/td><\/tr><tr><td>is_attachment<\/td><td>1<\/td><td><\/td><\/tr><tr><td>is_singular<\/td><td>1<\/td><td><\/td><\/tr><tr><td>is_front_page<\/td><td>1<\/td><td><\/td><\/tr><tr><td>is_feed<\/td><td>1<\/td><td><\/td><\/tr><\/table><\/div><br><br><span style=\"color: red;\">Seu site usa HTTPS, mas o c\u00f3digo do an\u00fancio cont\u00e9m HTTP e pode n\u00e3o funcionar.<\/span>\t<br><br>\n\t<a style=\"color: green;\" href=\"https:\/\/wpadvancedads.com\/manual\/ad-debug-mode\/?utm_source=advanced-ads&utm_medium=link&utm_campaign=ad-debug-mode\" target=\"_blank\" rel=\"nofollow\">Encontre solu\u00e7\u00f5es no manual<\/a>\n<\/div>\n<\/li><\/ul><\/div><script>( window.advanced_ads_ready || jQuery( document ).ready ).call( null, function() {var $lavraslider1588450717 = jQuery( \".lavra-slider-1588450717\" );$lavraslider1588450717.on( \"unslider.ready\", function() { jQuery( \"div.custom-slider ul li\" ).css( \"display\", \"block\" ); });$lavraslider1588450717.unslider({ delay:4000, autoplay:true, nav:false, arrows:false, infinite:true });$lavraslider1588450717.on(\"mouseover\", function() {$lavraslider1588450717.unslider(\"stop\");}).on(\"mouseout\", function() {$lavraslider1588450717.unslider(\"start\");});});<\/script><\/div>\n<p>Atl\u00e9tico quer repetir sequ\u00eancias de 2009, 2012 e 2013 com nova vit\u00f3ria sobre o Am\u00e9rica; relembre partidas do Galo nesses anos<\/p>\n\n\n\n<figure class=\"wp-block-image size-full\"><img fetchpriority=\"high\" decoding=\"async\" width=\"900\" height=\"506\" src=\"https:\/\/lavras.tv\/site\/wp-content\/uploads\/2025\/03\/jogadores-atletico-1-900x506-1.jpg\" alt=\"\" class=\"wp-image-161183\" srcset=\"https:\/\/lavras.tv\/site\/wp-content\/uploads\/2025\/03\/jogadores-atletico-1-900x506-1.jpg 900w, https:\/\/lavras.tv\/site\/wp-content\/uploads\/2025\/03\/jogadores-atletico-1-900x506-1-470x264.jpg 470w, https:\/\/lavras.tv\/site\/wp-content\/uploads\/2025\/03\/jogadores-atletico-1-900x506-1-170x96.jpg 170w, https:\/\/lavras.tv\/site\/wp-content\/uploads\/2025\/03\/jogadores-atletico-1-900x506-1-200x112.jpg 200w\" sizes=\"(max-width: 900px) 100vw, 900px\" \/><\/figure>\n\n\n\n<p>Em meio ao cen\u00e1rio de imprevisibilidade que sempre foi uma das caracter\u00edsticas do futebol brasileiro, emendar 10 vit\u00f3rias consecutivas \u00e9 tarefa complicada para qualquer time \u2013 por maior que seja a sua for\u00e7a t\u00e9cnica. Prova disso \u00e9 que, diante do&nbsp;<strong>Am\u00e9rica<\/strong>, o&nbsp;<strong>Atl\u00e9tico<\/strong>&nbsp;persegue o feito que s\u00f3 alcan\u00e7ou em&nbsp;<strong>tr\u00eas oportunidades<\/strong>&nbsp;neste&nbsp;<strong>s\u00e9culo<\/strong>.<\/p>\n\n\n\n<p>O Galo n\u00e3o precisa vencer o Am\u00e9rica na tarde deste s\u00e1bado (15\/3) para conquistar o Campeonato Mineiro pelo sexto ano consecutivo. A equipe comandada por Cuca pode at\u00e9 perder o cl\u00e1ssico por tr\u00eas gols de diferen\u00e7a no Mineir\u00e3o, em Belo Horizonte, que, ainda assim, ficar\u00e1 com a ta\u00e7a do Estadual.<\/p>\n\n\n\n<p>Isso porque&nbsp;<a href=\"https:\/\/noataque.com.br\/futebol\/campeonato-mineiro\/noticia\/2025\/03\/08\/atletico-atropela-america-com-brilho-de-lyanco-e-fica-perto-do-hexa-do-mineiro\/\" target=\"_blank\" rel=\"noreferrer noopener\">o<strong>&nbsp;confronto de ida entre os rivais foi vencido pelo Atl\u00e9tico com autoridade<\/strong><\/a>, por 4 a 0, tamb\u00e9m no Gigante da Pampulha. A goleada marcou a nona vit\u00f3ria consecutiva do Galo neste in\u00edcio de temporada.<\/p>\n\n\n\n<p>De toda maneira, o time alvinegro quer encerrar o Mineiro com \u201cchave de ouro\u201d, vencendo o Coelho no duelo em que pode levantar o trof\u00e9u \u2013 e alcan\u00e7ando marca somente registrada pelo clube nos anos de 2009, 2012 e 2013. O \u00faltimo, ali\u00e1s, foi marcado por um in\u00edcio de temporada com 13 triunfos consecutivos.<\/p>\n\n\n\n<h2 class=\"wp-block-heading\" id=\"h-as-maiores-sequencias-de-vitorias-do-atletico-no-seculo\">As maiores sequ\u00eancias de vit\u00f3rias do Atl\u00e9tico no s\u00e9culo<\/h2>\n\n\n\n<ul class=\"wp-block-list\">\n<li><strong>2013<\/strong>: 13 vit\u00f3rias seguidas<\/li>\n\n\n\n<li><strong>2009<\/strong>: 10 vit\u00f3rias seguidas<\/li>\n\n\n\n<li><strong>2012<\/strong>: 10 vit\u00f3rias seguidas<\/li>\n<\/ul>\n\n\n\n<p>Fato curioso \u00e9 que, em duas dessas tr\u00eas sequ\u00eancias do Atl\u00e9tico (2012 e 2013), Cuca tamb\u00e9m era o comandante da equipe. J\u00e1 em 2009, o Galo era dirigido por Emerson Le\u00e3o.<\/p>\n\n\n\n<p>O fator come\u00e7o de temporada une os tr\u00eas recortes com o atual \u2013 per\u00edodo marcado por jogos de fases iniciais da Copa do Brasil e do Campeonato Mineiro. O contexto mais desafiador foi enfrentado pelo Atl\u00e9tico em 2013, com compromissos pela fase de grupos da Copa Libertadores.<\/p>\n\n\n\n<p>A seguir, o&nbsp;<strong>No Ataque<\/strong>&nbsp;relembra cada uma dessas trajet\u00f3rias detalhadamente. Veja tamb\u00e9m os respons\u00e1veis por findar as sequ\u00eancias do Galo em cada um desses anos.<\/p>\n\n\n\n<h2 class=\"wp-block-heading\" id=\"h-a-sequencia-de-vitorias-do-atletico-em-2009-10\">A sequ\u00eancia de vit\u00f3rias do Atl\u00e9tico em 2009 (10)<\/h2>\n\n\n\n<ul class=\"wp-block-list\">\n<li>18\/2 \u2013 Itabaiana-SE 0 x 5\u00a0<strong>Atl\u00e9tico\u00a0<\/strong>\u2013 primeira fase da Copa do Brasil<\/li>\n\n\n\n<li>21\/2 \u2013\u00a0<strong>Atl\u00e9tico\u00a0<\/strong>2 x 0 Rio Branco \u2013 sexta rodada do Campeonato Mineiro<\/li>\n\n\n\n<li>28\/2 \u2013\u00a0<strong>Atl\u00e9tico\u00a0<\/strong>4 x 0 Uberl\u00e2ndia \u2013 s\u00e9tima rodada do Campeonato Mineiro<\/li>\n\n\n\n<li>8\/3 \u2013 Democrata-GV 1 x 3\u00a0<strong>Atl\u00e9tico\u00a0<\/strong>\u2013 oitava rodada do Campeonato Mineiro<\/li>\n\n\n\n<li>14\/3 \u2013 Guarani-MG 0 x 1\u00a0<strong>Atl\u00e9tico\u00a0<\/strong>\u2013 nona rodada do Campeonato Mineiro<\/li>\n\n\n\n<li>22\/3 \u2013\u00a0<strong>Atl\u00e9tico\u00a0<\/strong>2 x 1 Villa Nova \u2013 10\u00aa rodada do Campeonato Mineiro<\/li>\n\n\n\n<li>25\/3 \u2013 Ituiutaba 1 x 2\u00a0<strong>Atl\u00e9tico\u00a0<\/strong>\u2013 11\u00aa rodada do Campeonato Mineiro<\/li>\n\n\n\n<li>29\/3 \u2013 Uberaba 0 x 1\u00a0<strong>Atl\u00e9tico\u00a0<\/strong>\u2013 quartas de final do Campeonato Mineiro<\/li>\n\n\n\n<li>8\/4 \u2013\u00a0<strong>Atl\u00e9tico<\/strong>\u00a06 x 0 Uberaba \u2013 quartas de final do Campeonato Mineiro<\/li>\n\n\n\n<li>12\/4 \u2013 Rio Branco 0 x 2\u00a0<strong>Atl\u00e9tico\u00a0<\/strong>\u2013 semifinal do Campeonato Mineiro<\/li>\n<\/ul>\n\n\n\n<p>A sequ\u00eancia de 2009 foi interrompida no jogo de ida da segunda fase da Copa do Brasil, em empate com o Guaratinguet\u00e1 (2 a 2), no Est\u00e1dio Dario Leite, em Guaratinguet\u00e1.<\/p>\n\n\n\n<p>O Atl\u00e9tico ainda ampliou o per\u00edodo invicto com vit\u00f3rias sobre Rio Branco e Guaratinguet\u00e1, mas viu a boa fase ruir ao sofrer goleada diante do arquirrival Cruzeiro no jogo de ida da final do Campeonato Mineiro (5 a 0), no Mineir\u00e3o.<\/p>\n\n\n\n<h2 class=\"wp-block-heading\" id=\"h-a-sequencia-de-vitorias-do-atletico-em-2012-10\">A sequ\u00eancia de vit\u00f3rias do Atl\u00e9tico em 2012 (10)<\/h2>\n\n\n\n<ul class=\"wp-block-list\">\n<li>29\/1 \u2013\u00a0<strong>Atl\u00e9tico\u00a0<\/strong>2 x 0 Boa Esporte \u2013 primeira rodada do Campeonato Mineiro<\/li>\n\n\n\n<li>5\/2 \u2013 Am\u00e9rica-TO 1 x 2\u00a0<strong>Atl\u00e9tico\u00a0<\/strong>\u2013 segunda rodada do Campeonato Mineiro<\/li>\n\n\n\n<li>11\/2 \u2013\u00a0<strong>Atl\u00e9tico\u00a0<\/strong>2 x 0 Caldense \u2013 terceira rodada do Campeonato Mineiro<\/li>\n\n\n\n<li>26\/2 \u2013 Guarani-MG 0 x 4\u00a0<strong>Atl\u00e9tico\u00a0<\/strong>\u2013 quarta rodada do Campeonato Mineiro<\/li>\n\n\n\n<li>4\/3 \u2013 Am\u00e9rica 1 x 2\u00a0<strong>Atl\u00e9tico\u00a0<\/strong>\u2013 quinta rodada do Campeonato Mineiro<\/li>\n\n\n\n<li>10\/3 \u2013\u00a0<strong>Atl\u00e9tico\u00a0<\/strong>4 x 2 Nacional \u2013 sexta rodada do Campeonato Mineiro<\/li>\n\n\n\n<li>14\/3 \u2013 CENE-MS 1 x 3\u00a0<strong>Atl\u00e9tico\u00a0<\/strong>\u2013 primeira fase da Copa do Brasil<\/li>\n\n\n\n<li>18\/3 \u2013 Villa Nova 1 x 2\u00a0<strong>Atl\u00e9tico\u00a0<\/strong>\u2013 s\u00e9tima rodada do Campeonato Mineiro<\/li>\n\n\n\n<li>24\/3 \u2013\u00a0<strong>Atl\u00e9tico<\/strong>\u00a03 x 0 Democrata-GV \u2013 oitava rodada do Campeonato Mineiro<\/li>\n\n\n\n<li>1\/4 \u2013 Uberaba 0 x 3\u00a0<strong>Atl\u00e9tico\u00a0<\/strong>\u2013 nona rodada do Campeonato Mineiro<\/li>\n<\/ul>\n\n\n\n<p>J\u00e1 a sequ\u00eancia de 2012 foi interrompida com empate com o Cruzeiro (2 a 2), pela 10\u00aa rodada do Campeonato Mineiro, na Arena do Jacar\u00e9, em Sete Lagoas.<\/p>\n\n\n\n<p>O Atl\u00e9tico ainda goleou Penarol-AM e empatou duas vezes com o Tupi antes de perder para o Goi\u00e1s (2 a 0) no Est\u00e1dio Serra Dourada, em Goi\u00e2nia, pelas oitavas de final da Copa do Brasil.<\/p>\n\n\n\n<h2 class=\"wp-block-heading\" id=\"h-a-sequencia-de-vitorias-do-atletico-em-2013-13\">A sequ\u00eancia de vit\u00f3rias do Atl\u00e9tico em 2013 (13)<\/h2>\n\n\n\n<ul class=\"wp-block-list\">\n<li>6\/2 \u2013 Tombense 1 x 2\u00a0<strong>Atl\u00e9tico\u00a0<\/strong>\u2013 primeira rodada do Campeonato Mineiro<\/li>\n\n\n\n<li>13\/2 \u2013\u00a0<strong>Atl\u00e9tico\u00a0<\/strong>2 x 1 S\u00e3o Paulo \u2013 primeira rodada da fase de grupos da Copa Libertadores<\/li>\n\n\n\n<li>17\/2 \u2013\u00a0<strong>Atl\u00e9tico\u00a0<\/strong>3 x 0 Arax\u00e1 \u2013 segunda rodada do Campeonato Mineiro<\/li>\n\n\n\n<li>26\/2 \u2013 Arsenal de Sarand\u00ed-ARG 2 x 5\u00a0<strong>Atl\u00e9tico\u00a0<\/strong>\u2013 segunda rodada da fase de grupos da Copa Libertadores<\/li>\n\n\n\n<li>3\/3 \u2013\u00a0<strong>Atl\u00e9tico\u00a0<\/strong>3 x 1 Guarani-MG \u2013 quarta rodada do Campeonato Mineiro<\/li>\n\n\n\n<li>7\/3 \u2013\u00a0<strong>Atl\u00e9tico\u00a0<\/strong>2 x 1 The Strongest-BOL \u2013 terceira rodada da fase de grupos da Copa Libertadores<\/li>\n\n\n\n<li>13\/3 \u2013 The Strongest-BOL 1 x 2\u00a0<strong>Atl\u00e9tico\u00a0<\/strong>\u2013 quarta rodada da fase de grupos da Copa Libertadores<\/li>\n\n\n\n<li>17\/3 \u2013\u00a0<strong>Atl\u00e9tico\u00a0<\/strong>5 x 2 Am\u00e9rica \u2013 sexta rodada do Campeonato Mineiro<\/li>\n\n\n\n<li>20\/3 \u2013 Am\u00e9rica-TO 0 x 2\u00a0<strong>Atl\u00e9tico\u00a0<\/strong>\u2013 quinta rodada do Campeonato Mineiro<\/li>\n\n\n\n<li>24\/3 \u2013 Nacional 1 x 3\u00a0<strong>Atl\u00e9tico\u00a0<\/strong>\u2013 s\u00e9tima rodada do Campeonato Mineiro<\/li>\n\n\n\n<li>31\/3 \u2013\u00a0<strong>Atl\u00e9tico\u00a0<\/strong>4 x 1 Tupi \u2013 oitava rodada do Campeonato Mineiro<\/li>\n\n\n\n<li>3\/4 \u2013\u00a0<strong>Atl\u00e9tico\u00a0<\/strong>5 x 2 Arsenal de Sarand\u00ed-ARG \u2013 quinta rodada da fase de grupos da Copa Libertadores<\/li>\n\n\n\n<li>7\/4 \u2013\u00a0<strong>Atl\u00e9tico\u00a0<\/strong>4 x 0 Boa Esporte \u2013 nona rodada do Campeonato Mineiro<\/li>\n<\/ul>\n\n\n\n<p>Por fim, a sequ\u00eancia de 2013 foi interrompida em derrota para a Caldense (2 a 1) no Est\u00e1dio Ronald\u00e3o, em Po\u00e7os de Caldas, pela 10\u00aa rodada do Campeonato Mineiro.<\/p>\n\n\n\n<p>O ano ficaria eternamente marcado na hist\u00f3ria do Atl\u00e9tico pela conquista in\u00e9dita da Copa Libertadores, em julho.<\/p>\n\n\n\n<h2 class=\"wp-block-heading\" id=\"h-a-sequencia-de-vitorias-do-atletico-em-2025-9\">A sequ\u00eancia de vit\u00f3rias do Atl\u00e9tico em 2025 (9)<\/h2>\n\n\n\n<ul class=\"wp-block-list\">\n<li>1\/2 \u2013 Villa Nova 0 x 1\u00a0<strong>Atl\u00e9tico\u00a0<\/strong>\u2013 quinta rodada do Campeonato Mineiro<\/li>\n\n\n\n<li>4\/2 \u2013\u00a0<strong>Atl\u00e9tico\u00a0<\/strong>1 x 0 Athletic \u2013 sexta rodada do Campeonato Mineiro<\/li>\n\n\n\n<li>9\/2 \u2013 Cruzeiro 0 x 2\u00a0<strong>Atl\u00e9tico\u00a0<\/strong>\u2013 s\u00e9tima rodada do Campeonato Mineiro<\/li>\n\n\n\n<li>12\/2 \u2013\u00a0<strong>Atl\u00e9tico\u00a0<\/strong>3 x 0 Itabirito \u2013 oitava rodada do Campeonato Mineiro<\/li>\n\n\n\n<li>15\/2 \u2013\u00a0<strong>Atl\u00e9tico\u00a0<\/strong>2 x 0 Tombense \u2013 semifinal do Campeonato Mineiro<\/li>\n\n\n\n<li>18\/2 \u2013 Tocantin\u00f3polis 0 x 2\u00a0<strong>Atl\u00e9tico\u00a0<\/strong>\u2013 primeira fase da Copa do Brasil<\/li>\n\n\n\n<li>22\/2 \u2013 Tombense 0 x 2\u00a0<strong>Atl\u00e9tico\u00a0<\/strong>\u2013 semifinal do Campeonato Mineiro<\/li>\n\n\n\n<li>5\/3 \u2013\u00a0<strong>Atl\u00e9tico\u00a0<\/strong>4 x 1 Manaus \u2013 segunda fase da Copa do Brasil<\/li>\n\n\n\n<li>8\/3 \u2013\u00a0<strong>Atl\u00e9tico\u00a0<\/strong>4 x 0 Am\u00e9rica \u2013 final do Campeonato Mineiro<\/li>\n<\/ul>\n\n\n\n<h2 class=\"wp-block-heading\" id=\"h-america-x-atletico-na-final-do-campeonato-mineiro\">Am\u00e9rica x Atl\u00e9tico na final do Campeonato Mineiro<\/h2>\n\n\n\n<p>Am\u00e9rica e Atl\u00e9tico far\u00e3o a grande decis\u00e3o do Campeonato Mineiro no Mineir\u00e3o, em Belo Horizonte.&nbsp;<a href=\"https:\/\/noataque.com.br\/futebol\/campeonato-mineiro\/time\/america-mg\/noticia\/2025\/03\/09\/alencar-quer-america-x-atletico-no-mineirao-nao-vou-deixar-fazer-festa-no-meu-terreiro\/\" target=\"_blank\" rel=\"noreferrer noopener\"><strong>A diretoria do Coelho abriu m\u00e3o do jogo no Independ\u00eancia<\/strong><\/a>&nbsp;em virtude do resultado no jogo de ida e tamb\u00e9m com o objetivo de assegurar maior lucro com a bilheteria.<\/p>\n\n\n\n<p>A bola rolar\u00e1 no Gigante da Pampulha para o \u00faltimo duelo do Estadual \u00e0s 16h30 deste s\u00e1bado. Caso ven\u00e7a, o Galo repetir\u00e1 as sequ\u00eancias de resultados de 2009, 2012 e 2013 e ficar\u00e1 com a ta\u00e7a pelo sexto ano consecutivo.<\/p>\n","protected":false},"excerpt":{"rendered":"<p>Atl\u00e9tico quer repetir sequ\u00eancias de 2009, 2012 e 2013 com nova vit\u00f3ria sobre o Am\u00e9rica; relembre partidas do Galo nesses anos Em meio ao cen\u00e1rio de imprevisibilidade que sempre foi uma das caracter\u00edsticas do futebol brasileiro, emendar 10 vit\u00f3rias consecutivas \u00e9 tarefa complicada para qualquer time \u2013 por maior que seja a sua for\u00e7a t\u00e9cnica. [&hellip;]<\/p>\n","protected":false},"author":5,"featured_media":161183,"comment_status":"closed","ping_status":"open","sticky":false,"template":"","format":"standard","meta":{"advgb_blocks_editor_width":"","advgb_blocks_columns_visual_guide":"","_exactmetrics_skip_tracking":false,"_exactmetrics_sitenote_active":false,"_exactmetrics_sitenote_note":"","_exactmetrics_sitenote_category":0,"footnotes":""},"categories":[7,3,2],"tags":[],"class_list":["post-161182","post","type-post","status-publish","format-standard","has-post-thumbnail","hentry","category-destaques","category-esportes","category-noticias"],"better_featured_image":{"id":161183,"alt_text":"","caption":"","description":"","media_type":"image","media_details":{"width":900,"height":506,"file":"2025\/03\/jogadores-atletico-1-900x506-1.jpg","filesize":109099,"sizes":{"medium":{"file":"jogadores-atletico-1-900x506-1-470x264.jpg","width":470,"height":264,"mime-type":"image\/jpeg","filesize":38969,"source_url":"https:\/\/lavras.tv\/site\/wp-content\/uploads\/2025\/03\/jogadores-atletico-1-900x506-1-470x264.jpg"},"thumbnail":{"file":"jogadores-atletico-1-900x506-1-170x96.jpg","width":170,"height":96,"mime-type":"image\/jpeg","filesize":8420,"source_url":"https:\/\/lavras.tv\/site\/wp-content\/uploads\/2025\/03\/jogadores-atletico-1-900x506-1-170x96.jpg"},"lshowcase-thumb":{"file":"jogadores-atletico-1-900x506-1-200x112.jpg","width":200,"height":112,"mime-type":"image\/jpeg","filesize":10473,"source_url":"https:\/\/lavras.tv\/site\/wp-content\/uploads\/2025\/03\/jogadores-atletico-1-900x506-1-200x112.jpg"},"alm-thumbnail":{"file":"jogadores-atletico-1-900x506-1-150x150.jpg","width":150,"height":150,"mime-type":"image\/jpeg","filesize":9208,"source_url":"https:\/\/lavras.tv\/site\/wp-content\/uploads\/2025\/03\/jogadores-atletico-1-900x506-1-150x150.jpg"}},"image_meta":{"aperture":"0","credit":"","camera":"","caption":"","created_timestamp":"0","copyright":"","focal_length":"0","iso":"0","shutter_speed":"0","title":"","orientation":"0","keywords":[]}},"post":161182,"source_url":"https:\/\/lavras.tv\/site\/wp-content\/uploads\/2025\/03\/jogadores-atletico-1-900x506-1.jpg"},"author_meta":{"display_name":"Vinicius Bustamante","author_link":"https:\/\/lavras.tv\/site\/author\/vinicius-bustamante\/"},"featured_img":"https:\/\/lavras.tv\/site\/wp-content\/uploads\/2025\/03\/jogadores-atletico-1-900x506-1-470x264.jpg","coauthors":[],"tax_additional":{"categories":{"linked":["<a href=\"https:\/\/lavras.tv\/site\/category\/destaques\/\" class=\"advgb-post-tax-term\">Destaques<\/a>","<a href=\"https:\/\/lavras.tv\/site\/category\/esportes\/\" class=\"advgb-post-tax-term\">Esportes<\/a>","<a href=\"https:\/\/lavras.tv\/site\/category\/noticias\/\" class=\"advgb-post-tax-term\">Not\u00edcias<\/a>"],"unlinked":["<span class=\"advgb-post-tax-term\">Destaques<\/span>","<span class=\"advgb-post-tax-term\">Esportes<\/span>","<span class=\"advgb-post-tax-term\">Not\u00edcias<\/span>"]}},"comment_count":"0","relative_dates":{"created":"Publicado 1 ano atr\u00e1s","modified":"Atualizado 1 ano atr\u00e1s"},"absolute_dates":{"created":"Publicado em 13 de mar\u00e7o de 2025","modified":"Atualizado em 13 de mar\u00e7o de 2025"},"absolute_dates_time":{"created":"Publicado em 13 de mar\u00e7o de 2025 15:11","modified":"Atualizado em 13 de mar\u00e7o de 2025 15:11"},"featured_img_caption":"","series_order":"","_links":{"self":[{"href":"https:\/\/lavras.tv\/site\/wp-json\/wp\/v2\/posts\/161182","targetHints":{"allow":["GET"]}}],"collection":[{"href":"https:\/\/lavras.tv\/site\/wp-json\/wp\/v2\/posts"}],"about":[{"href":"https:\/\/lavras.tv\/site\/wp-json\/wp\/v2\/types\/post"}],"author":[{"embeddable":true,"href":"https:\/\/lavras.tv\/site\/wp-json\/wp\/v2\/users\/5"}],"replies":[{"embeddable":true,"href":"https:\/\/lavras.tv\/site\/wp-json\/wp\/v2\/comments?post=161182"}],"version-history":[{"count":1,"href":"https:\/\/lavras.tv\/site\/wp-json\/wp\/v2\/posts\/161182\/revisions"}],"predecessor-version":[{"id":161184,"href":"https:\/\/lavras.tv\/site\/wp-json\/wp\/v2\/posts\/161182\/revisions\/161184"}],"wp:featuredmedia":[{"embeddable":true,"href":"https:\/\/lavras.tv\/site\/wp-json\/wp\/v2\/media\/161183"}],"wp:attachment":[{"href":"https:\/\/lavras.tv\/site\/wp-json\/wp\/v2\/media?parent=161182"}],"wp:term":[{"taxonomy":"category","embeddable":true,"href":"https:\/\/lavras.tv\/site\/wp-json\/wp\/v2\/categories?post=161182"},{"taxonomy":"post_tag","embeddable":true,"href":"https:\/\/lavras.tv\/site\/wp-json\/wp\/v2\/tags?post=161182"}],"curies":[{"name":"wp","href":"https:\/\/api.w.org\/{rel}","templated":true}]}}