{"id":161422,"date":"2025-03-14T15:30:58","date_gmt":"2025-03-14T18:30:58","guid":{"rendered":"http:\/\/lavras.tv\/site\/?p=161422"},"modified":"2025-03-14T15:30:59","modified_gmt":"2025-03-14T18:30:59","slug":"zanin-marca-data-para-julgamento-de-bolsonaro-e-outros-sete-denunciados","status":"publish","type":"post","link":"https:\/\/lavras.tv\/site\/2025\/03\/14\/zanin-marca-data-para-julgamento-de-bolsonaro-e-outros-sete-denunciados\/","title":{"rendered":"Zanin marca data para julgamento de Bolsonaro e outros sete denunciados"},"content":{"rendered":"<div class=\"lavra-antes-do-conteudo_2\" id=\"lavra-4016315895\"><div id=\"lavra-slider-27\" class=\"custom-slider lavra-slider-1963013900 lavra-slider\"><ul><li><div style=\"margin-left: auto;margin-right: auto;text-align: center;\" id=\"lavra-2912002560\"><a href=\"https:\/\/sistemas.lavras.mg.gov.br\/portalcidadao\/#df1b1a7c7b2a290bcb31e32771e610784662739a88807c0dacac58ede5f391a7530e299dc302d611ee73cb143fc22eaf93592e53e7b5bdb01b00a0b8d28dae460c141dd2ff83412e4dc1c31b16b25f33144a9e5620ea73b13f5bc1c59411d98439ad226e8af03840603796067d87afe130812cf3de24982d0e306f9e61e764e5\" aria-label=\"Lavras-TV&#8211;720x104px (1) (1)\"><img src=\"https:\/\/lavras.tv\/site\/wp-content\/uploads\/2025\/01\/Lavras-TV-720x104px-1-1.png\" alt=\"\"  srcset=\"https:\/\/lavras.tv\/site\/wp-content\/uploads\/2025\/01\/Lavras-TV-720x104px-1-1.png 720w, https:\/\/lavras.tv\/site\/wp-content\/uploads\/2025\/01\/Lavras-TV-720x104px-1-1-470x68.png 470w, https:\/\/lavras.tv\/site\/wp-content\/uploads\/2025\/01\/Lavras-TV-720x104px-1-1-170x25.png 170w, https:\/\/lavras.tv\/site\/wp-content\/uploads\/2025\/01\/Lavras-TV-720x104px-1-1-200x29.png 200w\" sizes=\"(max-width: 720px) 100vw, 720px\" width=\"720\" height=\"104\"  style=\"display: inline-block;\" \/><\/a><\/div><\/li><li><a href=\"https:\/\/sistemas.lavras.mg.gov.br\/portalcidadao\/#df1b1a7c7b2a290bcb31e32771e610784662739a88807c0dacac58ede5f391a7530e299dc302d611ee73cb143fc22eaf93592e53e7b5bdb01b00a0b8d28dae460c141dd2ff83412e4dc1c31b16b25f33144a9e5620ea73b13f5bc1c59411d98439ad226e8af03840603796067d87afe130812cf3de24982d0e306f9e61e764e5\" aria-label=\"Banner_Emprego_PortallavrasTV\"><img src=\"https:\/\/lavras.tv\/site\/wp-content\/uploads\/2025\/03\/Banner_Emprego_PortallavrasTV.png\" alt=\"\"  srcset=\"https:\/\/lavras.tv\/site\/wp-content\/uploads\/2025\/03\/Banner_Emprego_PortallavrasTV.png 720w, https:\/\/lavras.tv\/site\/wp-content\/uploads\/2025\/03\/Banner_Emprego_PortallavrasTV-470x68.png 470w, https:\/\/lavras.tv\/site\/wp-content\/uploads\/2025\/03\/Banner_Emprego_PortallavrasTV-170x25.png 170w, https:\/\/lavras.tv\/site\/wp-content\/uploads\/2025\/03\/Banner_Emprego_PortallavrasTV-200x29.png 200w\" sizes=\"(max-width: 720px) 100vw, 720px\" width=\"720\" height=\"104\"   \/><\/a><\/li><li><a href=\"https:\/\/sistemas.lavras.mg.gov.br\/portalcidadao\/#df1b1a7c7b2a290bcb31e32771e610784662739a88807c0dacac58ede5f391a7530e299dc302d611ee73cb143fc22eaf93592e53e7b5bdb01b00a0b8d28dae460c141dd2ff83412e4dc1c31b16b25f33144a9e5620ea73b13f5bc1c59411d98439ad226e8af03840603796067d87afe130812cf3de24982d0e306f9e61e764e5\" aria-label=\"Banner_Obras_PortallavrasTV\"><img src=\"https:\/\/lavras.tv\/site\/wp-content\/uploads\/2025\/03\/Banner_Obras_PortallavrasTV.png\" alt=\"\"  srcset=\"https:\/\/lavras.tv\/site\/wp-content\/uploads\/2025\/03\/Banner_Obras_PortallavrasTV.png 720w, https:\/\/lavras.tv\/site\/wp-content\/uploads\/2025\/03\/Banner_Obras_PortallavrasTV-470x68.png 470w, https:\/\/lavras.tv\/site\/wp-content\/uploads\/2025\/03\/Banner_Obras_PortallavrasTV-170x25.png 170w, https:\/\/lavras.tv\/site\/wp-content\/uploads\/2025\/03\/Banner_Obras_PortallavrasTV-200x29.png 200w\" sizes=\"(max-width: 720px) 100vw, 720px\" width=\"720\" height=\"104\"   \/><\/a><\/li><li><div style=\"margin-left: auto;margin-right: auto;text-align: center;\" id=\"lavra-1555794541\"><a href=\"https:\/\/sistemas.lavras.mg.gov.br\/portalcidadao\/#df1b1a7c7b2a290bcb31e32771e610784662739a88807c0dacac58ede5f391a7530e299dc302d611ee73cb143fc22eaf93592e53e7b5bdb01b00a0b8d28dae460c141dd2ff83412e4dc1c31b16b25f33144a9e5620ea73b13f5bc1c59411d98439ad226e8af03840603796067d87afe130812cf3de24982d0e306f9e61e764e5\" aria-label=\"Banner_Educa\u00e7\u00e3o_PortallavrasTV\"><img src=\"https:\/\/lavras.tv\/site\/wp-content\/uploads\/2025\/01\/Banner_Educacao_PortallavrasTV.png\" alt=\"\"  srcset=\"https:\/\/lavras.tv\/site\/wp-content\/uploads\/2025\/01\/Banner_Educacao_PortallavrasTV.png 720w, https:\/\/lavras.tv\/site\/wp-content\/uploads\/2025\/01\/Banner_Educacao_PortallavrasTV-470x68.png 470w, https:\/\/lavras.tv\/site\/wp-content\/uploads\/2025\/01\/Banner_Educacao_PortallavrasTV-170x25.png 170w, https:\/\/lavras.tv\/site\/wp-content\/uploads\/2025\/01\/Banner_Educacao_PortallavrasTV-200x29.png 200w\" sizes=\"(max-width: 720px) 100vw, 720px\" width=\"720\" height=\"104\"  style=\"display: inline-block;\" \/><\/a><\/div><\/li><li><a href=\"https:\/\/sistemas.lavras.mg.gov.br\/portalcidadao\/#df1b1a7c7b2a290bcb31e32771e610784662739a88807c0dacac58ede5f391a7530e299dc302d611ee73cb143fc22eaf93592e53e7b5bdb01b00a0b8d28dae460c141dd2ff83412e4dc1c31b16b25f33144a9e5620ea73b13f5bc1c59411d98439ad226e8af03840603796067d87afe130812cf3de24982d0e306f9e61e764e5\" aria-label=\"Banner_Sa\u00fade_PortallavrasTV\"><img src=\"https:\/\/lavras.tv\/site\/wp-content\/uploads\/2025\/03\/Banner_Saude_PortallavrasTV.png\" alt=\"\"  srcset=\"https:\/\/lavras.tv\/site\/wp-content\/uploads\/2025\/03\/Banner_Saude_PortallavrasTV.png 720w, https:\/\/lavras.tv\/site\/wp-content\/uploads\/2025\/03\/Banner_Saude_PortallavrasTV-470x68.png 470w, https:\/\/lavras.tv\/site\/wp-content\/uploads\/2025\/03\/Banner_Saude_PortallavrasTV-170x25.png 170w, https:\/\/lavras.tv\/site\/wp-content\/uploads\/2025\/03\/Banner_Saude_PortallavrasTV-200x29.png 200w\" sizes=\"(max-width: 720px) 100vw, 720px\" width=\"720\" height=\"104\"   \/><\/a><\/li><li><div id=\"lavra-1356408176\" style=\"width:720px;height:104px;background-color:#ddd;overflow:scroll;\">\n\t<strong>Sa\u00edda da depura\u00e7\u00e3o de an\u00fancios<\/strong>\n\t<br><br>\n\tO an\u00fancio n\u00e3o \u00e9 exibido na p\u00e1gina<br><br>post atual: Zanin marca data para julgamento de Bolsonaro e outros sete denunciados, ID: 161422<br><br><span style=\"color: red;\">O post atual n\u00e3o \u00e9 id\u00eantico ao post principal.<\/span><br><br>An\u00fancios: ROXO - TOPO INTERNA - ROTATIVO 2 (197)<br \/>Grupo de an\u00fancios: Princ_Meio01_720x104 (27)<br><br>Condi\u00e7\u00f5es de exibi\u00e7\u00e3o<div style=\"margin-bottom: 20px; white-space: pre-wrap; font-family: monospace; width: 100%; background: #ffe9e9;\"><strong>condi\u00e7\u00f5es gerais<\/strong><table border=\"1\"><thead><tr><th><\/th><th>An\u00fancios<\/th><th>wp_the_query<\/th><\/tr><\/thead><tr><td>is_main_query<\/td><td>1<\/td><td>1<\/td><\/tr><tr><td>is_rest_api<\/td><td>0<\/td><td>1<\/td><\/tr><tr><td>page<\/td><td>0<\/td><td>1<\/td><\/tr><tr><td>numpages<\/td><td>0<\/td><td>1<\/td><\/tr><tr><td>is_archive<\/td><td>1<\/td><td><\/td><\/tr><tr><td>is_search<\/td><td>1<\/td><td><\/td><\/tr><tr><td>is_home<\/td><td>1<\/td><td><\/td><\/tr><tr><td>is_404<\/td><td>1<\/td><td><\/td><\/tr><tr><td>is_attachment<\/td><td>1<\/td><td><\/td><\/tr><tr><td>is_singular<\/td><td>1<\/td><td><\/td><\/tr><tr><td>is_front_page<\/td><td>1<\/td><td><\/td><\/tr><tr><td>is_feed<\/td><td>1<\/td><td><\/td><\/tr><\/table><\/div><br><br><span style=\"color: red;\">Seu site usa HTTPS, mas o c\u00f3digo do an\u00fancio cont\u00e9m HTTP e pode n\u00e3o funcionar.<\/span>\t<br><br>\n\t<a style=\"color: green;\" href=\"https:\/\/wpadvancedads.com\/manual\/ad-debug-mode\/?utm_source=advanced-ads&utm_medium=link&utm_campaign=ad-debug-mode\" target=\"_blank\" rel=\"nofollow\">Encontre solu\u00e7\u00f5es no manual<\/a>\n<\/div>\n<\/li><\/ul><\/div><script>( window.advanced_ads_ready || jQuery( document ).ready ).call( null, function() {var $lavraslider1963013900 = jQuery( \".lavra-slider-1963013900\" );$lavraslider1963013900.on( \"unslider.ready\", function() { jQuery( \"div.custom-slider ul li\" ).css( \"display\", \"block\" ); });$lavraslider1963013900.unslider({ delay:4000, autoplay:true, nav:false, arrows:false, infinite:true });$lavraslider1963013900.on(\"mouseover\", function() {$lavraslider1963013900.unslider(\"stop\");}).on(\"mouseout\", function() {$lavraslider1963013900.unslider(\"start\");});});<\/script><\/div>\n<p>Primeira Turma do STF ir\u00e1 decidir se os oito denunciados pela PGR ir\u00e3o virar r\u00e9us por acusa\u00e7\u00f5es de tentativa de golpe de Estado<\/p>\n\n\n\n<figure class=\"wp-block-image size-large\"><img fetchpriority=\"high\" decoding=\"async\" width=\"970\" height=\"581\" src=\"http:\/\/lavras.tv\/site\/wp-content\/uploads\/2025\/03\/1_whatsapp_image_2025_03_13_at_19_37_20-48000554-970x581.jpeg\" alt=\"\" class=\"wp-image-161423\" srcset=\"https:\/\/lavras.tv\/site\/wp-content\/uploads\/2025\/03\/1_whatsapp_image_2025_03_13_at_19_37_20-48000554-970x581.jpeg 970w, https:\/\/lavras.tv\/site\/wp-content\/uploads\/2025\/03\/1_whatsapp_image_2025_03_13_at_19_37_20-48000554-470x282.jpeg 470w, https:\/\/lavras.tv\/site\/wp-content\/uploads\/2025\/03\/1_whatsapp_image_2025_03_13_at_19_37_20-48000554-170x102.jpeg 170w, https:\/\/lavras.tv\/site\/wp-content\/uploads\/2025\/03\/1_whatsapp_image_2025_03_13_at_19_37_20-48000554-200x120.jpeg 200w, https:\/\/lavras.tv\/site\/wp-content\/uploads\/2025\/03\/1_whatsapp_image_2025_03_13_at_19_37_20-48000554.jpeg 1200w\" sizes=\"(max-width: 970px) 100vw, 970px\" \/><\/figure>\n\n\n\n<p>O ministro do Supremo Tribunal Federal (STF), Cristiano Zanin, decidiu nesta quinta-feira (13\/3) marcar o julgamento de oito dos 34 denunciados por tentativa de golpe de Estado, entre eles, o ex-presidente Jair Bolsonaro (PL), para \u00e0s 9h30 de 25 de mar\u00e7o.<\/p>\n\n\n\n<p>O julgamento ser\u00e1 feito pela Primeira Turma do STF, formada pelo presidente Zanin e pelos ministros Alexandre de Moraes, C\u00e1rmen L\u00facia, Luiz Fux e Fl\u00e1vio Dino, e decidir\u00e1 se torna os acusados r\u00e9us. Nesta fase do processo, apenas \u00e9 analisado dos fatos enquadrados como crimes e ind\u00edcios de que essas pessoas s\u00e3o autores do crime.<\/p>\n\n\n\n<p>Caso seja iniciada uma a\u00e7\u00e3o penal, um novo processo ir\u00e1 se desenrolar para decidir sobre responsabilidades, poss\u00edveis condena\u00e7\u00f5es e penas.<\/p>\n\n\n\n<p>A Procuradoria-Geral da Rep\u00fablica decidiu por fatiar a denuncia em quatro grupos. O grupo que envolve o ex-presidente Bolsonaro \u00e9 o do n\u00facleo central da tentativa de golpe.<\/p>\n\n\n\n<p>Completam o grupo dos denunciados:<\/p>\n\n\n\n<p>&#8211; Alexandre Ramagem, ex-diretor da Ag\u00eancia Brasileira de Interlig\u00eancia (ABIN);<\/p>\n\n\n\n<p>&#8211; Almir Garnier, ex-comandante da Marinha;<\/p>\n\n\n\n<p>&#8211; Anderson Torres, ex-ministro da Justi\u00e7a;<\/p>\n\n\n\n<p>&#8211; Augusto Heleno, ex-ministro do GSI;<\/p>\n\n\n\n<p>&#8211; Mauro Cid, ex-ajudante de ordens de Bolsonaro;<\/p>\n\n\n\n<p>&#8211; Paulo S\u00e9rgio Nogueira, ex-ministro da Defesa;<\/p>\n\n\n\n<p>&#8211; Braga Netto, ex-ministro da Casa Civil e candidato a vice-presidente na chapa bolsonarista<\/p>\n","protected":false},"excerpt":{"rendered":"<p>Primeira Turma do STF ir\u00e1 decidir se os oito denunciados pela PGR ir\u00e3o virar r\u00e9us por acusa\u00e7\u00f5es de tentativa de golpe de Estado O ministro do Supremo Tribunal Federal (STF), Cristiano Zanin, decidiu nesta quinta-feira (13\/3) marcar o julgamento de oito dos 34 denunciados por tentativa de golpe de Estado, entre eles, o ex-presidente Jair [&hellip;]<\/p>\n","protected":false},"author":5,"featured_media":161423,"comment_status":"closed","ping_status":"open","sticky":false,"template":"","format":"standard","meta":{"advgb_blocks_editor_width":"","advgb_blocks_columns_visual_guide":"","_exactmetrics_skip_tracking":false,"_exactmetrics_sitenote_active":false,"_exactmetrics_sitenote_note":"","_exactmetrics_sitenote_category":0,"footnotes":""},"categories":[7,2,12],"tags":[],"class_list":["post-161422","post","type-post","status-publish","format-standard","has-post-thumbnail","hentry","category-destaques","category-noticias","category-politica"],"better_featured_image":{"id":161423,"alt_text":"","caption":"","description":"","media_type":"image","media_details":{"width":1200,"height":719,"file":"2025\/03\/1_whatsapp_image_2025_03_13_at_19_37_20-48000554.jpeg","filesize":176735,"sizes":{"medium":{"file":"1_whatsapp_image_2025_03_13_at_19_37_20-48000554-470x282.jpeg","width":470,"height":282,"mime-type":"image\/jpeg","filesize":26216,"source_url":"https:\/\/lavras.tv\/site\/wp-content\/uploads\/2025\/03\/1_whatsapp_image_2025_03_13_at_19_37_20-48000554-470x282.jpeg"},"large":{"file":"1_whatsapp_image_2025_03_13_at_19_37_20-48000554-970x581.jpeg","width":970,"height":581,"mime-type":"image\/jpeg","filesize":79679,"source_url":"https:\/\/lavras.tv\/site\/wp-content\/uploads\/2025\/03\/1_whatsapp_image_2025_03_13_at_19_37_20-48000554-970x581.jpeg"},"thumbnail":{"file":"1_whatsapp_image_2025_03_13_at_19_37_20-48000554-170x102.jpeg","width":170,"height":102,"mime-type":"image\/jpeg","filesize":5507,"source_url":"https:\/\/lavras.tv\/site\/wp-content\/uploads\/2025\/03\/1_whatsapp_image_2025_03_13_at_19_37_20-48000554-170x102.jpeg"},"lshowcase-thumb":{"file":"1_whatsapp_image_2025_03_13_at_19_37_20-48000554-200x120.jpeg","width":200,"height":120,"mime-type":"image\/jpeg","filesize":7063,"source_url":"https:\/\/lavras.tv\/site\/wp-content\/uploads\/2025\/03\/1_whatsapp_image_2025_03_13_at_19_37_20-48000554-200x120.jpeg"},"alm-thumbnail":{"file":"1_whatsapp_image_2025_03_13_at_19_37_20-48000554-150x150.jpeg","width":150,"height":150,"mime-type":"image\/jpeg","filesize":6284,"source_url":"https:\/\/lavras.tv\/site\/wp-content\/uploads\/2025\/03\/1_whatsapp_image_2025_03_13_at_19_37_20-48000554-150x150.jpeg"}},"image_meta":{"aperture":"0","credit":"","camera":"","caption":"","created_timestamp":"0","copyright":"","focal_length":"0","iso":"0","shutter_speed":"0","title":"","orientation":"0","keywords":[]}},"post":161422,"source_url":"https:\/\/lavras.tv\/site\/wp-content\/uploads\/2025\/03\/1_whatsapp_image_2025_03_13_at_19_37_20-48000554.jpeg"},"author_meta":{"display_name":"Vinicius Bustamante","author_link":"https:\/\/lavras.tv\/site\/author\/vinicius-bustamante\/"},"featured_img":"https:\/\/lavras.tv\/site\/wp-content\/uploads\/2025\/03\/1_whatsapp_image_2025_03_13_at_19_37_20-48000554-470x282.jpeg","coauthors":[],"tax_additional":{"categories":{"linked":["<a href=\"https:\/\/lavras.tv\/site\/category\/destaques\/\" class=\"advgb-post-tax-term\">Destaques<\/a>","<a href=\"https:\/\/lavras.tv\/site\/category\/noticias\/\" class=\"advgb-post-tax-term\">Not\u00edcias<\/a>","<a href=\"https:\/\/lavras.tv\/site\/category\/politica\/\" class=\"advgb-post-tax-term\">Pol\u00edtica<\/a>"],"unlinked":["<span class=\"advgb-post-tax-term\">Destaques<\/span>","<span class=\"advgb-post-tax-term\">Not\u00edcias<\/span>","<span class=\"advgb-post-tax-term\">Pol\u00edtica<\/span>"]}},"comment_count":"0","relative_dates":{"created":"Publicado 1 ano atr\u00e1s","modified":"Atualizado 1 ano atr\u00e1s"},"absolute_dates":{"created":"Publicado em 14 de mar\u00e7o de 2025","modified":"Atualizado em 14 de mar\u00e7o de 2025"},"absolute_dates_time":{"created":"Publicado em 14 de mar\u00e7o de 2025 15:30","modified":"Atualizado em 14 de mar\u00e7o de 2025 15:30"},"featured_img_caption":"","series_order":"","_links":{"self":[{"href":"https:\/\/lavras.tv\/site\/wp-json\/wp\/v2\/posts\/161422","targetHints":{"allow":["GET"]}}],"collection":[{"href":"https:\/\/lavras.tv\/site\/wp-json\/wp\/v2\/posts"}],"about":[{"href":"https:\/\/lavras.tv\/site\/wp-json\/wp\/v2\/types\/post"}],"author":[{"embeddable":true,"href":"https:\/\/lavras.tv\/site\/wp-json\/wp\/v2\/users\/5"}],"replies":[{"embeddable":true,"href":"https:\/\/lavras.tv\/site\/wp-json\/wp\/v2\/comments?post=161422"}],"version-history":[{"count":1,"href":"https:\/\/lavras.tv\/site\/wp-json\/wp\/v2\/posts\/161422\/revisions"}],"predecessor-version":[{"id":161424,"href":"https:\/\/lavras.tv\/site\/wp-json\/wp\/v2\/posts\/161422\/revisions\/161424"}],"wp:featuredmedia":[{"embeddable":true,"href":"https:\/\/lavras.tv\/site\/wp-json\/wp\/v2\/media\/161423"}],"wp:attachment":[{"href":"https:\/\/lavras.tv\/site\/wp-json\/wp\/v2\/media?parent=161422"}],"wp:term":[{"taxonomy":"category","embeddable":true,"href":"https:\/\/lavras.tv\/site\/wp-json\/wp\/v2\/categories?post=161422"},{"taxonomy":"post_tag","embeddable":true,"href":"https:\/\/lavras.tv\/site\/wp-json\/wp\/v2\/tags?post=161422"}],"curies":[{"name":"wp","href":"https:\/\/api.w.org\/{rel}","templated":true}]}}