{"id":1615,"date":"2016-08-17T12:04:51","date_gmt":"2016-08-17T12:04:51","guid":{"rendered":"http:\/\/lavras.tv\/site\/?p=1615"},"modified":"2016-08-17T12:04:51","modified_gmt":"2016-08-17T12:04:51","slug":"rio-2016-hoje-tem-decisao-no-volei-de-praia-e-futebol-na-semifinal","status":"publish","type":"post","link":"https:\/\/lavras.tv\/site\/2016\/08\/17\/rio-2016-hoje-tem-decisao-no-volei-de-praia-e-futebol-na-semifinal\/","title":{"rendered":"Rio 2016: hoje tem decis\u00e3o no v\u00f4lei de praia e futebol na semifinal"},"content":{"rendered":"<div class=\"lavra-antes-do-conteudo_2\" id=\"lavra-3509746018\"><div id=\"lavra-slider-27\" class=\"custom-slider lavra-slider-2140902502 lavra-slider\"><ul><li><div style=\"margin-left: auto;margin-right: auto;text-align: center;\" id=\"lavra-3844763133\"><a href=\"https:\/\/sistemas.lavras.mg.gov.br\/portalcidadao\/#df1b1a7c7b2a290bcb31e32771e610784662739a88807c0dacac58ede5f391a7530e299dc302d611ee73cb143fc22eaf93592e53e7b5bdb01b00a0b8d28dae460c141dd2ff83412e4dc1c31b16b25f33144a9e5620ea73b13f5bc1c59411d98439ad226e8af03840603796067d87afe130812cf3de24982d0e306f9e61e764e5\" aria-label=\"Lavras-TV&#8211;720x104px (1) (1)\"><img src=\"https:\/\/lavras.tv\/site\/wp-content\/uploads\/2025\/01\/Lavras-TV-720x104px-1-1.png\" alt=\"\"  srcset=\"https:\/\/lavras.tv\/site\/wp-content\/uploads\/2025\/01\/Lavras-TV-720x104px-1-1.png 720w, https:\/\/lavras.tv\/site\/wp-content\/uploads\/2025\/01\/Lavras-TV-720x104px-1-1-470x68.png 470w, https:\/\/lavras.tv\/site\/wp-content\/uploads\/2025\/01\/Lavras-TV-720x104px-1-1-170x25.png 170w, https:\/\/lavras.tv\/site\/wp-content\/uploads\/2025\/01\/Lavras-TV-720x104px-1-1-200x29.png 200w\" sizes=\"(max-width: 720px) 100vw, 720px\" width=\"720\" height=\"104\"  style=\"display: inline-block;\" \/><\/a><\/div><\/li><li><a href=\"https:\/\/sistemas.lavras.mg.gov.br\/portalcidadao\/#df1b1a7c7b2a290bcb31e32771e610784662739a88807c0dacac58ede5f391a7530e299dc302d611ee73cb143fc22eaf93592e53e7b5bdb01b00a0b8d28dae460c141dd2ff83412e4dc1c31b16b25f33144a9e5620ea73b13f5bc1c59411d98439ad226e8af03840603796067d87afe130812cf3de24982d0e306f9e61e764e5\" aria-label=\"Banner_Emprego_PortallavrasTV\"><img src=\"https:\/\/lavras.tv\/site\/wp-content\/uploads\/2025\/03\/Banner_Emprego_PortallavrasTV.png\" alt=\"\"  srcset=\"https:\/\/lavras.tv\/site\/wp-content\/uploads\/2025\/03\/Banner_Emprego_PortallavrasTV.png 720w, https:\/\/lavras.tv\/site\/wp-content\/uploads\/2025\/03\/Banner_Emprego_PortallavrasTV-470x68.png 470w, https:\/\/lavras.tv\/site\/wp-content\/uploads\/2025\/03\/Banner_Emprego_PortallavrasTV-170x25.png 170w, https:\/\/lavras.tv\/site\/wp-content\/uploads\/2025\/03\/Banner_Emprego_PortallavrasTV-200x29.png 200w\" sizes=\"(max-width: 720px) 100vw, 720px\" width=\"720\" height=\"104\"   \/><\/a><\/li><li><a href=\"https:\/\/sistemas.lavras.mg.gov.br\/portalcidadao\/#df1b1a7c7b2a290bcb31e32771e610784662739a88807c0dacac58ede5f391a7530e299dc302d611ee73cb143fc22eaf93592e53e7b5bdb01b00a0b8d28dae460c141dd2ff83412e4dc1c31b16b25f33144a9e5620ea73b13f5bc1c59411d98439ad226e8af03840603796067d87afe130812cf3de24982d0e306f9e61e764e5\" aria-label=\"Banner_Obras_PortallavrasTV\"><img src=\"https:\/\/lavras.tv\/site\/wp-content\/uploads\/2025\/03\/Banner_Obras_PortallavrasTV.png\" alt=\"\"  srcset=\"https:\/\/lavras.tv\/site\/wp-content\/uploads\/2025\/03\/Banner_Obras_PortallavrasTV.png 720w, https:\/\/lavras.tv\/site\/wp-content\/uploads\/2025\/03\/Banner_Obras_PortallavrasTV-470x68.png 470w, https:\/\/lavras.tv\/site\/wp-content\/uploads\/2025\/03\/Banner_Obras_PortallavrasTV-170x25.png 170w, https:\/\/lavras.tv\/site\/wp-content\/uploads\/2025\/03\/Banner_Obras_PortallavrasTV-200x29.png 200w\" sizes=\"(max-width: 720px) 100vw, 720px\" width=\"720\" height=\"104\"   \/><\/a><\/li><li><div style=\"margin-left: auto;margin-right: auto;text-align: center;\" id=\"lavra-1741426906\"><a href=\"https:\/\/sistemas.lavras.mg.gov.br\/portalcidadao\/#df1b1a7c7b2a290bcb31e32771e610784662739a88807c0dacac58ede5f391a7530e299dc302d611ee73cb143fc22eaf93592e53e7b5bdb01b00a0b8d28dae460c141dd2ff83412e4dc1c31b16b25f33144a9e5620ea73b13f5bc1c59411d98439ad226e8af03840603796067d87afe130812cf3de24982d0e306f9e61e764e5\" aria-label=\"Banner_Educa\u00e7\u00e3o_PortallavrasTV\"><img src=\"https:\/\/lavras.tv\/site\/wp-content\/uploads\/2025\/01\/Banner_Educacao_PortallavrasTV.png\" alt=\"\"  srcset=\"https:\/\/lavras.tv\/site\/wp-content\/uploads\/2025\/01\/Banner_Educacao_PortallavrasTV.png 720w, https:\/\/lavras.tv\/site\/wp-content\/uploads\/2025\/01\/Banner_Educacao_PortallavrasTV-470x68.png 470w, https:\/\/lavras.tv\/site\/wp-content\/uploads\/2025\/01\/Banner_Educacao_PortallavrasTV-170x25.png 170w, https:\/\/lavras.tv\/site\/wp-content\/uploads\/2025\/01\/Banner_Educacao_PortallavrasTV-200x29.png 200w\" sizes=\"(max-width: 720px) 100vw, 720px\" width=\"720\" height=\"104\"  style=\"display: inline-block;\" \/><\/a><\/div><\/li><li><a href=\"https:\/\/sistemas.lavras.mg.gov.br\/portalcidadao\/#df1b1a7c7b2a290bcb31e32771e610784662739a88807c0dacac58ede5f391a7530e299dc302d611ee73cb143fc22eaf93592e53e7b5bdb01b00a0b8d28dae460c141dd2ff83412e4dc1c31b16b25f33144a9e5620ea73b13f5bc1c59411d98439ad226e8af03840603796067d87afe130812cf3de24982d0e306f9e61e764e5\" aria-label=\"Banner_Sa\u00fade_PortallavrasTV\"><img src=\"https:\/\/lavras.tv\/site\/wp-content\/uploads\/2025\/03\/Banner_Saude_PortallavrasTV.png\" alt=\"\"  srcset=\"https:\/\/lavras.tv\/site\/wp-content\/uploads\/2025\/03\/Banner_Saude_PortallavrasTV.png 720w, https:\/\/lavras.tv\/site\/wp-content\/uploads\/2025\/03\/Banner_Saude_PortallavrasTV-470x68.png 470w, https:\/\/lavras.tv\/site\/wp-content\/uploads\/2025\/03\/Banner_Saude_PortallavrasTV-170x25.png 170w, https:\/\/lavras.tv\/site\/wp-content\/uploads\/2025\/03\/Banner_Saude_PortallavrasTV-200x29.png 200w\" sizes=\"(max-width: 720px) 100vw, 720px\" width=\"720\" height=\"104\"   \/><\/a><\/li><li><div id=\"lavra-513149062\" style=\"width:720px;height:104px;background-color:#ddd;overflow:scroll;\">\n\t<strong>Sa\u00edda da depura\u00e7\u00e3o de an\u00fancios<\/strong>\n\t<br><br>\n\tO an\u00fancio n\u00e3o \u00e9 exibido na p\u00e1gina<br><br>post atual: Rio 2016: hoje tem decis\u00e3o no v\u00f4lei de praia e futebol na semifinal, ID: 1615<br><br><span style=\"color: red;\">O post atual n\u00e3o \u00e9 id\u00eantico ao post principal.<\/span><br><br>An\u00fancios: ROXO - TOPO INTERNA - ROTATIVO 2 (197)<br \/>Grupo de an\u00fancios: Princ_Meio01_720x104 (27)<br><br>Condi\u00e7\u00f5es de exibi\u00e7\u00e3o<div style=\"margin-bottom: 20px; white-space: pre-wrap; font-family: monospace; width: 100%; background: #ffe9e9;\"><strong>condi\u00e7\u00f5es gerais<\/strong><table border=\"1\"><thead><tr><th><\/th><th>An\u00fancios<\/th><th>wp_the_query<\/th><\/tr><\/thead><tr><td>is_main_query<\/td><td>1<\/td><td>1<\/td><\/tr><tr><td>is_rest_api<\/td><td>0<\/td><td>1<\/td><\/tr><tr><td>page<\/td><td>0<\/td><td>1<\/td><\/tr><tr><td>numpages<\/td><td>0<\/td><td>1<\/td><\/tr><tr><td>is_archive<\/td><td>1<\/td><td><\/td><\/tr><tr><td>is_search<\/td><td>1<\/td><td><\/td><\/tr><tr><td>is_home<\/td><td>1<\/td><td><\/td><\/tr><tr><td>is_404<\/td><td>1<\/td><td><\/td><\/tr><tr><td>is_attachment<\/td><td>1<\/td><td><\/td><\/tr><tr><td>is_singular<\/td><td>1<\/td><td><\/td><\/tr><tr><td>is_front_page<\/td><td>1<\/td><td><\/td><\/tr><tr><td>is_feed<\/td><td>1<\/td><td><\/td><\/tr><\/table><\/div><br><br><span style=\"color: red;\">Seu site usa HTTPS, mas o c\u00f3digo do an\u00fancio cont\u00e9m HTTP e pode n\u00e3o funcionar.<\/span>\t<br><br>\n\t<a style=\"color: green;\" href=\"https:\/\/wpadvancedads.com\/manual\/ad-debug-mode\/?utm_source=advanced-ads&utm_medium=link&utm_campaign=ad-debug-mode\" target=\"_blank\" rel=\"nofollow\">Encontre solu\u00e7\u00f5es no manual<\/a>\n<\/div>\n<\/li><\/ul><\/div><script>( window.advanced_ads_ready || jQuery( document ).ready ).call( null, function() {var $lavraslider2140902502 = jQuery( \".lavra-slider-2140902502\" );$lavraslider2140902502.on( \"unslider.ready\", function() { jQuery( \"div.custom-slider ul li\" ).css( \"display\", \"block\" ); });$lavraslider2140902502.unslider({ delay:4000, autoplay:true, nav:false, arrows:false, infinite:true });$lavraslider2140902502.on(\"mouseover\", function() {$lavraslider2140902502.unslider(\"stop\");}).on(\"mouseout\", function() {$lavraslider2140902502.unslider(\"start\");});});<\/script><\/div><p>Confira os destaques\u00a0nesta quarta-feira ol\u00edmpica. No futebol, a sele\u00e7\u00e3o masculina encara Honduras, \u00e0s 13h, valendo vaga na grande decis\u00e3o. No v\u00f4lei de praia, temos disputa de ouro, com Agatha e B\u00e1rbara Seixas, e bronze, com Larissa e Talita. Ingrid Oliveira tenta se classificar \u00e0s finais da plataforma de 10 m, nos saltos ornamentais. No handebol, \u00e9 a vez dos homens tentarem chegar \u00e0s semifinais, com o confronto nas quartas de final contra a Fran\u00e7a. \u00a0E no atletismo, Altobeli da Silva disputa a decis\u00e3o dos 3000 m com obst\u00e1culos.<\/p>\n<p><img fetchpriority=\"high\" decoding=\"async\" class=\"alignnone size-full wp-image-1616\" src=\"http:\/\/lavras.tv\/site\/wp-content\/uploads\/2016\/08\/VOLEI-DE-PRAIA.jpg\" alt=\"VOLEI DE PRAIA\" width=\"620\" height=\"420\" srcset=\"https:\/\/lavras.tv\/site\/wp-content\/uploads\/2016\/08\/VOLEI-DE-PRAIA.jpg 620w, https:\/\/lavras.tv\/site\/wp-content\/uploads\/2016\/08\/VOLEI-DE-PRAIA-150x102.jpg 150w, https:\/\/lavras.tv\/site\/wp-content\/uploads\/2016\/08\/VOLEI-DE-PRAIA-300x203.jpg 300w\" sizes=\"(max-width: 620px) 100vw, 620px\" \/><\/p>\n<p><b>Confira o que rola hoje:<\/b><\/p>\n<p>7h30 &#8211; Golfe &#8211; Feminino &#8211; Rodada 1 &#8211; Victoria Lovelady e Miriam Nagl<\/p>\n<div id=\"showcase-1\" class=\"twelve columns\"><\/div>\n<p>9h &#8211; Taekwondo &#8211; Feminino (at\u00e9 49kg) &#8211; Oitavas de final &#8211; Iris Sing-BRA X Andrea Kilday-AUS<\/p>\n<p>9h15 &#8211; Taekwondo &#8211; Masculino (at\u00e9 58 kg) &#8211; Oitavas de final &#8211; Venilton Teixeira X Ron Atias<\/p>\n<p>9h16 &#8211; Canoagem &#8211; Classificat\u00f3ria &#8211; C1 200 m (M) (Isaquias Queiroz), K2 200 m (M), K1 500 m (F)<\/p>\n<p>9h30 &#8211; Atletismo &#8211; Declato &#8211; Masculino &#8211; 100m\/salto em dist\u00e2ncia<\/p>\n<p>9h40 &#8211; Atletismo &#8211; Arremesso de Martelo &#8211; Classifica\u00e7\u00e3o<\/p>\n<p>10h &#8211; Handebol &#8211; Masculino &#8211; Quartas de final &#8211; Brasil X Fran\u00e7a<\/p>\n<p>10h &#8211; Hipismo &#8211; Finais &#8211; Saltos por equipes (Vale medalha)<\/p>\n<p>10h40 &#8211; Luta Ol\u00edmpica &#8211; Feminino (69 kg) &#8211; Oitavas de final &#8211; Gilda Maria de Oliveira X Llana Kratysh<\/p>\n<p>10h55 &#8211; Atletismo &#8211; 800 m &#8211; Feminino &#8211; Classificat\u00f3rio<\/p>\n<p>11h12 &#8211; Luta Ol\u00edmpica &#8211; Feminino (58kg) &#8211; Oitavas de final &#8211; Joice Souza da Silva X Aisuluu Tynybekova<\/p>\n<p>11h &#8211; Polo Aqu\u00e1tico &#8211; Feminino &#8211; Defini\u00e7\u00e3o de 5\u00ba a 8\u00ba lugar &#8211; Brasil X Austr\u00e1lia<\/p>\n<p>11h55 &#8211; Atletismo &#8211; Masculino &#8211; 3000 m com obst\u00e1culos &#8211; Final (Altobeli da Silva)<\/p>\n<p>13h &#8211; Futebol &#8211; Masculino &#8211; Quartas de final &#8211; Brasil X Honduras<\/p>\n<p>13h30 &#8211; Ciclismo BMX &#8211; Feminino &#8211; Primeira descida cronometrada &#8211; Priscila Carnaval<\/p>\n<p>14h34 &#8211; Ciclismo BMX &#8211; Masculino &#8211; Primeira descida cronometrada &#8211; Renato Resende<\/p>\n<p>13h05 &#8211; Vela &#8211; Feminino &#8211; Regata de medalha da classe 470<\/p>\n<p>15h &#8211; Saltos Ornamentais &#8211; Feminino &#8211; Rodada Preliminar &#8211; Plataforma 10 m (presen\u00e7a de Ingrid Oliveira)<\/p>\n<p>15h &#8211; Boxe &#8211; Feminino (69 a 75 kg) &#8211; Quartas de final &#8211; Andreia Bandeira X Li Quian<\/p>\n<p>18h45 &#8211;\u00a0 Basquete &#8211; Masculino &#8211; Quartas de Final &#8211; EUA X Argentina<\/p>\n<p>19h30 &#8211; T\u00eanis de mesa &#8211; Masculino &#8211; China X Jap\u00e3o &#8211; Final<\/p>\n<p>22h &#8211; V\u00f4lei de Praia &#8211; Feminino &#8211; Talita e Larissa X Walsh e Ross-EUA &#8211; Disputa do bronze<\/p>\n<p>22h15 &#8211; V\u00f4lei &#8211; Masculino &#8211; Brasil X Argentina &#8211; Quartas de Final<\/p>\n<p>23h59 &#8211; V\u00f4lei de Praia &#8211; Feminino &#8211; Agatha e B\u00e1rbara Seixas X Ludwing e Walkenhorst-ALE &#8211; Final<\/p>\n<p>&nbsp;<\/p>\n<p>&nbsp;<\/p>\n<p>Fonte: SuperFC<\/p>\n","protected":false},"excerpt":{"rendered":"<p>Confira os destaques\u00a0nesta quarta-feira ol\u00edmpica. No futebol, a sele\u00e7\u00e3o masculina encara Honduras, \u00e0s 13h, valendo vaga na grande decis\u00e3o. No v\u00f4lei de praia, temos disputa de ouro, com Agatha e B\u00e1rbara Seixas, e bronze, com Larissa e Talita. Ingrid Oliveira tenta se classificar \u00e0s finais da plataforma de 10 m, nos saltos ornamentais. No handebol, [&hellip;]<\/p>\n","protected":false},"author":2,"featured_media":1616,"comment_status":"closed","ping_status":"open","sticky":false,"template":"","format":"standard","meta":{"advgb_blocks_editor_width":"","advgb_blocks_columns_visual_guide":"","_exactmetrics_skip_tracking":false,"_exactmetrics_sitenote_active":false,"_exactmetrics_sitenote_note":"","_exactmetrics_sitenote_category":0,"footnotes":""},"categories":[3],"tags":[112],"class_list":["post-1615","post","type-post","status-publish","format-standard","has-post-thumbnail","hentry","category-esportes","tag-olimpiadas-rio-2016"],"better_featured_image":{"id":1616,"alt_text":"","caption":"","description":"","media_type":"image","media_details":{"width":620,"height":420,"file":"2016\/08\/VOLEI-DE-PRAIA.jpg","sizes":{"thumbnail":{"file":"VOLEI-DE-PRAIA-150x102.jpg","width":150,"height":102,"mime-type":"image\/jpeg","source_url":"https:\/\/lavras.tv\/site\/wp-content\/uploads\/2016\/08\/VOLEI-DE-PRAIA-150x102.jpg"},"medium":{"file":"VOLEI-DE-PRAIA-300x203.jpg","width":300,"height":203,"mime-type":"image\/jpeg","source_url":"https:\/\/lavras.tv\/site\/wp-content\/uploads\/2016\/08\/VOLEI-DE-PRAIA-300x203.jpg"},"featured-post-img":{"file":"VOLEI-DE-PRAIA-480x320.jpg","width":480,"height":320,"mime-type":"image\/jpeg","source_url":"https:\/\/lavras.tv\/site\/wp-content\/uploads\/2016\/08\/VOLEI-DE-PRAIA-480x320.jpg"},"sow-carousel-default":{"file":"VOLEI-DE-PRAIA-272x182.jpg","width":272,"height":182,"mime-type":"image\/jpeg","source_url":"https:\/\/lavras.tv\/site\/wp-content\/uploads\/2016\/08\/VOLEI-DE-PRAIA-272x182.jpg"}},"image_meta":{"aperture":"0","credit":"","camera":"","caption":"","created_timestamp":"0","copyright":"","focal_length":"0","iso":"0","shutter_speed":"0","title":"","orientation":"0","keywords":[]}},"post":1615,"source_url":"https:\/\/lavras.tv\/site\/wp-content\/uploads\/2016\/08\/VOLEI-DE-PRAIA.jpg"},"author_meta":{"display_name":"Lavras TV","author_link":"https:\/\/lavras.tv\/site\/author\/lavrastv\/"},"featured_img":"https:\/\/lavras.tv\/site\/wp-content\/uploads\/2016\/08\/VOLEI-DE-PRAIA-300x203.jpg","coauthors":[],"tax_additional":{"categories":{"linked":["<a href=\"https:\/\/lavras.tv\/site\/category\/esportes\/\" class=\"advgb-post-tax-term\">Esportes<\/a>"],"unlinked":["<span class=\"advgb-post-tax-term\">Esportes<\/span>"]},"tags":{"linked":["<a href=\"https:\/\/lavras.tv\/site\/category\/esportes\/\" class=\"advgb-post-tax-term\">olimp\u00edadas rio 2016<\/a>"],"unlinked":["<span class=\"advgb-post-tax-term\">olimp\u00edadas rio 2016<\/span>"]}},"comment_count":"0","relative_dates":{"created":"Publicado 10 anos atr\u00e1s","modified":"Atualizado 10 anos atr\u00e1s"},"absolute_dates":{"created":"Publicado em 17 de agosto de 2016","modified":"Atualizado em 17 de agosto de 2016"},"absolute_dates_time":{"created":"Publicado em 17 de agosto de 2016 12:04","modified":"Atualizado em 17 de agosto de 2016 12:04"},"featured_img_caption":"","series_order":"","_links":{"self":[{"href":"https:\/\/lavras.tv\/site\/wp-json\/wp\/v2\/posts\/1615","targetHints":{"allow":["GET"]}}],"collection":[{"href":"https:\/\/lavras.tv\/site\/wp-json\/wp\/v2\/posts"}],"about":[{"href":"https:\/\/lavras.tv\/site\/wp-json\/wp\/v2\/types\/post"}],"author":[{"embeddable":true,"href":"https:\/\/lavras.tv\/site\/wp-json\/wp\/v2\/users\/2"}],"replies":[{"embeddable":true,"href":"https:\/\/lavras.tv\/site\/wp-json\/wp\/v2\/comments?post=1615"}],"version-history":[{"count":1,"href":"https:\/\/lavras.tv\/site\/wp-json\/wp\/v2\/posts\/1615\/revisions"}],"predecessor-version":[{"id":1617,"href":"https:\/\/lavras.tv\/site\/wp-json\/wp\/v2\/posts\/1615\/revisions\/1617"}],"wp:featuredmedia":[{"embeddable":true,"href":"https:\/\/lavras.tv\/site\/wp-json\/wp\/v2\/media\/1616"}],"wp:attachment":[{"href":"https:\/\/lavras.tv\/site\/wp-json\/wp\/v2\/media?parent=1615"}],"wp:term":[{"taxonomy":"category","embeddable":true,"href":"https:\/\/lavras.tv\/site\/wp-json\/wp\/v2\/categories?post=1615"},{"taxonomy":"post_tag","embeddable":true,"href":"https:\/\/lavras.tv\/site\/wp-json\/wp\/v2\/tags?post=1615"}],"curies":[{"name":"wp","href":"https:\/\/api.w.org\/{rel}","templated":true}]}}