{"id":162307,"date":"2025-03-18T14:52:47","date_gmt":"2025-03-18T17:52:47","guid":{"rendered":"https:\/\/lavras.tv\/site\/?p=162307"},"modified":"2025-03-18T14:52:48","modified_gmt":"2025-03-18T17:52:48","slug":"lula-envia-isencao-de-ir-ate-r-5-mil-ao-congresso-entenda-o-que-pode-mudar-e-impactos-da-proposta","status":"publish","type":"post","link":"https:\/\/lavras.tv\/site\/2025\/03\/18\/lula-envia-isencao-de-ir-ate-r-5-mil-ao-congresso-entenda-o-que-pode-mudar-e-impactos-da-proposta\/","title":{"rendered":"Lula envia isen\u00e7\u00e3o de IR at\u00e9 R$ 5 mil ao Congresso: entenda o que pode mudar e impactos da proposta"},"content":{"rendered":"<div class=\"lavra-antes-do-conteudo_2\" id=\"lavra-1429041793\"><div id=\"lavra-slider-27\" class=\"custom-slider lavra-slider-1089447630 lavra-slider\"><ul><li><div style=\"margin-left: auto;margin-right: auto;text-align: center;\" id=\"lavra-358697707\"><a href=\"https:\/\/sistemas.lavras.mg.gov.br\/portalcidadao\/#df1b1a7c7b2a290bcb31e32771e610784662739a88807c0dacac58ede5f391a7530e299dc302d611ee73cb143fc22eaf93592e53e7b5bdb01b00a0b8d28dae460c141dd2ff83412e4dc1c31b16b25f33144a9e5620ea73b13f5bc1c59411d98439ad226e8af03840603796067d87afe130812cf3de24982d0e306f9e61e764e5\" aria-label=\"Lavras-TV&#8211;720x104px (1) (1)\"><img src=\"https:\/\/lavras.tv\/site\/wp-content\/uploads\/2025\/01\/Lavras-TV-720x104px-1-1.png\" alt=\"\"  srcset=\"https:\/\/lavras.tv\/site\/wp-content\/uploads\/2025\/01\/Lavras-TV-720x104px-1-1.png 720w, https:\/\/lavras.tv\/site\/wp-content\/uploads\/2025\/01\/Lavras-TV-720x104px-1-1-470x68.png 470w, https:\/\/lavras.tv\/site\/wp-content\/uploads\/2025\/01\/Lavras-TV-720x104px-1-1-170x25.png 170w, https:\/\/lavras.tv\/site\/wp-content\/uploads\/2025\/01\/Lavras-TV-720x104px-1-1-200x29.png 200w\" sizes=\"(max-width: 720px) 100vw, 720px\" width=\"720\" height=\"104\"  style=\"display: inline-block;\" \/><\/a><\/div><\/li><li><a href=\"https:\/\/sistemas.lavras.mg.gov.br\/portalcidadao\/#df1b1a7c7b2a290bcb31e32771e610784662739a88807c0dacac58ede5f391a7530e299dc302d611ee73cb143fc22eaf93592e53e7b5bdb01b00a0b8d28dae460c141dd2ff83412e4dc1c31b16b25f33144a9e5620ea73b13f5bc1c59411d98439ad226e8af03840603796067d87afe130812cf3de24982d0e306f9e61e764e5\" aria-label=\"Banner_Emprego_PortallavrasTV\"><img src=\"https:\/\/lavras.tv\/site\/wp-content\/uploads\/2025\/03\/Banner_Emprego_PortallavrasTV.png\" alt=\"\"  srcset=\"https:\/\/lavras.tv\/site\/wp-content\/uploads\/2025\/03\/Banner_Emprego_PortallavrasTV.png 720w, https:\/\/lavras.tv\/site\/wp-content\/uploads\/2025\/03\/Banner_Emprego_PortallavrasTV-470x68.png 470w, https:\/\/lavras.tv\/site\/wp-content\/uploads\/2025\/03\/Banner_Emprego_PortallavrasTV-170x25.png 170w, https:\/\/lavras.tv\/site\/wp-content\/uploads\/2025\/03\/Banner_Emprego_PortallavrasTV-200x29.png 200w\" sizes=\"(max-width: 720px) 100vw, 720px\" width=\"720\" height=\"104\"   \/><\/a><\/li><li><a href=\"https:\/\/sistemas.lavras.mg.gov.br\/portalcidadao\/#df1b1a7c7b2a290bcb31e32771e610784662739a88807c0dacac58ede5f391a7530e299dc302d611ee73cb143fc22eaf93592e53e7b5bdb01b00a0b8d28dae460c141dd2ff83412e4dc1c31b16b25f33144a9e5620ea73b13f5bc1c59411d98439ad226e8af03840603796067d87afe130812cf3de24982d0e306f9e61e764e5\" aria-label=\"Banner_Obras_PortallavrasTV\"><img src=\"https:\/\/lavras.tv\/site\/wp-content\/uploads\/2025\/03\/Banner_Obras_PortallavrasTV.png\" alt=\"\"  srcset=\"https:\/\/lavras.tv\/site\/wp-content\/uploads\/2025\/03\/Banner_Obras_PortallavrasTV.png 720w, https:\/\/lavras.tv\/site\/wp-content\/uploads\/2025\/03\/Banner_Obras_PortallavrasTV-470x68.png 470w, https:\/\/lavras.tv\/site\/wp-content\/uploads\/2025\/03\/Banner_Obras_PortallavrasTV-170x25.png 170w, https:\/\/lavras.tv\/site\/wp-content\/uploads\/2025\/03\/Banner_Obras_PortallavrasTV-200x29.png 200w\" sizes=\"(max-width: 720px) 100vw, 720px\" width=\"720\" height=\"104\"   \/><\/a><\/li><li><div style=\"margin-left: auto;margin-right: auto;text-align: center;\" id=\"lavra-333308181\"><a href=\"https:\/\/sistemas.lavras.mg.gov.br\/portalcidadao\/#df1b1a7c7b2a290bcb31e32771e610784662739a88807c0dacac58ede5f391a7530e299dc302d611ee73cb143fc22eaf93592e53e7b5bdb01b00a0b8d28dae460c141dd2ff83412e4dc1c31b16b25f33144a9e5620ea73b13f5bc1c59411d98439ad226e8af03840603796067d87afe130812cf3de24982d0e306f9e61e764e5\" aria-label=\"Banner_Educa\u00e7\u00e3o_PortallavrasTV\"><img src=\"https:\/\/lavras.tv\/site\/wp-content\/uploads\/2025\/01\/Banner_Educacao_PortallavrasTV.png\" alt=\"\"  srcset=\"https:\/\/lavras.tv\/site\/wp-content\/uploads\/2025\/01\/Banner_Educacao_PortallavrasTV.png 720w, https:\/\/lavras.tv\/site\/wp-content\/uploads\/2025\/01\/Banner_Educacao_PortallavrasTV-470x68.png 470w, https:\/\/lavras.tv\/site\/wp-content\/uploads\/2025\/01\/Banner_Educacao_PortallavrasTV-170x25.png 170w, https:\/\/lavras.tv\/site\/wp-content\/uploads\/2025\/01\/Banner_Educacao_PortallavrasTV-200x29.png 200w\" sizes=\"(max-width: 720px) 100vw, 720px\" width=\"720\" height=\"104\"  style=\"display: inline-block;\" \/><\/a><\/div><\/li><li><a href=\"https:\/\/sistemas.lavras.mg.gov.br\/portalcidadao\/#df1b1a7c7b2a290bcb31e32771e610784662739a88807c0dacac58ede5f391a7530e299dc302d611ee73cb143fc22eaf93592e53e7b5bdb01b00a0b8d28dae460c141dd2ff83412e4dc1c31b16b25f33144a9e5620ea73b13f5bc1c59411d98439ad226e8af03840603796067d87afe130812cf3de24982d0e306f9e61e764e5\" aria-label=\"Banner_Sa\u00fade_PortallavrasTV\"><img src=\"https:\/\/lavras.tv\/site\/wp-content\/uploads\/2025\/03\/Banner_Saude_PortallavrasTV.png\" alt=\"\"  srcset=\"https:\/\/lavras.tv\/site\/wp-content\/uploads\/2025\/03\/Banner_Saude_PortallavrasTV.png 720w, https:\/\/lavras.tv\/site\/wp-content\/uploads\/2025\/03\/Banner_Saude_PortallavrasTV-470x68.png 470w, https:\/\/lavras.tv\/site\/wp-content\/uploads\/2025\/03\/Banner_Saude_PortallavrasTV-170x25.png 170w, https:\/\/lavras.tv\/site\/wp-content\/uploads\/2025\/03\/Banner_Saude_PortallavrasTV-200x29.png 200w\" sizes=\"(max-width: 720px) 100vw, 720px\" width=\"720\" height=\"104\"   \/><\/a><\/li><li><div id=\"lavra-1755619874\" style=\"width:720px;height:104px;background-color:#ddd;overflow:scroll;\">\n\t<strong>Sa\u00edda da depura\u00e7\u00e3o de an\u00fancios<\/strong>\n\t<br><br>\n\tO an\u00fancio n\u00e3o \u00e9 exibido na p\u00e1gina<br><br>post atual: Lula envia isen\u00e7\u00e3o de IR at\u00e9 R$ 5 mil ao Congresso: entenda o que pode mudar e impactos da proposta, ID: 162307<br><br><span style=\"color: red;\">O post atual n\u00e3o \u00e9 id\u00eantico ao post principal.<\/span><br><br>An\u00fancios: ROXO - TOPO INTERNA - ROTATIVO 2 (197)<br \/>Grupo de an\u00fancios: Princ_Meio01_720x104 (27)<br><br>Condi\u00e7\u00f5es de exibi\u00e7\u00e3o<div style=\"margin-bottom: 20px; white-space: pre-wrap; font-family: monospace; width: 100%; background: #ffe9e9;\"><strong>condi\u00e7\u00f5es gerais<\/strong><table border=\"1\"><thead><tr><th><\/th><th>An\u00fancios<\/th><th>wp_the_query<\/th><\/tr><\/thead><tr><td>is_main_query<\/td><td>1<\/td><td>1<\/td><\/tr><tr><td>is_rest_api<\/td><td>0<\/td><td>1<\/td><\/tr><tr><td>page<\/td><td>0<\/td><td>1<\/td><\/tr><tr><td>numpages<\/td><td>0<\/td><td>1<\/td><\/tr><tr><td>is_archive<\/td><td>1<\/td><td><\/td><\/tr><tr><td>is_search<\/td><td>1<\/td><td><\/td><\/tr><tr><td>is_home<\/td><td>1<\/td><td><\/td><\/tr><tr><td>is_404<\/td><td>1<\/td><td><\/td><\/tr><tr><td>is_attachment<\/td><td>1<\/td><td><\/td><\/tr><tr><td>is_singular<\/td><td>1<\/td><td><\/td><\/tr><tr><td>is_front_page<\/td><td>1<\/td><td><\/td><\/tr><tr><td>is_feed<\/td><td>1<\/td><td><\/td><\/tr><\/table><\/div><br><br><span style=\"color: red;\">Seu site usa HTTPS, mas o c\u00f3digo do an\u00fancio cont\u00e9m HTTP e pode n\u00e3o funcionar.<\/span>\t<br><br>\n\t<a style=\"color: green;\" href=\"https:\/\/wpadvancedads.com\/manual\/ad-debug-mode\/?utm_source=advanced-ads&utm_medium=link&utm_campaign=ad-debug-mode\" target=\"_blank\" rel=\"nofollow\">Encontre solu\u00e7\u00f5es no manual<\/a>\n<\/div>\n<\/li><\/ul><\/div><script>( window.advanced_ads_ready || jQuery( document ).ready ).call( null, function() {var $lavraslider1089447630 = jQuery( \".lavra-slider-1089447630\" );$lavraslider1089447630.on( \"unslider.ready\", function() { jQuery( \"div.custom-slider ul li\" ).css( \"display\", \"block\" ); });$lavraslider1089447630.unslider({ delay:4000, autoplay:true, nav:false, arrows:false, infinite:true });$lavraslider1089447630.on(\"mouseover\", function() {$lavraslider1089447630.unslider(\"stop\");}).on(\"mouseout\", function() {$lavraslider1089447630.unslider(\"start\");});});<\/script><\/div>\n<p>A expectativa do governo \u00e9 de que o projeto seja aprovado no Congresso a tempo de a isen\u00e7\u00e3o valer j\u00e1 em 2026. Economistas alertam que medida pode ter impacto sobre infla\u00e7\u00e3o e juros.<\/p>\n\n\n\n<figure class=\"wp-block-image size-large\"><img fetchpriority=\"high\" decoding=\"async\" width=\"970\" height=\"545\" src=\"https:\/\/lavras.tv\/site\/wp-content\/uploads\/2025\/03\/bd3adba0_0355_11f0_a516_450efd74f3ed-48180911-970x545.jpg\" alt=\"\" class=\"wp-image-162318\" srcset=\"https:\/\/lavras.tv\/site\/wp-content\/uploads\/2025\/03\/bd3adba0_0355_11f0_a516_450efd74f3ed-48180911-970x545.jpg 970w, https:\/\/lavras.tv\/site\/wp-content\/uploads\/2025\/03\/bd3adba0_0355_11f0_a516_450efd74f3ed-48180911-470x264.jpg 470w, https:\/\/lavras.tv\/site\/wp-content\/uploads\/2025\/03\/bd3adba0_0355_11f0_a516_450efd74f3ed-48180911-170x96.jpg 170w, https:\/\/lavras.tv\/site\/wp-content\/uploads\/2025\/03\/bd3adba0_0355_11f0_a516_450efd74f3ed-48180911-200x112.jpg 200w, https:\/\/lavras.tv\/site\/wp-content\/uploads\/2025\/03\/bd3adba0_0355_11f0_a516_450efd74f3ed-48180911-1536x864.jpg 1536w, https:\/\/lavras.tv\/site\/wp-content\/uploads\/2025\/03\/bd3adba0_0355_11f0_a516_450efd74f3ed-48180911-2048x1152.jpg 2048w\" sizes=\"(max-width: 970px) 100vw, 970px\" \/><\/figure>\n\n\n\n<p>O governo federal encaminha nesta ter\u00e7a-feira (18\/3) ao\u00a0<a href=\"https:\/\/www.em.com.br\/politica\/2025\/03\/7086327-presidente-da-camara-pede-que-deputados-se-comportem-com-outros-poderes.html\"><strong>Congresso Nacional<\/strong><\/a>\u00a0proposta para isentar do Imposto de Renda (IR)\u00a0<a href=\"https:\/\/www.bbc.com\/portuguese\/articles\/c3e3xn8ej8jo?xtor=AL-73-%5Bpartner%5D-%5Bem.com.br%5D-%5Blink%5D-%5Bbrazil%5D-%5Bbizdev%5D-%5Bisapi%5D\" target=\"_blank\" rel=\"noreferrer noopener\">quem ganha at\u00e9 R$ 5 mil por m\u00eas<\/a>. A proposta \u00e9 uma promessa de campanha do presidente Luiz In\u00e1cio Lula da Silva (PT).<\/p>\n\n\n\n<p>Ela havia sido&nbsp;<a href=\"https:\/\/www.bbc.com\/portuguese\/articles\/c36p9lp09r4o?xtor=AL-73-%5Bpartner%5D-%5Bem.com.br%5D-%5Blink%5D-%5Bbrazil%5D-%5Bbizdev%5D-%5Bisapi%5D\" target=\"_blank\" rel=\"noreferrer noopener\">anunciada pelo ministro da Fazenda<\/a>, Fernando Haddad,&nbsp;<a href=\"https:\/\/www.em.com.br\/economia\/2024\/11\/6998780-governo-isenta-ir-para-rendas-ate-rs-5-mil-e-beneficiara-36-milhoes.html\"><strong>no final do ano passado<\/strong><\/a>, junto ao pacote fiscal que incluiu medidas como a mudan\u00e7a na regra de&nbsp;<a href=\"https:\/\/www.em.com.br\/economia\/2024\/11\/6998921-decifrando-haddad-pacote-fiscal-inclui-aumento-de-custos-para-o-governo.html\"><strong>reajuste do sal\u00e1rio m\u00ednimo<\/strong><\/a>.<\/p>\n\n\n\n<p>A expectativa do governo \u00e9 de que o projeto seja aprovado ainda este ano, a tempo de a isen\u00e7\u00e3o valer j\u00e1 em 2026.<\/p>\n\n\n\n<p>&#8220;A verdade \u00e9 que quem paga IR nesse pa\u00eds \u00e9 quem tem desconto na fonte, por que a\u00ed n\u00e3o tem como sonegar. \u00c9 descontado na folha de pagamento dele. Mas quem ganha muito as vezes nem paga. Inventa sempre uma &#8216;mutreta&#8217; qualquer para n\u00e3o pagar. Queremos salvar o povo trabalhador de pagar o IR enquanto muita gente rica sonega&#8221;, disse Lula na sexta-feira (14\/3), ao anunciar que a proposta seria encaminhada ao Congresso nesta semana.<\/p>\n\n\n\n<p>Segundo a proposta, a mudan\u00e7a no IR n\u00e3o ter\u00e1 impacto fiscal, pois a ideia \u00e9 que o aumento da taxa\u00e7\u00e3o sobre os mais ricos compense a perda de arrecada\u00e7\u00e3o com a amplia\u00e7\u00e3o da isen\u00e7\u00e3o. O governo est\u00e1 propondo um imposto m\u00ednimo para quem ganha mais de R$ 50 mil por m\u00eas, seja atrav\u00e9s de um CPF ou de CNPJ. Anteriormente, Haddad tinha afirmado que essa taxa poderia chegar a at\u00e9 10% da renda.<\/p>\n\n\n\n<p>Nesta segunda-feira (17), Haddad afirmou que a perda de arrecada\u00e7\u00e3o com a medida \u00e9 estimada em cerca de R$ 27 bilh\u00f5es para 2026. Inicialmente, a perda de arrecada\u00e7\u00e3o havia sido estimada em R$ 32 bilh\u00f5es, mas o valor foi recalculado.<\/p>\n\n\n\n<p>&#8220;Foi um rec\u00e1lculo, porque este ano haver\u00e1 uma pequena corre\u00e7\u00e3o depois do Or\u00e7amento, por conta do aumento do sal\u00e1rio m\u00ednimo&#8221;, disse o ministro.<\/p>\n\n\n\n<p>A medida \u00e9 vista como parte do &#8220;pacote de bondades&#8221; de Lula em meio \u00e0&nbsp;<a href=\"https:\/\/www.bbc.com\/portuguese\/articles\/cy4l09e945do?xtor=AL-73-%5Bpartner%5D-%5Bem.com.br%5D-%5Blink%5D-%5Bbrazil%5D-%5Bbizdev%5D-%5Bisapi%5D\" target=\"_blank\" rel=\"noreferrer noopener\">queda de popularidade de sua gest\u00e3o<\/a>&nbsp;\u00e0s v\u00e9speras das elei\u00e7\u00f5es presidenciais, previstas para outubro do ano que vem.<\/p>\n\n\n\n<p>Al\u00e9m da isen\u00e7\u00e3o do IR para rendimentos at\u00e9 R$ 5 mil, o governo tamb\u00e9m deu in\u00edcio a uma<a href=\"https:\/\/www.em.com.br\/politica\/2025\/02\/7070541-lula-demite-nisia-confirma-padilha-na-saude-e-da-inicio-a-reforma-ministerial.html\"><strong>&nbsp;reforma ministerial<\/strong><\/a>&nbsp;e anunciou nas \u00faltimas semanas medidas como o&nbsp;<a href=\"https:\/\/www.bbc.com\/portuguese\/articles\/cpdexgyljl5o?xtor=AL-73-%5Bpartner%5D-%5Bem.com.br%5D-%5Blink%5D-%5Bbrazil%5D-%5Bbizdev%5D-%5Bisapi%5D\" target=\"_blank\" rel=\"noreferrer noopener\">cr\u00e9dito consignado para trabalhadores formais<\/a>&nbsp;e a&nbsp;<a href=\"https:\/\/www.bbc.com\/portuguese\/articles\/cpdexgyljl5o?xtor=AL-73-%5Bpartner%5D-%5Bem.com.br%5D-%5Blink%5D-%5Bbrazil%5D-%5Bbizdev%5D-%5Bisapi%5D\" target=\"_blank\" rel=\"noreferrer noopener\">libera\u00e7\u00e3o do saque do Fundo de Garantia por Tempo de Servi\u00e7o (FGTS)<\/a>&nbsp;para quem aderiu ao saque-anivers\u00e1rio.<\/p>\n\n\n\n<p>Uma pesquisa realizada pela Quaest em dezembro mostrou que 75% dos entrevistados aprovavam a isen\u00e7\u00e3o do IR para quem recebe at\u00e9 R$ 5 mil. Ao fim do ano passado, a medida tinha alto \u00edndice de aprova\u00e7\u00e3o tanto por eleitores de Lula, quanto por apoiadores do ex-presidente&nbsp;<a href=\"https:\/\/www.em.com.br\/politica\/2025\/03\/7085946-bolsonaro-usa-ato-por-anistia-para-mandar-recados-em-caso-de-prisao-e-diz-deixar-liderancas-na-direita.html\"><strong>Jair Bolsonaro (PL)<\/strong><\/a>.<\/p>\n\n\n\n<p>Defensores da proposta dizem que a tabela do&nbsp;<strong><a href=\"https:\/\/www.em.com.br\/economia\/2025\/03\/7085913-imposto-de-renda-2025-entrega-da-declaracao-comeca-nesta-segunda-17-3.html\">Imposto de Renda<\/a>&nbsp;<\/strong>est\u00e1 defasada em rela\u00e7\u00e3o \u00e0 infla\u00e7\u00e3o h\u00e1 anos, o que leva os contribuintes a pagarem mais impostos.<\/p>\n\n\n\n<p>J\u00e1 os cr\u00edticos consideram a proposta &#8220;<a href=\"https:\/\/www.bbc.com\/portuguese\/articles\/cvg42zglnrlo?xtor=AL-73-%5Bpartner%5D-%5Bem.com.br%5D-%5Blink%5D-%5Bbrazil%5D-%5Bbizdev%5D-%5Bisapi%5D\" target=\"_blank\" rel=\"noreferrer noopener\">eleitoreira<\/a>&#8221; e argumentam que a medida beneficia a classe m\u00e9dia e&nbsp;<a href=\"https:\/\/www.bbc.com\/portuguese\/articles\/cpvvx1400vro?xtor=AL-73-%5Bpartner%5D-%5Bem.com.br%5D-%5Blink%5D-%5Bbrazil%5D-%5Bbizdev%5D-%5Bisapi%5D\" target=\"_blank\" rel=\"noreferrer noopener\">aumenta a concentra\u00e7\u00e3o de renda<\/a>, al\u00e9m de n\u00e3o contribuir com o esfor\u00e7o de equil\u00edbrio fiscal do governo.<\/p>\n\n\n\n<p>Economistas tamb\u00e9m alertam que a inje\u00e7\u00e3o de recursos na economia gerada pelo pagamento menor de impostos pode ter impacto sobre a&nbsp;<a href=\"https:\/\/www.bbc.com\/portuguese\/topics\/cjgn7g82yjjt?xtor=AL-73-%5Bpartner%5D-%5Bem.com.br%5D-%5Blink%5D-%5Bbrazil%5D-%5Bbizdev%5D-%5Bisapi%5D\" target=\"_blank\" rel=\"noreferrer noopener\">infla\u00e7\u00e3o<\/a>&nbsp;e a taxa de juros.<\/p>\n\n\n\n<p>Entenda o que pode mudar caso a proposta seja aprovada pelo Congresso e os poss\u00edveis impactos da medida.<\/p>\n\n\n\n<h2 class=\"wp-block-heading\">Para quem ganha at\u00e9 R$ 5 mil: isen\u00e7\u00e3o<\/h2>\n\n\n\n<p>Na lei, limite atual de isen\u00e7\u00e3o \u00e9 de R$ 2.259, mas com o mecanismo de &#8220;desconto simplificado&#8221; adotado pelo governo Lula desde 2023, na pr\u00e1tica, a isen\u00e7\u00e3o beneficia quem ganha at\u00e9 dois sal\u00e1rios m\u00ednimos (R$ 2.824).<\/p>\n\n\n\n<p>Havia 40,6 milh\u00f5es de declarantes no ajuste anual do IR, segundo dados de 2022. Desses, cerca de 16 milh\u00f5es estavam isentos pela regra atual (39% do total).<\/p>\n\n\n\n<p>Com a proposta, mais 16 milh\u00f5es de pessoas devem ficar isentas adicionalmente, segundo c\u00e1lculo da MCM Consultores, o que resultaria em 32 milh\u00f5es de isentos \u2014 ou 79% do total, um patamar sem precedentes.<\/p>\n\n\n\n<p>Quem ganha at\u00e9 R$ 7,5 mil tamb\u00e9m pagar\u00e1 menos imposto de renda, segundo a proposta enviada nesta ter\u00e7a-feira para o Congresso.<\/p>\n\n\n\n<p>O grupo dos super-ricos \u2014 aqueles que recebem mais de R$ 50 mil mensais \u2014 deve passar a pagar mais Imposto de Renda, com uma al\u00edquota m\u00ednima de 10%, a ser cobrada sobre todas as fontes de renda.<\/p>\n\n\n\n<p>A ideia do governo \u00e9 que o debate no Congresso sobre a isen\u00e7\u00e3o para sal\u00e1rios de at\u00e9 R$ 5 mil seja conclu\u00eddo este ano \u2014 e, se aprovada, a medida passe a valer em 1\u00ba de janeiro de 2026.<\/p>\n\n\n\n<h2 class=\"wp-block-heading\">Poss\u00edveis impactos<\/h2>\n\n\n\n<p>O governo federal estimou a perda de arrecada\u00e7\u00e3o com a isen\u00e7\u00e3o do IR para rendimentos em R$ 27 bilh\u00f5es em 2026.<\/p>\n\n\n\n<p>Na pr\u00e1tica, o que as pessoas v\u00e3o deixar de pagar em imposto deve significar uma inje\u00e7\u00e3o adicional de recursos na economia, com efeito sobre o consumo das fam\u00edlias, o&nbsp;<a href=\"https:\/\/www.bbc.com\/portuguese\/articles\/c62567dk1zpo?xtor=AL-73-%5Bpartner%5D-%5Bem.com.br%5D-%5Blink%5D-%5Bbrazil%5D-%5Bbizdev%5D-%5Bisapi%5D\" target=\"_blank\" rel=\"noreferrer noopener\">crescimento do Produto Interno Bruto<\/a>&nbsp;(<a href=\"https:\/\/www.em.com.br\/economia\/2025\/03\/7078496-pib-fecha-2024-com-alta-de-34-no-brasil.html\"><strong>PIB<\/strong><\/a>), a infla\u00e7\u00e3o e a taxa de juros, observaram os economistas da MCM Consultores, em um estudo divulgado na semana passada.<\/p>\n\n\n\n<p>Segundo a equipe da MCM, como a economia brasileira j\u00e1 est\u00e1 atualmente superaquecida, o choque esperado no consumo das fam\u00edlias pode resultar em que o Banco Central n\u00e3o tenha espa\u00e7o para reduzir a&nbsp;<a href=\"https:\/\/www.bbc.com\/portuguese\/articles\/ckgydwy73xjo?xtor=AL-73-%5Bpartner%5D-%5Bem.com.br%5D-%5Blink%5D-%5Bbrazil%5D-%5Bbizdev%5D-%5Bisapi%5D\" target=\"_blank\" rel=\"noreferrer noopener\">taxa b\u00e1sica de juros<\/a>&nbsp;em 2026 ou pode at\u00e9 ter que ajustar um pouco para cima a taxa, para combater os efeitos da inje\u00e7\u00e3o de recursos na economia sobre a infla\u00e7\u00e3o.<\/p>\n\n\n\n<p>Isso porque, com mais dinheiro no bolso, as fam\u00edlias v\u00e3o \u00e0s compras, pressionando a demanda e os pre\u00e7os dos produtos.<\/p>\n\n\n\n<p>Estudos realizados pelo Centro de Pesquisa em Macroeconomia das Desigualdades da Universidade de S\u00e3o Paulo (Made-USP) antes da proposta do governo ser encaminhada ao Congresso mostraram que a isen\u00e7\u00e3o do IR at\u00e9 R$ 5 mil&nbsp;<a href=\"https:\/\/www.bbc.com\/portuguese\/articles\/c0rn79qe2q4o?xtor=AL-73-%5Bpartner%5D-%5Bem.com.br%5D-%5Blink%5D-%5Bbrazil%5D-%5Bbizdev%5D-%5Bisapi%5D\" target=\"_blank\" rel=\"noreferrer noopener\">beneficia grupos j\u00e1 privilegiados da sociedade<\/a>.<\/p>\n\n\n\n<p>Segundo os pesquisadores, \u00e9 preciso que a medida de fato seja combinada com uma maior tributa\u00e7\u00e3o do topo para que n\u00e3o haja uma piora na desigualdade do pa\u00eds.<\/p>\n\n\n\n<p>&#8220;Atualmente, temos mais ou menos 22% da popula\u00e7\u00e3o pagando Imposto de Renda, e com a mudan\u00e7a da regra vai ter s\u00f3 8%&#8221;, destacou Luiza Nassif Pires, diretora do Made-USP e professora do Instituto de Economia da Unicamp, em entrevista \u00e0 BBC News Brasil em dezembro.<\/p>\n\n\n\n<p>&#8220;Ent\u00e3o, tem um problema que, apesar da sensa\u00e7\u00e3o de que aumentar a isen\u00e7\u00e3o at\u00e9 R$ 5 mil \u00e9 algo que distribuiria renda para a base, na verdade, isso \u00e9 uma distribui\u00e7\u00e3o de renda para uma classe m\u00e9dia j\u00e1 mais no topo da pir\u00e2mide&#8221;, completou a pesquisadora.<\/p>\n\n\n\n<p>Tamb\u00e9m em entrevista \u00e0 BBC, Samuel Pess\u00f4a, pesquisador do Instituto Brasileiro de Economia da Funda\u00e7\u00e3o Getulio Vargas (Ibre-FGV) e chefe de pesquisa econ\u00f4mica do Julius Baer Family Office, criticou o fato de a mudan\u00e7a do IR ter sido anunciada junto ao pacote fiscal do governo.<\/p>\n\n\n\n<p>&#8220;O ministro [Haddad] tem dito que tem como objetivo fazer uma grande reformula\u00e7\u00e3o dos impostos de renda, com vistas a reduzir o grau de regressividade e talvez tornar os impostos de renda brasileiros mais progressivos. O ministro est\u00e1 absolutamente correto. Agora, isso demandaria uma revis\u00e3o mais ampla de todos os impostos de renda. N\u00e3o \u00e9 isso que foi feito&#8221;, observou Pess\u00f4a, em conversa com a BBC em novembro.<\/p>\n\n\n\n<p>&#8220;O que foi feito \u00e9 uma medida que, no meu entender, \u00e9 eleitoreira para que o presidente consiga que uma parte da popula\u00e7\u00e3o, cuja maioria n\u00e3o votaria com ele, passe a votar com ele em 2026&#8221;, acrescentou o economista.<\/p>\n\n\n\n<p>Para Pess\u00f4a, ser\u00e1 fundamental acompanhar a tramita\u00e7\u00e3o do projeto no Congresso.<\/p>\n\n\n\n<p>&#8220;O grande medo que fica \u00e9 o Congresso aprovar a isen\u00e7\u00e3o, o aumento da tabela do Imposto de Renda, e n\u00e3o aprovar o imposto sobre os ricos. A\u00ed cria um desequil\u00edbrio fiscal, agrava o problema&#8221;, observou o economista.<\/p>\n","protected":false},"excerpt":{"rendered":"<p>A expectativa do governo \u00e9 de que o projeto seja aprovado no Congresso a tempo de a isen\u00e7\u00e3o valer j\u00e1 em 2026. Economistas alertam que medida pode ter impacto sobre infla\u00e7\u00e3o e juros. O governo federal encaminha nesta ter\u00e7a-feira (18\/3) ao\u00a0Congresso Nacional\u00a0proposta para isentar do Imposto de Renda (IR)\u00a0quem ganha at\u00e9 R$ 5 mil por [&hellip;]<\/p>\n","protected":false},"author":5,"featured_media":162318,"comment_status":"closed","ping_status":"open","sticky":false,"template":"","format":"standard","meta":{"advgb_blocks_editor_width":"","advgb_blocks_columns_visual_guide":"","_exactmetrics_skip_tracking":false,"_exactmetrics_sitenote_active":false,"_exactmetrics_sitenote_note":"","_exactmetrics_sitenote_category":0,"footnotes":""},"categories":[7,2,12],"tags":[],"class_list":["post-162307","post","type-post","status-publish","format-standard","has-post-thumbnail","hentry","category-destaques","category-noticias","category-politica"],"better_featured_image":{"id":162318,"alt_text":"","caption":"","description":"","media_type":"image","media_details":{"width":2136,"height":1201,"file":"2025\/03\/bd3adba0_0355_11f0_a516_450efd74f3ed-48180911.jpg","filesize":185577,"sizes":{"medium":{"file":"bd3adba0_0355_11f0_a516_450efd74f3ed-48180911-470x264.jpg","width":470,"height":264,"mime-type":"image\/jpeg","filesize":22582,"source_url":"https:\/\/lavras.tv\/site\/wp-content\/uploads\/2025\/03\/bd3adba0_0355_11f0_a516_450efd74f3ed-48180911-470x264.jpg"},"large":{"file":"bd3adba0_0355_11f0_a516_450efd74f3ed-48180911-970x545.jpg","width":970,"height":545,"mime-type":"image\/jpeg","filesize":75481,"source_url":"https:\/\/lavras.tv\/site\/wp-content\/uploads\/2025\/03\/bd3adba0_0355_11f0_a516_450efd74f3ed-48180911-970x545.jpg"},"thumbnail":{"file":"bd3adba0_0355_11f0_a516_450efd74f3ed-48180911-170x96.jpg","width":170,"height":96,"mime-type":"image\/jpeg","filesize":4614,"source_url":"https:\/\/lavras.tv\/site\/wp-content\/uploads\/2025\/03\/bd3adba0_0355_11f0_a516_450efd74f3ed-48180911-170x96.jpg"},"lshowcase-thumb":{"file":"bd3adba0_0355_11f0_a516_450efd74f3ed-48180911-200x112.jpg","width":200,"height":112,"mime-type":"image\/jpeg","filesize":5845,"source_url":"https:\/\/lavras.tv\/site\/wp-content\/uploads\/2025\/03\/bd3adba0_0355_11f0_a516_450efd74f3ed-48180911-200x112.jpg"},"1536x1536":{"file":"bd3adba0_0355_11f0_a516_450efd74f3ed-48180911-1536x864.jpg","width":1536,"height":864,"mime-type":"image\/jpeg","filesize":152977,"source_url":"https:\/\/lavras.tv\/site\/wp-content\/uploads\/2025\/03\/bd3adba0_0355_11f0_a516_450efd74f3ed-48180911-1536x864.jpg"},"2048x2048":{"file":"bd3adba0_0355_11f0_a516_450efd74f3ed-48180911-2048x1152.jpg","width":2048,"height":1152,"mime-type":"image\/jpeg","filesize":233422,"source_url":"https:\/\/lavras.tv\/site\/wp-content\/uploads\/2025\/03\/bd3adba0_0355_11f0_a516_450efd74f3ed-48180911-2048x1152.jpg"},"alm-thumbnail":{"file":"bd3adba0_0355_11f0_a516_450efd74f3ed-48180911-150x150.jpg","width":150,"height":150,"mime-type":"image\/jpeg","filesize":4998,"source_url":"https:\/\/lavras.tv\/site\/wp-content\/uploads\/2025\/03\/bd3adba0_0355_11f0_a516_450efd74f3ed-48180911-150x150.jpg"}},"image_meta":{"aperture":"0","credit":"","camera":"","caption":"","created_timestamp":"0","copyright":"","focal_length":"0","iso":"0","shutter_speed":"0","title":"","orientation":"0","keywords":[]}},"post":162307,"source_url":"https:\/\/lavras.tv\/site\/wp-content\/uploads\/2025\/03\/bd3adba0_0355_11f0_a516_450efd74f3ed-48180911.jpg"},"author_meta":{"display_name":"Vinicius Bustamante","author_link":"https:\/\/lavras.tv\/site\/author\/vinicius-bustamante\/"},"featured_img":"https:\/\/lavras.tv\/site\/wp-content\/uploads\/2025\/03\/bd3adba0_0355_11f0_a516_450efd74f3ed-48180911-470x264.jpg","coauthors":[],"tax_additional":{"categories":{"linked":["<a href=\"https:\/\/lavras.tv\/site\/category\/destaques\/\" class=\"advgb-post-tax-term\">Destaques<\/a>","<a href=\"https:\/\/lavras.tv\/site\/category\/noticias\/\" class=\"advgb-post-tax-term\">Not\u00edcias<\/a>","<a href=\"https:\/\/lavras.tv\/site\/category\/politica\/\" class=\"advgb-post-tax-term\">Pol\u00edtica<\/a>"],"unlinked":["<span class=\"advgb-post-tax-term\">Destaques<\/span>","<span class=\"advgb-post-tax-term\">Not\u00edcias<\/span>","<span class=\"advgb-post-tax-term\">Pol\u00edtica<\/span>"]}},"comment_count":"0","relative_dates":{"created":"Publicado 1 ano atr\u00e1s","modified":"Atualizado 1 ano atr\u00e1s"},"absolute_dates":{"created":"Publicado em 18 de mar\u00e7o de 2025","modified":"Atualizado em 18 de mar\u00e7o de 2025"},"absolute_dates_time":{"created":"Publicado em 18 de mar\u00e7o de 2025 14:52","modified":"Atualizado em 18 de mar\u00e7o de 2025 14:52"},"featured_img_caption":"","series_order":"","_links":{"self":[{"href":"https:\/\/lavras.tv\/site\/wp-json\/wp\/v2\/posts\/162307","targetHints":{"allow":["GET"]}}],"collection":[{"href":"https:\/\/lavras.tv\/site\/wp-json\/wp\/v2\/posts"}],"about":[{"href":"https:\/\/lavras.tv\/site\/wp-json\/wp\/v2\/types\/post"}],"author":[{"embeddable":true,"href":"https:\/\/lavras.tv\/site\/wp-json\/wp\/v2\/users\/5"}],"replies":[{"embeddable":true,"href":"https:\/\/lavras.tv\/site\/wp-json\/wp\/v2\/comments?post=162307"}],"version-history":[{"count":1,"href":"https:\/\/lavras.tv\/site\/wp-json\/wp\/v2\/posts\/162307\/revisions"}],"predecessor-version":[{"id":162319,"href":"https:\/\/lavras.tv\/site\/wp-json\/wp\/v2\/posts\/162307\/revisions\/162319"}],"wp:featuredmedia":[{"embeddable":true,"href":"https:\/\/lavras.tv\/site\/wp-json\/wp\/v2\/media\/162318"}],"wp:attachment":[{"href":"https:\/\/lavras.tv\/site\/wp-json\/wp\/v2\/media?parent=162307"}],"wp:term":[{"taxonomy":"category","embeddable":true,"href":"https:\/\/lavras.tv\/site\/wp-json\/wp\/v2\/categories?post=162307"},{"taxonomy":"post_tag","embeddable":true,"href":"https:\/\/lavras.tv\/site\/wp-json\/wp\/v2\/tags?post=162307"}],"curies":[{"name":"wp","href":"https:\/\/api.w.org\/{rel}","templated":true}]}}