{"id":162333,"date":"2025-03-18T15:29:25","date_gmt":"2025-03-18T18:29:25","guid":{"rendered":"https:\/\/lavras.tv\/site\/?p=162333"},"modified":"2025-03-18T15:29:26","modified_gmt":"2025-03-18T18:29:26","slug":"eduardo-bolsonaro-anuncia-que-vai-tirar-licenca-do-mandato-de-deputado-para-morar-nos-eua","status":"publish","type":"post","link":"https:\/\/lavras.tv\/site\/2025\/03\/18\/eduardo-bolsonaro-anuncia-que-vai-tirar-licenca-do-mandato-de-deputado-para-morar-nos-eua\/","title":{"rendered":"Eduardo Bolsonaro anuncia que vai tirar licen\u00e7a do mandato de deputado para morar nos EUA"},"content":{"rendered":"<div class=\"lavra-antes-do-conteudo_2\" id=\"lavra-3141497805\"><div id=\"lavra-slider-27\" class=\"custom-slider lavra-slider-3629238656 lavra-slider\"><ul><li><div style=\"margin-left: auto;margin-right: auto;text-align: center;\" id=\"lavra-2177780414\"><a href=\"https:\/\/sistemas.lavras.mg.gov.br\/portalcidadao\/#df1b1a7c7b2a290bcb31e32771e610784662739a88807c0dacac58ede5f391a7530e299dc302d611ee73cb143fc22eaf93592e53e7b5bdb01b00a0b8d28dae460c141dd2ff83412e4dc1c31b16b25f33144a9e5620ea73b13f5bc1c59411d98439ad226e8af03840603796067d87afe130812cf3de24982d0e306f9e61e764e5\" aria-label=\"Lavras-TV&#8211;720x104px (1) (1)\"><img src=\"https:\/\/lavras.tv\/site\/wp-content\/uploads\/2025\/01\/Lavras-TV-720x104px-1-1.png\" alt=\"\"  srcset=\"https:\/\/lavras.tv\/site\/wp-content\/uploads\/2025\/01\/Lavras-TV-720x104px-1-1.png 720w, https:\/\/lavras.tv\/site\/wp-content\/uploads\/2025\/01\/Lavras-TV-720x104px-1-1-470x68.png 470w, https:\/\/lavras.tv\/site\/wp-content\/uploads\/2025\/01\/Lavras-TV-720x104px-1-1-170x25.png 170w, https:\/\/lavras.tv\/site\/wp-content\/uploads\/2025\/01\/Lavras-TV-720x104px-1-1-200x29.png 200w\" sizes=\"(max-width: 720px) 100vw, 720px\" width=\"720\" height=\"104\"  style=\"display: inline-block;\" \/><\/a><\/div><\/li><li><a href=\"https:\/\/sistemas.lavras.mg.gov.br\/portalcidadao\/#df1b1a7c7b2a290bcb31e32771e610784662739a88807c0dacac58ede5f391a7530e299dc302d611ee73cb143fc22eaf93592e53e7b5bdb01b00a0b8d28dae460c141dd2ff83412e4dc1c31b16b25f33144a9e5620ea73b13f5bc1c59411d98439ad226e8af03840603796067d87afe130812cf3de24982d0e306f9e61e764e5\" aria-label=\"Banner_Emprego_PortallavrasTV\"><img src=\"https:\/\/lavras.tv\/site\/wp-content\/uploads\/2025\/03\/Banner_Emprego_PortallavrasTV.png\" alt=\"\"  srcset=\"https:\/\/lavras.tv\/site\/wp-content\/uploads\/2025\/03\/Banner_Emprego_PortallavrasTV.png 720w, https:\/\/lavras.tv\/site\/wp-content\/uploads\/2025\/03\/Banner_Emprego_PortallavrasTV-470x68.png 470w, https:\/\/lavras.tv\/site\/wp-content\/uploads\/2025\/03\/Banner_Emprego_PortallavrasTV-170x25.png 170w, https:\/\/lavras.tv\/site\/wp-content\/uploads\/2025\/03\/Banner_Emprego_PortallavrasTV-200x29.png 200w\" sizes=\"(max-width: 720px) 100vw, 720px\" width=\"720\" height=\"104\"   \/><\/a><\/li><li><a href=\"https:\/\/sistemas.lavras.mg.gov.br\/portalcidadao\/#df1b1a7c7b2a290bcb31e32771e610784662739a88807c0dacac58ede5f391a7530e299dc302d611ee73cb143fc22eaf93592e53e7b5bdb01b00a0b8d28dae460c141dd2ff83412e4dc1c31b16b25f33144a9e5620ea73b13f5bc1c59411d98439ad226e8af03840603796067d87afe130812cf3de24982d0e306f9e61e764e5\" aria-label=\"Banner_Obras_PortallavrasTV\"><img src=\"https:\/\/lavras.tv\/site\/wp-content\/uploads\/2025\/03\/Banner_Obras_PortallavrasTV.png\" alt=\"\"  srcset=\"https:\/\/lavras.tv\/site\/wp-content\/uploads\/2025\/03\/Banner_Obras_PortallavrasTV.png 720w, https:\/\/lavras.tv\/site\/wp-content\/uploads\/2025\/03\/Banner_Obras_PortallavrasTV-470x68.png 470w, https:\/\/lavras.tv\/site\/wp-content\/uploads\/2025\/03\/Banner_Obras_PortallavrasTV-170x25.png 170w, https:\/\/lavras.tv\/site\/wp-content\/uploads\/2025\/03\/Banner_Obras_PortallavrasTV-200x29.png 200w\" sizes=\"(max-width: 720px) 100vw, 720px\" width=\"720\" height=\"104\"   \/><\/a><\/li><li><div style=\"margin-left: auto;margin-right: auto;text-align: center;\" id=\"lavra-566468752\"><a href=\"https:\/\/sistemas.lavras.mg.gov.br\/portalcidadao\/#df1b1a7c7b2a290bcb31e32771e610784662739a88807c0dacac58ede5f391a7530e299dc302d611ee73cb143fc22eaf93592e53e7b5bdb01b00a0b8d28dae460c141dd2ff83412e4dc1c31b16b25f33144a9e5620ea73b13f5bc1c59411d98439ad226e8af03840603796067d87afe130812cf3de24982d0e306f9e61e764e5\" aria-label=\"Banner_Educa\u00e7\u00e3o_PortallavrasTV\"><img src=\"https:\/\/lavras.tv\/site\/wp-content\/uploads\/2025\/01\/Banner_Educacao_PortallavrasTV.png\" alt=\"\"  srcset=\"https:\/\/lavras.tv\/site\/wp-content\/uploads\/2025\/01\/Banner_Educacao_PortallavrasTV.png 720w, https:\/\/lavras.tv\/site\/wp-content\/uploads\/2025\/01\/Banner_Educacao_PortallavrasTV-470x68.png 470w, https:\/\/lavras.tv\/site\/wp-content\/uploads\/2025\/01\/Banner_Educacao_PortallavrasTV-170x25.png 170w, https:\/\/lavras.tv\/site\/wp-content\/uploads\/2025\/01\/Banner_Educacao_PortallavrasTV-200x29.png 200w\" sizes=\"(max-width: 720px) 100vw, 720px\" width=\"720\" height=\"104\"  style=\"display: inline-block;\" \/><\/a><\/div><\/li><li><a href=\"https:\/\/sistemas.lavras.mg.gov.br\/portalcidadao\/#df1b1a7c7b2a290bcb31e32771e610784662739a88807c0dacac58ede5f391a7530e299dc302d611ee73cb143fc22eaf93592e53e7b5bdb01b00a0b8d28dae460c141dd2ff83412e4dc1c31b16b25f33144a9e5620ea73b13f5bc1c59411d98439ad226e8af03840603796067d87afe130812cf3de24982d0e306f9e61e764e5\" aria-label=\"Banner_Sa\u00fade_PortallavrasTV\"><img src=\"https:\/\/lavras.tv\/site\/wp-content\/uploads\/2025\/03\/Banner_Saude_PortallavrasTV.png\" alt=\"\"  srcset=\"https:\/\/lavras.tv\/site\/wp-content\/uploads\/2025\/03\/Banner_Saude_PortallavrasTV.png 720w, https:\/\/lavras.tv\/site\/wp-content\/uploads\/2025\/03\/Banner_Saude_PortallavrasTV-470x68.png 470w, https:\/\/lavras.tv\/site\/wp-content\/uploads\/2025\/03\/Banner_Saude_PortallavrasTV-170x25.png 170w, https:\/\/lavras.tv\/site\/wp-content\/uploads\/2025\/03\/Banner_Saude_PortallavrasTV-200x29.png 200w\" sizes=\"(max-width: 720px) 100vw, 720px\" width=\"720\" height=\"104\"   \/><\/a><\/li><li><div id=\"lavra-732079599\" style=\"width:720px;height:104px;background-color:#ddd;overflow:scroll;\">\n\t<strong>Sa\u00edda da depura\u00e7\u00e3o de an\u00fancios<\/strong>\n\t<br><br>\n\tO an\u00fancio n\u00e3o \u00e9 exibido na p\u00e1gina<br><br>post atual: Eduardo Bolsonaro anuncia que vai tirar licen\u00e7a do mandato de deputado para morar nos EUA, ID: 162333<br><br><span style=\"color: red;\">O post atual n\u00e3o \u00e9 id\u00eantico ao post principal.<\/span><br><br>An\u00fancios: ROXO - TOPO INTERNA - ROTATIVO 2 (197)<br \/>Grupo de an\u00fancios: Princ_Meio01_720x104 (27)<br><br>Condi\u00e7\u00f5es de exibi\u00e7\u00e3o<div style=\"margin-bottom: 20px; white-space: pre-wrap; font-family: monospace; width: 100%; background: #ffe9e9;\"><strong>condi\u00e7\u00f5es gerais<\/strong><table border=\"1\"><thead><tr><th><\/th><th>An\u00fancios<\/th><th>wp_the_query<\/th><\/tr><\/thead><tr><td>is_main_query<\/td><td>1<\/td><td>1<\/td><\/tr><tr><td>is_rest_api<\/td><td>0<\/td><td>1<\/td><\/tr><tr><td>page<\/td><td>0<\/td><td>1<\/td><\/tr><tr><td>numpages<\/td><td>0<\/td><td>1<\/td><\/tr><tr><td>is_archive<\/td><td>1<\/td><td><\/td><\/tr><tr><td>is_search<\/td><td>1<\/td><td><\/td><\/tr><tr><td>is_home<\/td><td>1<\/td><td><\/td><\/tr><tr><td>is_404<\/td><td>1<\/td><td><\/td><\/tr><tr><td>is_attachment<\/td><td>1<\/td><td><\/td><\/tr><tr><td>is_singular<\/td><td>1<\/td><td><\/td><\/tr><tr><td>is_front_page<\/td><td>1<\/td><td><\/td><\/tr><tr><td>is_feed<\/td><td>1<\/td><td><\/td><\/tr><\/table><\/div><br><br><span style=\"color: red;\">Seu site usa HTTPS, mas o c\u00f3digo do an\u00fancio cont\u00e9m HTTP e pode n\u00e3o funcionar.<\/span>\t<br><br>\n\t<a style=\"color: green;\" href=\"https:\/\/wpadvancedads.com\/manual\/ad-debug-mode\/?utm_source=advanced-ads&utm_medium=link&utm_campaign=ad-debug-mode\" target=\"_blank\" rel=\"nofollow\">Encontre solu\u00e7\u00f5es no manual<\/a>\n<\/div>\n<\/li><\/ul><\/div><script>( window.advanced_ads_ready || jQuery( document ).ready ).call( null, function() {var $lavraslider3629238656 = jQuery( \".lavra-slider-3629238656\" );$lavraslider3629238656.on( \"unslider.ready\", function() { jQuery( \"div.custom-slider ul li\" ).css( \"display\", \"block\" ); });$lavraslider3629238656.unslider({ delay:4000, autoplay:true, nav:false, arrows:false, infinite:true });$lavraslider3629238656.on(\"mouseover\", function() {$lavraslider3629238656.unslider(\"stop\");}).on(\"mouseout\", function() {$lavraslider3629238656.unslider(\"start\");});});<\/script><\/div>\n<p>Filho do ex-presidente Jair Bolsonaro pretendia comandar a Comiss\u00e3o de Rela\u00e7\u00f5es Exteriores da C\u00e2mara, mas cargo ficar\u00e1 com outro deputado do PL.<\/p>\n\n\n\n<figure class=\"wp-block-image size-large\"><img fetchpriority=\"high\" decoding=\"async\" width=\"970\" height=\"647\" src=\"https:\/\/lavras.tv\/site\/wp-content\/uploads\/2025\/03\/pho20220826022.avif_snapshot_00.02.267-970x647.png\" alt=\"\" class=\"wp-image-162334\" srcset=\"https:\/\/lavras.tv\/site\/wp-content\/uploads\/2025\/03\/pho20220826022.avif_snapshot_00.02.267-970x647.png 970w, https:\/\/lavras.tv\/site\/wp-content\/uploads\/2025\/03\/pho20220826022.avif_snapshot_00.02.267-450x300.png 450w, https:\/\/lavras.tv\/site\/wp-content\/uploads\/2025\/03\/pho20220826022.avif_snapshot_00.02.267-170x113.png 170w, https:\/\/lavras.tv\/site\/wp-content\/uploads\/2025\/03\/pho20220826022.avif_snapshot_00.02.267-200x133.png 200w, https:\/\/lavras.tv\/site\/wp-content\/uploads\/2025\/03\/pho20220826022.avif_snapshot_00.02.267.png 984w\" sizes=\"(max-width: 970px) 100vw, 970px\" \/><\/figure>\n\n\n\n<p>O deputado federal&nbsp;<a class=\"\" href=\"https:\/\/g1.globo.com\/politica\/politico\/eduardo-bolsonaro\/\">Eduardo Bolsonaro<\/a>&nbsp;(<a class=\"\" href=\"https:\/\/g1.globo.com\/politica\/partido\/pl\/\">PL<\/a>-SP) anunciou nesta ter\u00e7a-feira (18) que vai se licenciar do mandato parlamentar para morar nos&nbsp;<a class=\"\" href=\"https:\/\/g1.globo.com\/tudo-sobre\/estados-unidos\/\">Estados Unidos<\/a>, onde est\u00e1 atualmente.<\/p>\n\n\n\n<p>Ao anunciar a decis\u00e3o, ele fez cr\u00edticas ao ministro&nbsp;<a class=\"\" href=\"https:\/\/g1.globo.com\/tudo-sobre\/alexandre-de-moraes\/\">Alexandre de Moraes<\/a>, do Supremo Tribunal Federal (<a class=\"\" href=\"https:\/\/g1.globo.com\/tudo-sobre\/supremo-tribunal-federal\/\">STF<\/a>), respons\u00e1vel pelo inqu\u00e9rito que investiga o seu pai, o ex-presidente&nbsp;<a class=\"\" href=\"https:\/\/g1.globo.com\/politica\/politico\/jair-bolsonaro\/\">Jair Bolsonaro<\/a>, por tentativa de golpe de Estado (<a class=\"\" href=\"https:\/\/g1.globo.com\/politica\/noticia\/2025\/03\/18\/eduardo-bolsonaro-anuncia-pedido-de-licenca-do-mandato.ghtml#1\"><em>leia mais aqui<\/em><\/a>). Eduardo n\u00e3o \u00e9 alvo da investiga\u00e7\u00e3o.<\/p>\n\n\n\n<p><a class=\"\" href=\"https:\/\/g1.globo.com\/politica\/blog\/natuza-nery\/post\/2025\/03\/18\/presidente-pl-eduardo-bolsonaro.ghtml\">Eduardo foi impedido de assumir a presid\u00eancia da Comiss\u00e3o de Rela\u00e7\u00f5es Exteriores da C\u00e2mara por decis\u00e3o de Valdemar Costa Neto<\/a>, presidente do PL, seu partido.<\/p>\n\n\n\n<p>Valdemar disse a Eduardo no domingo (16) que ele n\u00e3o assumiria a comiss\u00e3o. A decis\u00e3o deixou o deputado sem discurso pol\u00edtico para justificar a perda do cargo, o que teria motivado sua decis\u00e3o de tirar a licen\u00e7a e morar nos Estados Unidos.<\/p>\n\n\n\n<p>Eduardo fez o an\u00fancio numa rede social, uma semana antes do julgamento no STF que pode tornar seu pai r\u00e9u por tentativa de golpe de Estado.<\/p>\n\n\n\n<p>Ele disse que a licen\u00e7a \u00e9 tempor\u00e1ria e que vai abrir m\u00e3o de receber o sal\u00e1rio de R$ 46.366,19. O deputado foi o terceiro mais votado em S\u00e3o Paulo na elei\u00e7\u00e3o de 2022, com 741.701 votos, atr\u00e1s de Guilherme Boulos (PSOL) e Carla Zambelli (PL).<\/p>\n\n\n\n<h2 class=\"wp-block-heading\">Quem assume a comiss\u00e3o da C\u00e2mara<\/h2>\n\n\n\n<p>O parlamentar disse que o comando da Comiss\u00e3o de Rela\u00e7\u00f5es Exteriores ficar\u00e1 com&nbsp;<a class=\"\" href=\"https:\/\/g1.globo.com\/politica\/noticia\/2025\/03\/18\/apos-eduardo-bolsonaro-anunciar-licenca-do-mandato-deputado-zucco-diz-ter-sido-indicado-para-assumir-comissao-de-relacoes-exteriores.ghtml\">o deputado Luciano Zucco<\/a>, seu colega no PL e l\u00edder da oposi\u00e7\u00e3o na C\u00e2mara.<\/p>\n\n\n\n<blockquote class=\"wp-block-quote is-layout-flow wp-block-quote-is-layout-flow\">\n<p>\u201cNo meu lugar, ser\u00e1 nomeado o deputado federal ga\u00facho Zucco para a comiss\u00e3o de Rela\u00e7\u00f5es Exteriores e Defesa Nacional. Ele ir\u00e1 me ajudar institucionalmente a manter essa ponte com o governo Trump e o bom relacionamento com pa\u00edses democr\u00e1ticos e desenvolvidos&#8221;, disse.<\/p>\n<\/blockquote>\n\n\n\n<p>No PL, Eduardo Bolsonaro atua como secret\u00e1rio de rela\u00e7\u00f5es internacionais. Parlamentares que defendiam a indica\u00e7\u00e3o dele para a comiss\u00e3o da C\u00e2mara citavam o cargo no partido e a proximidade com aliados do presidente dos Estados Unidos,&nbsp;<a class=\"\" href=\"https:\/\/g1.globo.com\/tudo-sobre\/donald-trump\/\">Donald Trump<\/a>, como argumentos.<\/p>\n\n\n\n<p>A possibilidade de Eduardo Bolsonaro presidir o colegiado foi contestada por parlamentares aliados do governo e abriu uma disputa na C\u00e2mara.<\/p>\n\n\n\n<p>O PT havia pedido que o STF mandasse apreender o passaporte do parlamentar por suposto atentado \u00e0 soberania nacional.<\/p>\n\n\n\n<p>Para advers\u00e1rios pol\u00edticos, Eduardo poderia usar a comiss\u00e3o na C\u00e2mara como palanque para cr\u00edticas ao ministro Alexandre de Moraes, relator do inqu\u00e9rito do golpe e outras investiga\u00e7\u00f5es que miram seu pai e aliados.<\/p>\n\n\n\n<p><strong>&#8216;Persegui\u00e7\u00e3o&#8217; e temor de pris\u00e3o<\/strong><\/p>\n\n\n\n<p>Na postagem que fez no Instagram, Eduardo Bolsonaro disse que, durante a licen\u00e7a, vai &#8220;focar em buscar as justas puni\u00e7\u00f5es a Alexandre de Moraes e a sua gestapo da&nbsp;<a class=\"\" href=\"https:\/\/g1.globo.com\/tudo-sobre\/policia-federal\/\">Pol\u00edcia Federal<\/a>&#8220;.<\/p>\n\n\n\n<p>O parlamentar disse que teme ser preso por ordem do STF e n\u00e3o informou por quanto tempo pretende morar nos EUA.<\/p>\n\n\n\n<blockquote class=\"wp-block-quote is-layout-flow wp-block-quote-is-layout-flow\">\n<p>&#8220;N\u00e3o irei me acovardar, n\u00e3o irei me submeter ao regime de exce\u00e7\u00e3o e aos seus truques sujos. Da mesma forma que assumi o mandato parlamentar para representar minha na\u00e7\u00e3o, eu abdico temporariamente dele, para seguir representando esses irm\u00e3os de p\u00e1tria que me incumbiram dessa nobre miss\u00e3o. Irei me licenciar, sem remunera\u00e7\u00e3o para que possa me dedicar integralmente e buscar as devidas san\u00e7\u00f5es aos violadores de direitos humanos&#8221;, afirmou o parlamentar.<\/p>\n<\/blockquote>\n\n\n\n<p><\/p>\n","protected":false},"excerpt":{"rendered":"<p>Filho do ex-presidente Jair Bolsonaro pretendia comandar a Comiss\u00e3o de Rela\u00e7\u00f5es Exteriores da C\u00e2mara, mas cargo ficar\u00e1 com outro deputado do PL. O deputado federal&nbsp;Eduardo Bolsonaro&nbsp;(PL-SP) anunciou nesta ter\u00e7a-feira (18) que vai se licenciar do mandato parlamentar para morar nos&nbsp;Estados Unidos, onde est\u00e1 atualmente. Ao anunciar a decis\u00e3o, ele fez cr\u00edticas ao ministro&nbsp;Alexandre de Moraes, [&hellip;]<\/p>\n","protected":false},"author":5,"featured_media":162334,"comment_status":"closed","ping_status":"open","sticky":false,"template":"","format":"standard","meta":{"advgb_blocks_editor_width":"","advgb_blocks_columns_visual_guide":"","_exactmetrics_skip_tracking":false,"_exactmetrics_sitenote_active":false,"_exactmetrics_sitenote_note":"","_exactmetrics_sitenote_category":0,"footnotes":""},"categories":[7,2,12],"tags":[],"class_list":["post-162333","post","type-post","status-publish","format-standard","has-post-thumbnail","hentry","category-destaques","category-noticias","category-politica"],"better_featured_image":{"id":162334,"alt_text":"","caption":"","description":"","media_type":"image","media_details":{"width":984,"height":656,"file":"2025\/03\/pho20220826022.avif_snapshot_00.02.267.png","filesize":851436,"sizes":{"medium":{"file":"pho20220826022.avif_snapshot_00.02.267-450x300.png","width":450,"height":300,"mime-type":"image\/png","filesize":144520,"source_url":"https:\/\/lavras.tv\/site\/wp-content\/uploads\/2025\/03\/pho20220826022.avif_snapshot_00.02.267-450x300.png"},"large":{"file":"pho20220826022.avif_snapshot_00.02.267-970x647.png","width":970,"height":647,"mime-type":"image\/png","filesize":458561,"source_url":"https:\/\/lavras.tv\/site\/wp-content\/uploads\/2025\/03\/pho20220826022.avif_snapshot_00.02.267-970x647.png"},"thumbnail":{"file":"pho20220826022.avif_snapshot_00.02.267-170x113.png","width":170,"height":113,"mime-type":"image\/png","filesize":30897,"source_url":"https:\/\/lavras.tv\/site\/wp-content\/uploads\/2025\/03\/pho20220826022.avif_snapshot_00.02.267-170x113.png"},"lshowcase-thumb":{"file":"pho20220826022.avif_snapshot_00.02.267-200x133.png","width":200,"height":133,"mime-type":"image\/png","filesize":40267,"source_url":"https:\/\/lavras.tv\/site\/wp-content\/uploads\/2025\/03\/pho20220826022.avif_snapshot_00.02.267-200x133.png"},"alm-thumbnail":{"file":"pho20220826022.avif_snapshot_00.02.267-150x150.png","width":150,"height":150,"mime-type":"image\/png","filesize":34948,"source_url":"https:\/\/lavras.tv\/site\/wp-content\/uploads\/2025\/03\/pho20220826022.avif_snapshot_00.02.267-150x150.png"}},"image_meta":{"aperture":"0","credit":"","camera":"","caption":"","created_timestamp":"0","copyright":"","focal_length":"0","iso":"0","shutter_speed":"0","title":"","orientation":"0","keywords":[]}},"post":162333,"source_url":"https:\/\/lavras.tv\/site\/wp-content\/uploads\/2025\/03\/pho20220826022.avif_snapshot_00.02.267.png"},"author_meta":{"display_name":"Vinicius Bustamante","author_link":"https:\/\/lavras.tv\/site\/author\/vinicius-bustamante\/"},"featured_img":"https:\/\/lavras.tv\/site\/wp-content\/uploads\/2025\/03\/pho20220826022.avif_snapshot_00.02.267-450x300.png","coauthors":[],"tax_additional":{"categories":{"linked":["<a href=\"https:\/\/lavras.tv\/site\/category\/destaques\/\" class=\"advgb-post-tax-term\">Destaques<\/a>","<a href=\"https:\/\/lavras.tv\/site\/category\/noticias\/\" class=\"advgb-post-tax-term\">Not\u00edcias<\/a>","<a href=\"https:\/\/lavras.tv\/site\/category\/politica\/\" class=\"advgb-post-tax-term\">Pol\u00edtica<\/a>"],"unlinked":["<span class=\"advgb-post-tax-term\">Destaques<\/span>","<span class=\"advgb-post-tax-term\">Not\u00edcias<\/span>","<span class=\"advgb-post-tax-term\">Pol\u00edtica<\/span>"]}},"comment_count":"0","relative_dates":{"created":"Publicado 1 ano atr\u00e1s","modified":"Atualizado 1 ano atr\u00e1s"},"absolute_dates":{"created":"Publicado em 18 de mar\u00e7o de 2025","modified":"Atualizado em 18 de mar\u00e7o de 2025"},"absolute_dates_time":{"created":"Publicado em 18 de mar\u00e7o de 2025 15:29","modified":"Atualizado em 18 de mar\u00e7o de 2025 15:29"},"featured_img_caption":"","series_order":"","_links":{"self":[{"href":"https:\/\/lavras.tv\/site\/wp-json\/wp\/v2\/posts\/162333","targetHints":{"allow":["GET"]}}],"collection":[{"href":"https:\/\/lavras.tv\/site\/wp-json\/wp\/v2\/posts"}],"about":[{"href":"https:\/\/lavras.tv\/site\/wp-json\/wp\/v2\/types\/post"}],"author":[{"embeddable":true,"href":"https:\/\/lavras.tv\/site\/wp-json\/wp\/v2\/users\/5"}],"replies":[{"embeddable":true,"href":"https:\/\/lavras.tv\/site\/wp-json\/wp\/v2\/comments?post=162333"}],"version-history":[{"count":1,"href":"https:\/\/lavras.tv\/site\/wp-json\/wp\/v2\/posts\/162333\/revisions"}],"predecessor-version":[{"id":162335,"href":"https:\/\/lavras.tv\/site\/wp-json\/wp\/v2\/posts\/162333\/revisions\/162335"}],"wp:featuredmedia":[{"embeddable":true,"href":"https:\/\/lavras.tv\/site\/wp-json\/wp\/v2\/media\/162334"}],"wp:attachment":[{"href":"https:\/\/lavras.tv\/site\/wp-json\/wp\/v2\/media?parent=162333"}],"wp:term":[{"taxonomy":"category","embeddable":true,"href":"https:\/\/lavras.tv\/site\/wp-json\/wp\/v2\/categories?post=162333"},{"taxonomy":"post_tag","embeddable":true,"href":"https:\/\/lavras.tv\/site\/wp-json\/wp\/v2\/tags?post=162333"}],"curies":[{"name":"wp","href":"https:\/\/api.w.org\/{rel}","templated":true}]}}