{"id":162567,"date":"2025-03-19T15:11:43","date_gmt":"2025-03-19T18:11:43","guid":{"rendered":"https:\/\/lavras.tv\/site\/?p=162567"},"modified":"2025-03-19T15:11:44","modified_gmt":"2025-03-19T18:11:44","slug":"atletico-ou-cruzeiro-pesquisa-aponta-qual-time-tem-maior-torcida","status":"publish","type":"post","link":"https:\/\/lavras.tv\/site\/2025\/03\/19\/atletico-ou-cruzeiro-pesquisa-aponta-qual-time-tem-maior-torcida\/","title":{"rendered":"Atl\u00e9tico ou Cruzeiro? Pesquisa aponta qual time tem maior torcida"},"content":{"rendered":"<div class=\"lavra-antes-do-conteudo_2\" id=\"lavra-4210488246\"><div id=\"lavra-slider-27\" class=\"custom-slider lavra-slider-3867205430 lavra-slider\"><ul><li><div style=\"margin-left: auto;margin-right: auto;text-align: center;\" id=\"lavra-832105280\"><a href=\"https:\/\/sistemas.lavras.mg.gov.br\/portalcidadao\/#df1b1a7c7b2a290bcb31e32771e610784662739a88807c0dacac58ede5f391a7530e299dc302d611ee73cb143fc22eaf93592e53e7b5bdb01b00a0b8d28dae460c141dd2ff83412e4dc1c31b16b25f33144a9e5620ea73b13f5bc1c59411d98439ad226e8af03840603796067d87afe130812cf3de24982d0e306f9e61e764e5\" aria-label=\"Lavras-TV&#8211;720x104px (1) (1)\"><img src=\"https:\/\/lavras.tv\/site\/wp-content\/uploads\/2025\/01\/Lavras-TV-720x104px-1-1.png\" alt=\"\"  srcset=\"https:\/\/lavras.tv\/site\/wp-content\/uploads\/2025\/01\/Lavras-TV-720x104px-1-1.png 720w, https:\/\/lavras.tv\/site\/wp-content\/uploads\/2025\/01\/Lavras-TV-720x104px-1-1-470x68.png 470w, https:\/\/lavras.tv\/site\/wp-content\/uploads\/2025\/01\/Lavras-TV-720x104px-1-1-170x25.png 170w, https:\/\/lavras.tv\/site\/wp-content\/uploads\/2025\/01\/Lavras-TV-720x104px-1-1-200x29.png 200w\" sizes=\"(max-width: 720px) 100vw, 720px\" width=\"720\" height=\"104\"  style=\"display: inline-block;\" \/><\/a><\/div><\/li><li><a href=\"https:\/\/sistemas.lavras.mg.gov.br\/portalcidadao\/#df1b1a7c7b2a290bcb31e32771e610784662739a88807c0dacac58ede5f391a7530e299dc302d611ee73cb143fc22eaf93592e53e7b5bdb01b00a0b8d28dae460c141dd2ff83412e4dc1c31b16b25f33144a9e5620ea73b13f5bc1c59411d98439ad226e8af03840603796067d87afe130812cf3de24982d0e306f9e61e764e5\" aria-label=\"Banner_Emprego_PortallavrasTV\"><img src=\"https:\/\/lavras.tv\/site\/wp-content\/uploads\/2025\/03\/Banner_Emprego_PortallavrasTV.png\" alt=\"\"  srcset=\"https:\/\/lavras.tv\/site\/wp-content\/uploads\/2025\/03\/Banner_Emprego_PortallavrasTV.png 720w, https:\/\/lavras.tv\/site\/wp-content\/uploads\/2025\/03\/Banner_Emprego_PortallavrasTV-470x68.png 470w, https:\/\/lavras.tv\/site\/wp-content\/uploads\/2025\/03\/Banner_Emprego_PortallavrasTV-170x25.png 170w, https:\/\/lavras.tv\/site\/wp-content\/uploads\/2025\/03\/Banner_Emprego_PortallavrasTV-200x29.png 200w\" sizes=\"(max-width: 720px) 100vw, 720px\" width=\"720\" height=\"104\"   \/><\/a><\/li><li><a href=\"https:\/\/sistemas.lavras.mg.gov.br\/portalcidadao\/#df1b1a7c7b2a290bcb31e32771e610784662739a88807c0dacac58ede5f391a7530e299dc302d611ee73cb143fc22eaf93592e53e7b5bdb01b00a0b8d28dae460c141dd2ff83412e4dc1c31b16b25f33144a9e5620ea73b13f5bc1c59411d98439ad226e8af03840603796067d87afe130812cf3de24982d0e306f9e61e764e5\" aria-label=\"Banner_Obras_PortallavrasTV\"><img src=\"https:\/\/lavras.tv\/site\/wp-content\/uploads\/2025\/03\/Banner_Obras_PortallavrasTV.png\" alt=\"\"  srcset=\"https:\/\/lavras.tv\/site\/wp-content\/uploads\/2025\/03\/Banner_Obras_PortallavrasTV.png 720w, https:\/\/lavras.tv\/site\/wp-content\/uploads\/2025\/03\/Banner_Obras_PortallavrasTV-470x68.png 470w, https:\/\/lavras.tv\/site\/wp-content\/uploads\/2025\/03\/Banner_Obras_PortallavrasTV-170x25.png 170w, https:\/\/lavras.tv\/site\/wp-content\/uploads\/2025\/03\/Banner_Obras_PortallavrasTV-200x29.png 200w\" sizes=\"(max-width: 720px) 100vw, 720px\" width=\"720\" height=\"104\"   \/><\/a><\/li><li><div style=\"margin-left: auto;margin-right: auto;text-align: center;\" id=\"lavra-3309596970\"><a href=\"https:\/\/sistemas.lavras.mg.gov.br\/portalcidadao\/#df1b1a7c7b2a290bcb31e32771e610784662739a88807c0dacac58ede5f391a7530e299dc302d611ee73cb143fc22eaf93592e53e7b5bdb01b00a0b8d28dae460c141dd2ff83412e4dc1c31b16b25f33144a9e5620ea73b13f5bc1c59411d98439ad226e8af03840603796067d87afe130812cf3de24982d0e306f9e61e764e5\" aria-label=\"Banner_Educa\u00e7\u00e3o_PortallavrasTV\"><img src=\"https:\/\/lavras.tv\/site\/wp-content\/uploads\/2025\/01\/Banner_Educacao_PortallavrasTV.png\" alt=\"\"  srcset=\"https:\/\/lavras.tv\/site\/wp-content\/uploads\/2025\/01\/Banner_Educacao_PortallavrasTV.png 720w, https:\/\/lavras.tv\/site\/wp-content\/uploads\/2025\/01\/Banner_Educacao_PortallavrasTV-470x68.png 470w, https:\/\/lavras.tv\/site\/wp-content\/uploads\/2025\/01\/Banner_Educacao_PortallavrasTV-170x25.png 170w, https:\/\/lavras.tv\/site\/wp-content\/uploads\/2025\/01\/Banner_Educacao_PortallavrasTV-200x29.png 200w\" sizes=\"(max-width: 720px) 100vw, 720px\" width=\"720\" height=\"104\"  style=\"display: inline-block;\" \/><\/a><\/div><\/li><li><a href=\"https:\/\/sistemas.lavras.mg.gov.br\/portalcidadao\/#df1b1a7c7b2a290bcb31e32771e610784662739a88807c0dacac58ede5f391a7530e299dc302d611ee73cb143fc22eaf93592e53e7b5bdb01b00a0b8d28dae460c141dd2ff83412e4dc1c31b16b25f33144a9e5620ea73b13f5bc1c59411d98439ad226e8af03840603796067d87afe130812cf3de24982d0e306f9e61e764e5\" aria-label=\"Banner_Sa\u00fade_PortallavrasTV\"><img src=\"https:\/\/lavras.tv\/site\/wp-content\/uploads\/2025\/03\/Banner_Saude_PortallavrasTV.png\" alt=\"\"  srcset=\"https:\/\/lavras.tv\/site\/wp-content\/uploads\/2025\/03\/Banner_Saude_PortallavrasTV.png 720w, https:\/\/lavras.tv\/site\/wp-content\/uploads\/2025\/03\/Banner_Saude_PortallavrasTV-470x68.png 470w, https:\/\/lavras.tv\/site\/wp-content\/uploads\/2025\/03\/Banner_Saude_PortallavrasTV-170x25.png 170w, https:\/\/lavras.tv\/site\/wp-content\/uploads\/2025\/03\/Banner_Saude_PortallavrasTV-200x29.png 200w\" sizes=\"(max-width: 720px) 100vw, 720px\" width=\"720\" height=\"104\"   \/><\/a><\/li><li><div id=\"lavra-3749759649\" style=\"width:720px;height:104px;background-color:#ddd;overflow:scroll;\">\n\t<strong>Sa\u00edda da depura\u00e7\u00e3o de an\u00fancios<\/strong>\n\t<br><br>\n\tO an\u00fancio n\u00e3o \u00e9 exibido na p\u00e1gina<br><br>post atual: Atl\u00e9tico ou Cruzeiro? Pesquisa aponta qual time tem maior torcida, ID: 162567<br><br><span style=\"color: red;\">O post atual n\u00e3o \u00e9 id\u00eantico ao post principal.<\/span><br><br>An\u00fancios: ROXO - TOPO INTERNA - ROTATIVO 2 (197)<br \/>Grupo de an\u00fancios: Princ_Meio01_720x104 (27)<br><br>Condi\u00e7\u00f5es de exibi\u00e7\u00e3o<div style=\"margin-bottom: 20px; white-space: pre-wrap; font-family: monospace; width: 100%; background: #ffe9e9;\"><strong>condi\u00e7\u00f5es gerais<\/strong><table border=\"1\"><thead><tr><th><\/th><th>An\u00fancios<\/th><th>wp_the_query<\/th><\/tr><\/thead><tr><td>is_main_query<\/td><td>1<\/td><td>1<\/td><\/tr><tr><td>is_rest_api<\/td><td>0<\/td><td>1<\/td><\/tr><tr><td>page<\/td><td>0<\/td><td>1<\/td><\/tr><tr><td>numpages<\/td><td>0<\/td><td>1<\/td><\/tr><tr><td>is_archive<\/td><td>1<\/td><td><\/td><\/tr><tr><td>is_search<\/td><td>1<\/td><td><\/td><\/tr><tr><td>is_home<\/td><td>1<\/td><td><\/td><\/tr><tr><td>is_404<\/td><td>1<\/td><td><\/td><\/tr><tr><td>is_attachment<\/td><td>1<\/td><td><\/td><\/tr><tr><td>is_singular<\/td><td>1<\/td><td><\/td><\/tr><tr><td>is_front_page<\/td><td>1<\/td><td><\/td><\/tr><tr><td>is_feed<\/td><td>1<\/td><td><\/td><\/tr><\/table><\/div><br><br><span style=\"color: red;\">Seu site usa HTTPS, mas o c\u00f3digo do an\u00fancio cont\u00e9m HTTP e pode n\u00e3o funcionar.<\/span>\t<br><br>\n\t<a style=\"color: green;\" href=\"https:\/\/wpadvancedads.com\/manual\/ad-debug-mode\/?utm_source=advanced-ads&utm_medium=link&utm_campaign=ad-debug-mode\" target=\"_blank\" rel=\"nofollow\">Encontre solu\u00e7\u00f5es no manual<\/a>\n<\/div>\n<\/li><\/ul><\/div><script>( window.advanced_ads_ready || jQuery( document ).ready ).call( null, function() {var $lavraslider3867205430 = jQuery( \".lavra-slider-3867205430\" );$lavraslider3867205430.on( \"unslider.ready\", function() { jQuery( \"div.custom-slider ul li\" ).css( \"display\", \"block\" ); });$lavraslider3867205430.unslider({ delay:4000, autoplay:true, nav:false, arrows:false, infinite:true });$lavraslider3867205430.on(\"mouseover\", function() {$lavraslider3867205430.unslider(\"stop\");}).on(\"mouseout\", function() {$lavraslider3867205430.unslider(\"start\");});});<\/script><\/div>\n<p>Pesquisa ouviu 2 mil pessoas entre os dias 6 e 20 de fevereiro; as repostas foram capturadas virtualmente em cidades das cinco regi\u00f5es do Brasil<\/p>\n\n\n\n<figure class=\"wp-block-image size-full\"><img fetchpriority=\"high\" decoding=\"async\" width=\"900\" height=\"506\" src=\"https:\/\/lavras.tv\/site\/wp-content\/uploads\/2025\/03\/torcidas-atletico-cruzeiro-900x506-1.jpg\" alt=\"\" class=\"wp-image-162568\" srcset=\"https:\/\/lavras.tv\/site\/wp-content\/uploads\/2025\/03\/torcidas-atletico-cruzeiro-900x506-1.jpg 900w, https:\/\/lavras.tv\/site\/wp-content\/uploads\/2025\/03\/torcidas-atletico-cruzeiro-900x506-1-470x264.jpg 470w, https:\/\/lavras.tv\/site\/wp-content\/uploads\/2025\/03\/torcidas-atletico-cruzeiro-900x506-1-170x96.jpg 170w, https:\/\/lavras.tv\/site\/wp-content\/uploads\/2025\/03\/torcidas-atletico-cruzeiro-900x506-1-200x112.jpg 200w\" sizes=\"(max-width: 900px) 100vw, 900px\" \/><\/figure>\n\n\n\n<p>Pesquisa<em>&nbsp;InfoMoney&nbsp;<\/em>realizada pelas empresas<em>&nbsp;TM20 Branding&nbsp;<\/em>e&nbsp;<em>Brazil Panels&nbsp;<\/em>indica que o&nbsp;<strong><a href=\"https:\/\/noataque.com.br\/futebol\/time\/atletico-mg\/noticia\/2025\/03\/19\/atletico-chega-a-20-contracoes-na-era-saf-veja-lista\/\">Atl\u00e9tico&nbsp;<\/a><\/strong>tem torcida maior que a do&nbsp;<strong><a href=\"https:\/\/noataque.com.br\/futebol\/time\/cruzeiro\/noticia\/2025\/03\/19\/cruzeiro-jardim-nunca-repetiu-escalacoes-e-pode-indicar-titulares-contra-bragantino\/\">Cruzeiro&nbsp;<\/a><\/strong>no Brasil.<\/p>\n\n\n\n<p>O Galo aparece na s\u00e9tima posi\u00e7\u00e3o, com 4% dos torcedores do pa\u00eds. O Cruzeiro est\u00e1 no 10\u00ba posto, com 2,7%. A diferen\u00e7a entre os clubes est\u00e1 dentro da margem de erro da pesquisa, que \u00e9 de 2%.<\/p>\n\n\n\n<p>De acordo com o levantamento, o&nbsp;<strong><a href=\"https:\/\/noataque.com.br\/noticia\/2025\/03\/18\/jornalista-expoe-motivo-que-fez-flamengo-nao-contratar-neymar\/\">Flamengo&nbsp;<\/a><\/strong>\u00e9 o time com mais adeptos no Brasil, com 24,8%, seguido pelo Corinthians, com 19,4%.<\/p>\n\n\n\n<p>Segundo a InfoMoney, a pesquisa ouviu 2 mil pessoas entre os dias 6 e 20 de fevereiro. As repostas foram capturadas virtualmente em cidades das cinco regi\u00f5es do Brasil.<\/p>\n\n\n\n<p>Em novembro do ano passado, o&nbsp;<strong><a href=\"https:\/\/noataque.com.br\/futebol\/noticia\/2024\/11\/28\/cruzeiro-ou-atletico-pesquisa-datafolha-aponta-qual-time-tem-maior-torcida\/\">instituto Datafolha indicou que o Cruzeiro<\/a><\/strong>&nbsp;tinha torcida maior que a do Atl\u00e9tico. No levantamento, os cruzeirenses representavam 3% dos entrevistados em todo Brasil, ao passo que os atleticanos alcan\u00e7avam 2%.<\/p>\n\n\n\n<p><strong>Pesquisa InfoMoney de torcidas no Brasil<\/strong><\/p>\n\n\n\n<ul class=\"wp-block-list\">\n<li>1\u00ba) Flamengo: 24,8%<\/li>\n\n\n\n<li>2\u00ba) Corinthians: 19,4%<\/li>\n\n\n\n<li>3\u00ba) Palmeiras: 8,1%<\/li>\n\n\n\n<li>4\u00ba) S\u00e3o Paulo: 7,7%<\/li>\n\n\n\n<li>5\u00ba) Vasco: 4,8%<\/li>\n\n\n\n<li>6\u00ba) Gr\u00eamio: 4,4%<\/li>\n\n\n\n<li>7\u00ba) Atl\u00e9tico: 4,0%<\/li>\n\n\n\n<li>8\u00ba) Santos: 3,1%<\/li>\n\n\n\n<li>9\u00ba) Internacional: 2,9%<\/li>\n\n\n\n<li>10\u00ba) Cruzeiro: 2,7%<\/li>\n\n\n\n<li>10\u00ba) Sport: 2,7%<\/li>\n\n\n\n<li>12\u00ba) Bahia: 2,5%<\/li>\n\n\n\n<li>13\u00ba) Fluminense: 2,4%<\/li>\n\n\n\n<li>14\u00ba) Botafogo: 2,1%<\/li>\n\n\n\n<li>15\u00ba) Vit\u00f3ria: 1,9%<\/li>\n\n\n\n<li>16\u00ba) Cear\u00e1: 1,6%<\/li>\n\n\n\n<li>17\u00ba) Fortaleza: 1,4%<\/li>\n\n\n\n<li>18\u00ba) Athletico-PR: 0,8%<\/li>\n\n\n\n<li>19\u00ba) Coritiba: 0,6%<\/li>\n<\/ul>\n\n\n\n<p><em>Siga nossos perfis nas redes sociais e fique por dentro de todas as novidades do mundo do esporte<\/em><\/p>\n","protected":false},"excerpt":{"rendered":"<p>Pesquisa ouviu 2 mil pessoas entre os dias 6 e 20 de fevereiro; as repostas foram capturadas virtualmente em cidades das cinco regi\u00f5es do Brasil Pesquisa&nbsp;InfoMoney&nbsp;realizada pelas empresas&nbsp;TM20 Branding&nbsp;e&nbsp;Brazil Panels&nbsp;indica que o&nbsp;Atl\u00e9tico&nbsp;tem torcida maior que a do&nbsp;Cruzeiro&nbsp;no Brasil. O Galo aparece na s\u00e9tima posi\u00e7\u00e3o, com 4% dos torcedores do pa\u00eds. O Cruzeiro est\u00e1 no 10\u00ba [&hellip;]<\/p>\n","protected":false},"author":5,"featured_media":162568,"comment_status":"closed","ping_status":"open","sticky":false,"template":"","format":"standard","meta":{"advgb_blocks_editor_width":"","advgb_blocks_columns_visual_guide":"","_exactmetrics_skip_tracking":false,"_exactmetrics_sitenote_active":false,"_exactmetrics_sitenote_note":"","_exactmetrics_sitenote_category":0,"footnotes":""},"categories":[7,3,2],"tags":[],"class_list":["post-162567","post","type-post","status-publish","format-standard","has-post-thumbnail","hentry","category-destaques","category-esportes","category-noticias"],"better_featured_image":{"id":162568,"alt_text":"","caption":"","description":"","media_type":"image","media_details":{"width":900,"height":506,"file":"2025\/03\/torcidas-atletico-cruzeiro-900x506-1.jpg","filesize":140817,"sizes":{"medium":{"file":"torcidas-atletico-cruzeiro-900x506-1-470x264.jpg","width":470,"height":264,"mime-type":"image\/jpeg","filesize":46970,"source_url":"https:\/\/lavras.tv\/site\/wp-content\/uploads\/2025\/03\/torcidas-atletico-cruzeiro-900x506-1-470x264.jpg"},"thumbnail":{"file":"torcidas-atletico-cruzeiro-900x506-1-170x96.jpg","width":170,"height":96,"mime-type":"image\/jpeg","filesize":8094,"source_url":"https:\/\/lavras.tv\/site\/wp-content\/uploads\/2025\/03\/torcidas-atletico-cruzeiro-900x506-1-170x96.jpg"},"lshowcase-thumb":{"file":"torcidas-atletico-cruzeiro-900x506-1-200x112.jpg","width":200,"height":112,"mime-type":"image\/jpeg","filesize":10540,"source_url":"https:\/\/lavras.tv\/site\/wp-content\/uploads\/2025\/03\/torcidas-atletico-cruzeiro-900x506-1-200x112.jpg"},"alm-thumbnail":{"file":"torcidas-atletico-cruzeiro-900x506-1-150x150.jpg","width":150,"height":150,"mime-type":"image\/jpeg","filesize":10580,"source_url":"https:\/\/lavras.tv\/site\/wp-content\/uploads\/2025\/03\/torcidas-atletico-cruzeiro-900x506-1-150x150.jpg"}},"image_meta":{"aperture":"0","credit":"","camera":"","caption":"","created_timestamp":"0","copyright":"","focal_length":"0","iso":"0","shutter_speed":"0","title":"","orientation":"0","keywords":[]}},"post":162567,"source_url":"https:\/\/lavras.tv\/site\/wp-content\/uploads\/2025\/03\/torcidas-atletico-cruzeiro-900x506-1.jpg"},"author_meta":{"display_name":"Vinicius Bustamante","author_link":"https:\/\/lavras.tv\/site\/author\/vinicius-bustamante\/"},"featured_img":"https:\/\/lavras.tv\/site\/wp-content\/uploads\/2025\/03\/torcidas-atletico-cruzeiro-900x506-1-470x264.jpg","coauthors":[],"tax_additional":{"categories":{"linked":["<a href=\"https:\/\/lavras.tv\/site\/category\/destaques\/\" class=\"advgb-post-tax-term\">Destaques<\/a>","<a href=\"https:\/\/lavras.tv\/site\/category\/esportes\/\" class=\"advgb-post-tax-term\">Esportes<\/a>","<a href=\"https:\/\/lavras.tv\/site\/category\/noticias\/\" class=\"advgb-post-tax-term\">Not\u00edcias<\/a>"],"unlinked":["<span class=\"advgb-post-tax-term\">Destaques<\/span>","<span class=\"advgb-post-tax-term\">Esportes<\/span>","<span class=\"advgb-post-tax-term\">Not\u00edcias<\/span>"]}},"comment_count":"0","relative_dates":{"created":"Publicado 1 ano atr\u00e1s","modified":"Atualizado 1 ano atr\u00e1s"},"absolute_dates":{"created":"Publicado em 19 de mar\u00e7o de 2025","modified":"Atualizado em 19 de mar\u00e7o de 2025"},"absolute_dates_time":{"created":"Publicado em 19 de mar\u00e7o de 2025 15:11","modified":"Atualizado em 19 de mar\u00e7o de 2025 15:11"},"featured_img_caption":"","series_order":"","_links":{"self":[{"href":"https:\/\/lavras.tv\/site\/wp-json\/wp\/v2\/posts\/162567","targetHints":{"allow":["GET"]}}],"collection":[{"href":"https:\/\/lavras.tv\/site\/wp-json\/wp\/v2\/posts"}],"about":[{"href":"https:\/\/lavras.tv\/site\/wp-json\/wp\/v2\/types\/post"}],"author":[{"embeddable":true,"href":"https:\/\/lavras.tv\/site\/wp-json\/wp\/v2\/users\/5"}],"replies":[{"embeddable":true,"href":"https:\/\/lavras.tv\/site\/wp-json\/wp\/v2\/comments?post=162567"}],"version-history":[{"count":1,"href":"https:\/\/lavras.tv\/site\/wp-json\/wp\/v2\/posts\/162567\/revisions"}],"predecessor-version":[{"id":162569,"href":"https:\/\/lavras.tv\/site\/wp-json\/wp\/v2\/posts\/162567\/revisions\/162569"}],"wp:featuredmedia":[{"embeddable":true,"href":"https:\/\/lavras.tv\/site\/wp-json\/wp\/v2\/media\/162568"}],"wp:attachment":[{"href":"https:\/\/lavras.tv\/site\/wp-json\/wp\/v2\/media?parent=162567"}],"wp:term":[{"taxonomy":"category","embeddable":true,"href":"https:\/\/lavras.tv\/site\/wp-json\/wp\/v2\/categories?post=162567"},{"taxonomy":"post_tag","embeddable":true,"href":"https:\/\/lavras.tv\/site\/wp-json\/wp\/v2\/tags?post=162567"}],"curies":[{"name":"wp","href":"https:\/\/api.w.org\/{rel}","templated":true}]}}